{"id":919167,"date":"2023-11-16T20:05:00","date_gmt":"2023-11-16T23:05:00","guid":{"rendered":"https:\/\/www.pm.pb.gov.br\/portal\/?p=919167"},"modified":"2023-11-17T14:10:44","modified_gmt":"2023-11-17T17:10:44","slug":"cadetes-da-academia-de-policia-militar-concluem-estagio-de-patrulha-rural-no-geosac","status":"publish","type":"post","link":"https:\/\/www.pm.pb.gov.br\/portal\/2023\/11\/16\/cadetes-da-academia-de-policia-militar-concluem-estagio-de-patrulha-rural-no-geosac\/","title":{"rendered":"Cadetes da Academia de Pol\u00edcia Militar concluem Est\u00e1gio de Patrulha Rural no GEOsAC"},"content":{"rendered":"\n\n\n<p>A forma\u00e7\u00e3o dos futuros oficiais da Pol\u00edcia Militar da Para\u00edba segue fortalecida. Na tarde da \u00faltima quinta-feira (16), os cadetes da Academia de Pol\u00edcia Militar do Cabo Branco (APMCB) conclu\u00edram oficialmente o 8\u00aa Est\u00e1gio de Patrulha Rural: N\u00edvel 1 (EPaR). A atividade aconteceu entre os dias 24 e 29 de setembro, capacitando os alunos oficiais com a doutrina de Patrulha Rural vigente no \u00e2mbito da corpora\u00e7\u00e3o.<\/p>\n<p><img loading=\"lazy\" decoding=\"async\" class=\" wp-image-919164 aligncenter\" src=\"http:\/\/www.pm.pb.gov.br\/portal\/wp-content\/uploads\/2023\/11\/DSC01313-666x445.jpg\" alt=\"\" width=\"615\" height=\"411\" srcset=\"https:\/\/www.pm.pb.gov.br\/portal\/wp-content\/uploads\/2023\/11\/DSC01313-666x445.jpg 666w, https:\/\/www.pm.pb.gov.br\/portal\/wp-content\/uploads\/2023\/11\/DSC01313-853x570.jpg 853w, https:\/\/www.pm.pb.gov.br\/portal\/wp-content\/uploads\/2023\/11\/DSC01313-768x513.jpg 768w, https:\/\/www.pm.pb.gov.br\/portal\/wp-content\/uploads\/2023\/11\/DSC01313-1536x1027.jpg 1536w, https:\/\/www.pm.pb.gov.br\/portal\/wp-content\/uploads\/2023\/11\/DSC01313-272x182.jpg 272w, https:\/\/www.pm.pb.gov.br\/portal\/wp-content\/uploads\/2023\/11\/DSC01313.jpg 1616w\" sizes=\"(max-width: 615px) 100vw, 615px\" \/><\/p>\n<p>O EPaR foi realizado pelo Grupamento Especializado de Opera\u00e7\u00f5es em \u00c1rea de Caatinga (GEOsAC), no munic\u00edpio de Pocinhos e na regi\u00e3o de Campina Grande, com 90 horas-aulas divididas em 9 disciplinas. A solenidade desta quinta aconteceu na sede da pr\u00f3pria unidade, reunindo oficiais do alto comando da PM, Secretaria de Seguran\u00e7a P\u00fablica, al\u00e9m de representantes do Ex\u00e9rcito Brasileiro, e autoridades civis e familiares.<\/p>\n<p><img loading=\"lazy\" decoding=\"async\" class=\" wp-image-919168 aligncenter\" src=\"http:\/\/www.pm.pb.gov.br\/portal\/wp-content\/uploads\/2023\/11\/DSC01231-1-666x445.jpg\" alt=\"\" width=\"603\" height=\"403\" srcset=\"https:\/\/www.pm.pb.gov.br\/portal\/wp-content\/uploads\/2023\/11\/DSC01231-1-666x445.jpg 666w, https:\/\/www.pm.pb.gov.br\/portal\/wp-content\/uploads\/2023\/11\/DSC01231-1-853x570.jpg 853w, https:\/\/www.pm.pb.gov.br\/portal\/wp-content\/uploads\/2023\/11\/DSC01231-1-768x513.jpg 768w, https:\/\/www.pm.pb.gov.br\/portal\/wp-content\/uploads\/2023\/11\/DSC01231-1-1536x1027.jpg 1536w, https:\/\/www.pm.pb.gov.br\/portal\/wp-content\/uploads\/2023\/11\/DSC01231-1-272x182.jpg 272w, https:\/\/www.pm.pb.gov.br\/portal\/wp-content\/uploads\/2023\/11\/DSC01231-1.jpg 1616w\" sizes=\"(max-width: 603px) 100vw, 603px\" \/><\/p>\n<p>O comandante-geral da PM, coronel S\u00e9rgio Fonseca, parabenizou os cadetes, oficias e pra\u00e7as, fixou os brev\u00eas nas fardas dos alunos e destacou a atua\u00e7\u00e3o do Grupamento no combate as atividades criminosas no Estado. \u201cEssa tropa tem dado a resposta na seguran\u00e7a p\u00fablica. Se antes t\u00ednhamos 136 explos\u00f5es de banco por ano, e neste ano registramos apenas 4. Um dos motivos para esta redu\u00e7\u00e3o, sem d\u00favidas, foi a cria\u00e7\u00e3o e o combate feito pelo GEOsAC, aliado tamb\u00e9m com a Intelig\u00eancia\u201d, destacou o comandante.<\/p>\n<p><img loading=\"lazy\" decoding=\"async\" class=\" wp-image-919165 aligncenter\" src=\"http:\/\/www.pm.pb.gov.br\/portal\/wp-content\/uploads\/2023\/11\/DSC01253-666x445.jpg\" alt=\"\" width=\"609\" height=\"407\" srcset=\"https:\/\/www.pm.pb.gov.br\/portal\/wp-content\/uploads\/2023\/11\/DSC01253-666x445.jpg 666w, https:\/\/www.pm.pb.gov.br\/portal\/wp-content\/uploads\/2023\/11\/DSC01253-853x570.jpg 853w, https:\/\/www.pm.pb.gov.br\/portal\/wp-content\/uploads\/2023\/11\/DSC01253-768x513.jpg 768w, https:\/\/www.pm.pb.gov.br\/portal\/wp-content\/uploads\/2023\/11\/DSC01253-1536x1027.jpg 1536w, https:\/\/www.pm.pb.gov.br\/portal\/wp-content\/uploads\/2023\/11\/DSC01253-272x182.jpg 272w, https:\/\/www.pm.pb.gov.br\/portal\/wp-content\/uploads\/2023\/11\/DSC01253.jpg 1616w\" sizes=\"(max-width: 609px) 100vw, 609px\" \/><\/p>\n<p>A formatura no EPaR \u00e9 mais um passo na capacita\u00e7\u00e3o dos futuros oficiais que, em breve, estar\u00e3o coordenando as a\u00e7\u00f5es de policiamento da seguran\u00e7a p\u00fablica na Para\u00edba, combatendo grupos criminosos, al\u00e9m de gerir recursos humanos e log\u00edsticos da corpora\u00e7\u00e3o para defesa da vida e do patrim\u00f4nio, al\u00e9m de outras a\u00e7\u00f5es.<\/p>\n<p><img loading=\"lazy\" decoding=\"async\" class=\" wp-image-919169 aligncenter\" src=\"http:\/\/www.pm.pb.gov.br\/portal\/wp-content\/uploads\/2023\/11\/DSC01265-666x445.jpg\" alt=\"\" width=\"605\" height=\"404\" srcset=\"https:\/\/www.pm.pb.gov.br\/portal\/wp-content\/uploads\/2023\/11\/DSC01265-666x445.jpg 666w, https:\/\/www.pm.pb.gov.br\/portal\/wp-content\/uploads\/2023\/11\/DSC01265-853x570.jpg 853w, https:\/\/www.pm.pb.gov.br\/portal\/wp-content\/uploads\/2023\/11\/DSC01265-768x513.jpg 768w, https:\/\/www.pm.pb.gov.br\/portal\/wp-content\/uploads\/2023\/11\/DSC01265-1536x1027.jpg 1536w, https:\/\/www.pm.pb.gov.br\/portal\/wp-content\/uploads\/2023\/11\/DSC01265-272x182.jpg 272w, https:\/\/www.pm.pb.gov.br\/portal\/wp-content\/uploads\/2023\/11\/DSC01265.jpg 1616w\" sizes=\"(max-width: 605px) 100vw, 605px\" \/><\/p>\n<p>\u00a0<\/p>\n<p><img loading=\"lazy\" decoding=\"async\" class=\" wp-image-919170 aligncenter\" src=\"http:\/\/www.pm.pb.gov.br\/portal\/wp-content\/uploads\/2023\/11\/IMG_20231116_185653-1-647x445.jpg\" alt=\"\" width=\"603\" height=\"415\" srcset=\"https:\/\/www.pm.pb.gov.br\/portal\/wp-content\/uploads\/2023\/11\/IMG_20231116_185653-1-647x445.jpg 647w, https:\/\/www.pm.pb.gov.br\/portal\/wp-content\/uploads\/2023\/11\/IMG_20231116_185653-1-829x570.jpg 829w, https:\/\/www.pm.pb.gov.br\/portal\/wp-content\/uploads\/2023\/11\/IMG_20231116_185653-1-768x528.jpg 768w, https:\/\/www.pm.pb.gov.br\/portal\/wp-content\/uploads\/2023\/11\/IMG_20231116_185653-1-130x90.jpg 130w, https:\/\/www.pm.pb.gov.br\/portal\/wp-content\/uploads\/2023\/11\/IMG_20231116_185653-1.jpg 1472w\" sizes=\"(max-width: 603px) 100vw, 603px\" \/><\/p>\n\n\n","protected":false},"excerpt":{"rendered":"<p>A forma\u00e7\u00e3o dos futuros oficiais da Pol\u00edcia Militar da Para\u00edba segue fortalecida. Na tarde da \u00faltima quinta-feira (16), os cadetes<\/p>\n","protected":false},"author":12,"featured_media":919162,"comment_status":"closed","ping_status":"closed","sticky":false,"template":"","format":"standard","meta":{"_exactmetrics_skip_tracking":false,"_exactmetrics_sitenote_active":false,"_exactmetrics_sitenote_note":"","_exactmetrics_sitenote_category":0,"footnotes":""},"categories":[6],"tags":[],"yoast_head":"<!-- This site is optimized with the Yoast SEO plugin v22.0 - https:\/\/yoast.com\/wordpress\/plugins\/seo\/ -->\n<title>Cadetes da Academia de Pol\u00edcia Militar concluem Est\u00e1gio de Patrulha Rural no GEOsAC - Pol\u00edcia Militar da Para\u00edba<\/title>\n<meta name=\"description\" content=\"A formatura no EPaR \u00e9 mais um passo na capacita\u00e7\u00e3o dos futuros oficiais que, em breve, estar\u00e3o coordenando as a\u00e7\u00f5es de policiamento da seguran\u00e7a p\u00fablica na Para\u00edba.\" \/>\n<meta name=\"robots\" content=\"index, follow, max-snippet:-1, max-image-preview:large, max-video-preview:-1\" \/>\n<link rel=\"canonical\" href=\"https:\/\/www.pm.pb.gov.br\/portal\/2023\/11\/16\/cadetes-da-academia-de-policia-militar-concluem-estagio-de-patrulha-rural-no-geosac\/\" \/>\n<meta property=\"og:locale\" content=\"pt_BR\" \/>\n<meta property=\"og:type\" content=\"article\" \/>\n<meta property=\"og:title\" content=\"Cadetes da Academia de Pol\u00edcia Militar concluem Est\u00e1gio de Patrulha Rural no GEOsAC - Pol\u00edcia Militar da Para\u00edba\" \/>\n<meta property=\"og:description\" content=\"A formatura no EPaR \u00e9 mais um passo na capacita\u00e7\u00e3o dos futuros oficiais que, em breve, estar\u00e3o coordenando as a\u00e7\u00f5es de policiamento da seguran\u00e7a p\u00fablica na Para\u00edba.\" \/>\n<meta property=\"og:url\" content=\"https:\/\/www.pm.pb.gov.br\/portal\/2023\/11\/16\/cadetes-da-academia-de-policia-militar-concluem-estagio-de-patrulha-rural-no-geosac\/\" \/>\n<meta property=\"og:site_name\" content=\"Pol\u00edcia Militar da Para\u00edba\" \/>\n<meta property=\"article:published_time\" content=\"2023-11-16T23:05:00+00:00\" \/>\n<meta property=\"article:modified_time\" content=\"2023-11-17T17:10:44+00:00\" \/>\n<meta property=\"og:image\" content=\"http:\/\/www.pm.pb.gov.br\/portal\/wp-content\/uploads\/2023\/11\/capa.jpg\" \/>\n\t<meta property=\"og:image:width\" content=\"800\" \/>\n\t<meta property=\"og:image:height\" content=\"445\" \/>\n\t<meta property=\"og:image:type\" content=\"image\/jpeg\" \/>\n<meta name=\"author\" content=\"Tarcisio Oliveira\" \/>\n<meta name=\"twitter:card\" content=\"summary_large_image\" \/>\n<meta name=\"twitter:label1\" content=\"Escrito por\" \/>\n\t<meta name=\"twitter:data1\" content=\"Tarcisio Oliveira\" \/>\n\t<meta name=\"twitter:label2\" content=\"Est. tempo de leitura\" \/>\n\t<meta name=\"twitter:data2\" content=\"3 minutos\" \/>\n<script type=\"application\/ld+json\" class=\"yoast-schema-graph\">{\"@context\":\"https:\/\/schema.org\",\"@graph\":[{\"@type\":\"Article\",\"@id\":\"https:\/\/www.pm.pb.gov.br\/portal\/2023\/11\/16\/cadetes-da-academia-de-policia-militar-concluem-estagio-de-patrulha-rural-no-geosac\/#article\",\"isPartOf\":{\"@id\":\"https:\/\/www.pm.pb.gov.br\/portal\/2023\/11\/16\/cadetes-da-academia-de-policia-militar-concluem-estagio-de-patrulha-rural-no-geosac\/\"},\"author\":{\"name\":\"Tarcisio Oliveira\",\"@id\":\"https:\/\/www.pm.pb.gov.br\/portal\/#\/schema\/person\/f84f56dcc78ce4357054da888b8247fd\"},\"headline\":\"Cadetes da Academia de Pol\u00edcia Militar concluem Est\u00e1gio de Patrulha Rural no GEOsAC\",\"datePublished\":\"2023-11-16T23:05:00+00:00\",\"dateModified\":\"2023-11-17T17:10:44+00:00\",\"mainEntityOfPage\":{\"@id\":\"https:\/\/www.pm.pb.gov.br\/portal\/2023\/11\/16\/cadetes-da-academia-de-policia-militar-concluem-estagio-de-patrulha-rural-no-geosac\/\"},\"wordCount\":307,\"publisher\":{\"@id\":\"https:\/\/www.pm.pb.gov.br\/portal\/#organization\"},\"articleSection\":[\"Cursos\"],\"inLanguage\":\"pt-BR\"},{\"@type\":\"WebPage\",\"@id\":\"https:\/\/www.pm.pb.gov.br\/portal\/2023\/11\/16\/cadetes-da-academia-de-policia-militar-concluem-estagio-de-patrulha-rural-no-geosac\/\",\"url\":\"https:\/\/www.pm.pb.gov.br\/portal\/2023\/11\/16\/cadetes-da-academia-de-policia-militar-concluem-estagio-de-patrulha-rural-no-geosac\/\",\"name\":\"Cadetes da Academia de Pol\u00edcia Militar concluem Est\u00e1gio de Patrulha Rural no GEOsAC - Pol\u00edcia Militar da Para\u00edba\",\"isPartOf\":{\"@id\":\"https:\/\/www.pm.pb.gov.br\/portal\/#website\"},\"datePublished\":\"2023-11-16T23:05:00+00:00\",\"dateModified\":\"2023-11-17T17:10:44+00:00\",\"description\":\"A formatura no EPaR \u00e9 mais um passo na capacita\u00e7\u00e3o dos futuros oficiais que, em breve, estar\u00e3o coordenando as a\u00e7\u00f5es de policiamento da seguran\u00e7a p\u00fablica na Para\u00edba.\",\"breadcrumb\":{\"@id\":\"https:\/\/www.pm.pb.gov.br\/portal\/2023\/11\/16\/cadetes-da-academia-de-policia-militar-concluem-estagio-de-patrulha-rural-no-geosac\/#breadcrumb\"},\"inLanguage\":\"pt-BR\",\"potentialAction\":[{\"@type\":\"ReadAction\",\"target\":[\"https:\/\/www.pm.pb.gov.br\/portal\/2023\/11\/16\/cadetes-da-academia-de-policia-militar-concluem-estagio-de-patrulha-rural-no-geosac\/\"]}]},{\"@type\":\"BreadcrumbList\",\"@id\":\"https:\/\/www.pm.pb.gov.br\/portal\/2023\/11\/16\/cadetes-da-academia-de-policia-militar-concluem-estagio-de-patrulha-rural-no-geosac\/#breadcrumb\",\"itemListElement\":[{\"@type\":\"ListItem\",\"position\":1,\"name\":\"In\u00edcio\",\"item\":\"https:\/\/www.pm.pb.gov.br\/portal\/\"},{\"@type\":\"ListItem\",\"position\":2,\"name\":\"Cadetes da Academia de Pol\u00edcia Militar concluem Est\u00e1gio de Patrulha Rural no GEOsAC\"}]},{\"@type\":\"WebSite\",\"@id\":\"https:\/\/www.pm.pb.gov.br\/portal\/#website\",\"url\":\"https:\/\/www.pm.pb.gov.br\/portal\/\",\"name\":\"Pol\u00edcia Militar da Para\u00edba\",\"description\":\"\",\"publisher\":{\"@id\":\"https:\/\/www.pm.pb.gov.br\/portal\/#organization\"},\"potentialAction\":[{\"@type\":\"SearchAction\",\"target\":{\"@type\":\"EntryPoint\",\"urlTemplate\":\"https:\/\/www.pm.pb.gov.br\/portal\/?s={search_term_string}\"},\"query-input\":\"required name=search_term_string\"}],\"inLanguage\":\"pt-BR\"},{\"@type\":\"Organization\",\"@id\":\"https:\/\/www.pm.pb.gov.br\/portal\/#organization\",\"name\":\"Pol\u00edcia Militar da Para\u00edba\",\"url\":\"https:\/\/www.pm.pb.gov.br\/portal\/\",\"logo\":{\"@type\":\"ImageObject\",\"inLanguage\":\"pt-BR\",\"@id\":\"https:\/\/www.pm.pb.gov.br\/portal\/#\/schema\/logo\/image\/\",\"url\":\"https:\/\/www.pm.pb.gov.br\/portal\/wp-content\/uploads\/2025\/03\/cropped-logo-site-mag2-1.png\",\"contentUrl\":\"https:\/\/www.pm.pb.gov.br\/portal\/wp-content\/uploads\/2025\/03\/cropped-logo-site-mag2-1.png\",\"width\":320,\"height\":90,\"caption\":\"Pol\u00edcia Militar da Para\u00edba\"},\"image\":{\"@id\":\"https:\/\/www.pm.pb.gov.br\/portal\/#\/schema\/logo\/image\/\"}},{\"@type\":\"Person\",\"@id\":\"https:\/\/www.pm.pb.gov.br\/portal\/#\/schema\/person\/f84f56dcc78ce4357054da888b8247fd\",\"name\":\"Tarcisio Oliveira\",\"image\":{\"@type\":\"ImageObject\",\"inLanguage\":\"pt-BR\",\"@id\":\"https:\/\/www.pm.pb.gov.br\/portal\/#\/schema\/person\/image\/\",\"url\":\"https:\/\/secure.gravatar.com\/avatar\/72917b630b69d31cd0297507f34bac97?s=96&d=mm&r=g\",\"contentUrl\":\"https:\/\/secure.gravatar.com\/avatar\/72917b630b69d31cd0297507f34bac97?s=96&d=mm&r=g\",\"caption\":\"Tarcisio Oliveira\"},\"url\":\"https:\/\/www.pm.pb.gov.br\/portal\/author\/tarcisio\/\"}]}<\/script>\n<!-- \/ Yoast SEO plugin. -->","yoast_head_json":{"title":"Cadetes da Academia de Pol\u00edcia Militar concluem Est\u00e1gio de Patrulha Rural no GEOsAC - Pol\u00edcia Militar da Para\u00edba","description":"A formatura no EPaR \u00e9 mais um passo na capacita\u00e7\u00e3o dos futuros oficiais que, em breve, estar\u00e3o coordenando as a\u00e7\u00f5es de policiamento da seguran\u00e7a p\u00fablica na Para\u00edba.","robots":{"index":"index","follow":"follow","max-snippet":"max-snippet:-1","max-image-preview":"max-image-preview:large","max-video-preview":"max-video-preview:-1"},"canonical":"https:\/\/www.pm.pb.gov.br\/portal\/2023\/11\/16\/cadetes-da-academia-de-policia-militar-concluem-estagio-de-patrulha-rural-no-geosac\/","og_locale":"pt_BR","og_type":"article","og_title":"Cadetes da Academia de Pol\u00edcia Militar concluem Est\u00e1gio de Patrulha Rural no GEOsAC - Pol\u00edcia Militar da Para\u00edba","og_description":"A formatura no EPaR \u00e9 mais um passo na capacita\u00e7\u00e3o dos futuros oficiais que, em breve, estar\u00e3o coordenando as a\u00e7\u00f5es de policiamento da seguran\u00e7a p\u00fablica na Para\u00edba.","og_url":"https:\/\/www.pm.pb.gov.br\/portal\/2023\/11\/16\/cadetes-da-academia-de-policia-militar-concluem-estagio-de-patrulha-rural-no-geosac\/","og_site_name":"Pol\u00edcia Militar da Para\u00edba","article_published_time":"2023-11-16T23:05:00+00:00","article_modified_time":"2023-11-17T17:10:44+00:00","og_image":[{"width":800,"height":445,"url":"http:\/\/www.pm.pb.gov.br\/portal\/wp-content\/uploads\/2023\/11\/capa.jpg","type":"image\/jpeg"}],"author":"Tarcisio Oliveira","twitter_card":"summary_large_image","twitter_misc":{"Escrito por":"Tarcisio Oliveira","Est. tempo de leitura":"3 minutos"},"schema":{"@context":"https:\/\/schema.org","@graph":[{"@type":"Article","@id":"https:\/\/www.pm.pb.gov.br\/portal\/2023\/11\/16\/cadetes-da-academia-de-policia-militar-concluem-estagio-de-patrulha-rural-no-geosac\/#article","isPartOf":{"@id":"https:\/\/www.pm.pb.gov.br\/portal\/2023\/11\/16\/cadetes-da-academia-de-policia-militar-concluem-estagio-de-patrulha-rural-no-geosac\/"},"author":{"name":"Tarcisio Oliveira","@id":"https:\/\/www.pm.pb.gov.br\/portal\/#\/schema\/person\/f84f56dcc78ce4357054da888b8247fd"},"headline":"Cadetes da Academia de Pol\u00edcia Militar concluem Est\u00e1gio de Patrulha Rural no GEOsAC","datePublished":"2023-11-16T23:05:00+00:00","dateModified":"2023-11-17T17:10:44+00:00","mainEntityOfPage":{"@id":"https:\/\/www.pm.pb.gov.br\/portal\/2023\/11\/16\/cadetes-da-academia-de-policia-militar-concluem-estagio-de-patrulha-rural-no-geosac\/"},"wordCount":307,"publisher":{"@id":"https:\/\/www.pm.pb.gov.br\/portal\/#organization"},"articleSection":["Cursos"],"inLanguage":"pt-BR"},{"@type":"WebPage","@id":"https:\/\/www.pm.pb.gov.br\/portal\/2023\/11\/16\/cadetes-da-academia-de-policia-militar-concluem-estagio-de-patrulha-rural-no-geosac\/","url":"https:\/\/www.pm.pb.gov.br\/portal\/2023\/11\/16\/cadetes-da-academia-de-policia-militar-concluem-estagio-de-patrulha-rural-no-geosac\/","name":"Cadetes da Academia de Pol\u00edcia Militar concluem Est\u00e1gio de Patrulha Rural no GEOsAC - Pol\u00edcia Militar da Para\u00edba","isPartOf":{"@id":"https:\/\/www.pm.pb.gov.br\/portal\/#website"},"datePublished":"2023-11-16T23:05:00+00:00","dateModified":"2023-11-17T17:10:44+00:00","description":"A formatura no EPaR \u00e9 mais um passo na capacita\u00e7\u00e3o dos futuros oficiais que, em breve, estar\u00e3o coordenando as a\u00e7\u00f5es de policiamento da seguran\u00e7a p\u00fablica na Para\u00edba.","breadcrumb":{"@id":"https:\/\/www.pm.pb.gov.br\/portal\/2023\/11\/16\/cadetes-da-academia-de-policia-militar-concluem-estagio-de-patrulha-rural-no-geosac\/#breadcrumb"},"inLanguage":"pt-BR","potentialAction":[{"@type":"ReadAction","target":["https:\/\/www.pm.pb.gov.br\/portal\/2023\/11\/16\/cadetes-da-academia-de-policia-militar-concluem-estagio-de-patrulha-rural-no-geosac\/"]}]},{"@type":"BreadcrumbList","@id":"https:\/\/www.pm.pb.gov.br\/portal\/2023\/11\/16\/cadetes-da-academia-de-policia-militar-concluem-estagio-de-patrulha-rural-no-geosac\/#breadcrumb","itemListElement":[{"@type":"ListItem","position":1,"name":"In\u00edcio","item":"https:\/\/www.pm.pb.gov.br\/portal\/"},{"@type":"ListItem","position":2,"name":"Cadetes da Academia de Pol\u00edcia Militar concluem Est\u00e1gio de Patrulha Rural no GEOsAC"}]},{"@type":"WebSite","@id":"https:\/\/www.pm.pb.gov.br\/portal\/#website","url":"https:\/\/www.pm.pb.gov.br\/portal\/","name":"Pol\u00edcia Militar da Para\u00edba","description":"","publisher":{"@id":"https:\/\/www.pm.pb.gov.br\/portal\/#organization"},"potentialAction":[{"@type":"SearchAction","target":{"@type":"EntryPoint","urlTemplate":"https:\/\/www.pm.pb.gov.br\/portal\/?s={search_term_string}"},"query-input":"required name=search_term_string"}],"inLanguage":"pt-BR"},{"@type":"Organization","@id":"https:\/\/www.pm.pb.gov.br\/portal\/#organization","name":"Pol\u00edcia Militar da Para\u00edba","url":"https:\/\/www.pm.pb.gov.br\/portal\/","logo":{"@type":"ImageObject","inLanguage":"pt-BR","@id":"https:\/\/www.pm.pb.gov.br\/portal\/#\/schema\/logo\/image\/","url":"https:\/\/www.pm.pb.gov.br\/portal\/wp-content\/uploads\/2025\/03\/cropped-logo-site-mag2-1.png","contentUrl":"https:\/\/www.pm.pb.gov.br\/portal\/wp-content\/uploads\/2025\/03\/cropped-logo-site-mag2-1.png","width":320,"height":90,"caption":"Pol\u00edcia Militar da Para\u00edba"},"image":{"@id":"https:\/\/www.pm.pb.gov.br\/portal\/#\/schema\/logo\/image\/"}},{"@type":"Person","@id":"https:\/\/www.pm.pb.gov.br\/portal\/#\/schema\/person\/f84f56dcc78ce4357054da888b8247fd","name":"Tarcisio Oliveira","image":{"@type":"ImageObject","inLanguage":"pt-BR","@id":"https:\/\/www.pm.pb.gov.br\/portal\/#\/schema\/person\/image\/","url":"https:\/\/secure.gravatar.com\/avatar\/72917b630b69d31cd0297507f34bac97?s=96&d=mm&r=g","contentUrl":"https:\/\/secure.gravatar.com\/avatar\/72917b630b69d31cd0297507f34bac97?s=96&d=mm&r=g","caption":"Tarcisio Oliveira"},"url":"https:\/\/www.pm.pb.gov.br\/portal\/author\/tarcisio\/"}]}},"_links":{"self":[{"href":"https:\/\/www.pm.pb.gov.br\/portal\/wp-json\/wp\/v2\/posts\/919167"}],"collection":[{"href":"https:\/\/www.pm.pb.gov.br\/portal\/wp-json\/wp\/v2\/posts"}],"about":[{"href":"https:\/\/www.pm.pb.gov.br\/portal\/wp-json\/wp\/v2\/types\/post"}],"author":[{"embeddable":true,"href":"https:\/\/www.pm.pb.gov.br\/portal\/wp-json\/wp\/v2\/users\/12"}],"replies":[{"embeddable":true,"href":"https:\/\/www.pm.pb.gov.br\/portal\/wp-json\/wp\/v2\/comments?post=919167"}],"version-history":[{"count":1,"href":"https:\/\/www.pm.pb.gov.br\/portal\/wp-json\/wp\/v2\/posts\/919167\/revisions"}],"predecessor-version":[{"id":919171,"href":"https:\/\/www.pm.pb.gov.br\/portal\/wp-json\/wp\/v2\/posts\/919167\/revisions\/919171"}],"wp:featuredmedia":[{"embeddable":true,"href":"https:\/\/www.pm.pb.gov.br\/portal\/wp-json\/wp\/v2\/media\/919162"}],"wp:attachment":[{"href":"https:\/\/www.pm.pb.gov.br\/portal\/wp-json\/wp\/v2\/media?parent=919167"}],"wp:term":[{"taxonomy":"category","embeddable":true,"href":"https:\/\/www.pm.pb.gov.br\/portal\/wp-json\/wp\/v2\/categories?post=919167"},{"taxonomy":"post_tag","embeddable":true,"href":"https:\/\/www.pm.pb.gov.br\/portal\/wp-json\/wp\/v2\/tags?post=919167"}],"curies":[{"name":"wp","href":"https:\/\/api.w.org\/{rel}","templated":true}]}}