{"id":919011,"date":"2023-11-09T15:49:00","date_gmt":"2023-11-09T18:49:00","guid":{"rendered":"https:\/\/www.pm.pb.gov.br\/portal\/?p=919011"},"modified":"2023-11-10T00:12:40","modified_gmt":"2023-11-10T03:12:40","slug":"apos-confronto-com-acusados-de-roubo-policia-militar-apreende-duas-armas-de-fogo-em-sao-bento","status":"publish","type":"post","link":"https:\/\/www.pm.pb.gov.br\/portal\/2023\/11\/09\/apos-confronto-com-acusados-de-roubo-policia-militar-apreende-duas-armas-de-fogo-em-sao-bento\/","title":{"rendered":"Ap\u00f3s confronto com acusados de roubo, Pol\u00edcia Militar apreende duas armas de fogo em S\u00e3o Bento"},"content":{"rendered":"\n\n\n<p>Nesta quinta-feira (9) policiais militares do 12\u00ba Batalh\u00e3o apreenderam um rev\u00f3lver calibre 38 e uma espingarda calibre 12 ap\u00f3s confronto com criminosos em uma \u00e1rea rural de S\u00e3o Bento, munic\u00edpio que fica no Sert\u00e3o da Para\u00edba (foto acima ilustrativa).<\/p>\n<p>De acordo com o 12\u00ba Batalh\u00e3o, a PM foi fazer uma averigua\u00e7\u00e3o na localidade sobre homens suspeitos de estarem praticarem roubos na regi\u00e3o de S\u00e3o Bento. Chegando ao local, os policiais foram recebidos com disparos de arma de fogo e tiveram que revidar a injusta agress\u00e3o em leg\u00edtima defesa. No confronto, tr\u00eas indiv\u00edduos ficaram feridos, sendo socorridos para o hospital local, mas n\u00e3o resistiram e foram a \u00f3bito.<\/p>\n<p>As armas apreendidas foram levadas para a delegacia de Pol\u00edcia Civil de S\u00e3o Bento.<\/p>\n<p><img loading=\"lazy\" decoding=\"async\" class=\" wp-image-919012 aligncenter\" src=\"http:\/\/www.pm.pb.gov.br\/portal\/wp-content\/uploads\/2023\/11\/WhatsApp-Image-2023-11-09-at-14.28.16-593x445.jpeg\" alt=\"\" width=\"518\" height=\"389\" srcset=\"https:\/\/www.pm.pb.gov.br\/portal\/wp-content\/uploads\/2023\/11\/WhatsApp-Image-2023-11-09-at-14.28.16-593x445.jpeg 593w, https:\/\/www.pm.pb.gov.br\/portal\/wp-content\/uploads\/2023\/11\/WhatsApp-Image-2023-11-09-at-14.28.16-760x570.jpeg 760w, https:\/\/www.pm.pb.gov.br\/portal\/wp-content\/uploads\/2023\/11\/WhatsApp-Image-2023-11-09-at-14.28.16-768x576.jpeg 768w, https:\/\/www.pm.pb.gov.br\/portal\/wp-content\/uploads\/2023\/11\/WhatsApp-Image-2023-11-09-at-14.28.16-1536x1152.jpeg 1536w, https:\/\/www.pm.pb.gov.br\/portal\/wp-content\/uploads\/2023\/11\/WhatsApp-Image-2023-11-09-at-14.28.16.jpeg 1600w\" sizes=\"(max-width: 518px) 100vw, 518px\" \/><\/p>\n","protected":false},"excerpt":{"rendered":"<p>Nesta quinta-feira (9) policiais militares do 12\u00ba Batalh\u00e3o apreenderam um rev\u00f3lver calibre 38 e uma espingarda calibre 12 ap\u00f3s confronto<\/p>\n","protected":false},"author":12,"featured_media":902591,"comment_status":"closed","ping_status":"closed","sticky":false,"template":"","format":"standard","meta":{"_exactmetrics_skip_tracking":false,"_exactmetrics_sitenote_active":false,"_exactmetrics_sitenote_note":"","_exactmetrics_sitenote_category":0,"footnotes":""},"categories":[4],"tags":[],"yoast_head":"<!-- This site is optimized with the Yoast SEO plugin v22.0 - https:\/\/yoast.com\/wordpress\/plugins\/seo\/ -->\n<title>Ap\u00f3s confronto com acusados de roubo, Pol\u00edcia Militar apreende duas armas de fogo em S\u00e3o Bento - Pol\u00edcia Militar da Para\u00edba<\/title>\n<meta name=\"robots\" content=\"index, follow, max-snippet:-1, max-image-preview:large, max-video-preview:-1\" \/>\n<link rel=\"canonical\" href=\"https:\/\/www.pm.pb.gov.br\/portal\/2023\/11\/09\/apos-confronto-com-acusados-de-roubo-policia-militar-apreende-duas-armas-de-fogo-em-sao-bento\/\" \/>\n<meta property=\"og:locale\" content=\"pt_BR\" \/>\n<meta property=\"og:type\" content=\"article\" \/>\n<meta property=\"og:title\" content=\"Ap\u00f3s confronto com acusados de roubo, Pol\u00edcia Militar apreende duas armas de fogo em S\u00e3o Bento - Pol\u00edcia Militar da Para\u00edba\" \/>\n<meta property=\"og:description\" content=\"Nesta quinta-feira (9) policiais militares do 12\u00ba Batalh\u00e3o apreenderam um rev\u00f3lver calibre 38 e uma espingarda calibre 12 ap\u00f3s confronto\" \/>\n<meta property=\"og:url\" content=\"https:\/\/www.pm.pb.gov.br\/portal\/2023\/11\/09\/apos-confronto-com-acusados-de-roubo-policia-militar-apreende-duas-armas-de-fogo-em-sao-bento\/\" \/>\n<meta property=\"og:site_name\" content=\"Pol\u00edcia Militar da Para\u00edba\" \/>\n<meta property=\"article:published_time\" content=\"2023-11-09T18:49:00+00:00\" \/>\n<meta property=\"article:modified_time\" content=\"2023-11-10T03:12:40+00:00\" \/>\n<meta property=\"og:image\" content=\"http:\/\/www.pm.pb.gov.br\/portal\/wp-content\/uploads\/2019\/10\/sertaoilustrativa.jpeg\" \/>\n\t<meta property=\"og:image:width\" content=\"800\" \/>\n\t<meta property=\"og:image:height\" content=\"445\" \/>\n\t<meta property=\"og:image:type\" content=\"image\/jpeg\" \/>\n<meta name=\"author\" content=\"Tarcisio Oliveira\" \/>\n<meta name=\"twitter:card\" content=\"summary_large_image\" \/>\n<meta name=\"twitter:label1\" content=\"Escrito por\" \/>\n\t<meta name=\"twitter:data1\" content=\"Tarcisio Oliveira\" \/>\n\t<meta name=\"twitter:label2\" content=\"Est. tempo de leitura\" \/>\n\t<meta name=\"twitter:data2\" content=\"1 minuto\" \/>\n<script type=\"application\/ld+json\" class=\"yoast-schema-graph\">{\"@context\":\"https:\/\/schema.org\",\"@graph\":[{\"@type\":\"Article\",\"@id\":\"https:\/\/www.pm.pb.gov.br\/portal\/2023\/11\/09\/apos-confronto-com-acusados-de-roubo-policia-militar-apreende-duas-armas-de-fogo-em-sao-bento\/#article\",\"isPartOf\":{\"@id\":\"https:\/\/www.pm.pb.gov.br\/portal\/2023\/11\/09\/apos-confronto-com-acusados-de-roubo-policia-militar-apreende-duas-armas-de-fogo-em-sao-bento\/\"},\"author\":{\"name\":\"Tarcisio Oliveira\",\"@id\":\"https:\/\/www.pm.pb.gov.br\/portal\/#\/schema\/person\/f84f56dcc78ce4357054da888b8247fd\"},\"headline\":\"Ap\u00f3s confronto com acusados de roubo, Pol\u00edcia Militar apreende duas armas de fogo em S\u00e3o Bento\",\"datePublished\":\"2023-11-09T18:49:00+00:00\",\"dateModified\":\"2023-11-10T03:12:40+00:00\",\"mainEntityOfPage\":{\"@id\":\"https:\/\/www.pm.pb.gov.br\/portal\/2023\/11\/09\/apos-confronto-com-acusados-de-roubo-policia-militar-apreende-duas-armas-de-fogo-em-sao-bento\/\"},\"wordCount\":153,\"publisher\":{\"@id\":\"https:\/\/www.pm.pb.gov.br\/portal\/#organization\"},\"articleSection\":[\"A\u00e7\u00f5es Policiais\"],\"inLanguage\":\"pt-BR\"},{\"@type\":\"WebPage\",\"@id\":\"https:\/\/www.pm.pb.gov.br\/portal\/2023\/11\/09\/apos-confronto-com-acusados-de-roubo-policia-militar-apreende-duas-armas-de-fogo-em-sao-bento\/\",\"url\":\"https:\/\/www.pm.pb.gov.br\/portal\/2023\/11\/09\/apos-confronto-com-acusados-de-roubo-policia-militar-apreende-duas-armas-de-fogo-em-sao-bento\/\",\"name\":\"Ap\u00f3s confronto com acusados de roubo, Pol\u00edcia Militar apreende duas armas de fogo em S\u00e3o Bento - Pol\u00edcia Militar da Para\u00edba\",\"isPartOf\":{\"@id\":\"https:\/\/www.pm.pb.gov.br\/portal\/#website\"},\"datePublished\":\"2023-11-09T18:49:00+00:00\",\"dateModified\":\"2023-11-10T03:12:40+00:00\",\"breadcrumb\":{\"@id\":\"https:\/\/www.pm.pb.gov.br\/portal\/2023\/11\/09\/apos-confronto-com-acusados-de-roubo-policia-militar-apreende-duas-armas-de-fogo-em-sao-bento\/#breadcrumb\"},\"inLanguage\":\"pt-BR\",\"potentialAction\":[{\"@type\":\"ReadAction\",\"target\":[\"https:\/\/www.pm.pb.gov.br\/portal\/2023\/11\/09\/apos-confronto-com-acusados-de-roubo-policia-militar-apreende-duas-armas-de-fogo-em-sao-bento\/\"]}]},{\"@type\":\"BreadcrumbList\",\"@id\":\"https:\/\/www.pm.pb.gov.br\/portal\/2023\/11\/09\/apos-confronto-com-acusados-de-roubo-policia-militar-apreende-duas-armas-de-fogo-em-sao-bento\/#breadcrumb\",\"itemListElement\":[{\"@type\":\"ListItem\",\"position\":1,\"name\":\"In\u00edcio\",\"item\":\"https:\/\/www.pm.pb.gov.br\/portal\/\"},{\"@type\":\"ListItem\",\"position\":2,\"name\":\"Ap\u00f3s confronto com acusados de roubo, Pol\u00edcia Militar apreende duas armas de fogo em S\u00e3o Bento\"}]},{\"@type\":\"WebSite\",\"@id\":\"https:\/\/www.pm.pb.gov.br\/portal\/#website\",\"url\":\"https:\/\/www.pm.pb.gov.br\/portal\/\",\"name\":\"Pol\u00edcia Militar da Para\u00edba\",\"description\":\"\",\"publisher\":{\"@id\":\"https:\/\/www.pm.pb.gov.br\/portal\/#organization\"},\"potentialAction\":[{\"@type\":\"SearchAction\",\"target\":{\"@type\":\"EntryPoint\",\"urlTemplate\":\"https:\/\/www.pm.pb.gov.br\/portal\/?s={search_term_string}\"},\"query-input\":\"required name=search_term_string\"}],\"inLanguage\":\"pt-BR\"},{\"@type\":\"Organization\",\"@id\":\"https:\/\/www.pm.pb.gov.br\/portal\/#organization\",\"name\":\"Pol\u00edcia Militar da Para\u00edba\",\"url\":\"https:\/\/www.pm.pb.gov.br\/portal\/\",\"logo\":{\"@type\":\"ImageObject\",\"inLanguage\":\"pt-BR\",\"@id\":\"https:\/\/www.pm.pb.gov.br\/portal\/#\/schema\/logo\/image\/\",\"url\":\"https:\/\/www.pm.pb.gov.br\/portal\/wp-content\/uploads\/2025\/03\/cropped-logo-site-mag2-1.png\",\"contentUrl\":\"https:\/\/www.pm.pb.gov.br\/portal\/wp-content\/uploads\/2025\/03\/cropped-logo-site-mag2-1.png\",\"width\":320,\"height\":90,\"caption\":\"Pol\u00edcia Militar da Para\u00edba\"},\"image\":{\"@id\":\"https:\/\/www.pm.pb.gov.br\/portal\/#\/schema\/logo\/image\/\"}},{\"@type\":\"Person\",\"@id\":\"https:\/\/www.pm.pb.gov.br\/portal\/#\/schema\/person\/f84f56dcc78ce4357054da888b8247fd\",\"name\":\"Tarcisio Oliveira\",\"image\":{\"@type\":\"ImageObject\",\"inLanguage\":\"pt-BR\",\"@id\":\"https:\/\/www.pm.pb.gov.br\/portal\/#\/schema\/person\/image\/\",\"url\":\"https:\/\/secure.gravatar.com\/avatar\/72917b630b69d31cd0297507f34bac97?s=96&d=mm&r=g\",\"contentUrl\":\"https:\/\/secure.gravatar.com\/avatar\/72917b630b69d31cd0297507f34bac97?s=96&d=mm&r=g\",\"caption\":\"Tarcisio Oliveira\"},\"url\":\"https:\/\/www.pm.pb.gov.br\/portal\/author\/tarcisio\/\"}]}<\/script>\n<!-- \/ Yoast SEO plugin. -->","yoast_head_json":{"title":"Ap\u00f3s confronto com acusados de roubo, Pol\u00edcia Militar apreende duas armas de fogo em S\u00e3o Bento - Pol\u00edcia Militar da Para\u00edba","robots":{"index":"index","follow":"follow","max-snippet":"max-snippet:-1","max-image-preview":"max-image-preview:large","max-video-preview":"max-video-preview:-1"},"canonical":"https:\/\/www.pm.pb.gov.br\/portal\/2023\/11\/09\/apos-confronto-com-acusados-de-roubo-policia-militar-apreende-duas-armas-de-fogo-em-sao-bento\/","og_locale":"pt_BR","og_type":"article","og_title":"Ap\u00f3s confronto com acusados de roubo, Pol\u00edcia Militar apreende duas armas de fogo em S\u00e3o Bento - Pol\u00edcia Militar da Para\u00edba","og_description":"Nesta quinta-feira (9) policiais militares do 12\u00ba Batalh\u00e3o apreenderam um rev\u00f3lver calibre 38 e uma espingarda calibre 12 ap\u00f3s confronto","og_url":"https:\/\/www.pm.pb.gov.br\/portal\/2023\/11\/09\/apos-confronto-com-acusados-de-roubo-policia-militar-apreende-duas-armas-de-fogo-em-sao-bento\/","og_site_name":"Pol\u00edcia Militar da Para\u00edba","article_published_time":"2023-11-09T18:49:00+00:00","article_modified_time":"2023-11-10T03:12:40+00:00","og_image":[{"width":800,"height":445,"url":"http:\/\/www.pm.pb.gov.br\/portal\/wp-content\/uploads\/2019\/10\/sertaoilustrativa.jpeg","type":"image\/jpeg"}],"author":"Tarcisio Oliveira","twitter_card":"summary_large_image","twitter_misc":{"Escrito por":"Tarcisio Oliveira","Est. tempo de leitura":"1 minuto"},"schema":{"@context":"https:\/\/schema.org","@graph":[{"@type":"Article","@id":"https:\/\/www.pm.pb.gov.br\/portal\/2023\/11\/09\/apos-confronto-com-acusados-de-roubo-policia-militar-apreende-duas-armas-de-fogo-em-sao-bento\/#article","isPartOf":{"@id":"https:\/\/www.pm.pb.gov.br\/portal\/2023\/11\/09\/apos-confronto-com-acusados-de-roubo-policia-militar-apreende-duas-armas-de-fogo-em-sao-bento\/"},"author":{"name":"Tarcisio Oliveira","@id":"https:\/\/www.pm.pb.gov.br\/portal\/#\/schema\/person\/f84f56dcc78ce4357054da888b8247fd"},"headline":"Ap\u00f3s confronto com acusados de roubo, Pol\u00edcia Militar apreende duas armas de fogo em S\u00e3o Bento","datePublished":"2023-11-09T18:49:00+00:00","dateModified":"2023-11-10T03:12:40+00:00","mainEntityOfPage":{"@id":"https:\/\/www.pm.pb.gov.br\/portal\/2023\/11\/09\/apos-confronto-com-acusados-de-roubo-policia-militar-apreende-duas-armas-de-fogo-em-sao-bento\/"},"wordCount":153,"publisher":{"@id":"https:\/\/www.pm.pb.gov.br\/portal\/#organization"},"articleSection":["A\u00e7\u00f5es Policiais"],"inLanguage":"pt-BR"},{"@type":"WebPage","@id":"https:\/\/www.pm.pb.gov.br\/portal\/2023\/11\/09\/apos-confronto-com-acusados-de-roubo-policia-militar-apreende-duas-armas-de-fogo-em-sao-bento\/","url":"https:\/\/www.pm.pb.gov.br\/portal\/2023\/11\/09\/apos-confronto-com-acusados-de-roubo-policia-militar-apreende-duas-armas-de-fogo-em-sao-bento\/","name":"Ap\u00f3s confronto com acusados de roubo, Pol\u00edcia Militar apreende duas armas de fogo em S\u00e3o Bento - Pol\u00edcia Militar da Para\u00edba","isPartOf":{"@id":"https:\/\/www.pm.pb.gov.br\/portal\/#website"},"datePublished":"2023-11-09T18:49:00+00:00","dateModified":"2023-11-10T03:12:40+00:00","breadcrumb":{"@id":"https:\/\/www.pm.pb.gov.br\/portal\/2023\/11\/09\/apos-confronto-com-acusados-de-roubo-policia-militar-apreende-duas-armas-de-fogo-em-sao-bento\/#breadcrumb"},"inLanguage":"pt-BR","potentialAction":[{"@type":"ReadAction","target":["https:\/\/www.pm.pb.gov.br\/portal\/2023\/11\/09\/apos-confronto-com-acusados-de-roubo-policia-militar-apreende-duas-armas-de-fogo-em-sao-bento\/"]}]},{"@type":"BreadcrumbList","@id":"https:\/\/www.pm.pb.gov.br\/portal\/2023\/11\/09\/apos-confronto-com-acusados-de-roubo-policia-militar-apreende-duas-armas-de-fogo-em-sao-bento\/#breadcrumb","itemListElement":[{"@type":"ListItem","position":1,"name":"In\u00edcio","item":"https:\/\/www.pm.pb.gov.br\/portal\/"},{"@type":"ListItem","position":2,"name":"Ap\u00f3s confronto com acusados de roubo, Pol\u00edcia Militar apreende duas armas de fogo em S\u00e3o Bento"}]},{"@type":"WebSite","@id":"https:\/\/www.pm.pb.gov.br\/portal\/#website","url":"https:\/\/www.pm.pb.gov.br\/portal\/","name":"Pol\u00edcia Militar da Para\u00edba","description":"","publisher":{"@id":"https:\/\/www.pm.pb.gov.br\/portal\/#organization"},"potentialAction":[{"@type":"SearchAction","target":{"@type":"EntryPoint","urlTemplate":"https:\/\/www.pm.pb.gov.br\/portal\/?s={search_term_string}"},"query-input":"required name=search_term_string"}],"inLanguage":"pt-BR"},{"@type":"Organization","@id":"https:\/\/www.pm.pb.gov.br\/portal\/#organization","name":"Pol\u00edcia Militar da Para\u00edba","url":"https:\/\/www.pm.pb.gov.br\/portal\/","logo":{"@type":"ImageObject","inLanguage":"pt-BR","@id":"https:\/\/www.pm.pb.gov.br\/portal\/#\/schema\/logo\/image\/","url":"https:\/\/www.pm.pb.gov.br\/portal\/wp-content\/uploads\/2025\/03\/cropped-logo-site-mag2-1.png","contentUrl":"https:\/\/www.pm.pb.gov.br\/portal\/wp-content\/uploads\/2025\/03\/cropped-logo-site-mag2-1.png","width":320,"height":90,"caption":"Pol\u00edcia Militar da Para\u00edba"},"image":{"@id":"https:\/\/www.pm.pb.gov.br\/portal\/#\/schema\/logo\/image\/"}},{"@type":"Person","@id":"https:\/\/www.pm.pb.gov.br\/portal\/#\/schema\/person\/f84f56dcc78ce4357054da888b8247fd","name":"Tarcisio Oliveira","image":{"@type":"ImageObject","inLanguage":"pt-BR","@id":"https:\/\/www.pm.pb.gov.br\/portal\/#\/schema\/person\/image\/","url":"https:\/\/secure.gravatar.com\/avatar\/72917b630b69d31cd0297507f34bac97?s=96&d=mm&r=g","contentUrl":"https:\/\/secure.gravatar.com\/avatar\/72917b630b69d31cd0297507f34bac97?s=96&d=mm&r=g","caption":"Tarcisio Oliveira"},"url":"https:\/\/www.pm.pb.gov.br\/portal\/author\/tarcisio\/"}]}},"_links":{"self":[{"href":"https:\/\/www.pm.pb.gov.br\/portal\/wp-json\/wp\/v2\/posts\/919011"}],"collection":[{"href":"https:\/\/www.pm.pb.gov.br\/portal\/wp-json\/wp\/v2\/posts"}],"about":[{"href":"https:\/\/www.pm.pb.gov.br\/portal\/wp-json\/wp\/v2\/types\/post"}],"author":[{"embeddable":true,"href":"https:\/\/www.pm.pb.gov.br\/portal\/wp-json\/wp\/v2\/users\/12"}],"replies":[{"embeddable":true,"href":"https:\/\/www.pm.pb.gov.br\/portal\/wp-json\/wp\/v2\/comments?post=919011"}],"version-history":[{"count":2,"href":"https:\/\/www.pm.pb.gov.br\/portal\/wp-json\/wp\/v2\/posts\/919011\/revisions"}],"predecessor-version":[{"id":919014,"href":"https:\/\/www.pm.pb.gov.br\/portal\/wp-json\/wp\/v2\/posts\/919011\/revisions\/919014"}],"wp:featuredmedia":[{"embeddable":true,"href":"https:\/\/www.pm.pb.gov.br\/portal\/wp-json\/wp\/v2\/media\/902591"}],"wp:attachment":[{"href":"https:\/\/www.pm.pb.gov.br\/portal\/wp-json\/wp\/v2\/media?parent=919011"}],"wp:term":[{"taxonomy":"category","embeddable":true,"href":"https:\/\/www.pm.pb.gov.br\/portal\/wp-json\/wp\/v2\/categories?post=919011"},{"taxonomy":"post_tag","embeddable":true,"href":"https:\/\/www.pm.pb.gov.br\/portal\/wp-json\/wp\/v2\/tags?post=919011"}],"curies":[{"name":"wp","href":"https:\/\/api.w.org\/{rel}","templated":true}]}}