{"id":918983,"date":"2023-11-06T15:25:32","date_gmt":"2023-11-06T18:25:32","guid":{"rendered":"https:\/\/www.pm.pb.gov.br\/portal\/?p=918983"},"modified":"2023-11-06T15:26:55","modified_gmt":"2023-11-06T18:26:55","slug":"acao-conjunta-captura-foragido-de-sergipe-e-para-na-paraiba","status":"publish","type":"post","link":"https:\/\/www.pm.pb.gov.br\/portal\/2023\/11\/06\/acao-conjunta-captura-foragido-de-sergipe-e-para-na-paraiba\/","title":{"rendered":"A\u00e7\u00e3o conjunta captura foragido de Sergipe e Par\u00e1 na Para\u00edba"},"content":{"rendered":"\n<p>Uma a\u00e7\u00e3o conjunta das Pol\u00edcias Militar da Para\u00edba e Civil de Sergipe, capturou um foragido da Justi\u00e7a procurado pelos crimes de estelionato, estupro, dentre outros delitos. A captura do acusado aconteceu na manh\u00e3 desta segunda-feira (6) na cidade de Juazeirinho, que fica a cerca de 82 quil\u00f4metros de Campina Grande, e foi realizada pelos policiais da For\u00e7a T\u00e1tica da 8\u00aa Companhia Independente.<\/p>\n<p>O homem preso tem 48 anos de idade e j\u00e1 estava sendo procurado pela Justi\u00e7a dos Estados de Sergipe e Par\u00e1, atrav\u00e9s de mandados de pris\u00e3o preventiva. \u201cA partir de uma a\u00e7\u00e3o conjunta com Sergipe, tivemos informa\u00e7\u00f5es que este acusado aplicava golpes e lesava pessoas no Par\u00e1, e teria cometido um estupro em Sergipe. Hoje localizamos ele em Juazeirinho, nas proximidades de uma funer\u00e1ria \u00e0s margens da rodovia BR 230, e o conduzimos \u00e0 delegacia para os procedimentos cab\u00edveis\u201d, explicou o capit\u00e3o Whesley, comandante interino da 8\u00aa Companhia Independente.<\/p>\n<p>Agora o foragido capturado segue \u00e0 disposi\u00e7\u00e3o da Justi\u00e7a para os procedimentos cab\u00edveis e o devido cumprimento da pena.<\/p>\n\n\n","protected":false},"excerpt":{"rendered":"<p>Uma a\u00e7\u00e3o conjunta das Pol\u00edcias Militar da Para\u00edba e Civil de Sergipe, capturou um foragido da Justi\u00e7a procurado pelos crimes<\/p>\n","protected":false},"author":12,"featured_media":918984,"comment_status":"closed","ping_status":"closed","sticky":false,"template":"","format":"standard","meta":{"_exactmetrics_skip_tracking":false,"_exactmetrics_sitenote_active":false,"_exactmetrics_sitenote_note":"","_exactmetrics_sitenote_category":0,"footnotes":""},"categories":[4],"tags":[],"yoast_head":"<!-- This site is optimized with the Yoast SEO plugin v22.0 - https:\/\/yoast.com\/wordpress\/plugins\/seo\/ -->\n<title>A\u00e7\u00e3o conjunta captura foragido de Sergipe e Par\u00e1 na Para\u00edba - Pol\u00edcia Militar da Para\u00edba<\/title>\n<meta name=\"description\" content=\"O foragido estava sendo procurado pelos crimes de estelionato, estupro, dentre outros delitos\" \/>\n<meta name=\"robots\" content=\"index, follow, max-snippet:-1, max-image-preview:large, max-video-preview:-1\" \/>\n<link rel=\"canonical\" href=\"https:\/\/www.pm.pb.gov.br\/portal\/2023\/11\/06\/acao-conjunta-captura-foragido-de-sergipe-e-para-na-paraiba\/\" \/>\n<meta property=\"og:locale\" content=\"pt_BR\" \/>\n<meta property=\"og:type\" content=\"article\" \/>\n<meta property=\"og:title\" content=\"A\u00e7\u00e3o conjunta captura foragido de Sergipe e Par\u00e1 na Para\u00edba - Pol\u00edcia Militar da Para\u00edba\" \/>\n<meta property=\"og:description\" content=\"O foragido estava sendo procurado pelos crimes de estelionato, estupro, dentre outros delitos\" \/>\n<meta property=\"og:url\" content=\"https:\/\/www.pm.pb.gov.br\/portal\/2023\/11\/06\/acao-conjunta-captura-foragido-de-sergipe-e-para-na-paraiba\/\" \/>\n<meta property=\"og:site_name\" content=\"Pol\u00edcia Militar da Para\u00edba\" \/>\n<meta property=\"article:published_time\" content=\"2023-11-06T18:25:32+00:00\" \/>\n<meta property=\"article:modified_time\" content=\"2023-11-06T18:26:55+00:00\" \/>\n<meta property=\"og:image\" content=\"http:\/\/www.pm.pb.gov.br\/portal\/wp-content\/uploads\/2023\/11\/8cipm.jpeg\" \/>\n\t<meta property=\"og:image:width\" content=\"800\" \/>\n\t<meta property=\"og:image:height\" content=\"445\" \/>\n\t<meta property=\"og:image:type\" content=\"image\/jpeg\" \/>\n<meta name=\"author\" content=\"Tarcisio Oliveira\" \/>\n<meta name=\"twitter:card\" content=\"summary_large_image\" \/>\n<meta name=\"twitter:label1\" content=\"Escrito por\" \/>\n\t<meta name=\"twitter:data1\" content=\"Tarcisio Oliveira\" \/>\n\t<meta name=\"twitter:label2\" content=\"Est. tempo de leitura\" \/>\n\t<meta name=\"twitter:data2\" content=\"1 minuto\" \/>\n<script type=\"application\/ld+json\" class=\"yoast-schema-graph\">{\"@context\":\"https:\/\/schema.org\",\"@graph\":[{\"@type\":\"Article\",\"@id\":\"https:\/\/www.pm.pb.gov.br\/portal\/2023\/11\/06\/acao-conjunta-captura-foragido-de-sergipe-e-para-na-paraiba\/#article\",\"isPartOf\":{\"@id\":\"https:\/\/www.pm.pb.gov.br\/portal\/2023\/11\/06\/acao-conjunta-captura-foragido-de-sergipe-e-para-na-paraiba\/\"},\"author\":{\"name\":\"Tarcisio Oliveira\",\"@id\":\"https:\/\/www.pm.pb.gov.br\/portal\/#\/schema\/person\/f84f56dcc78ce4357054da888b8247fd\"},\"headline\":\"A\u00e7\u00e3o conjunta captura foragido de Sergipe e Par\u00e1 na Para\u00edba\",\"datePublished\":\"2023-11-06T18:25:32+00:00\",\"dateModified\":\"2023-11-06T18:26:55+00:00\",\"mainEntityOfPage\":{\"@id\":\"https:\/\/www.pm.pb.gov.br\/portal\/2023\/11\/06\/acao-conjunta-captura-foragido-de-sergipe-e-para-na-paraiba\/\"},\"wordCount\":192,\"publisher\":{\"@id\":\"https:\/\/www.pm.pb.gov.br\/portal\/#organization\"},\"articleSection\":[\"A\u00e7\u00f5es Policiais\"],\"inLanguage\":\"pt-BR\"},{\"@type\":\"WebPage\",\"@id\":\"https:\/\/www.pm.pb.gov.br\/portal\/2023\/11\/06\/acao-conjunta-captura-foragido-de-sergipe-e-para-na-paraiba\/\",\"url\":\"https:\/\/www.pm.pb.gov.br\/portal\/2023\/11\/06\/acao-conjunta-captura-foragido-de-sergipe-e-para-na-paraiba\/\",\"name\":\"A\u00e7\u00e3o conjunta captura foragido de Sergipe e Par\u00e1 na Para\u00edba - Pol\u00edcia Militar da Para\u00edba\",\"isPartOf\":{\"@id\":\"https:\/\/www.pm.pb.gov.br\/portal\/#website\"},\"datePublished\":\"2023-11-06T18:25:32+00:00\",\"dateModified\":\"2023-11-06T18:26:55+00:00\",\"description\":\"O foragido estava sendo procurado pelos crimes de estelionato, estupro, dentre outros delitos\",\"breadcrumb\":{\"@id\":\"https:\/\/www.pm.pb.gov.br\/portal\/2023\/11\/06\/acao-conjunta-captura-foragido-de-sergipe-e-para-na-paraiba\/#breadcrumb\"},\"inLanguage\":\"pt-BR\",\"potentialAction\":[{\"@type\":\"ReadAction\",\"target\":[\"https:\/\/www.pm.pb.gov.br\/portal\/2023\/11\/06\/acao-conjunta-captura-foragido-de-sergipe-e-para-na-paraiba\/\"]}]},{\"@type\":\"BreadcrumbList\",\"@id\":\"https:\/\/www.pm.pb.gov.br\/portal\/2023\/11\/06\/acao-conjunta-captura-foragido-de-sergipe-e-para-na-paraiba\/#breadcrumb\",\"itemListElement\":[{\"@type\":\"ListItem\",\"position\":1,\"name\":\"In\u00edcio\",\"item\":\"https:\/\/www.pm.pb.gov.br\/portal\/\"},{\"@type\":\"ListItem\",\"position\":2,\"name\":\"A\u00e7\u00e3o conjunta captura foragido de Sergipe e Par\u00e1 na Para\u00edba\"}]},{\"@type\":\"WebSite\",\"@id\":\"https:\/\/www.pm.pb.gov.br\/portal\/#website\",\"url\":\"https:\/\/www.pm.pb.gov.br\/portal\/\",\"name\":\"Pol\u00edcia Militar da Para\u00edba\",\"description\":\"\",\"publisher\":{\"@id\":\"https:\/\/www.pm.pb.gov.br\/portal\/#organization\"},\"potentialAction\":[{\"@type\":\"SearchAction\",\"target\":{\"@type\":\"EntryPoint\",\"urlTemplate\":\"https:\/\/www.pm.pb.gov.br\/portal\/?s={search_term_string}\"},\"query-input\":\"required name=search_term_string\"}],\"inLanguage\":\"pt-BR\"},{\"@type\":\"Organization\",\"@id\":\"https:\/\/www.pm.pb.gov.br\/portal\/#organization\",\"name\":\"Pol\u00edcia Militar da Para\u00edba\",\"url\":\"https:\/\/www.pm.pb.gov.br\/portal\/\",\"logo\":{\"@type\":\"ImageObject\",\"inLanguage\":\"pt-BR\",\"@id\":\"https:\/\/www.pm.pb.gov.br\/portal\/#\/schema\/logo\/image\/\",\"url\":\"https:\/\/www.pm.pb.gov.br\/portal\/wp-content\/uploads\/2025\/03\/cropped-logo-site-mag2-1.png\",\"contentUrl\":\"https:\/\/www.pm.pb.gov.br\/portal\/wp-content\/uploads\/2025\/03\/cropped-logo-site-mag2-1.png\",\"width\":320,\"height\":90,\"caption\":\"Pol\u00edcia Militar da Para\u00edba\"},\"image\":{\"@id\":\"https:\/\/www.pm.pb.gov.br\/portal\/#\/schema\/logo\/image\/\"}},{\"@type\":\"Person\",\"@id\":\"https:\/\/www.pm.pb.gov.br\/portal\/#\/schema\/person\/f84f56dcc78ce4357054da888b8247fd\",\"name\":\"Tarcisio Oliveira\",\"image\":{\"@type\":\"ImageObject\",\"inLanguage\":\"pt-BR\",\"@id\":\"https:\/\/www.pm.pb.gov.br\/portal\/#\/schema\/person\/image\/\",\"url\":\"https:\/\/secure.gravatar.com\/avatar\/72917b630b69d31cd0297507f34bac97?s=96&d=mm&r=g\",\"contentUrl\":\"https:\/\/secure.gravatar.com\/avatar\/72917b630b69d31cd0297507f34bac97?s=96&d=mm&r=g\",\"caption\":\"Tarcisio Oliveira\"},\"url\":\"https:\/\/www.pm.pb.gov.br\/portal\/author\/tarcisio\/\"}]}<\/script>\n<!-- \/ Yoast SEO plugin. -->","yoast_head_json":{"title":"A\u00e7\u00e3o conjunta captura foragido de Sergipe e Par\u00e1 na Para\u00edba - Pol\u00edcia Militar da Para\u00edba","description":"O foragido estava sendo procurado pelos crimes de estelionato, estupro, dentre outros delitos","robots":{"index":"index","follow":"follow","max-snippet":"max-snippet:-1","max-image-preview":"max-image-preview:large","max-video-preview":"max-video-preview:-1"},"canonical":"https:\/\/www.pm.pb.gov.br\/portal\/2023\/11\/06\/acao-conjunta-captura-foragido-de-sergipe-e-para-na-paraiba\/","og_locale":"pt_BR","og_type":"article","og_title":"A\u00e7\u00e3o conjunta captura foragido de Sergipe e Par\u00e1 na Para\u00edba - Pol\u00edcia Militar da Para\u00edba","og_description":"O foragido estava sendo procurado pelos crimes de estelionato, estupro, dentre outros delitos","og_url":"https:\/\/www.pm.pb.gov.br\/portal\/2023\/11\/06\/acao-conjunta-captura-foragido-de-sergipe-e-para-na-paraiba\/","og_site_name":"Pol\u00edcia Militar da Para\u00edba","article_published_time":"2023-11-06T18:25:32+00:00","article_modified_time":"2023-11-06T18:26:55+00:00","og_image":[{"width":800,"height":445,"url":"http:\/\/www.pm.pb.gov.br\/portal\/wp-content\/uploads\/2023\/11\/8cipm.jpeg","type":"image\/jpeg"}],"author":"Tarcisio Oliveira","twitter_card":"summary_large_image","twitter_misc":{"Escrito por":"Tarcisio Oliveira","Est. tempo de leitura":"1 minuto"},"schema":{"@context":"https:\/\/schema.org","@graph":[{"@type":"Article","@id":"https:\/\/www.pm.pb.gov.br\/portal\/2023\/11\/06\/acao-conjunta-captura-foragido-de-sergipe-e-para-na-paraiba\/#article","isPartOf":{"@id":"https:\/\/www.pm.pb.gov.br\/portal\/2023\/11\/06\/acao-conjunta-captura-foragido-de-sergipe-e-para-na-paraiba\/"},"author":{"name":"Tarcisio Oliveira","@id":"https:\/\/www.pm.pb.gov.br\/portal\/#\/schema\/person\/f84f56dcc78ce4357054da888b8247fd"},"headline":"A\u00e7\u00e3o conjunta captura foragido de Sergipe e Par\u00e1 na Para\u00edba","datePublished":"2023-11-06T18:25:32+00:00","dateModified":"2023-11-06T18:26:55+00:00","mainEntityOfPage":{"@id":"https:\/\/www.pm.pb.gov.br\/portal\/2023\/11\/06\/acao-conjunta-captura-foragido-de-sergipe-e-para-na-paraiba\/"},"wordCount":192,"publisher":{"@id":"https:\/\/www.pm.pb.gov.br\/portal\/#organization"},"articleSection":["A\u00e7\u00f5es Policiais"],"inLanguage":"pt-BR"},{"@type":"WebPage","@id":"https:\/\/www.pm.pb.gov.br\/portal\/2023\/11\/06\/acao-conjunta-captura-foragido-de-sergipe-e-para-na-paraiba\/","url":"https:\/\/www.pm.pb.gov.br\/portal\/2023\/11\/06\/acao-conjunta-captura-foragido-de-sergipe-e-para-na-paraiba\/","name":"A\u00e7\u00e3o conjunta captura foragido de Sergipe e Par\u00e1 na Para\u00edba - Pol\u00edcia Militar da Para\u00edba","isPartOf":{"@id":"https:\/\/www.pm.pb.gov.br\/portal\/#website"},"datePublished":"2023-11-06T18:25:32+00:00","dateModified":"2023-11-06T18:26:55+00:00","description":"O foragido estava sendo procurado pelos crimes de estelionato, estupro, dentre outros delitos","breadcrumb":{"@id":"https:\/\/www.pm.pb.gov.br\/portal\/2023\/11\/06\/acao-conjunta-captura-foragido-de-sergipe-e-para-na-paraiba\/#breadcrumb"},"inLanguage":"pt-BR","potentialAction":[{"@type":"ReadAction","target":["https:\/\/www.pm.pb.gov.br\/portal\/2023\/11\/06\/acao-conjunta-captura-foragido-de-sergipe-e-para-na-paraiba\/"]}]},{"@type":"BreadcrumbList","@id":"https:\/\/www.pm.pb.gov.br\/portal\/2023\/11\/06\/acao-conjunta-captura-foragido-de-sergipe-e-para-na-paraiba\/#breadcrumb","itemListElement":[{"@type":"ListItem","position":1,"name":"In\u00edcio","item":"https:\/\/www.pm.pb.gov.br\/portal\/"},{"@type":"ListItem","position":2,"name":"A\u00e7\u00e3o conjunta captura foragido de Sergipe e Par\u00e1 na Para\u00edba"}]},{"@type":"WebSite","@id":"https:\/\/www.pm.pb.gov.br\/portal\/#website","url":"https:\/\/www.pm.pb.gov.br\/portal\/","name":"Pol\u00edcia Militar da Para\u00edba","description":"","publisher":{"@id":"https:\/\/www.pm.pb.gov.br\/portal\/#organization"},"potentialAction":[{"@type":"SearchAction","target":{"@type":"EntryPoint","urlTemplate":"https:\/\/www.pm.pb.gov.br\/portal\/?s={search_term_string}"},"query-input":"required name=search_term_string"}],"inLanguage":"pt-BR"},{"@type":"Organization","@id":"https:\/\/www.pm.pb.gov.br\/portal\/#organization","name":"Pol\u00edcia Militar da Para\u00edba","url":"https:\/\/www.pm.pb.gov.br\/portal\/","logo":{"@type":"ImageObject","inLanguage":"pt-BR","@id":"https:\/\/www.pm.pb.gov.br\/portal\/#\/schema\/logo\/image\/","url":"https:\/\/www.pm.pb.gov.br\/portal\/wp-content\/uploads\/2025\/03\/cropped-logo-site-mag2-1.png","contentUrl":"https:\/\/www.pm.pb.gov.br\/portal\/wp-content\/uploads\/2025\/03\/cropped-logo-site-mag2-1.png","width":320,"height":90,"caption":"Pol\u00edcia Militar da Para\u00edba"},"image":{"@id":"https:\/\/www.pm.pb.gov.br\/portal\/#\/schema\/logo\/image\/"}},{"@type":"Person","@id":"https:\/\/www.pm.pb.gov.br\/portal\/#\/schema\/person\/f84f56dcc78ce4357054da888b8247fd","name":"Tarcisio Oliveira","image":{"@type":"ImageObject","inLanguage":"pt-BR","@id":"https:\/\/www.pm.pb.gov.br\/portal\/#\/schema\/person\/image\/","url":"https:\/\/secure.gravatar.com\/avatar\/72917b630b69d31cd0297507f34bac97?s=96&d=mm&r=g","contentUrl":"https:\/\/secure.gravatar.com\/avatar\/72917b630b69d31cd0297507f34bac97?s=96&d=mm&r=g","caption":"Tarcisio Oliveira"},"url":"https:\/\/www.pm.pb.gov.br\/portal\/author\/tarcisio\/"}]}},"_links":{"self":[{"href":"https:\/\/www.pm.pb.gov.br\/portal\/wp-json\/wp\/v2\/posts\/918983"}],"collection":[{"href":"https:\/\/www.pm.pb.gov.br\/portal\/wp-json\/wp\/v2\/posts"}],"about":[{"href":"https:\/\/www.pm.pb.gov.br\/portal\/wp-json\/wp\/v2\/types\/post"}],"author":[{"embeddable":true,"href":"https:\/\/www.pm.pb.gov.br\/portal\/wp-json\/wp\/v2\/users\/12"}],"replies":[{"embeddable":true,"href":"https:\/\/www.pm.pb.gov.br\/portal\/wp-json\/wp\/v2\/comments?post=918983"}],"version-history":[{"count":1,"href":"https:\/\/www.pm.pb.gov.br\/portal\/wp-json\/wp\/v2\/posts\/918983\/revisions"}],"predecessor-version":[{"id":918985,"href":"https:\/\/www.pm.pb.gov.br\/portal\/wp-json\/wp\/v2\/posts\/918983\/revisions\/918985"}],"wp:featuredmedia":[{"embeddable":true,"href":"https:\/\/www.pm.pb.gov.br\/portal\/wp-json\/wp\/v2\/media\/918984"}],"wp:attachment":[{"href":"https:\/\/www.pm.pb.gov.br\/portal\/wp-json\/wp\/v2\/media?parent=918983"}],"wp:term":[{"taxonomy":"category","embeddable":true,"href":"https:\/\/www.pm.pb.gov.br\/portal\/wp-json\/wp\/v2\/categories?post=918983"},{"taxonomy":"post_tag","embeddable":true,"href":"https:\/\/www.pm.pb.gov.br\/portal\/wp-json\/wp\/v2\/tags?post=918983"}],"curies":[{"name":"wp","href":"https:\/\/api.w.org\/{rel}","templated":true}]}}