{"id":918979,"date":"2023-11-06T00:51:00","date_gmt":"2023-11-06T03:51:00","guid":{"rendered":"https:\/\/www.pm.pb.gov.br\/portal\/?p=918979"},"modified":"2023-11-06T13:55:50","modified_gmt":"2023-11-06T16:55:50","slug":"em-nova-acao-de-combate-a-crimes-ambientais-policia-militar-desarticula-rinha-de-galos-apreende-animais-e-aplica-quase-r-30-mil-em-multas","status":"publish","type":"post","link":"https:\/\/www.pm.pb.gov.br\/portal\/2023\/11\/06\/em-nova-acao-de-combate-a-crimes-ambientais-policia-militar-desarticula-rinha-de-galos-apreende-animais-e-aplica-quase-r-30-mil-em-multas\/","title":{"rendered":"Em nova a\u00e7\u00e3o de combate a crimes ambientais, Pol\u00edcia Militar desarticula rinha de galos, apreende animais e aplica quase R$ 30 mil em multas"},"content":{"rendered":"\n<p>Em uma nova a\u00e7\u00e3o de combate aos crimes ambientais, a Pol\u00edcia Militar atrav\u00e9s do Batalh\u00e3o de Pol\u00edcia Ambiental (BPAmb), apreendeu quase 40 animais usados em rinhas de galo, prendeu tr\u00eas acusados e aplicou quase R$ 30 mil em multas. A a\u00e7\u00e3o aconteceu na manh\u00e3 do \u00faltimo domingo (05), em Jo\u00e3o Pessoa (foto acima ilustrativa).<\/p>\n<p>De acordo com o BPAmb, policiais da unidade atenderam a um chamado do Centro Integrado de Comando e Controle, denunciando uma rinha de galo no bairro de Jacarap\u00e9. Durante a abordagem ao local indicado, os policiais apreenderam 38 galos usados em brigas com animais, prenderam tr\u00eas acusados associados a pr\u00e1tica criminosa, conduzindo-os a delegacia.<\/p>\n<p><img loading=\"lazy\" decoding=\"async\" class=\" wp-image-918980 aligncenter\" src=\"http:\/\/www.pm.pb.gov.br\/portal\/wp-content\/uploads\/2023\/11\/rinha2-771x445.jpeg\" alt=\"\" width=\"679\" height=\"392\" srcset=\"https:\/\/www.pm.pb.gov.br\/portal\/wp-content\/uploads\/2023\/11\/rinha2-771x445.jpeg 771w, https:\/\/www.pm.pb.gov.br\/portal\/wp-content\/uploads\/2023\/11\/rinha2-768x443.jpeg 768w, https:\/\/www.pm.pb.gov.br\/portal\/wp-content\/uploads\/2023\/11\/rinha2.jpeg 960w\" sizes=\"(max-width: 679px) 100vw, 679px\" \/><\/p>\n<p>Ainda durante a ocorr\u00eancia, o BPAmb aplicou R$ 29 mil em multas pelos crimes de maus tratos a animais e pelos infratores dificultarem a a\u00e7\u00e3o de fiscaliza\u00e7\u00e3o.<\/p>\n<figure id=\"attachment_918981\" aria-describedby=\"caption-attachment-918981\" style=\"width: 689px\" class=\"wp-caption aligncenter\"><img loading=\"lazy\" decoding=\"async\" class=\"wp-image-918981\" src=\"http:\/\/www.pm.pb.gov.br\/portal\/wp-content\/uploads\/2023\/11\/rinha-800x411.jpeg\" alt=\"\" width=\"689\" height=\"354\" srcset=\"https:\/\/www.pm.pb.gov.br\/portal\/wp-content\/uploads\/2023\/11\/rinha-800x411.jpeg 800w, https:\/\/www.pm.pb.gov.br\/portal\/wp-content\/uploads\/2023\/11\/rinha-768x394.jpeg 768w, https:\/\/www.pm.pb.gov.br\/portal\/wp-content\/uploads\/2023\/11\/rinha.jpeg 960w\" sizes=\"(max-width: 689px) 100vw, 689px\" \/><figcaption id=\"caption-attachment-918981\" class=\"wp-caption-text\">Locais onde os animais ficavam armazenados<\/figcaption><\/figure>\n\n\n","protected":false},"excerpt":{"rendered":"<p>Em uma nova a\u00e7\u00e3o de combate aos crimes ambientais, a Pol\u00edcia Militar atrav\u00e9s do Batalh\u00e3o de Pol\u00edcia Ambiental (BPAmb), apreendeu<\/p>\n","protected":false},"author":12,"featured_media":905408,"comment_status":"closed","ping_status":"closed","sticky":false,"template":"","format":"standard","meta":{"_exactmetrics_skip_tracking":false,"_exactmetrics_sitenote_active":false,"_exactmetrics_sitenote_note":"","_exactmetrics_sitenote_category":0,"footnotes":""},"categories":[4],"tags":[],"yoast_head":"<!-- This site is optimized with the Yoast SEO plugin v22.0 - https:\/\/yoast.com\/wordpress\/plugins\/seo\/ -->\n<title>Em nova a\u00e7\u00e3o de combate a crimes ambientais, Pol\u00edcia Militar desarticula rinha de galos, apreende animais e aplica quase R$ 30 mil em multas - Pol\u00edcia Militar da Para\u00edba<\/title>\n<meta name=\"robots\" content=\"index, follow, max-snippet:-1, max-image-preview:large, max-video-preview:-1\" \/>\n<link rel=\"canonical\" href=\"https:\/\/www.pm.pb.gov.br\/portal\/2023\/11\/06\/em-nova-acao-de-combate-a-crimes-ambientais-policia-militar-desarticula-rinha-de-galos-apreende-animais-e-aplica-quase-r-30-mil-em-multas\/\" \/>\n<meta property=\"og:locale\" content=\"pt_BR\" \/>\n<meta property=\"og:type\" content=\"article\" \/>\n<meta property=\"og:title\" content=\"Em nova a\u00e7\u00e3o de combate a crimes ambientais, Pol\u00edcia Militar desarticula rinha de galos, apreende animais e aplica quase R$ 30 mil em multas - Pol\u00edcia Militar da Para\u00edba\" \/>\n<meta property=\"og:description\" content=\"Em uma nova a\u00e7\u00e3o de combate aos crimes ambientais, a Pol\u00edcia Militar atrav\u00e9s do Batalh\u00e3o de Pol\u00edcia Ambiental (BPAmb), apreendeu\" \/>\n<meta property=\"og:url\" content=\"https:\/\/www.pm.pb.gov.br\/portal\/2023\/11\/06\/em-nova-acao-de-combate-a-crimes-ambientais-policia-militar-desarticula-rinha-de-galos-apreende-animais-e-aplica-quase-r-30-mil-em-multas\/\" \/>\n<meta property=\"og:site_name\" content=\"Pol\u00edcia Militar da Para\u00edba\" \/>\n<meta property=\"article:published_time\" content=\"2023-11-06T03:51:00+00:00\" \/>\n<meta property=\"article:modified_time\" content=\"2023-11-06T16:55:50+00:00\" \/>\n<meta property=\"og:image\" content=\"http:\/\/www.pm.pb.gov.br\/portal\/wp-content\/uploads\/2020\/05\/bpamb_ilustrativa1.jpeg\" \/>\n\t<meta property=\"og:image:width\" content=\"800\" \/>\n\t<meta property=\"og:image:height\" content=\"445\" \/>\n\t<meta property=\"og:image:type\" content=\"image\/jpeg\" \/>\n<meta name=\"author\" content=\"Tarcisio Oliveira\" \/>\n<meta name=\"twitter:card\" content=\"summary_large_image\" \/>\n<meta name=\"twitter:label1\" content=\"Escrito por\" \/>\n\t<meta name=\"twitter:data1\" content=\"Tarcisio Oliveira\" \/>\n\t<meta name=\"twitter:label2\" content=\"Est. tempo de leitura\" \/>\n\t<meta name=\"twitter:data2\" content=\"2 minutos\" \/>\n<script type=\"application\/ld+json\" class=\"yoast-schema-graph\">{\"@context\":\"https:\/\/schema.org\",\"@graph\":[{\"@type\":\"Article\",\"@id\":\"https:\/\/www.pm.pb.gov.br\/portal\/2023\/11\/06\/em-nova-acao-de-combate-a-crimes-ambientais-policia-militar-desarticula-rinha-de-galos-apreende-animais-e-aplica-quase-r-30-mil-em-multas\/#article\",\"isPartOf\":{\"@id\":\"https:\/\/www.pm.pb.gov.br\/portal\/2023\/11\/06\/em-nova-acao-de-combate-a-crimes-ambientais-policia-militar-desarticula-rinha-de-galos-apreende-animais-e-aplica-quase-r-30-mil-em-multas\/\"},\"author\":{\"name\":\"Tarcisio Oliveira\",\"@id\":\"https:\/\/www.pm.pb.gov.br\/portal\/#\/schema\/person\/f84f56dcc78ce4357054da888b8247fd\"},\"headline\":\"Em nova a\u00e7\u00e3o de combate a crimes ambientais, Pol\u00edcia Militar desarticula rinha de galos, apreende animais e aplica quase R$ 30 mil em multas\",\"datePublished\":\"2023-11-06T03:51:00+00:00\",\"dateModified\":\"2023-11-06T16:55:50+00:00\",\"mainEntityOfPage\":{\"@id\":\"https:\/\/www.pm.pb.gov.br\/portal\/2023\/11\/06\/em-nova-acao-de-combate-a-crimes-ambientais-policia-militar-desarticula-rinha-de-galos-apreende-animais-e-aplica-quase-r-30-mil-em-multas\/\"},\"wordCount\":181,\"publisher\":{\"@id\":\"https:\/\/www.pm.pb.gov.br\/portal\/#organization\"},\"articleSection\":[\"A\u00e7\u00f5es Policiais\"],\"inLanguage\":\"pt-BR\"},{\"@type\":\"WebPage\",\"@id\":\"https:\/\/www.pm.pb.gov.br\/portal\/2023\/11\/06\/em-nova-acao-de-combate-a-crimes-ambientais-policia-militar-desarticula-rinha-de-galos-apreende-animais-e-aplica-quase-r-30-mil-em-multas\/\",\"url\":\"https:\/\/www.pm.pb.gov.br\/portal\/2023\/11\/06\/em-nova-acao-de-combate-a-crimes-ambientais-policia-militar-desarticula-rinha-de-galos-apreende-animais-e-aplica-quase-r-30-mil-em-multas\/\",\"name\":\"Em nova a\u00e7\u00e3o de combate a crimes ambientais, Pol\u00edcia Militar desarticula rinha de galos, apreende animais e aplica quase R$ 30 mil em multas - Pol\u00edcia Militar da Para\u00edba\",\"isPartOf\":{\"@id\":\"https:\/\/www.pm.pb.gov.br\/portal\/#website\"},\"datePublished\":\"2023-11-06T03:51:00+00:00\",\"dateModified\":\"2023-11-06T16:55:50+00:00\",\"breadcrumb\":{\"@id\":\"https:\/\/www.pm.pb.gov.br\/portal\/2023\/11\/06\/em-nova-acao-de-combate-a-crimes-ambientais-policia-militar-desarticula-rinha-de-galos-apreende-animais-e-aplica-quase-r-30-mil-em-multas\/#breadcrumb\"},\"inLanguage\":\"pt-BR\",\"potentialAction\":[{\"@type\":\"ReadAction\",\"target\":[\"https:\/\/www.pm.pb.gov.br\/portal\/2023\/11\/06\/em-nova-acao-de-combate-a-crimes-ambientais-policia-militar-desarticula-rinha-de-galos-apreende-animais-e-aplica-quase-r-30-mil-em-multas\/\"]}]},{\"@type\":\"BreadcrumbList\",\"@id\":\"https:\/\/www.pm.pb.gov.br\/portal\/2023\/11\/06\/em-nova-acao-de-combate-a-crimes-ambientais-policia-militar-desarticula-rinha-de-galos-apreende-animais-e-aplica-quase-r-30-mil-em-multas\/#breadcrumb\",\"itemListElement\":[{\"@type\":\"ListItem\",\"position\":1,\"name\":\"In\u00edcio\",\"item\":\"https:\/\/www.pm.pb.gov.br\/portal\/\"},{\"@type\":\"ListItem\",\"position\":2,\"name\":\"Em nova a\u00e7\u00e3o de combate a crimes ambientais, Pol\u00edcia Militar desarticula rinha de galos, apreende animais e aplica quase R$ 30 mil em multas\"}]},{\"@type\":\"WebSite\",\"@id\":\"https:\/\/www.pm.pb.gov.br\/portal\/#website\",\"url\":\"https:\/\/www.pm.pb.gov.br\/portal\/\",\"name\":\"Pol\u00edcia Militar da Para\u00edba\",\"description\":\"\",\"publisher\":{\"@id\":\"https:\/\/www.pm.pb.gov.br\/portal\/#organization\"},\"potentialAction\":[{\"@type\":\"SearchAction\",\"target\":{\"@type\":\"EntryPoint\",\"urlTemplate\":\"https:\/\/www.pm.pb.gov.br\/portal\/?s={search_term_string}\"},\"query-input\":\"required name=search_term_string\"}],\"inLanguage\":\"pt-BR\"},{\"@type\":\"Organization\",\"@id\":\"https:\/\/www.pm.pb.gov.br\/portal\/#organization\",\"name\":\"Pol\u00edcia Militar da Para\u00edba\",\"url\":\"https:\/\/www.pm.pb.gov.br\/portal\/\",\"logo\":{\"@type\":\"ImageObject\",\"inLanguage\":\"pt-BR\",\"@id\":\"https:\/\/www.pm.pb.gov.br\/portal\/#\/schema\/logo\/image\/\",\"url\":\"https:\/\/www.pm.pb.gov.br\/portal\/wp-content\/uploads\/2025\/03\/cropped-logo-site-mag2-1.png\",\"contentUrl\":\"https:\/\/www.pm.pb.gov.br\/portal\/wp-content\/uploads\/2025\/03\/cropped-logo-site-mag2-1.png\",\"width\":320,\"height\":90,\"caption\":\"Pol\u00edcia Militar da Para\u00edba\"},\"image\":{\"@id\":\"https:\/\/www.pm.pb.gov.br\/portal\/#\/schema\/logo\/image\/\"}},{\"@type\":\"Person\",\"@id\":\"https:\/\/www.pm.pb.gov.br\/portal\/#\/schema\/person\/f84f56dcc78ce4357054da888b8247fd\",\"name\":\"Tarcisio Oliveira\",\"image\":{\"@type\":\"ImageObject\",\"inLanguage\":\"pt-BR\",\"@id\":\"https:\/\/www.pm.pb.gov.br\/portal\/#\/schema\/person\/image\/\",\"url\":\"https:\/\/secure.gravatar.com\/avatar\/72917b630b69d31cd0297507f34bac97?s=96&d=mm&r=g\",\"contentUrl\":\"https:\/\/secure.gravatar.com\/avatar\/72917b630b69d31cd0297507f34bac97?s=96&d=mm&r=g\",\"caption\":\"Tarcisio Oliveira\"},\"url\":\"https:\/\/www.pm.pb.gov.br\/portal\/author\/tarcisio\/\"}]}<\/script>\n<!-- \/ Yoast SEO plugin. -->","yoast_head_json":{"title":"Em nova a\u00e7\u00e3o de combate a crimes ambientais, Pol\u00edcia Militar desarticula rinha de galos, apreende animais e aplica quase R$ 30 mil em multas - Pol\u00edcia Militar da Para\u00edba","robots":{"index":"index","follow":"follow","max-snippet":"max-snippet:-1","max-image-preview":"max-image-preview:large","max-video-preview":"max-video-preview:-1"},"canonical":"https:\/\/www.pm.pb.gov.br\/portal\/2023\/11\/06\/em-nova-acao-de-combate-a-crimes-ambientais-policia-militar-desarticula-rinha-de-galos-apreende-animais-e-aplica-quase-r-30-mil-em-multas\/","og_locale":"pt_BR","og_type":"article","og_title":"Em nova a\u00e7\u00e3o de combate a crimes ambientais, Pol\u00edcia Militar desarticula rinha de galos, apreende animais e aplica quase R$ 30 mil em multas - Pol\u00edcia Militar da Para\u00edba","og_description":"Em uma nova a\u00e7\u00e3o de combate aos crimes ambientais, a Pol\u00edcia Militar atrav\u00e9s do Batalh\u00e3o de Pol\u00edcia Ambiental (BPAmb), apreendeu","og_url":"https:\/\/www.pm.pb.gov.br\/portal\/2023\/11\/06\/em-nova-acao-de-combate-a-crimes-ambientais-policia-militar-desarticula-rinha-de-galos-apreende-animais-e-aplica-quase-r-30-mil-em-multas\/","og_site_name":"Pol\u00edcia Militar da Para\u00edba","article_published_time":"2023-11-06T03:51:00+00:00","article_modified_time":"2023-11-06T16:55:50+00:00","og_image":[{"width":800,"height":445,"url":"http:\/\/www.pm.pb.gov.br\/portal\/wp-content\/uploads\/2020\/05\/bpamb_ilustrativa1.jpeg","type":"image\/jpeg"}],"author":"Tarcisio Oliveira","twitter_card":"summary_large_image","twitter_misc":{"Escrito por":"Tarcisio Oliveira","Est. tempo de leitura":"2 minutos"},"schema":{"@context":"https:\/\/schema.org","@graph":[{"@type":"Article","@id":"https:\/\/www.pm.pb.gov.br\/portal\/2023\/11\/06\/em-nova-acao-de-combate-a-crimes-ambientais-policia-militar-desarticula-rinha-de-galos-apreende-animais-e-aplica-quase-r-30-mil-em-multas\/#article","isPartOf":{"@id":"https:\/\/www.pm.pb.gov.br\/portal\/2023\/11\/06\/em-nova-acao-de-combate-a-crimes-ambientais-policia-militar-desarticula-rinha-de-galos-apreende-animais-e-aplica-quase-r-30-mil-em-multas\/"},"author":{"name":"Tarcisio Oliveira","@id":"https:\/\/www.pm.pb.gov.br\/portal\/#\/schema\/person\/f84f56dcc78ce4357054da888b8247fd"},"headline":"Em nova a\u00e7\u00e3o de combate a crimes ambientais, Pol\u00edcia Militar desarticula rinha de galos, apreende animais e aplica quase R$ 30 mil em multas","datePublished":"2023-11-06T03:51:00+00:00","dateModified":"2023-11-06T16:55:50+00:00","mainEntityOfPage":{"@id":"https:\/\/www.pm.pb.gov.br\/portal\/2023\/11\/06\/em-nova-acao-de-combate-a-crimes-ambientais-policia-militar-desarticula-rinha-de-galos-apreende-animais-e-aplica-quase-r-30-mil-em-multas\/"},"wordCount":181,"publisher":{"@id":"https:\/\/www.pm.pb.gov.br\/portal\/#organization"},"articleSection":["A\u00e7\u00f5es Policiais"],"inLanguage":"pt-BR"},{"@type":"WebPage","@id":"https:\/\/www.pm.pb.gov.br\/portal\/2023\/11\/06\/em-nova-acao-de-combate-a-crimes-ambientais-policia-militar-desarticula-rinha-de-galos-apreende-animais-e-aplica-quase-r-30-mil-em-multas\/","url":"https:\/\/www.pm.pb.gov.br\/portal\/2023\/11\/06\/em-nova-acao-de-combate-a-crimes-ambientais-policia-militar-desarticula-rinha-de-galos-apreende-animais-e-aplica-quase-r-30-mil-em-multas\/","name":"Em nova a\u00e7\u00e3o de combate a crimes ambientais, Pol\u00edcia Militar desarticula rinha de galos, apreende animais e aplica quase R$ 30 mil em multas - Pol\u00edcia Militar da Para\u00edba","isPartOf":{"@id":"https:\/\/www.pm.pb.gov.br\/portal\/#website"},"datePublished":"2023-11-06T03:51:00+00:00","dateModified":"2023-11-06T16:55:50+00:00","breadcrumb":{"@id":"https:\/\/www.pm.pb.gov.br\/portal\/2023\/11\/06\/em-nova-acao-de-combate-a-crimes-ambientais-policia-militar-desarticula-rinha-de-galos-apreende-animais-e-aplica-quase-r-30-mil-em-multas\/#breadcrumb"},"inLanguage":"pt-BR","potentialAction":[{"@type":"ReadAction","target":["https:\/\/www.pm.pb.gov.br\/portal\/2023\/11\/06\/em-nova-acao-de-combate-a-crimes-ambientais-policia-militar-desarticula-rinha-de-galos-apreende-animais-e-aplica-quase-r-30-mil-em-multas\/"]}]},{"@type":"BreadcrumbList","@id":"https:\/\/www.pm.pb.gov.br\/portal\/2023\/11\/06\/em-nova-acao-de-combate-a-crimes-ambientais-policia-militar-desarticula-rinha-de-galos-apreende-animais-e-aplica-quase-r-30-mil-em-multas\/#breadcrumb","itemListElement":[{"@type":"ListItem","position":1,"name":"In\u00edcio","item":"https:\/\/www.pm.pb.gov.br\/portal\/"},{"@type":"ListItem","position":2,"name":"Em nova a\u00e7\u00e3o de combate a crimes ambientais, Pol\u00edcia Militar desarticula rinha de galos, apreende animais e aplica quase R$ 30 mil em multas"}]},{"@type":"WebSite","@id":"https:\/\/www.pm.pb.gov.br\/portal\/#website","url":"https:\/\/www.pm.pb.gov.br\/portal\/","name":"Pol\u00edcia Militar da Para\u00edba","description":"","publisher":{"@id":"https:\/\/www.pm.pb.gov.br\/portal\/#organization"},"potentialAction":[{"@type":"SearchAction","target":{"@type":"EntryPoint","urlTemplate":"https:\/\/www.pm.pb.gov.br\/portal\/?s={search_term_string}"},"query-input":"required name=search_term_string"}],"inLanguage":"pt-BR"},{"@type":"Organization","@id":"https:\/\/www.pm.pb.gov.br\/portal\/#organization","name":"Pol\u00edcia Militar da Para\u00edba","url":"https:\/\/www.pm.pb.gov.br\/portal\/","logo":{"@type":"ImageObject","inLanguage":"pt-BR","@id":"https:\/\/www.pm.pb.gov.br\/portal\/#\/schema\/logo\/image\/","url":"https:\/\/www.pm.pb.gov.br\/portal\/wp-content\/uploads\/2025\/03\/cropped-logo-site-mag2-1.png","contentUrl":"https:\/\/www.pm.pb.gov.br\/portal\/wp-content\/uploads\/2025\/03\/cropped-logo-site-mag2-1.png","width":320,"height":90,"caption":"Pol\u00edcia Militar da Para\u00edba"},"image":{"@id":"https:\/\/www.pm.pb.gov.br\/portal\/#\/schema\/logo\/image\/"}},{"@type":"Person","@id":"https:\/\/www.pm.pb.gov.br\/portal\/#\/schema\/person\/f84f56dcc78ce4357054da888b8247fd","name":"Tarcisio Oliveira","image":{"@type":"ImageObject","inLanguage":"pt-BR","@id":"https:\/\/www.pm.pb.gov.br\/portal\/#\/schema\/person\/image\/","url":"https:\/\/secure.gravatar.com\/avatar\/72917b630b69d31cd0297507f34bac97?s=96&d=mm&r=g","contentUrl":"https:\/\/secure.gravatar.com\/avatar\/72917b630b69d31cd0297507f34bac97?s=96&d=mm&r=g","caption":"Tarcisio Oliveira"},"url":"https:\/\/www.pm.pb.gov.br\/portal\/author\/tarcisio\/"}]}},"_links":{"self":[{"href":"https:\/\/www.pm.pb.gov.br\/portal\/wp-json\/wp\/v2\/posts\/918979"}],"collection":[{"href":"https:\/\/www.pm.pb.gov.br\/portal\/wp-json\/wp\/v2\/posts"}],"about":[{"href":"https:\/\/www.pm.pb.gov.br\/portal\/wp-json\/wp\/v2\/types\/post"}],"author":[{"embeddable":true,"href":"https:\/\/www.pm.pb.gov.br\/portal\/wp-json\/wp\/v2\/users\/12"}],"replies":[{"embeddable":true,"href":"https:\/\/www.pm.pb.gov.br\/portal\/wp-json\/wp\/v2\/comments?post=918979"}],"version-history":[{"count":1,"href":"https:\/\/www.pm.pb.gov.br\/portal\/wp-json\/wp\/v2\/posts\/918979\/revisions"}],"predecessor-version":[{"id":918982,"href":"https:\/\/www.pm.pb.gov.br\/portal\/wp-json\/wp\/v2\/posts\/918979\/revisions\/918982"}],"wp:featuredmedia":[{"embeddable":true,"href":"https:\/\/www.pm.pb.gov.br\/portal\/wp-json\/wp\/v2\/media\/905408"}],"wp:attachment":[{"href":"https:\/\/www.pm.pb.gov.br\/portal\/wp-json\/wp\/v2\/media?parent=918979"}],"wp:term":[{"taxonomy":"category","embeddable":true,"href":"https:\/\/www.pm.pb.gov.br\/portal\/wp-json\/wp\/v2\/categories?post=918979"},{"taxonomy":"post_tag","embeddable":true,"href":"https:\/\/www.pm.pb.gov.br\/portal\/wp-json\/wp\/v2\/tags?post=918979"}],"curies":[{"name":"wp","href":"https:\/\/api.w.org\/{rel}","templated":true}]}}