{"id":918969,"date":"2023-11-07T21:53:25","date_gmt":"2023-11-08T00:53:25","guid":{"rendered":"https:\/\/www.pm.pb.gov.br\/portal\/?p=918969"},"modified":"2023-11-07T21:57:50","modified_gmt":"2023-11-08T00:57:50","slug":"na-paraiba-operacao-forca-total-reforca-seguranca-nas-ruas-e-tem-quase-60-pessoas-presas","status":"publish","type":"post","link":"https:\/\/www.pm.pb.gov.br\/portal\/2023\/11\/07\/na-paraiba-operacao-forca-total-reforca-seguranca-nas-ruas-e-tem-quase-60-pessoas-presas\/","title":{"rendered":"Na Para\u00edba, Opera\u00e7\u00e3o For\u00e7a Total refor\u00e7a seguran\u00e7a nas ruas e tem quase 60 pessoas presas"},"content":{"rendered":"\n<p>A Opera\u00e7\u00e3o For\u00e7a Total, deflagrada em todo o Brasil pelo Conselho Nacional de Comandantes-Gerais das Pol\u00edcias Militares e Corpos de Bombeiros Militares (CNCG), resultou na condu\u00e7\u00e3o de 59 pessoas at\u00e9 as delegacias, na apreens\u00e3o de 4 armas de fogo e na autua\u00e7\u00e3o de 163 ve\u00edculos, na Para\u00edba, no per\u00edodo das 7h \u00e0s 19h desta ter\u00e7a-feira (7). O trabalho de refor\u00e7o das a\u00e7\u00f5es de seguran\u00e7a aconteceu em 71 cidades e contou com 1.166 policiais e 485 viaturas.<br><br>A Opera\u00e7\u00e3o fez alus\u00e3o aos 30 anos do CNCG, celebrando a data com a\u00e7\u00f5es ostensivas para gerar sensa\u00e7\u00e3o de seguran\u00e7a e reduzir indicadores criminais em todos os Estados. Na Para\u00edba, o pr\u00f3prio comandante-geral da PM, coronel S\u00e9rgio Fonseca, coordenou e acompanhou toda a opera\u00e7\u00e3o, que teve tamb\u00e9m o uso da tecnologia para auxiliar o trabalho das equipes policiais de todos os Comandos Regionais.<br><br><strong>N\u00fameros \u2013 <\/strong>Conforme relat\u00f3rio produzido pelo Estado-Maior Estrat\u00e9gico (EME), foram abordadas 6.905 pessoas, 2.672 motos e 1.079 carros, recuperados 3 ve\u00edculos, apreendidas 4 armas de fogo e 1,7 kg de drogas, cumpridos 9 mandados de pris\u00e3o, al\u00e9m de 17 ocorr\u00eancias que resultaram em flagrantes e 2 em TCO (Termo Circunstanciado de Ocorr\u00eancia).  <br><br>Durante a opera\u00e7\u00e3o foi montado um Centro de Comando e Controle para acompanhar e auxiliar com tecnologia os policiais, garantindo uma ter\u00e7a-feira (7) com uma maior presen\u00e7a policial e sensa\u00e7\u00e3o de seguran\u00e7a nas ruas.<br><img loading=\"lazy\" decoding=\"async\" width=\"1600\" height=\"1069\" class=\"wp-image-918998\" style=\"width: 800px;\" src=\"http:\/\/www.pm.pb.gov.br\/portal\/wp-content\/uploads\/2023\/11\/WhatsApp-Image-2023-11-07-at-5.16.54-PM.jpeg\" alt=\"\" srcset=\"https:\/\/www.pm.pb.gov.br\/portal\/wp-content\/uploads\/2023\/11\/WhatsApp-Image-2023-11-07-at-5.16.54-PM.jpeg 1600w, https:\/\/www.pm.pb.gov.br\/portal\/wp-content\/uploads\/2023\/11\/WhatsApp-Image-2023-11-07-at-5.16.54-PM-666x445.jpeg 666w, https:\/\/www.pm.pb.gov.br\/portal\/wp-content\/uploads\/2023\/11\/WhatsApp-Image-2023-11-07-at-5.16.54-PM-853x570.jpeg 853w, https:\/\/www.pm.pb.gov.br\/portal\/wp-content\/uploads\/2023\/11\/WhatsApp-Image-2023-11-07-at-5.16.54-PM-768x513.jpeg 768w, https:\/\/www.pm.pb.gov.br\/portal\/wp-content\/uploads\/2023\/11\/WhatsApp-Image-2023-11-07-at-5.16.54-PM-1536x1026.jpeg 1536w, https:\/\/www.pm.pb.gov.br\/portal\/wp-content\/uploads\/2023\/11\/WhatsApp-Image-2023-11-07-at-5.16.54-PM-272x182.jpeg 272w\" sizes=\"(max-width: 1600px) 100vw, 1600px\" \/><\/p>\n\n\n\n<p><img loading=\"lazy\" decoding=\"async\" width=\"1600\" height=\"1066\" class=\"wp-image-918999\" style=\"width: 800px;\" src=\"http:\/\/www.pm.pb.gov.br\/portal\/wp-content\/uploads\/2023\/11\/WhatsApp-Image-2023-11-07-at-11.44.27-AM.jpeg\" alt=\"\" srcset=\"https:\/\/www.pm.pb.gov.br\/portal\/wp-content\/uploads\/2023\/11\/WhatsApp-Image-2023-11-07-at-11.44.27-AM.jpeg 1600w, https:\/\/www.pm.pb.gov.br\/portal\/wp-content\/uploads\/2023\/11\/WhatsApp-Image-2023-11-07-at-11.44.27-AM-668x445.jpeg 668w, https:\/\/www.pm.pb.gov.br\/portal\/wp-content\/uploads\/2023\/11\/WhatsApp-Image-2023-11-07-at-11.44.27-AM-856x570.jpeg 856w, https:\/\/www.pm.pb.gov.br\/portal\/wp-content\/uploads\/2023\/11\/WhatsApp-Image-2023-11-07-at-11.44.27-AM-768x512.jpeg 768w, https:\/\/www.pm.pb.gov.br\/portal\/wp-content\/uploads\/2023\/11\/WhatsApp-Image-2023-11-07-at-11.44.27-AM-1536x1023.jpeg 1536w, https:\/\/www.pm.pb.gov.br\/portal\/wp-content\/uploads\/2023\/11\/WhatsApp-Image-2023-11-07-at-11.44.27-AM-272x182.jpeg 272w\" sizes=\"(max-width: 1600px) 100vw, 1600px\" \/><\/p>\n\n\n\n<p><img loading=\"lazy\" decoding=\"async\" width=\"1473\" height=\"946\" class=\"wp-image-919000\" style=\"width: 800px;\" src=\"http:\/\/www.pm.pb.gov.br\/portal\/wp-content\/uploads\/2023\/11\/WhatsApp-Image-2023-11-07-at-5.18.06-PM.jpeg\" alt=\"\" srcset=\"https:\/\/www.pm.pb.gov.br\/portal\/wp-content\/uploads\/2023\/11\/WhatsApp-Image-2023-11-07-at-5.18.06-PM.jpeg 1473w, https:\/\/www.pm.pb.gov.br\/portal\/wp-content\/uploads\/2023\/11\/WhatsApp-Image-2023-11-07-at-5.18.06-PM-693x445.jpeg 693w, https:\/\/www.pm.pb.gov.br\/portal\/wp-content\/uploads\/2023\/11\/WhatsApp-Image-2023-11-07-at-5.18.06-PM-888x570.jpeg 888w, https:\/\/www.pm.pb.gov.br\/portal\/wp-content\/uploads\/2023\/11\/WhatsApp-Image-2023-11-07-at-5.18.06-PM-768x493.jpeg 768w\" sizes=\"(max-width: 1473px) 100vw, 1473px\" \/><\/p>\n\n\n\n<p><img loading=\"lazy\" decoding=\"async\" width=\"1600\" height=\"1066\" class=\"wp-image-918997\" style=\"width: 800px;\" src=\"http:\/\/www.pm.pb.gov.br\/portal\/wp-content\/uploads\/2023\/11\/WhatsApp-Image-2023-11-07-at-11.44.24-AM.jpeg\" alt=\"\" srcset=\"https:\/\/www.pm.pb.gov.br\/portal\/wp-content\/uploads\/2023\/11\/WhatsApp-Image-2023-11-07-at-11.44.24-AM.jpeg 1600w, https:\/\/www.pm.pb.gov.br\/portal\/wp-content\/uploads\/2023\/11\/WhatsApp-Image-2023-11-07-at-11.44.24-AM-668x445.jpeg 668w, https:\/\/www.pm.pb.gov.br\/portal\/wp-content\/uploads\/2023\/11\/WhatsApp-Image-2023-11-07-at-11.44.24-AM-856x570.jpeg 856w, https:\/\/www.pm.pb.gov.br\/portal\/wp-content\/uploads\/2023\/11\/WhatsApp-Image-2023-11-07-at-11.44.24-AM-768x512.jpeg 768w, https:\/\/www.pm.pb.gov.br\/portal\/wp-content\/uploads\/2023\/11\/WhatsApp-Image-2023-11-07-at-11.44.24-AM-1536x1023.jpeg 1536w, https:\/\/www.pm.pb.gov.br\/portal\/wp-content\/uploads\/2023\/11\/WhatsApp-Image-2023-11-07-at-11.44.24-AM-272x182.jpeg 272w\" sizes=\"(max-width: 1600px) 100vw, 1600px\" \/><\/p>\n","protected":false},"excerpt":{"rendered":"<p>A Opera\u00e7\u00e3o For\u00e7a Total, deflagrada em todo o Brasil pelo Conselho Nacional de Comandantes-Gerais das Pol\u00edcias Militares e Corpos de<\/p>\n","protected":false},"author":5,"featured_media":918997,"comment_status":"closed","ping_status":"closed","sticky":false,"template":"","format":"standard","meta":{"_exactmetrics_skip_tracking":false,"_exactmetrics_sitenote_active":false,"_exactmetrics_sitenote_note":"","_exactmetrics_sitenote_category":0,"footnotes":""},"categories":[4],"tags":[],"yoast_head":"<!-- This site is optimized with the Yoast SEO plugin v22.0 - https:\/\/yoast.com\/wordpress\/plugins\/seo\/ -->\n<title>Na Para\u00edba, Opera\u00e7\u00e3o For\u00e7a Total refor\u00e7a seguran\u00e7a nas ruas e tem quase 60 pessoas presas - Pol\u00edcia Militar da Para\u00edba<\/title>\n<meta name=\"robots\" content=\"index, follow, max-snippet:-1, max-image-preview:large, max-video-preview:-1\" \/>\n<link rel=\"canonical\" href=\"https:\/\/www.pm.pb.gov.br\/portal\/2023\/11\/07\/na-paraiba-operacao-forca-total-reforca-seguranca-nas-ruas-e-tem-quase-60-pessoas-presas\/\" \/>\n<meta property=\"og:locale\" content=\"pt_BR\" \/>\n<meta property=\"og:type\" content=\"article\" \/>\n<meta property=\"og:title\" content=\"Na Para\u00edba, Opera\u00e7\u00e3o For\u00e7a Total refor\u00e7a seguran\u00e7a nas ruas e tem quase 60 pessoas presas - Pol\u00edcia Militar da Para\u00edba\" \/>\n<meta property=\"og:description\" content=\"A Opera\u00e7\u00e3o For\u00e7a Total, deflagrada em todo o Brasil pelo Conselho Nacional de Comandantes-Gerais das Pol\u00edcias Militares e Corpos de\" \/>\n<meta property=\"og:url\" content=\"https:\/\/www.pm.pb.gov.br\/portal\/2023\/11\/07\/na-paraiba-operacao-forca-total-reforca-seguranca-nas-ruas-e-tem-quase-60-pessoas-presas\/\" \/>\n<meta property=\"og:site_name\" content=\"Pol\u00edcia Militar da Para\u00edba\" \/>\n<meta property=\"article:published_time\" content=\"2023-11-08T00:53:25+00:00\" \/>\n<meta property=\"article:modified_time\" content=\"2023-11-08T00:57:50+00:00\" \/>\n<meta property=\"og:image\" content=\"http:\/\/www.pm.pb.gov.br\/portal\/wp-content\/uploads\/2023\/11\/WhatsApp-Image-2023-11-07-at-11.44.24-AM.jpeg\" \/>\n\t<meta property=\"og:image:width\" content=\"1600\" \/>\n\t<meta property=\"og:image:height\" content=\"1066\" \/>\n\t<meta property=\"og:image:type\" content=\"image\/jpeg\" \/>\n<meta name=\"author\" content=\"Assessoria de Imprensa da PMPB\" \/>\n<meta name=\"twitter:card\" content=\"summary_large_image\" \/>\n<meta name=\"twitter:label1\" content=\"Escrito por\" \/>\n\t<meta name=\"twitter:data1\" content=\"Assessoria de Imprensa da PMPB\" \/>\n\t<meta name=\"twitter:label2\" content=\"Est. tempo de leitura\" \/>\n\t<meta name=\"twitter:data2\" content=\"3 minutos\" \/>\n<script type=\"application\/ld+json\" class=\"yoast-schema-graph\">{\"@context\":\"https:\/\/schema.org\",\"@graph\":[{\"@type\":\"Article\",\"@id\":\"https:\/\/www.pm.pb.gov.br\/portal\/2023\/11\/07\/na-paraiba-operacao-forca-total-reforca-seguranca-nas-ruas-e-tem-quase-60-pessoas-presas\/#article\",\"isPartOf\":{\"@id\":\"https:\/\/www.pm.pb.gov.br\/portal\/2023\/11\/07\/na-paraiba-operacao-forca-total-reforca-seguranca-nas-ruas-e-tem-quase-60-pessoas-presas\/\"},\"author\":{\"name\":\"Assessoria de Imprensa da PMPB\",\"@id\":\"https:\/\/www.pm.pb.gov.br\/portal\/#\/schema\/person\/e8454f46651c3ecf0e1ba3c1666d9947\"},\"headline\":\"Na Para\u00edba, Opera\u00e7\u00e3o For\u00e7a Total refor\u00e7a seguran\u00e7a nas ruas e tem quase 60 pessoas presas\",\"datePublished\":\"2023-11-08T00:53:25+00:00\",\"dateModified\":\"2023-11-08T00:57:50+00:00\",\"mainEntityOfPage\":{\"@id\":\"https:\/\/www.pm.pb.gov.br\/portal\/2023\/11\/07\/na-paraiba-operacao-forca-total-reforca-seguranca-nas-ruas-e-tem-quase-60-pessoas-presas\/\"},\"wordCount\":261,\"publisher\":{\"@id\":\"https:\/\/www.pm.pb.gov.br\/portal\/#organization\"},\"articleSection\":[\"A\u00e7\u00f5es Policiais\"],\"inLanguage\":\"pt-BR\"},{\"@type\":\"WebPage\",\"@id\":\"https:\/\/www.pm.pb.gov.br\/portal\/2023\/11\/07\/na-paraiba-operacao-forca-total-reforca-seguranca-nas-ruas-e-tem-quase-60-pessoas-presas\/\",\"url\":\"https:\/\/www.pm.pb.gov.br\/portal\/2023\/11\/07\/na-paraiba-operacao-forca-total-reforca-seguranca-nas-ruas-e-tem-quase-60-pessoas-presas\/\",\"name\":\"Na Para\u00edba, Opera\u00e7\u00e3o For\u00e7a Total refor\u00e7a seguran\u00e7a nas ruas e tem quase 60 pessoas presas - Pol\u00edcia Militar da Para\u00edba\",\"isPartOf\":{\"@id\":\"https:\/\/www.pm.pb.gov.br\/portal\/#website\"},\"datePublished\":\"2023-11-08T00:53:25+00:00\",\"dateModified\":\"2023-11-08T00:57:50+00:00\",\"breadcrumb\":{\"@id\":\"https:\/\/www.pm.pb.gov.br\/portal\/2023\/11\/07\/na-paraiba-operacao-forca-total-reforca-seguranca-nas-ruas-e-tem-quase-60-pessoas-presas\/#breadcrumb\"},\"inLanguage\":\"pt-BR\",\"potentialAction\":[{\"@type\":\"ReadAction\",\"target\":[\"https:\/\/www.pm.pb.gov.br\/portal\/2023\/11\/07\/na-paraiba-operacao-forca-total-reforca-seguranca-nas-ruas-e-tem-quase-60-pessoas-presas\/\"]}]},{\"@type\":\"BreadcrumbList\",\"@id\":\"https:\/\/www.pm.pb.gov.br\/portal\/2023\/11\/07\/na-paraiba-operacao-forca-total-reforca-seguranca-nas-ruas-e-tem-quase-60-pessoas-presas\/#breadcrumb\",\"itemListElement\":[{\"@type\":\"ListItem\",\"position\":1,\"name\":\"In\u00edcio\",\"item\":\"https:\/\/www.pm.pb.gov.br\/portal\/\"},{\"@type\":\"ListItem\",\"position\":2,\"name\":\"Na Para\u00edba, Opera\u00e7\u00e3o For\u00e7a Total refor\u00e7a seguran\u00e7a nas ruas e tem quase 60 pessoas presas\"}]},{\"@type\":\"WebSite\",\"@id\":\"https:\/\/www.pm.pb.gov.br\/portal\/#website\",\"url\":\"https:\/\/www.pm.pb.gov.br\/portal\/\",\"name\":\"Pol\u00edcia Militar da Para\u00edba\",\"description\":\"\",\"publisher\":{\"@id\":\"https:\/\/www.pm.pb.gov.br\/portal\/#organization\"},\"potentialAction\":[{\"@type\":\"SearchAction\",\"target\":{\"@type\":\"EntryPoint\",\"urlTemplate\":\"https:\/\/www.pm.pb.gov.br\/portal\/?s={search_term_string}\"},\"query-input\":\"required name=search_term_string\"}],\"inLanguage\":\"pt-BR\"},{\"@type\":\"Organization\",\"@id\":\"https:\/\/www.pm.pb.gov.br\/portal\/#organization\",\"name\":\"Pol\u00edcia Militar da Para\u00edba\",\"url\":\"https:\/\/www.pm.pb.gov.br\/portal\/\",\"logo\":{\"@type\":\"ImageObject\",\"inLanguage\":\"pt-BR\",\"@id\":\"https:\/\/www.pm.pb.gov.br\/portal\/#\/schema\/logo\/image\/\",\"url\":\"https:\/\/www.pm.pb.gov.br\/portal\/wp-content\/uploads\/2025\/03\/cropped-logo-site-mag2-1.png\",\"contentUrl\":\"https:\/\/www.pm.pb.gov.br\/portal\/wp-content\/uploads\/2025\/03\/cropped-logo-site-mag2-1.png\",\"width\":320,\"height\":90,\"caption\":\"Pol\u00edcia Militar da Para\u00edba\"},\"image\":{\"@id\":\"https:\/\/www.pm.pb.gov.br\/portal\/#\/schema\/logo\/image\/\"}},{\"@type\":\"Person\",\"@id\":\"https:\/\/www.pm.pb.gov.br\/portal\/#\/schema\/person\/e8454f46651c3ecf0e1ba3c1666d9947\",\"name\":\"Assessoria de Imprensa da PMPB\",\"image\":{\"@type\":\"ImageObject\",\"inLanguage\":\"pt-BR\",\"@id\":\"https:\/\/www.pm.pb.gov.br\/portal\/#\/schema\/person\/image\/\",\"url\":\"https:\/\/secure.gravatar.com\/avatar\/2efe197438265d1e90bd98c4c8e1acf8?s=96&d=mm&r=g\",\"contentUrl\":\"https:\/\/secure.gravatar.com\/avatar\/2efe197438265d1e90bd98c4c8e1acf8?s=96&d=mm&r=g\",\"caption\":\"Assessoria de Imprensa da PMPB\"},\"url\":\"https:\/\/www.pm.pb.gov.br\/portal\/author\/assessoria\/\"}]}<\/script>\n<!-- \/ Yoast SEO plugin. -->","yoast_head_json":{"title":"Na Para\u00edba, Opera\u00e7\u00e3o For\u00e7a Total refor\u00e7a seguran\u00e7a nas ruas e tem quase 60 pessoas presas - Pol\u00edcia Militar da Para\u00edba","robots":{"index":"index","follow":"follow","max-snippet":"max-snippet:-1","max-image-preview":"max-image-preview:large","max-video-preview":"max-video-preview:-1"},"canonical":"https:\/\/www.pm.pb.gov.br\/portal\/2023\/11\/07\/na-paraiba-operacao-forca-total-reforca-seguranca-nas-ruas-e-tem-quase-60-pessoas-presas\/","og_locale":"pt_BR","og_type":"article","og_title":"Na Para\u00edba, Opera\u00e7\u00e3o For\u00e7a Total refor\u00e7a seguran\u00e7a nas ruas e tem quase 60 pessoas presas - Pol\u00edcia Militar da Para\u00edba","og_description":"A Opera\u00e7\u00e3o For\u00e7a Total, deflagrada em todo o Brasil pelo Conselho Nacional de Comandantes-Gerais das Pol\u00edcias Militares e Corpos de","og_url":"https:\/\/www.pm.pb.gov.br\/portal\/2023\/11\/07\/na-paraiba-operacao-forca-total-reforca-seguranca-nas-ruas-e-tem-quase-60-pessoas-presas\/","og_site_name":"Pol\u00edcia Militar da Para\u00edba","article_published_time":"2023-11-08T00:53:25+00:00","article_modified_time":"2023-11-08T00:57:50+00:00","og_image":[{"width":1600,"height":1066,"url":"http:\/\/www.pm.pb.gov.br\/portal\/wp-content\/uploads\/2023\/11\/WhatsApp-Image-2023-11-07-at-11.44.24-AM.jpeg","type":"image\/jpeg"}],"author":"Assessoria de Imprensa da PMPB","twitter_card":"summary_large_image","twitter_misc":{"Escrito por":"Assessoria de Imprensa da PMPB","Est. tempo de leitura":"3 minutos"},"schema":{"@context":"https:\/\/schema.org","@graph":[{"@type":"Article","@id":"https:\/\/www.pm.pb.gov.br\/portal\/2023\/11\/07\/na-paraiba-operacao-forca-total-reforca-seguranca-nas-ruas-e-tem-quase-60-pessoas-presas\/#article","isPartOf":{"@id":"https:\/\/www.pm.pb.gov.br\/portal\/2023\/11\/07\/na-paraiba-operacao-forca-total-reforca-seguranca-nas-ruas-e-tem-quase-60-pessoas-presas\/"},"author":{"name":"Assessoria de Imprensa da PMPB","@id":"https:\/\/www.pm.pb.gov.br\/portal\/#\/schema\/person\/e8454f46651c3ecf0e1ba3c1666d9947"},"headline":"Na Para\u00edba, Opera\u00e7\u00e3o For\u00e7a Total refor\u00e7a seguran\u00e7a nas ruas e tem quase 60 pessoas presas","datePublished":"2023-11-08T00:53:25+00:00","dateModified":"2023-11-08T00:57:50+00:00","mainEntityOfPage":{"@id":"https:\/\/www.pm.pb.gov.br\/portal\/2023\/11\/07\/na-paraiba-operacao-forca-total-reforca-seguranca-nas-ruas-e-tem-quase-60-pessoas-presas\/"},"wordCount":261,"publisher":{"@id":"https:\/\/www.pm.pb.gov.br\/portal\/#organization"},"articleSection":["A\u00e7\u00f5es Policiais"],"inLanguage":"pt-BR"},{"@type":"WebPage","@id":"https:\/\/www.pm.pb.gov.br\/portal\/2023\/11\/07\/na-paraiba-operacao-forca-total-reforca-seguranca-nas-ruas-e-tem-quase-60-pessoas-presas\/","url":"https:\/\/www.pm.pb.gov.br\/portal\/2023\/11\/07\/na-paraiba-operacao-forca-total-reforca-seguranca-nas-ruas-e-tem-quase-60-pessoas-presas\/","name":"Na Para\u00edba, Opera\u00e7\u00e3o For\u00e7a Total refor\u00e7a seguran\u00e7a nas ruas e tem quase 60 pessoas presas - Pol\u00edcia Militar da Para\u00edba","isPartOf":{"@id":"https:\/\/www.pm.pb.gov.br\/portal\/#website"},"datePublished":"2023-11-08T00:53:25+00:00","dateModified":"2023-11-08T00:57:50+00:00","breadcrumb":{"@id":"https:\/\/www.pm.pb.gov.br\/portal\/2023\/11\/07\/na-paraiba-operacao-forca-total-reforca-seguranca-nas-ruas-e-tem-quase-60-pessoas-presas\/#breadcrumb"},"inLanguage":"pt-BR","potentialAction":[{"@type":"ReadAction","target":["https:\/\/www.pm.pb.gov.br\/portal\/2023\/11\/07\/na-paraiba-operacao-forca-total-reforca-seguranca-nas-ruas-e-tem-quase-60-pessoas-presas\/"]}]},{"@type":"BreadcrumbList","@id":"https:\/\/www.pm.pb.gov.br\/portal\/2023\/11\/07\/na-paraiba-operacao-forca-total-reforca-seguranca-nas-ruas-e-tem-quase-60-pessoas-presas\/#breadcrumb","itemListElement":[{"@type":"ListItem","position":1,"name":"In\u00edcio","item":"https:\/\/www.pm.pb.gov.br\/portal\/"},{"@type":"ListItem","position":2,"name":"Na Para\u00edba, Opera\u00e7\u00e3o For\u00e7a Total refor\u00e7a seguran\u00e7a nas ruas e tem quase 60 pessoas presas"}]},{"@type":"WebSite","@id":"https:\/\/www.pm.pb.gov.br\/portal\/#website","url":"https:\/\/www.pm.pb.gov.br\/portal\/","name":"Pol\u00edcia Militar da Para\u00edba","description":"","publisher":{"@id":"https:\/\/www.pm.pb.gov.br\/portal\/#organization"},"potentialAction":[{"@type":"SearchAction","target":{"@type":"EntryPoint","urlTemplate":"https:\/\/www.pm.pb.gov.br\/portal\/?s={search_term_string}"},"query-input":"required name=search_term_string"}],"inLanguage":"pt-BR"},{"@type":"Organization","@id":"https:\/\/www.pm.pb.gov.br\/portal\/#organization","name":"Pol\u00edcia Militar da Para\u00edba","url":"https:\/\/www.pm.pb.gov.br\/portal\/","logo":{"@type":"ImageObject","inLanguage":"pt-BR","@id":"https:\/\/www.pm.pb.gov.br\/portal\/#\/schema\/logo\/image\/","url":"https:\/\/www.pm.pb.gov.br\/portal\/wp-content\/uploads\/2025\/03\/cropped-logo-site-mag2-1.png","contentUrl":"https:\/\/www.pm.pb.gov.br\/portal\/wp-content\/uploads\/2025\/03\/cropped-logo-site-mag2-1.png","width":320,"height":90,"caption":"Pol\u00edcia Militar da Para\u00edba"},"image":{"@id":"https:\/\/www.pm.pb.gov.br\/portal\/#\/schema\/logo\/image\/"}},{"@type":"Person","@id":"https:\/\/www.pm.pb.gov.br\/portal\/#\/schema\/person\/e8454f46651c3ecf0e1ba3c1666d9947","name":"Assessoria de Imprensa da PMPB","image":{"@type":"ImageObject","inLanguage":"pt-BR","@id":"https:\/\/www.pm.pb.gov.br\/portal\/#\/schema\/person\/image\/","url":"https:\/\/secure.gravatar.com\/avatar\/2efe197438265d1e90bd98c4c8e1acf8?s=96&d=mm&r=g","contentUrl":"https:\/\/secure.gravatar.com\/avatar\/2efe197438265d1e90bd98c4c8e1acf8?s=96&d=mm&r=g","caption":"Assessoria de Imprensa da PMPB"},"url":"https:\/\/www.pm.pb.gov.br\/portal\/author\/assessoria\/"}]}},"_links":{"self":[{"href":"https:\/\/www.pm.pb.gov.br\/portal\/wp-json\/wp\/v2\/posts\/918969"}],"collection":[{"href":"https:\/\/www.pm.pb.gov.br\/portal\/wp-json\/wp\/v2\/posts"}],"about":[{"href":"https:\/\/www.pm.pb.gov.br\/portal\/wp-json\/wp\/v2\/types\/post"}],"author":[{"embeddable":true,"href":"https:\/\/www.pm.pb.gov.br\/portal\/wp-json\/wp\/v2\/users\/5"}],"replies":[{"embeddable":true,"href":"https:\/\/www.pm.pb.gov.br\/portal\/wp-json\/wp\/v2\/comments?post=918969"}],"version-history":[{"count":3,"href":"https:\/\/www.pm.pb.gov.br\/portal\/wp-json\/wp\/v2\/posts\/918969\/revisions"}],"predecessor-version":[{"id":919002,"href":"https:\/\/www.pm.pb.gov.br\/portal\/wp-json\/wp\/v2\/posts\/918969\/revisions\/919002"}],"wp:featuredmedia":[{"embeddable":true,"href":"https:\/\/www.pm.pb.gov.br\/portal\/wp-json\/wp\/v2\/media\/918997"}],"wp:attachment":[{"href":"https:\/\/www.pm.pb.gov.br\/portal\/wp-json\/wp\/v2\/media?parent=918969"}],"wp:term":[{"taxonomy":"category","embeddable":true,"href":"https:\/\/www.pm.pb.gov.br\/portal\/wp-json\/wp\/v2\/categories?post=918969"},{"taxonomy":"post_tag","embeddable":true,"href":"https:\/\/www.pm.pb.gov.br\/portal\/wp-json\/wp\/v2\/tags?post=918969"}],"curies":[{"name":"wp","href":"https:\/\/api.w.org\/{rel}","templated":true}]}}