{"id":918946,"date":"2023-11-04T11:31:48","date_gmt":"2023-11-04T14:31:48","guid":{"rendered":"https:\/\/www.pm.pb.gov.br\/portal\/?p=918946"},"modified":"2023-11-04T11:31:50","modified_gmt":"2023-11-04T14:31:50","slug":"operacao-eternidade-policia-militar-prende-suspeitos-por-porte-ilegal-de-armas-em-cabedelo","status":"publish","type":"post","link":"https:\/\/www.pm.pb.gov.br\/portal\/2023\/11\/04\/operacao-eternidade-policia-militar-prende-suspeitos-por-porte-ilegal-de-armas-em-cabedelo\/","title":{"rendered":"Opera\u00e7\u00e3o Eternidade: Pol\u00edcia Militar prende suspeitos por porte ilegal de armas em Cabedelo"},"content":{"rendered":"\n\n\n<p>Na noite dessa sexta-feira (3), durante a Opera\u00e7\u00e3o Eternidade, equipes policiais da 6\u00aa Companhia Independente de Pol\u00edcia Militar prenderam dois suspeitos por porte ilegal de arma de fogo, em a\u00e7\u00f5es distintas na cidade de Cabedelo-PB.<\/p>\n<p>Na Vila S\u00e3o Jo\u00e3o, as equipes policiais estavam em rondas quando se depararam com um indiv\u00edduo na localidade, que tentou fugir, mas sem sucesso. Na abordagem, foi encontrado um rev\u00f3lver, calibre 38, com 10 muni\u00e7\u00f5es intactas.<\/p>\n<p>No bairro de Camboinha, as equipes se depararam com um suspeito que, ao perceber a presen\u00e7a dos policiais, tentou fugir, mas foi interceptado. Na abordagem ao suspeito foi encontrado um rev\u00f3lver, calibre 38, com 5 muni\u00e7\u00f5es intactas.<\/p>\n<p>Os suspeitos e os materiais apreendidos foram conduzidos para a Delegacia Distrital, para os demais procedimentos.<\/p>\n","protected":false},"excerpt":{"rendered":"<p>Na noite dessa sexta-feira (3), durante a Opera\u00e7\u00e3o Eternidade, equipes policiais da 6\u00aa Companhia Independente de Pol\u00edcia Militar prenderam dois<\/p>\n","protected":false},"author":5,"featured_media":918947,"comment_status":"closed","ping_status":"closed","sticky":false,"template":"","format":"standard","meta":{"_exactmetrics_skip_tracking":false,"_exactmetrics_sitenote_active":false,"_exactmetrics_sitenote_note":"","_exactmetrics_sitenote_category":0,"footnotes":""},"categories":[4],"tags":[],"yoast_head":"<!-- This site is optimized with the Yoast SEO plugin v22.0 - https:\/\/yoast.com\/wordpress\/plugins\/seo\/ -->\n<title>Opera\u00e7\u00e3o Eternidade: Pol\u00edcia Militar prende suspeitos por porte ilegal de armas em Cabedelo - Pol\u00edcia Militar da Para\u00edba<\/title>\n<meta name=\"robots\" content=\"index, follow, max-snippet:-1, max-image-preview:large, max-video-preview:-1\" \/>\n<link rel=\"canonical\" href=\"https:\/\/www.pm.pb.gov.br\/portal\/2023\/11\/04\/operacao-eternidade-policia-militar-prende-suspeitos-por-porte-ilegal-de-armas-em-cabedelo\/\" \/>\n<meta property=\"og:locale\" content=\"pt_BR\" \/>\n<meta property=\"og:type\" content=\"article\" \/>\n<meta property=\"og:title\" content=\"Opera\u00e7\u00e3o Eternidade: Pol\u00edcia Militar prende suspeitos por porte ilegal de armas em Cabedelo - Pol\u00edcia Militar da Para\u00edba\" \/>\n<meta property=\"og:description\" content=\"Na noite dessa sexta-feira (3), durante a Opera\u00e7\u00e3o Eternidade, equipes policiais da 6\u00aa Companhia Independente de Pol\u00edcia Militar prenderam dois\" \/>\n<meta property=\"og:url\" content=\"https:\/\/www.pm.pb.gov.br\/portal\/2023\/11\/04\/operacao-eternidade-policia-militar-prende-suspeitos-por-porte-ilegal-de-armas-em-cabedelo\/\" \/>\n<meta property=\"og:site_name\" content=\"Pol\u00edcia Militar da Para\u00edba\" \/>\n<meta property=\"article:published_time\" content=\"2023-11-04T14:31:48+00:00\" \/>\n<meta property=\"article:modified_time\" content=\"2023-11-04T14:31:50+00:00\" \/>\n<meta property=\"og:image\" content=\"http:\/\/www.pm.pb.gov.br\/portal\/wp-content\/uploads\/2023\/11\/revolver2.png\" \/>\n\t<meta property=\"og:image:width\" content=\"1200\" \/>\n\t<meta property=\"og:image:height\" content=\"667\" \/>\n\t<meta property=\"og:image:type\" content=\"image\/png\" \/>\n<meta name=\"author\" content=\"Assessoria de Imprensa da PMPB\" \/>\n<meta name=\"twitter:card\" content=\"summary_large_image\" \/>\n<meta name=\"twitter:label1\" content=\"Escrito por\" \/>\n\t<meta name=\"twitter:data1\" content=\"Assessoria de Imprensa da PMPB\" \/>\n\t<meta name=\"twitter:label2\" content=\"Est. tempo de leitura\" \/>\n\t<meta name=\"twitter:data2\" content=\"1 minuto\" \/>\n<script type=\"application\/ld+json\" class=\"yoast-schema-graph\">{\"@context\":\"https:\/\/schema.org\",\"@graph\":[{\"@type\":\"Article\",\"@id\":\"https:\/\/www.pm.pb.gov.br\/portal\/2023\/11\/04\/operacao-eternidade-policia-militar-prende-suspeitos-por-porte-ilegal-de-armas-em-cabedelo\/#article\",\"isPartOf\":{\"@id\":\"https:\/\/www.pm.pb.gov.br\/portal\/2023\/11\/04\/operacao-eternidade-policia-militar-prende-suspeitos-por-porte-ilegal-de-armas-em-cabedelo\/\"},\"author\":{\"name\":\"Assessoria de Imprensa da PMPB\",\"@id\":\"https:\/\/www.pm.pb.gov.br\/portal\/#\/schema\/person\/e8454f46651c3ecf0e1ba3c1666d9947\"},\"headline\":\"Opera\u00e7\u00e3o Eternidade: Pol\u00edcia Militar prende suspeitos por porte ilegal de armas em Cabedelo\",\"datePublished\":\"2023-11-04T14:31:48+00:00\",\"dateModified\":\"2023-11-04T14:31:50+00:00\",\"mainEntityOfPage\":{\"@id\":\"https:\/\/www.pm.pb.gov.br\/portal\/2023\/11\/04\/operacao-eternidade-policia-militar-prende-suspeitos-por-porte-ilegal-de-armas-em-cabedelo\/\"},\"wordCount\":144,\"publisher\":{\"@id\":\"https:\/\/www.pm.pb.gov.br\/portal\/#organization\"},\"articleSection\":[\"A\u00e7\u00f5es Policiais\"],\"inLanguage\":\"pt-BR\"},{\"@type\":\"WebPage\",\"@id\":\"https:\/\/www.pm.pb.gov.br\/portal\/2023\/11\/04\/operacao-eternidade-policia-militar-prende-suspeitos-por-porte-ilegal-de-armas-em-cabedelo\/\",\"url\":\"https:\/\/www.pm.pb.gov.br\/portal\/2023\/11\/04\/operacao-eternidade-policia-militar-prende-suspeitos-por-porte-ilegal-de-armas-em-cabedelo\/\",\"name\":\"Opera\u00e7\u00e3o Eternidade: Pol\u00edcia Militar prende suspeitos por porte ilegal de armas em Cabedelo - Pol\u00edcia Militar da Para\u00edba\",\"isPartOf\":{\"@id\":\"https:\/\/www.pm.pb.gov.br\/portal\/#website\"},\"datePublished\":\"2023-11-04T14:31:48+00:00\",\"dateModified\":\"2023-11-04T14:31:50+00:00\",\"breadcrumb\":{\"@id\":\"https:\/\/www.pm.pb.gov.br\/portal\/2023\/11\/04\/operacao-eternidade-policia-militar-prende-suspeitos-por-porte-ilegal-de-armas-em-cabedelo\/#breadcrumb\"},\"inLanguage\":\"pt-BR\",\"potentialAction\":[{\"@type\":\"ReadAction\",\"target\":[\"https:\/\/www.pm.pb.gov.br\/portal\/2023\/11\/04\/operacao-eternidade-policia-militar-prende-suspeitos-por-porte-ilegal-de-armas-em-cabedelo\/\"]}]},{\"@type\":\"BreadcrumbList\",\"@id\":\"https:\/\/www.pm.pb.gov.br\/portal\/2023\/11\/04\/operacao-eternidade-policia-militar-prende-suspeitos-por-porte-ilegal-de-armas-em-cabedelo\/#breadcrumb\",\"itemListElement\":[{\"@type\":\"ListItem\",\"position\":1,\"name\":\"In\u00edcio\",\"item\":\"https:\/\/www.pm.pb.gov.br\/portal\/\"},{\"@type\":\"ListItem\",\"position\":2,\"name\":\"Opera\u00e7\u00e3o Eternidade: Pol\u00edcia Militar prende suspeitos por porte ilegal de armas em Cabedelo\"}]},{\"@type\":\"WebSite\",\"@id\":\"https:\/\/www.pm.pb.gov.br\/portal\/#website\",\"url\":\"https:\/\/www.pm.pb.gov.br\/portal\/\",\"name\":\"Pol\u00edcia Militar da Para\u00edba\",\"description\":\"\",\"publisher\":{\"@id\":\"https:\/\/www.pm.pb.gov.br\/portal\/#organization\"},\"potentialAction\":[{\"@type\":\"SearchAction\",\"target\":{\"@type\":\"EntryPoint\",\"urlTemplate\":\"https:\/\/www.pm.pb.gov.br\/portal\/?s={search_term_string}\"},\"query-input\":\"required name=search_term_string\"}],\"inLanguage\":\"pt-BR\"},{\"@type\":\"Organization\",\"@id\":\"https:\/\/www.pm.pb.gov.br\/portal\/#organization\",\"name\":\"Pol\u00edcia Militar da Para\u00edba\",\"url\":\"https:\/\/www.pm.pb.gov.br\/portal\/\",\"logo\":{\"@type\":\"ImageObject\",\"inLanguage\":\"pt-BR\",\"@id\":\"https:\/\/www.pm.pb.gov.br\/portal\/#\/schema\/logo\/image\/\",\"url\":\"https:\/\/www.pm.pb.gov.br\/portal\/wp-content\/uploads\/2025\/03\/cropped-logo-site-mag2-1.png\",\"contentUrl\":\"https:\/\/www.pm.pb.gov.br\/portal\/wp-content\/uploads\/2025\/03\/cropped-logo-site-mag2-1.png\",\"width\":320,\"height\":90,\"caption\":\"Pol\u00edcia Militar da Para\u00edba\"},\"image\":{\"@id\":\"https:\/\/www.pm.pb.gov.br\/portal\/#\/schema\/logo\/image\/\"}},{\"@type\":\"Person\",\"@id\":\"https:\/\/www.pm.pb.gov.br\/portal\/#\/schema\/person\/e8454f46651c3ecf0e1ba3c1666d9947\",\"name\":\"Assessoria de Imprensa da PMPB\",\"image\":{\"@type\":\"ImageObject\",\"inLanguage\":\"pt-BR\",\"@id\":\"https:\/\/www.pm.pb.gov.br\/portal\/#\/schema\/person\/image\/\",\"url\":\"https:\/\/secure.gravatar.com\/avatar\/2efe197438265d1e90bd98c4c8e1acf8?s=96&d=mm&r=g\",\"contentUrl\":\"https:\/\/secure.gravatar.com\/avatar\/2efe197438265d1e90bd98c4c8e1acf8?s=96&d=mm&r=g\",\"caption\":\"Assessoria de Imprensa da PMPB\"},\"url\":\"https:\/\/www.pm.pb.gov.br\/portal\/author\/assessoria\/\"}]}<\/script>\n<!-- \/ Yoast SEO plugin. -->","yoast_head_json":{"title":"Opera\u00e7\u00e3o Eternidade: Pol\u00edcia Militar prende suspeitos por porte ilegal de armas em Cabedelo - Pol\u00edcia Militar da Para\u00edba","robots":{"index":"index","follow":"follow","max-snippet":"max-snippet:-1","max-image-preview":"max-image-preview:large","max-video-preview":"max-video-preview:-1"},"canonical":"https:\/\/www.pm.pb.gov.br\/portal\/2023\/11\/04\/operacao-eternidade-policia-militar-prende-suspeitos-por-porte-ilegal-de-armas-em-cabedelo\/","og_locale":"pt_BR","og_type":"article","og_title":"Opera\u00e7\u00e3o Eternidade: Pol\u00edcia Militar prende suspeitos por porte ilegal de armas em Cabedelo - Pol\u00edcia Militar da Para\u00edba","og_description":"Na noite dessa sexta-feira (3), durante a Opera\u00e7\u00e3o Eternidade, equipes policiais da 6\u00aa Companhia Independente de Pol\u00edcia Militar prenderam dois","og_url":"https:\/\/www.pm.pb.gov.br\/portal\/2023\/11\/04\/operacao-eternidade-policia-militar-prende-suspeitos-por-porte-ilegal-de-armas-em-cabedelo\/","og_site_name":"Pol\u00edcia Militar da Para\u00edba","article_published_time":"2023-11-04T14:31:48+00:00","article_modified_time":"2023-11-04T14:31:50+00:00","og_image":[{"width":1200,"height":667,"url":"http:\/\/www.pm.pb.gov.br\/portal\/wp-content\/uploads\/2023\/11\/revolver2.png","type":"image\/png"}],"author":"Assessoria de Imprensa da PMPB","twitter_card":"summary_large_image","twitter_misc":{"Escrito por":"Assessoria de Imprensa da PMPB","Est. tempo de leitura":"1 minuto"},"schema":{"@context":"https:\/\/schema.org","@graph":[{"@type":"Article","@id":"https:\/\/www.pm.pb.gov.br\/portal\/2023\/11\/04\/operacao-eternidade-policia-militar-prende-suspeitos-por-porte-ilegal-de-armas-em-cabedelo\/#article","isPartOf":{"@id":"https:\/\/www.pm.pb.gov.br\/portal\/2023\/11\/04\/operacao-eternidade-policia-militar-prende-suspeitos-por-porte-ilegal-de-armas-em-cabedelo\/"},"author":{"name":"Assessoria de Imprensa da PMPB","@id":"https:\/\/www.pm.pb.gov.br\/portal\/#\/schema\/person\/e8454f46651c3ecf0e1ba3c1666d9947"},"headline":"Opera\u00e7\u00e3o Eternidade: Pol\u00edcia Militar prende suspeitos por porte ilegal de armas em Cabedelo","datePublished":"2023-11-04T14:31:48+00:00","dateModified":"2023-11-04T14:31:50+00:00","mainEntityOfPage":{"@id":"https:\/\/www.pm.pb.gov.br\/portal\/2023\/11\/04\/operacao-eternidade-policia-militar-prende-suspeitos-por-porte-ilegal-de-armas-em-cabedelo\/"},"wordCount":144,"publisher":{"@id":"https:\/\/www.pm.pb.gov.br\/portal\/#organization"},"articleSection":["A\u00e7\u00f5es Policiais"],"inLanguage":"pt-BR"},{"@type":"WebPage","@id":"https:\/\/www.pm.pb.gov.br\/portal\/2023\/11\/04\/operacao-eternidade-policia-militar-prende-suspeitos-por-porte-ilegal-de-armas-em-cabedelo\/","url":"https:\/\/www.pm.pb.gov.br\/portal\/2023\/11\/04\/operacao-eternidade-policia-militar-prende-suspeitos-por-porte-ilegal-de-armas-em-cabedelo\/","name":"Opera\u00e7\u00e3o Eternidade: Pol\u00edcia Militar prende suspeitos por porte ilegal de armas em Cabedelo - Pol\u00edcia Militar da Para\u00edba","isPartOf":{"@id":"https:\/\/www.pm.pb.gov.br\/portal\/#website"},"datePublished":"2023-11-04T14:31:48+00:00","dateModified":"2023-11-04T14:31:50+00:00","breadcrumb":{"@id":"https:\/\/www.pm.pb.gov.br\/portal\/2023\/11\/04\/operacao-eternidade-policia-militar-prende-suspeitos-por-porte-ilegal-de-armas-em-cabedelo\/#breadcrumb"},"inLanguage":"pt-BR","potentialAction":[{"@type":"ReadAction","target":["https:\/\/www.pm.pb.gov.br\/portal\/2023\/11\/04\/operacao-eternidade-policia-militar-prende-suspeitos-por-porte-ilegal-de-armas-em-cabedelo\/"]}]},{"@type":"BreadcrumbList","@id":"https:\/\/www.pm.pb.gov.br\/portal\/2023\/11\/04\/operacao-eternidade-policia-militar-prende-suspeitos-por-porte-ilegal-de-armas-em-cabedelo\/#breadcrumb","itemListElement":[{"@type":"ListItem","position":1,"name":"In\u00edcio","item":"https:\/\/www.pm.pb.gov.br\/portal\/"},{"@type":"ListItem","position":2,"name":"Opera\u00e7\u00e3o Eternidade: Pol\u00edcia Militar prende suspeitos por porte ilegal de armas em Cabedelo"}]},{"@type":"WebSite","@id":"https:\/\/www.pm.pb.gov.br\/portal\/#website","url":"https:\/\/www.pm.pb.gov.br\/portal\/","name":"Pol\u00edcia Militar da Para\u00edba","description":"","publisher":{"@id":"https:\/\/www.pm.pb.gov.br\/portal\/#organization"},"potentialAction":[{"@type":"SearchAction","target":{"@type":"EntryPoint","urlTemplate":"https:\/\/www.pm.pb.gov.br\/portal\/?s={search_term_string}"},"query-input":"required name=search_term_string"}],"inLanguage":"pt-BR"},{"@type":"Organization","@id":"https:\/\/www.pm.pb.gov.br\/portal\/#organization","name":"Pol\u00edcia Militar da Para\u00edba","url":"https:\/\/www.pm.pb.gov.br\/portal\/","logo":{"@type":"ImageObject","inLanguage":"pt-BR","@id":"https:\/\/www.pm.pb.gov.br\/portal\/#\/schema\/logo\/image\/","url":"https:\/\/www.pm.pb.gov.br\/portal\/wp-content\/uploads\/2025\/03\/cropped-logo-site-mag2-1.png","contentUrl":"https:\/\/www.pm.pb.gov.br\/portal\/wp-content\/uploads\/2025\/03\/cropped-logo-site-mag2-1.png","width":320,"height":90,"caption":"Pol\u00edcia Militar da Para\u00edba"},"image":{"@id":"https:\/\/www.pm.pb.gov.br\/portal\/#\/schema\/logo\/image\/"}},{"@type":"Person","@id":"https:\/\/www.pm.pb.gov.br\/portal\/#\/schema\/person\/e8454f46651c3ecf0e1ba3c1666d9947","name":"Assessoria de Imprensa da PMPB","image":{"@type":"ImageObject","inLanguage":"pt-BR","@id":"https:\/\/www.pm.pb.gov.br\/portal\/#\/schema\/person\/image\/","url":"https:\/\/secure.gravatar.com\/avatar\/2efe197438265d1e90bd98c4c8e1acf8?s=96&d=mm&r=g","contentUrl":"https:\/\/secure.gravatar.com\/avatar\/2efe197438265d1e90bd98c4c8e1acf8?s=96&d=mm&r=g","caption":"Assessoria de Imprensa da PMPB"},"url":"https:\/\/www.pm.pb.gov.br\/portal\/author\/assessoria\/"}]}},"_links":{"self":[{"href":"https:\/\/www.pm.pb.gov.br\/portal\/wp-json\/wp\/v2\/posts\/918946"}],"collection":[{"href":"https:\/\/www.pm.pb.gov.br\/portal\/wp-json\/wp\/v2\/posts"}],"about":[{"href":"https:\/\/www.pm.pb.gov.br\/portal\/wp-json\/wp\/v2\/types\/post"}],"author":[{"embeddable":true,"href":"https:\/\/www.pm.pb.gov.br\/portal\/wp-json\/wp\/v2\/users\/5"}],"replies":[{"embeddable":true,"href":"https:\/\/www.pm.pb.gov.br\/portal\/wp-json\/wp\/v2\/comments?post=918946"}],"version-history":[{"count":1,"href":"https:\/\/www.pm.pb.gov.br\/portal\/wp-json\/wp\/v2\/posts\/918946\/revisions"}],"predecessor-version":[{"id":918948,"href":"https:\/\/www.pm.pb.gov.br\/portal\/wp-json\/wp\/v2\/posts\/918946\/revisions\/918948"}],"wp:featuredmedia":[{"embeddable":true,"href":"https:\/\/www.pm.pb.gov.br\/portal\/wp-json\/wp\/v2\/media\/918947"}],"wp:attachment":[{"href":"https:\/\/www.pm.pb.gov.br\/portal\/wp-json\/wp\/v2\/media?parent=918946"}],"wp:term":[{"taxonomy":"category","embeddable":true,"href":"https:\/\/www.pm.pb.gov.br\/portal\/wp-json\/wp\/v2\/categories?post=918946"},{"taxonomy":"post_tag","embeddable":true,"href":"https:\/\/www.pm.pb.gov.br\/portal\/wp-json\/wp\/v2\/tags?post=918946"}],"curies":[{"name":"wp","href":"https:\/\/api.w.org\/{rel}","templated":true}]}}