{"id":918918,"date":"2023-11-03T14:46:03","date_gmt":"2023-11-03T17:46:03","guid":{"rendered":"https:\/\/www.pm.pb.gov.br\/portal\/?p=918918"},"modified":"2023-11-03T15:00:51","modified_gmt":"2023-11-03T18:00:51","slug":"operacao-eternidade-policia-militar-desarticula-ponto-de-venda-de-drogas-e-prende-mulher-por-trafico-em-bayeux","status":"publish","type":"post","link":"https:\/\/www.pm.pb.gov.br\/portal\/2023\/11\/03\/operacao-eternidade-policia-militar-desarticula-ponto-de-venda-de-drogas-e-prende-mulher-por-trafico-em-bayeux\/","title":{"rendered":"Opera\u00e7\u00e3o Eternidade: Pol\u00edcia Militar desarticula ponto de venda de drogas e prende mulher por tr\u00e1fico em Bayeux"},"content":{"rendered":"\n\n\n<p style=\"font-weight: 400;\">Nesta sexta-feira (03), policiais da 4\u00aa Companhia Independente de Pol\u00edcia Militar desarticularam um local que servia como ponto de venda de drogas no bairro da Imaculada, na cidade de Bayeux.<\/p>\n<p style=\"font-weight: 400;\">Equipes da For\u00e7a T\u00e1tica estavam em rondas quando receberam informa\u00e7\u00f5es sobre um ponto de venda de drogas que estaria funcionando no bairro Imaculada. Chegando no local, os policiais abordaram um mulher suspeita de integrar uma fac\u00e7\u00e3o criminosa, com ela foram encontradas v\u00e1rias pedras de crack, al\u00e9m de dinheiro em esp\u00e9cie e uma balan\u00e7a de precis\u00e3o.<\/p>\n<p style=\"font-weight: 400;\">A mulher e\u00a0 todo material apreendido foram conduzidos \u00e0 6\u00aa Delegacia Distrital da cidade de Santa Rita, para os demais procedimentos.<\/p>\n","protected":false},"excerpt":{"rendered":"<p>Nesta sexta-feira (03), policiais da 4\u00aa Companhia Independente de Pol\u00edcia Militar desarticularam um local que servia como ponto de venda<\/p>\n","protected":false},"author":5,"featured_media":918919,"comment_status":"closed","ping_status":"closed","sticky":false,"template":"","format":"standard","meta":{"_exactmetrics_skip_tracking":false,"_exactmetrics_sitenote_active":false,"_exactmetrics_sitenote_note":"","_exactmetrics_sitenote_category":0,"footnotes":""},"categories":[4],"tags":[],"yoast_head":"<!-- This site is optimized with the Yoast SEO plugin v22.0 - https:\/\/yoast.com\/wordpress\/plugins\/seo\/ -->\n<title>Opera\u00e7\u00e3o Eternidade: Pol\u00edcia Militar desarticula ponto de venda de drogas e prende mulher por tr\u00e1fico em Bayeux - Pol\u00edcia Militar da Para\u00edba<\/title>\n<meta name=\"robots\" content=\"index, follow, max-snippet:-1, max-image-preview:large, max-video-preview:-1\" \/>\n<link rel=\"canonical\" href=\"https:\/\/www.pm.pb.gov.br\/portal\/2023\/11\/03\/operacao-eternidade-policia-militar-desarticula-ponto-de-venda-de-drogas-e-prende-mulher-por-trafico-em-bayeux\/\" \/>\n<meta property=\"og:locale\" content=\"pt_BR\" \/>\n<meta property=\"og:type\" content=\"article\" \/>\n<meta property=\"og:title\" content=\"Opera\u00e7\u00e3o Eternidade: Pol\u00edcia Militar desarticula ponto de venda de drogas e prende mulher por tr\u00e1fico em Bayeux - Pol\u00edcia Militar da Para\u00edba\" \/>\n<meta property=\"og:description\" content=\"Nesta sexta-feira (03), policiais da 4\u00aa Companhia Independente de Pol\u00edcia Militar desarticularam um local que servia como ponto de venda\" \/>\n<meta property=\"og:url\" content=\"https:\/\/www.pm.pb.gov.br\/portal\/2023\/11\/03\/operacao-eternidade-policia-militar-desarticula-ponto-de-venda-de-drogas-e-prende-mulher-por-trafico-em-bayeux\/\" \/>\n<meta property=\"og:site_name\" content=\"Pol\u00edcia Militar da Para\u00edba\" \/>\n<meta property=\"article:published_time\" content=\"2023-11-03T17:46:03+00:00\" \/>\n<meta property=\"article:modified_time\" content=\"2023-11-03T18:00:51+00:00\" \/>\n<meta property=\"og:image\" content=\"http:\/\/www.pm.pb.gov.br\/portal\/wp-content\/uploads\/2023\/11\/4cipm.jpeg\" \/>\n\t<meta property=\"og:image:width\" content=\"800\" \/>\n\t<meta property=\"og:image:height\" content=\"445\" \/>\n\t<meta property=\"og:image:type\" content=\"image\/jpeg\" \/>\n<meta name=\"author\" content=\"Assessoria de Imprensa da PMPB\" \/>\n<meta name=\"twitter:card\" content=\"summary_large_image\" \/>\n<meta name=\"twitter:label1\" content=\"Escrito por\" \/>\n\t<meta name=\"twitter:data1\" content=\"Assessoria de Imprensa da PMPB\" \/>\n\t<meta name=\"twitter:label2\" content=\"Est. tempo de leitura\" \/>\n\t<meta name=\"twitter:data2\" content=\"1 minuto\" \/>\n<script type=\"application\/ld+json\" class=\"yoast-schema-graph\">{\"@context\":\"https:\/\/schema.org\",\"@graph\":[{\"@type\":\"Article\",\"@id\":\"https:\/\/www.pm.pb.gov.br\/portal\/2023\/11\/03\/operacao-eternidade-policia-militar-desarticula-ponto-de-venda-de-drogas-e-prende-mulher-por-trafico-em-bayeux\/#article\",\"isPartOf\":{\"@id\":\"https:\/\/www.pm.pb.gov.br\/portal\/2023\/11\/03\/operacao-eternidade-policia-militar-desarticula-ponto-de-venda-de-drogas-e-prende-mulher-por-trafico-em-bayeux\/\"},\"author\":{\"name\":\"Assessoria de Imprensa da PMPB\",\"@id\":\"https:\/\/www.pm.pb.gov.br\/portal\/#\/schema\/person\/e8454f46651c3ecf0e1ba3c1666d9947\"},\"headline\":\"Opera\u00e7\u00e3o Eternidade: Pol\u00edcia Militar desarticula ponto de venda de drogas e prende mulher por tr\u00e1fico em Bayeux\",\"datePublished\":\"2023-11-03T17:46:03+00:00\",\"dateModified\":\"2023-11-03T18:00:51+00:00\",\"mainEntityOfPage\":{\"@id\":\"https:\/\/www.pm.pb.gov.br\/portal\/2023\/11\/03\/operacao-eternidade-policia-militar-desarticula-ponto-de-venda-de-drogas-e-prende-mulher-por-trafico-em-bayeux\/\"},\"wordCount\":132,\"publisher\":{\"@id\":\"https:\/\/www.pm.pb.gov.br\/portal\/#organization\"},\"articleSection\":[\"A\u00e7\u00f5es Policiais\"],\"inLanguage\":\"pt-BR\"},{\"@type\":\"WebPage\",\"@id\":\"https:\/\/www.pm.pb.gov.br\/portal\/2023\/11\/03\/operacao-eternidade-policia-militar-desarticula-ponto-de-venda-de-drogas-e-prende-mulher-por-trafico-em-bayeux\/\",\"url\":\"https:\/\/www.pm.pb.gov.br\/portal\/2023\/11\/03\/operacao-eternidade-policia-militar-desarticula-ponto-de-venda-de-drogas-e-prende-mulher-por-trafico-em-bayeux\/\",\"name\":\"Opera\u00e7\u00e3o Eternidade: Pol\u00edcia Militar desarticula ponto de venda de drogas e prende mulher por tr\u00e1fico em Bayeux - Pol\u00edcia Militar da Para\u00edba\",\"isPartOf\":{\"@id\":\"https:\/\/www.pm.pb.gov.br\/portal\/#website\"},\"datePublished\":\"2023-11-03T17:46:03+00:00\",\"dateModified\":\"2023-11-03T18:00:51+00:00\",\"breadcrumb\":{\"@id\":\"https:\/\/www.pm.pb.gov.br\/portal\/2023\/11\/03\/operacao-eternidade-policia-militar-desarticula-ponto-de-venda-de-drogas-e-prende-mulher-por-trafico-em-bayeux\/#breadcrumb\"},\"inLanguage\":\"pt-BR\",\"potentialAction\":[{\"@type\":\"ReadAction\",\"target\":[\"https:\/\/www.pm.pb.gov.br\/portal\/2023\/11\/03\/operacao-eternidade-policia-militar-desarticula-ponto-de-venda-de-drogas-e-prende-mulher-por-trafico-em-bayeux\/\"]}]},{\"@type\":\"BreadcrumbList\",\"@id\":\"https:\/\/www.pm.pb.gov.br\/portal\/2023\/11\/03\/operacao-eternidade-policia-militar-desarticula-ponto-de-venda-de-drogas-e-prende-mulher-por-trafico-em-bayeux\/#breadcrumb\",\"itemListElement\":[{\"@type\":\"ListItem\",\"position\":1,\"name\":\"In\u00edcio\",\"item\":\"https:\/\/www.pm.pb.gov.br\/portal\/\"},{\"@type\":\"ListItem\",\"position\":2,\"name\":\"Opera\u00e7\u00e3o Eternidade: Pol\u00edcia Militar desarticula ponto de venda de drogas e prende mulher por tr\u00e1fico em Bayeux\"}]},{\"@type\":\"WebSite\",\"@id\":\"https:\/\/www.pm.pb.gov.br\/portal\/#website\",\"url\":\"https:\/\/www.pm.pb.gov.br\/portal\/\",\"name\":\"Pol\u00edcia Militar da Para\u00edba\",\"description\":\"\",\"publisher\":{\"@id\":\"https:\/\/www.pm.pb.gov.br\/portal\/#organization\"},\"potentialAction\":[{\"@type\":\"SearchAction\",\"target\":{\"@type\":\"EntryPoint\",\"urlTemplate\":\"https:\/\/www.pm.pb.gov.br\/portal\/?s={search_term_string}\"},\"query-input\":\"required name=search_term_string\"}],\"inLanguage\":\"pt-BR\"},{\"@type\":\"Organization\",\"@id\":\"https:\/\/www.pm.pb.gov.br\/portal\/#organization\",\"name\":\"Pol\u00edcia Militar da Para\u00edba\",\"url\":\"https:\/\/www.pm.pb.gov.br\/portal\/\",\"logo\":{\"@type\":\"ImageObject\",\"inLanguage\":\"pt-BR\",\"@id\":\"https:\/\/www.pm.pb.gov.br\/portal\/#\/schema\/logo\/image\/\",\"url\":\"https:\/\/www.pm.pb.gov.br\/portal\/wp-content\/uploads\/2025\/03\/cropped-logo-site-mag2-1.png\",\"contentUrl\":\"https:\/\/www.pm.pb.gov.br\/portal\/wp-content\/uploads\/2025\/03\/cropped-logo-site-mag2-1.png\",\"width\":320,\"height\":90,\"caption\":\"Pol\u00edcia Militar da Para\u00edba\"},\"image\":{\"@id\":\"https:\/\/www.pm.pb.gov.br\/portal\/#\/schema\/logo\/image\/\"}},{\"@type\":\"Person\",\"@id\":\"https:\/\/www.pm.pb.gov.br\/portal\/#\/schema\/person\/e8454f46651c3ecf0e1ba3c1666d9947\",\"name\":\"Assessoria de Imprensa da PMPB\",\"image\":{\"@type\":\"ImageObject\",\"inLanguage\":\"pt-BR\",\"@id\":\"https:\/\/www.pm.pb.gov.br\/portal\/#\/schema\/person\/image\/\",\"url\":\"https:\/\/secure.gravatar.com\/avatar\/2efe197438265d1e90bd98c4c8e1acf8?s=96&d=mm&r=g\",\"contentUrl\":\"https:\/\/secure.gravatar.com\/avatar\/2efe197438265d1e90bd98c4c8e1acf8?s=96&d=mm&r=g\",\"caption\":\"Assessoria de Imprensa da PMPB\"},\"url\":\"https:\/\/www.pm.pb.gov.br\/portal\/author\/assessoria\/\"}]}<\/script>\n<!-- \/ Yoast SEO plugin. -->","yoast_head_json":{"title":"Opera\u00e7\u00e3o Eternidade: Pol\u00edcia Militar desarticula ponto de venda de drogas e prende mulher por tr\u00e1fico em Bayeux - Pol\u00edcia Militar da Para\u00edba","robots":{"index":"index","follow":"follow","max-snippet":"max-snippet:-1","max-image-preview":"max-image-preview:large","max-video-preview":"max-video-preview:-1"},"canonical":"https:\/\/www.pm.pb.gov.br\/portal\/2023\/11\/03\/operacao-eternidade-policia-militar-desarticula-ponto-de-venda-de-drogas-e-prende-mulher-por-trafico-em-bayeux\/","og_locale":"pt_BR","og_type":"article","og_title":"Opera\u00e7\u00e3o Eternidade: Pol\u00edcia Militar desarticula ponto de venda de drogas e prende mulher por tr\u00e1fico em Bayeux - Pol\u00edcia Militar da Para\u00edba","og_description":"Nesta sexta-feira (03), policiais da 4\u00aa Companhia Independente de Pol\u00edcia Militar desarticularam um local que servia como ponto de venda","og_url":"https:\/\/www.pm.pb.gov.br\/portal\/2023\/11\/03\/operacao-eternidade-policia-militar-desarticula-ponto-de-venda-de-drogas-e-prende-mulher-por-trafico-em-bayeux\/","og_site_name":"Pol\u00edcia Militar da Para\u00edba","article_published_time":"2023-11-03T17:46:03+00:00","article_modified_time":"2023-11-03T18:00:51+00:00","og_image":[{"width":800,"height":445,"url":"http:\/\/www.pm.pb.gov.br\/portal\/wp-content\/uploads\/2023\/11\/4cipm.jpeg","type":"image\/jpeg"}],"author":"Assessoria de Imprensa da PMPB","twitter_card":"summary_large_image","twitter_misc":{"Escrito por":"Assessoria de Imprensa da PMPB","Est. tempo de leitura":"1 minuto"},"schema":{"@context":"https:\/\/schema.org","@graph":[{"@type":"Article","@id":"https:\/\/www.pm.pb.gov.br\/portal\/2023\/11\/03\/operacao-eternidade-policia-militar-desarticula-ponto-de-venda-de-drogas-e-prende-mulher-por-trafico-em-bayeux\/#article","isPartOf":{"@id":"https:\/\/www.pm.pb.gov.br\/portal\/2023\/11\/03\/operacao-eternidade-policia-militar-desarticula-ponto-de-venda-de-drogas-e-prende-mulher-por-trafico-em-bayeux\/"},"author":{"name":"Assessoria de Imprensa da PMPB","@id":"https:\/\/www.pm.pb.gov.br\/portal\/#\/schema\/person\/e8454f46651c3ecf0e1ba3c1666d9947"},"headline":"Opera\u00e7\u00e3o Eternidade: Pol\u00edcia Militar desarticula ponto de venda de drogas e prende mulher por tr\u00e1fico em Bayeux","datePublished":"2023-11-03T17:46:03+00:00","dateModified":"2023-11-03T18:00:51+00:00","mainEntityOfPage":{"@id":"https:\/\/www.pm.pb.gov.br\/portal\/2023\/11\/03\/operacao-eternidade-policia-militar-desarticula-ponto-de-venda-de-drogas-e-prende-mulher-por-trafico-em-bayeux\/"},"wordCount":132,"publisher":{"@id":"https:\/\/www.pm.pb.gov.br\/portal\/#organization"},"articleSection":["A\u00e7\u00f5es Policiais"],"inLanguage":"pt-BR"},{"@type":"WebPage","@id":"https:\/\/www.pm.pb.gov.br\/portal\/2023\/11\/03\/operacao-eternidade-policia-militar-desarticula-ponto-de-venda-de-drogas-e-prende-mulher-por-trafico-em-bayeux\/","url":"https:\/\/www.pm.pb.gov.br\/portal\/2023\/11\/03\/operacao-eternidade-policia-militar-desarticula-ponto-de-venda-de-drogas-e-prende-mulher-por-trafico-em-bayeux\/","name":"Opera\u00e7\u00e3o Eternidade: Pol\u00edcia Militar desarticula ponto de venda de drogas e prende mulher por tr\u00e1fico em Bayeux - Pol\u00edcia Militar da Para\u00edba","isPartOf":{"@id":"https:\/\/www.pm.pb.gov.br\/portal\/#website"},"datePublished":"2023-11-03T17:46:03+00:00","dateModified":"2023-11-03T18:00:51+00:00","breadcrumb":{"@id":"https:\/\/www.pm.pb.gov.br\/portal\/2023\/11\/03\/operacao-eternidade-policia-militar-desarticula-ponto-de-venda-de-drogas-e-prende-mulher-por-trafico-em-bayeux\/#breadcrumb"},"inLanguage":"pt-BR","potentialAction":[{"@type":"ReadAction","target":["https:\/\/www.pm.pb.gov.br\/portal\/2023\/11\/03\/operacao-eternidade-policia-militar-desarticula-ponto-de-venda-de-drogas-e-prende-mulher-por-trafico-em-bayeux\/"]}]},{"@type":"BreadcrumbList","@id":"https:\/\/www.pm.pb.gov.br\/portal\/2023\/11\/03\/operacao-eternidade-policia-militar-desarticula-ponto-de-venda-de-drogas-e-prende-mulher-por-trafico-em-bayeux\/#breadcrumb","itemListElement":[{"@type":"ListItem","position":1,"name":"In\u00edcio","item":"https:\/\/www.pm.pb.gov.br\/portal\/"},{"@type":"ListItem","position":2,"name":"Opera\u00e7\u00e3o Eternidade: Pol\u00edcia Militar desarticula ponto de venda de drogas e prende mulher por tr\u00e1fico em Bayeux"}]},{"@type":"WebSite","@id":"https:\/\/www.pm.pb.gov.br\/portal\/#website","url":"https:\/\/www.pm.pb.gov.br\/portal\/","name":"Pol\u00edcia Militar da Para\u00edba","description":"","publisher":{"@id":"https:\/\/www.pm.pb.gov.br\/portal\/#organization"},"potentialAction":[{"@type":"SearchAction","target":{"@type":"EntryPoint","urlTemplate":"https:\/\/www.pm.pb.gov.br\/portal\/?s={search_term_string}"},"query-input":"required name=search_term_string"}],"inLanguage":"pt-BR"},{"@type":"Organization","@id":"https:\/\/www.pm.pb.gov.br\/portal\/#organization","name":"Pol\u00edcia Militar da Para\u00edba","url":"https:\/\/www.pm.pb.gov.br\/portal\/","logo":{"@type":"ImageObject","inLanguage":"pt-BR","@id":"https:\/\/www.pm.pb.gov.br\/portal\/#\/schema\/logo\/image\/","url":"https:\/\/www.pm.pb.gov.br\/portal\/wp-content\/uploads\/2025\/03\/cropped-logo-site-mag2-1.png","contentUrl":"https:\/\/www.pm.pb.gov.br\/portal\/wp-content\/uploads\/2025\/03\/cropped-logo-site-mag2-1.png","width":320,"height":90,"caption":"Pol\u00edcia Militar da Para\u00edba"},"image":{"@id":"https:\/\/www.pm.pb.gov.br\/portal\/#\/schema\/logo\/image\/"}},{"@type":"Person","@id":"https:\/\/www.pm.pb.gov.br\/portal\/#\/schema\/person\/e8454f46651c3ecf0e1ba3c1666d9947","name":"Assessoria de Imprensa da PMPB","image":{"@type":"ImageObject","inLanguage":"pt-BR","@id":"https:\/\/www.pm.pb.gov.br\/portal\/#\/schema\/person\/image\/","url":"https:\/\/secure.gravatar.com\/avatar\/2efe197438265d1e90bd98c4c8e1acf8?s=96&d=mm&r=g","contentUrl":"https:\/\/secure.gravatar.com\/avatar\/2efe197438265d1e90bd98c4c8e1acf8?s=96&d=mm&r=g","caption":"Assessoria de Imprensa da PMPB"},"url":"https:\/\/www.pm.pb.gov.br\/portal\/author\/assessoria\/"}]}},"_links":{"self":[{"href":"https:\/\/www.pm.pb.gov.br\/portal\/wp-json\/wp\/v2\/posts\/918918"}],"collection":[{"href":"https:\/\/www.pm.pb.gov.br\/portal\/wp-json\/wp\/v2\/posts"}],"about":[{"href":"https:\/\/www.pm.pb.gov.br\/portal\/wp-json\/wp\/v2\/types\/post"}],"author":[{"embeddable":true,"href":"https:\/\/www.pm.pb.gov.br\/portal\/wp-json\/wp\/v2\/users\/5"}],"replies":[{"embeddable":true,"href":"https:\/\/www.pm.pb.gov.br\/portal\/wp-json\/wp\/v2\/comments?post=918918"}],"version-history":[{"count":1,"href":"https:\/\/www.pm.pb.gov.br\/portal\/wp-json\/wp\/v2\/posts\/918918\/revisions"}],"predecessor-version":[{"id":918920,"href":"https:\/\/www.pm.pb.gov.br\/portal\/wp-json\/wp\/v2\/posts\/918918\/revisions\/918920"}],"wp:featuredmedia":[{"embeddable":true,"href":"https:\/\/www.pm.pb.gov.br\/portal\/wp-json\/wp\/v2\/media\/918919"}],"wp:attachment":[{"href":"https:\/\/www.pm.pb.gov.br\/portal\/wp-json\/wp\/v2\/media?parent=918918"}],"wp:term":[{"taxonomy":"category","embeddable":true,"href":"https:\/\/www.pm.pb.gov.br\/portal\/wp-json\/wp\/v2\/categories?post=918918"},{"taxonomy":"post_tag","embeddable":true,"href":"https:\/\/www.pm.pb.gov.br\/portal\/wp-json\/wp\/v2\/tags?post=918918"}],"curies":[{"name":"wp","href":"https:\/\/api.w.org\/{rel}","templated":true}]}}