{"id":918915,"date":"2023-11-03T14:30:54","date_gmt":"2023-11-03T17:30:54","guid":{"rendered":"https:\/\/www.pm.pb.gov.br\/portal\/?p=918915"},"modified":"2023-11-03T14:30:55","modified_gmt":"2023-11-03T17:30:55","slug":"operacao-eternidade-policia-militar-apreende-armas-de-fogo-apos-confronto-com-dupla-no-sertao","status":"publish","type":"post","link":"https:\/\/www.pm.pb.gov.br\/portal\/2023\/11\/03\/operacao-eternidade-policia-militar-apreende-armas-de-fogo-apos-confronto-com-dupla-no-sertao\/","title":{"rendered":"Opera\u00e7\u00e3o Eternidade: Pol\u00edcia Militar apreende armas de fogo ap\u00f3s confronto com dupla, no sert\u00e3o"},"content":{"rendered":"\n<p>A Pol\u00edcia Militar apreendeu, na manh\u00e3 desta sexta-feira (03), duas armas de fogo ap\u00f3s receber informa\u00e7\u00f5es de que um roubo a estabelecimento comercial estaria acontecendo na cidade de Sousa-PB, \u00e0s margens da BR 230.<\/p>\n<p>A Pol\u00edcia Militar foi informada que uma dupla em motocicleta teria assaltado \u00a0o estabelecimento comercial, fazendo v\u00e1rias v\u00edtimas na loja. Os dois homens teriam subtra\u00eddo, aproximadamente, 10 mil reais em esp\u00e9cie, al\u00e9m de aparelhos celulares, cart\u00f5es de cr\u00e9dito e outros itens do estabelecimento, em seguida fugiram do local.<\/p>\n<p>Rapidamente, equipes do ROTAM e do 14\u00ba BPM partiram em dilig\u00eancias, realizando um cerco em locais indicados como rotas de fuga. Durante as dilig\u00eancias, os dois homens foram interceptados, que ao perceberem a aproxima\u00e7\u00e3o da pol\u00edcia, efetuaram disparos contra as equipes policiais. No confronto, um dos indiv\u00edduos foi alvejado e o outro conseguiu evadir pelo matagal.<\/p>\n<p>Na a\u00e7\u00e3o, todo o material roubado foi recuperado e duas armas de fogo, que estavam com a dupla, foram apreendidas e encaminhadas para a Delegacia Distrital da cidade. O suspeito preso foi socorrido ao Hospital Regional de Sousa, mas n\u00e3o resistiu aos ferimentos, j\u00e1 o segundo suspeito continua foragid<\/p>\n","protected":false},"excerpt":{"rendered":"<p>A Pol\u00edcia Militar apreendeu, na manh\u00e3 desta sexta-feira (03), duas armas de fogo ap\u00f3s receber informa\u00e7\u00f5es de que um roubo<\/p>\n","protected":false},"author":5,"featured_media":918916,"comment_status":"closed","ping_status":"closed","sticky":false,"template":"","format":"standard","meta":{"_exactmetrics_skip_tracking":false,"_exactmetrics_sitenote_active":false,"_exactmetrics_sitenote_note":"","_exactmetrics_sitenote_category":0,"footnotes":""},"categories":[4],"tags":[],"yoast_head":"<!-- This site is optimized with the Yoast SEO plugin v22.0 - https:\/\/yoast.com\/wordpress\/plugins\/seo\/ -->\n<title>Opera\u00e7\u00e3o Eternidade: Pol\u00edcia Militar apreende armas de fogo ap\u00f3s confronto com dupla, no sert\u00e3o - Pol\u00edcia Militar da Para\u00edba<\/title>\n<meta name=\"robots\" content=\"index, follow, max-snippet:-1, max-image-preview:large, max-video-preview:-1\" \/>\n<link rel=\"canonical\" href=\"https:\/\/www.pm.pb.gov.br\/portal\/2023\/11\/03\/operacao-eternidade-policia-militar-apreende-armas-de-fogo-apos-confronto-com-dupla-no-sertao\/\" \/>\n<meta property=\"og:locale\" content=\"pt_BR\" \/>\n<meta property=\"og:type\" content=\"article\" \/>\n<meta property=\"og:title\" content=\"Opera\u00e7\u00e3o Eternidade: Pol\u00edcia Militar apreende armas de fogo ap\u00f3s confronto com dupla, no sert\u00e3o - Pol\u00edcia Militar da Para\u00edba\" \/>\n<meta property=\"og:description\" content=\"A Pol\u00edcia Militar apreendeu, na manh\u00e3 desta sexta-feira (03), duas armas de fogo ap\u00f3s receber informa\u00e7\u00f5es de que um roubo\" \/>\n<meta property=\"og:url\" content=\"https:\/\/www.pm.pb.gov.br\/portal\/2023\/11\/03\/operacao-eternidade-policia-militar-apreende-armas-de-fogo-apos-confronto-com-dupla-no-sertao\/\" \/>\n<meta property=\"og:site_name\" content=\"Pol\u00edcia Militar da Para\u00edba\" \/>\n<meta property=\"article:published_time\" content=\"2023-11-03T17:30:54+00:00\" \/>\n<meta property=\"article:modified_time\" content=\"2023-11-03T17:30:55+00:00\" \/>\n<meta property=\"og:image\" content=\"http:\/\/www.pm.pb.gov.br\/portal\/wp-content\/uploads\/2023\/11\/material-apreendido.png\" \/>\n\t<meta property=\"og:image:width\" content=\"1470\" \/>\n\t<meta property=\"og:image:height\" content=\"818\" \/>\n\t<meta property=\"og:image:type\" content=\"image\/png\" \/>\n<meta name=\"author\" content=\"Assessoria de Imprensa da PMPB\" \/>\n<meta name=\"twitter:card\" content=\"summary_large_image\" \/>\n<meta name=\"twitter:label1\" content=\"Escrito por\" \/>\n\t<meta name=\"twitter:data1\" content=\"Assessoria de Imprensa da PMPB\" \/>\n\t<meta name=\"twitter:label2\" content=\"Est. tempo de leitura\" \/>\n\t<meta name=\"twitter:data2\" content=\"2 minutos\" \/>\n<script type=\"application\/ld+json\" class=\"yoast-schema-graph\">{\"@context\":\"https:\/\/schema.org\",\"@graph\":[{\"@type\":\"Article\",\"@id\":\"https:\/\/www.pm.pb.gov.br\/portal\/2023\/11\/03\/operacao-eternidade-policia-militar-apreende-armas-de-fogo-apos-confronto-com-dupla-no-sertao\/#article\",\"isPartOf\":{\"@id\":\"https:\/\/www.pm.pb.gov.br\/portal\/2023\/11\/03\/operacao-eternidade-policia-militar-apreende-armas-de-fogo-apos-confronto-com-dupla-no-sertao\/\"},\"author\":{\"name\":\"Assessoria de Imprensa da PMPB\",\"@id\":\"https:\/\/www.pm.pb.gov.br\/portal\/#\/schema\/person\/e8454f46651c3ecf0e1ba3c1666d9947\"},\"headline\":\"Opera\u00e7\u00e3o Eternidade: Pol\u00edcia Militar apreende armas de fogo ap\u00f3s confronto com dupla, no sert\u00e3o\",\"datePublished\":\"2023-11-03T17:30:54+00:00\",\"dateModified\":\"2023-11-03T17:30:55+00:00\",\"mainEntityOfPage\":{\"@id\":\"https:\/\/www.pm.pb.gov.br\/portal\/2023\/11\/03\/operacao-eternidade-policia-militar-apreende-armas-de-fogo-apos-confronto-com-dupla-no-sertao\/\"},\"wordCount\":219,\"publisher\":{\"@id\":\"https:\/\/www.pm.pb.gov.br\/portal\/#organization\"},\"articleSection\":[\"A\u00e7\u00f5es Policiais\"],\"inLanguage\":\"pt-BR\"},{\"@type\":\"WebPage\",\"@id\":\"https:\/\/www.pm.pb.gov.br\/portal\/2023\/11\/03\/operacao-eternidade-policia-militar-apreende-armas-de-fogo-apos-confronto-com-dupla-no-sertao\/\",\"url\":\"https:\/\/www.pm.pb.gov.br\/portal\/2023\/11\/03\/operacao-eternidade-policia-militar-apreende-armas-de-fogo-apos-confronto-com-dupla-no-sertao\/\",\"name\":\"Opera\u00e7\u00e3o Eternidade: Pol\u00edcia Militar apreende armas de fogo ap\u00f3s confronto com dupla, no sert\u00e3o - Pol\u00edcia Militar da Para\u00edba\",\"isPartOf\":{\"@id\":\"https:\/\/www.pm.pb.gov.br\/portal\/#website\"},\"datePublished\":\"2023-11-03T17:30:54+00:00\",\"dateModified\":\"2023-11-03T17:30:55+00:00\",\"breadcrumb\":{\"@id\":\"https:\/\/www.pm.pb.gov.br\/portal\/2023\/11\/03\/operacao-eternidade-policia-militar-apreende-armas-de-fogo-apos-confronto-com-dupla-no-sertao\/#breadcrumb\"},\"inLanguage\":\"pt-BR\",\"potentialAction\":[{\"@type\":\"ReadAction\",\"target\":[\"https:\/\/www.pm.pb.gov.br\/portal\/2023\/11\/03\/operacao-eternidade-policia-militar-apreende-armas-de-fogo-apos-confronto-com-dupla-no-sertao\/\"]}]},{\"@type\":\"BreadcrumbList\",\"@id\":\"https:\/\/www.pm.pb.gov.br\/portal\/2023\/11\/03\/operacao-eternidade-policia-militar-apreende-armas-de-fogo-apos-confronto-com-dupla-no-sertao\/#breadcrumb\",\"itemListElement\":[{\"@type\":\"ListItem\",\"position\":1,\"name\":\"In\u00edcio\",\"item\":\"https:\/\/www.pm.pb.gov.br\/portal\/\"},{\"@type\":\"ListItem\",\"position\":2,\"name\":\"Opera\u00e7\u00e3o Eternidade: Pol\u00edcia Militar apreende armas de fogo ap\u00f3s confronto com dupla, no sert\u00e3o\"}]},{\"@type\":\"WebSite\",\"@id\":\"https:\/\/www.pm.pb.gov.br\/portal\/#website\",\"url\":\"https:\/\/www.pm.pb.gov.br\/portal\/\",\"name\":\"Pol\u00edcia Militar da Para\u00edba\",\"description\":\"\",\"publisher\":{\"@id\":\"https:\/\/www.pm.pb.gov.br\/portal\/#organization\"},\"potentialAction\":[{\"@type\":\"SearchAction\",\"target\":{\"@type\":\"EntryPoint\",\"urlTemplate\":\"https:\/\/www.pm.pb.gov.br\/portal\/?s={search_term_string}\"},\"query-input\":\"required name=search_term_string\"}],\"inLanguage\":\"pt-BR\"},{\"@type\":\"Organization\",\"@id\":\"https:\/\/www.pm.pb.gov.br\/portal\/#organization\",\"name\":\"Pol\u00edcia Militar da Para\u00edba\",\"url\":\"https:\/\/www.pm.pb.gov.br\/portal\/\",\"logo\":{\"@type\":\"ImageObject\",\"inLanguage\":\"pt-BR\",\"@id\":\"https:\/\/www.pm.pb.gov.br\/portal\/#\/schema\/logo\/image\/\",\"url\":\"https:\/\/www.pm.pb.gov.br\/portal\/wp-content\/uploads\/2025\/03\/cropped-logo-site-mag2-1.png\",\"contentUrl\":\"https:\/\/www.pm.pb.gov.br\/portal\/wp-content\/uploads\/2025\/03\/cropped-logo-site-mag2-1.png\",\"width\":320,\"height\":90,\"caption\":\"Pol\u00edcia Militar da Para\u00edba\"},\"image\":{\"@id\":\"https:\/\/www.pm.pb.gov.br\/portal\/#\/schema\/logo\/image\/\"}},{\"@type\":\"Person\",\"@id\":\"https:\/\/www.pm.pb.gov.br\/portal\/#\/schema\/person\/e8454f46651c3ecf0e1ba3c1666d9947\",\"name\":\"Assessoria de Imprensa da PMPB\",\"image\":{\"@type\":\"ImageObject\",\"inLanguage\":\"pt-BR\",\"@id\":\"https:\/\/www.pm.pb.gov.br\/portal\/#\/schema\/person\/image\/\",\"url\":\"https:\/\/secure.gravatar.com\/avatar\/2efe197438265d1e90bd98c4c8e1acf8?s=96&d=mm&r=g\",\"contentUrl\":\"https:\/\/secure.gravatar.com\/avatar\/2efe197438265d1e90bd98c4c8e1acf8?s=96&d=mm&r=g\",\"caption\":\"Assessoria de Imprensa da PMPB\"},\"url\":\"https:\/\/www.pm.pb.gov.br\/portal\/author\/assessoria\/\"}]}<\/script>\n<!-- \/ Yoast SEO plugin. -->","yoast_head_json":{"title":"Opera\u00e7\u00e3o Eternidade: Pol\u00edcia Militar apreende armas de fogo ap\u00f3s confronto com dupla, no sert\u00e3o - Pol\u00edcia Militar da Para\u00edba","robots":{"index":"index","follow":"follow","max-snippet":"max-snippet:-1","max-image-preview":"max-image-preview:large","max-video-preview":"max-video-preview:-1"},"canonical":"https:\/\/www.pm.pb.gov.br\/portal\/2023\/11\/03\/operacao-eternidade-policia-militar-apreende-armas-de-fogo-apos-confronto-com-dupla-no-sertao\/","og_locale":"pt_BR","og_type":"article","og_title":"Opera\u00e7\u00e3o Eternidade: Pol\u00edcia Militar apreende armas de fogo ap\u00f3s confronto com dupla, no sert\u00e3o - Pol\u00edcia Militar da Para\u00edba","og_description":"A Pol\u00edcia Militar apreendeu, na manh\u00e3 desta sexta-feira (03), duas armas de fogo ap\u00f3s receber informa\u00e7\u00f5es de que um roubo","og_url":"https:\/\/www.pm.pb.gov.br\/portal\/2023\/11\/03\/operacao-eternidade-policia-militar-apreende-armas-de-fogo-apos-confronto-com-dupla-no-sertao\/","og_site_name":"Pol\u00edcia Militar da Para\u00edba","article_published_time":"2023-11-03T17:30:54+00:00","article_modified_time":"2023-11-03T17:30:55+00:00","og_image":[{"width":1470,"height":818,"url":"http:\/\/www.pm.pb.gov.br\/portal\/wp-content\/uploads\/2023\/11\/material-apreendido.png","type":"image\/png"}],"author":"Assessoria de Imprensa da PMPB","twitter_card":"summary_large_image","twitter_misc":{"Escrito por":"Assessoria de Imprensa da PMPB","Est. tempo de leitura":"2 minutos"},"schema":{"@context":"https:\/\/schema.org","@graph":[{"@type":"Article","@id":"https:\/\/www.pm.pb.gov.br\/portal\/2023\/11\/03\/operacao-eternidade-policia-militar-apreende-armas-de-fogo-apos-confronto-com-dupla-no-sertao\/#article","isPartOf":{"@id":"https:\/\/www.pm.pb.gov.br\/portal\/2023\/11\/03\/operacao-eternidade-policia-militar-apreende-armas-de-fogo-apos-confronto-com-dupla-no-sertao\/"},"author":{"name":"Assessoria de Imprensa da PMPB","@id":"https:\/\/www.pm.pb.gov.br\/portal\/#\/schema\/person\/e8454f46651c3ecf0e1ba3c1666d9947"},"headline":"Opera\u00e7\u00e3o Eternidade: Pol\u00edcia Militar apreende armas de fogo ap\u00f3s confronto com dupla, no sert\u00e3o","datePublished":"2023-11-03T17:30:54+00:00","dateModified":"2023-11-03T17:30:55+00:00","mainEntityOfPage":{"@id":"https:\/\/www.pm.pb.gov.br\/portal\/2023\/11\/03\/operacao-eternidade-policia-militar-apreende-armas-de-fogo-apos-confronto-com-dupla-no-sertao\/"},"wordCount":219,"publisher":{"@id":"https:\/\/www.pm.pb.gov.br\/portal\/#organization"},"articleSection":["A\u00e7\u00f5es Policiais"],"inLanguage":"pt-BR"},{"@type":"WebPage","@id":"https:\/\/www.pm.pb.gov.br\/portal\/2023\/11\/03\/operacao-eternidade-policia-militar-apreende-armas-de-fogo-apos-confronto-com-dupla-no-sertao\/","url":"https:\/\/www.pm.pb.gov.br\/portal\/2023\/11\/03\/operacao-eternidade-policia-militar-apreende-armas-de-fogo-apos-confronto-com-dupla-no-sertao\/","name":"Opera\u00e7\u00e3o Eternidade: Pol\u00edcia Militar apreende armas de fogo ap\u00f3s confronto com dupla, no sert\u00e3o - Pol\u00edcia Militar da Para\u00edba","isPartOf":{"@id":"https:\/\/www.pm.pb.gov.br\/portal\/#website"},"datePublished":"2023-11-03T17:30:54+00:00","dateModified":"2023-11-03T17:30:55+00:00","breadcrumb":{"@id":"https:\/\/www.pm.pb.gov.br\/portal\/2023\/11\/03\/operacao-eternidade-policia-militar-apreende-armas-de-fogo-apos-confronto-com-dupla-no-sertao\/#breadcrumb"},"inLanguage":"pt-BR","potentialAction":[{"@type":"ReadAction","target":["https:\/\/www.pm.pb.gov.br\/portal\/2023\/11\/03\/operacao-eternidade-policia-militar-apreende-armas-de-fogo-apos-confronto-com-dupla-no-sertao\/"]}]},{"@type":"BreadcrumbList","@id":"https:\/\/www.pm.pb.gov.br\/portal\/2023\/11\/03\/operacao-eternidade-policia-militar-apreende-armas-de-fogo-apos-confronto-com-dupla-no-sertao\/#breadcrumb","itemListElement":[{"@type":"ListItem","position":1,"name":"In\u00edcio","item":"https:\/\/www.pm.pb.gov.br\/portal\/"},{"@type":"ListItem","position":2,"name":"Opera\u00e7\u00e3o Eternidade: Pol\u00edcia Militar apreende armas de fogo ap\u00f3s confronto com dupla, no sert\u00e3o"}]},{"@type":"WebSite","@id":"https:\/\/www.pm.pb.gov.br\/portal\/#website","url":"https:\/\/www.pm.pb.gov.br\/portal\/","name":"Pol\u00edcia Militar da Para\u00edba","description":"","publisher":{"@id":"https:\/\/www.pm.pb.gov.br\/portal\/#organization"},"potentialAction":[{"@type":"SearchAction","target":{"@type":"EntryPoint","urlTemplate":"https:\/\/www.pm.pb.gov.br\/portal\/?s={search_term_string}"},"query-input":"required name=search_term_string"}],"inLanguage":"pt-BR"},{"@type":"Organization","@id":"https:\/\/www.pm.pb.gov.br\/portal\/#organization","name":"Pol\u00edcia Militar da Para\u00edba","url":"https:\/\/www.pm.pb.gov.br\/portal\/","logo":{"@type":"ImageObject","inLanguage":"pt-BR","@id":"https:\/\/www.pm.pb.gov.br\/portal\/#\/schema\/logo\/image\/","url":"https:\/\/www.pm.pb.gov.br\/portal\/wp-content\/uploads\/2025\/03\/cropped-logo-site-mag2-1.png","contentUrl":"https:\/\/www.pm.pb.gov.br\/portal\/wp-content\/uploads\/2025\/03\/cropped-logo-site-mag2-1.png","width":320,"height":90,"caption":"Pol\u00edcia Militar da Para\u00edba"},"image":{"@id":"https:\/\/www.pm.pb.gov.br\/portal\/#\/schema\/logo\/image\/"}},{"@type":"Person","@id":"https:\/\/www.pm.pb.gov.br\/portal\/#\/schema\/person\/e8454f46651c3ecf0e1ba3c1666d9947","name":"Assessoria de Imprensa da PMPB","image":{"@type":"ImageObject","inLanguage":"pt-BR","@id":"https:\/\/www.pm.pb.gov.br\/portal\/#\/schema\/person\/image\/","url":"https:\/\/secure.gravatar.com\/avatar\/2efe197438265d1e90bd98c4c8e1acf8?s=96&d=mm&r=g","contentUrl":"https:\/\/secure.gravatar.com\/avatar\/2efe197438265d1e90bd98c4c8e1acf8?s=96&d=mm&r=g","caption":"Assessoria de Imprensa da PMPB"},"url":"https:\/\/www.pm.pb.gov.br\/portal\/author\/assessoria\/"}]}},"_links":{"self":[{"href":"https:\/\/www.pm.pb.gov.br\/portal\/wp-json\/wp\/v2\/posts\/918915"}],"collection":[{"href":"https:\/\/www.pm.pb.gov.br\/portal\/wp-json\/wp\/v2\/posts"}],"about":[{"href":"https:\/\/www.pm.pb.gov.br\/portal\/wp-json\/wp\/v2\/types\/post"}],"author":[{"embeddable":true,"href":"https:\/\/www.pm.pb.gov.br\/portal\/wp-json\/wp\/v2\/users\/5"}],"replies":[{"embeddable":true,"href":"https:\/\/www.pm.pb.gov.br\/portal\/wp-json\/wp\/v2\/comments?post=918915"}],"version-history":[{"count":1,"href":"https:\/\/www.pm.pb.gov.br\/portal\/wp-json\/wp\/v2\/posts\/918915\/revisions"}],"predecessor-version":[{"id":918917,"href":"https:\/\/www.pm.pb.gov.br\/portal\/wp-json\/wp\/v2\/posts\/918915\/revisions\/918917"}],"wp:featuredmedia":[{"embeddable":true,"href":"https:\/\/www.pm.pb.gov.br\/portal\/wp-json\/wp\/v2\/media\/918916"}],"wp:attachment":[{"href":"https:\/\/www.pm.pb.gov.br\/portal\/wp-json\/wp\/v2\/media?parent=918915"}],"wp:term":[{"taxonomy":"category","embeddable":true,"href":"https:\/\/www.pm.pb.gov.br\/portal\/wp-json\/wp\/v2\/categories?post=918915"},{"taxonomy":"post_tag","embeddable":true,"href":"https:\/\/www.pm.pb.gov.br\/portal\/wp-json\/wp\/v2\/tags?post=918915"}],"curies":[{"name":"wp","href":"https:\/\/api.w.org\/{rel}","templated":true}]}}