{"id":918901,"date":"2023-11-01T20:57:00","date_gmt":"2023-11-01T23:57:00","guid":{"rendered":"https:\/\/www.pm.pb.gov.br\/portal\/?p=918901"},"modified":"2023-11-02T17:07:40","modified_gmt":"2023-11-02T20:07:40","slug":"capacitacao-policiais-militares-da-paraiba-se-destacam-em-cursos-operacionais-no-nordeste","status":"publish","type":"post","link":"https:\/\/www.pm.pb.gov.br\/portal\/2023\/11\/01\/capacitacao-policiais-militares-da-paraiba-se-destacam-em-cursos-operacionais-no-nordeste\/","title":{"rendered":"CAPACITA\u00c7\u00c3O: Policiais militares da Para\u00edba se destacam em cursos operacionais no Nordeste"},"content":{"rendered":"\n<p>A Pol\u00edcia Militar segue capacitando seus policiais, dentro e fora da Para\u00edba, para atua\u00e7\u00e3o qualificada na seguran\u00e7a p\u00fablica (foto acima ilustrativa). Nos \u00faltimos dias, tr\u00eas policiais do Batalh\u00e3o de Opera\u00e7\u00f5es Policiais Especiais (Bope) foram destaque em cursos operacionais no Rio Grande do Norte e no Cear\u00e1.<\/p>\n<p>O 1\u00b0 tenente Moura e 3\u00b0 sargento Di\u00f3genes, do Choque, conclu\u00edram, no \u00faltimo dia 1\u00ba de novembro, o 5\u00ba Curso de Patrulhamento T\u00e1tico Motorizado da PMRN, especializa\u00e7\u00e3o com uma carga de 632 horas-aula, habilitando os policiais cursados para as atividades voltadas ao patrulhamento t\u00e1tico motorizado.<\/p>\n<p><img loading=\"lazy\" decoding=\"async\" class=\" wp-image-918902 aligncenter\" src=\"http:\/\/www.pm.pb.gov.br\/portal\/wp-content\/uploads\/2023\/11\/WhatsApp-Image-2023-11-02-at-17.13.43-596x445.jpeg\" alt=\"\" width=\"492\" height=\"367\" srcset=\"https:\/\/www.pm.pb.gov.br\/portal\/wp-content\/uploads\/2023\/11\/WhatsApp-Image-2023-11-02-at-17.13.43-596x445.jpeg 596w, https:\/\/www.pm.pb.gov.br\/portal\/wp-content\/uploads\/2023\/11\/WhatsApp-Image-2023-11-02-at-17.13.43.jpeg 720w\" sizes=\"(max-width: 492px) 100vw, 492px\" \/><\/p>\n<p>Tamb\u00e9m neste \u00faltimo m\u00eas, o cabo Almir, da CPC\u00e3es, concluiu o XIII Curso de Cinotecnia realizado pela 4\u00aa Companhia de Policiamento com C\u00e3es, do Batalh\u00e3o de Pol\u00edcia de Choque, da PMCE. O curso teve uma carga hor\u00e1ria de 280h\/aula, abrangendo diversas disciplinas de manejo, treinamento e comportamento canino.<\/p>\n<p><img loading=\"lazy\" decoding=\"async\" class=\" wp-image-918903 aligncenter\" src=\"http:\/\/www.pm.pb.gov.br\/portal\/wp-content\/uploads\/2023\/11\/WhatsApp-Image-2023-11-02-at-10.26.23-539x445.jpeg\" alt=\"\" width=\"452\" height=\"373\" srcset=\"https:\/\/www.pm.pb.gov.br\/portal\/wp-content\/uploads\/2023\/11\/WhatsApp-Image-2023-11-02-at-10.26.23-539x445.jpeg 539w, https:\/\/www.pm.pb.gov.br\/portal\/wp-content\/uploads\/2023\/11\/WhatsApp-Image-2023-11-02-at-10.26.23-691x570.jpeg 691w, https:\/\/www.pm.pb.gov.br\/portal\/wp-content\/uploads\/2023\/11\/WhatsApp-Image-2023-11-02-at-10.26.23.jpeg 750w\" sizes=\"(max-width: 452px) 100vw, 452px\" \/><\/p>\n<p>Agora, os policiais seguem ainda mais capacitados para continuarem atuando, multiplicando o conhecimento e fortalecendo as a\u00e7\u00f5es de combate a criminalidade na Para\u00edba.<\/p>\n\n\n","protected":false},"excerpt":{"rendered":"<p>A Pol\u00edcia Militar segue capacitando seus policiais, dentro e fora da Para\u00edba, para atua\u00e7\u00e3o qualificada na seguran\u00e7a p\u00fablica (foto acima<\/p>\n","protected":false},"author":12,"featured_media":915678,"comment_status":"closed","ping_status":"closed","sticky":false,"template":"","format":"standard","meta":{"_exactmetrics_skip_tracking":false,"_exactmetrics_sitenote_active":false,"_exactmetrics_sitenote_note":"","_exactmetrics_sitenote_category":0,"footnotes":""},"categories":[6],"tags":[],"yoast_head":"<!-- This site is optimized with the Yoast SEO plugin v22.0 - https:\/\/yoast.com\/wordpress\/plugins\/seo\/ -->\n<title>CAPACITA\u00c7\u00c3O: Policiais militares da Para\u00edba se destacam em cursos operacionais no Nordeste - Pol\u00edcia Militar da Para\u00edba<\/title>\n<meta name=\"robots\" content=\"index, follow, max-snippet:-1, max-image-preview:large, max-video-preview:-1\" \/>\n<link rel=\"canonical\" href=\"https:\/\/www.pm.pb.gov.br\/portal\/2023\/11\/01\/capacitacao-policiais-militares-da-paraiba-se-destacam-em-cursos-operacionais-no-nordeste\/\" \/>\n<meta property=\"og:locale\" content=\"pt_BR\" \/>\n<meta property=\"og:type\" content=\"article\" \/>\n<meta property=\"og:title\" content=\"CAPACITA\u00c7\u00c3O: Policiais militares da Para\u00edba se destacam em cursos operacionais no Nordeste - Pol\u00edcia Militar da Para\u00edba\" \/>\n<meta property=\"og:description\" content=\"A Pol\u00edcia Militar segue capacitando seus policiais, dentro e fora da Para\u00edba, para atua\u00e7\u00e3o qualificada na seguran\u00e7a p\u00fablica (foto acima\" \/>\n<meta property=\"og:url\" content=\"https:\/\/www.pm.pb.gov.br\/portal\/2023\/11\/01\/capacitacao-policiais-militares-da-paraiba-se-destacam-em-cursos-operacionais-no-nordeste\/\" \/>\n<meta property=\"og:site_name\" content=\"Pol\u00edcia Militar da Para\u00edba\" \/>\n<meta property=\"article:published_time\" content=\"2023-11-01T23:57:00+00:00\" \/>\n<meta property=\"article:modified_time\" content=\"2023-11-02T20:07:40+00:00\" \/>\n<meta property=\"og:image\" content=\"http:\/\/www.pm.pb.gov.br\/portal\/wp-content\/uploads\/2023\/02\/bope.jpeg\" \/>\n\t<meta property=\"og:image:width\" content=\"800\" \/>\n\t<meta property=\"og:image:height\" content=\"445\" \/>\n\t<meta property=\"og:image:type\" content=\"image\/jpeg\" \/>\n<meta name=\"author\" content=\"Tarcisio Oliveira\" \/>\n<meta name=\"twitter:card\" content=\"summary_large_image\" \/>\n<meta name=\"twitter:label1\" content=\"Escrito por\" \/>\n\t<meta name=\"twitter:data1\" content=\"Tarcisio Oliveira\" \/>\n\t<meta name=\"twitter:label2\" content=\"Est. tempo de leitura\" \/>\n\t<meta name=\"twitter:data2\" content=\"2 minutos\" \/>\n<script type=\"application\/ld+json\" class=\"yoast-schema-graph\">{\"@context\":\"https:\/\/schema.org\",\"@graph\":[{\"@type\":\"Article\",\"@id\":\"https:\/\/www.pm.pb.gov.br\/portal\/2023\/11\/01\/capacitacao-policiais-militares-da-paraiba-se-destacam-em-cursos-operacionais-no-nordeste\/#article\",\"isPartOf\":{\"@id\":\"https:\/\/www.pm.pb.gov.br\/portal\/2023\/11\/01\/capacitacao-policiais-militares-da-paraiba-se-destacam-em-cursos-operacionais-no-nordeste\/\"},\"author\":{\"name\":\"Tarcisio Oliveira\",\"@id\":\"https:\/\/www.pm.pb.gov.br\/portal\/#\/schema\/person\/f84f56dcc78ce4357054da888b8247fd\"},\"headline\":\"CAPACITA\u00c7\u00c3O: Policiais militares da Para\u00edba se destacam em cursos operacionais no Nordeste\",\"datePublished\":\"2023-11-01T23:57:00+00:00\",\"dateModified\":\"2023-11-02T20:07:40+00:00\",\"mainEntityOfPage\":{\"@id\":\"https:\/\/www.pm.pb.gov.br\/portal\/2023\/11\/01\/capacitacao-policiais-militares-da-paraiba-se-destacam-em-cursos-operacionais-no-nordeste\/\"},\"wordCount\":193,\"publisher\":{\"@id\":\"https:\/\/www.pm.pb.gov.br\/portal\/#organization\"},\"articleSection\":[\"Cursos\"],\"inLanguage\":\"pt-BR\"},{\"@type\":\"WebPage\",\"@id\":\"https:\/\/www.pm.pb.gov.br\/portal\/2023\/11\/01\/capacitacao-policiais-militares-da-paraiba-se-destacam-em-cursos-operacionais-no-nordeste\/\",\"url\":\"https:\/\/www.pm.pb.gov.br\/portal\/2023\/11\/01\/capacitacao-policiais-militares-da-paraiba-se-destacam-em-cursos-operacionais-no-nordeste\/\",\"name\":\"CAPACITA\u00c7\u00c3O: Policiais militares da Para\u00edba se destacam em cursos operacionais no Nordeste - Pol\u00edcia Militar da Para\u00edba\",\"isPartOf\":{\"@id\":\"https:\/\/www.pm.pb.gov.br\/portal\/#website\"},\"datePublished\":\"2023-11-01T23:57:00+00:00\",\"dateModified\":\"2023-11-02T20:07:40+00:00\",\"breadcrumb\":{\"@id\":\"https:\/\/www.pm.pb.gov.br\/portal\/2023\/11\/01\/capacitacao-policiais-militares-da-paraiba-se-destacam-em-cursos-operacionais-no-nordeste\/#breadcrumb\"},\"inLanguage\":\"pt-BR\",\"potentialAction\":[{\"@type\":\"ReadAction\",\"target\":[\"https:\/\/www.pm.pb.gov.br\/portal\/2023\/11\/01\/capacitacao-policiais-militares-da-paraiba-se-destacam-em-cursos-operacionais-no-nordeste\/\"]}]},{\"@type\":\"BreadcrumbList\",\"@id\":\"https:\/\/www.pm.pb.gov.br\/portal\/2023\/11\/01\/capacitacao-policiais-militares-da-paraiba-se-destacam-em-cursos-operacionais-no-nordeste\/#breadcrumb\",\"itemListElement\":[{\"@type\":\"ListItem\",\"position\":1,\"name\":\"In\u00edcio\",\"item\":\"https:\/\/www.pm.pb.gov.br\/portal\/\"},{\"@type\":\"ListItem\",\"position\":2,\"name\":\"CAPACITA\u00c7\u00c3O: Policiais militares da Para\u00edba se destacam em cursos operacionais no Nordeste\"}]},{\"@type\":\"WebSite\",\"@id\":\"https:\/\/www.pm.pb.gov.br\/portal\/#website\",\"url\":\"https:\/\/www.pm.pb.gov.br\/portal\/\",\"name\":\"Pol\u00edcia Militar da Para\u00edba\",\"description\":\"\",\"publisher\":{\"@id\":\"https:\/\/www.pm.pb.gov.br\/portal\/#organization\"},\"potentialAction\":[{\"@type\":\"SearchAction\",\"target\":{\"@type\":\"EntryPoint\",\"urlTemplate\":\"https:\/\/www.pm.pb.gov.br\/portal\/?s={search_term_string}\"},\"query-input\":\"required name=search_term_string\"}],\"inLanguage\":\"pt-BR\"},{\"@type\":\"Organization\",\"@id\":\"https:\/\/www.pm.pb.gov.br\/portal\/#organization\",\"name\":\"Pol\u00edcia Militar da Para\u00edba\",\"url\":\"https:\/\/www.pm.pb.gov.br\/portal\/\",\"logo\":{\"@type\":\"ImageObject\",\"inLanguage\":\"pt-BR\",\"@id\":\"https:\/\/www.pm.pb.gov.br\/portal\/#\/schema\/logo\/image\/\",\"url\":\"https:\/\/www.pm.pb.gov.br\/portal\/wp-content\/uploads\/2025\/03\/cropped-logo-site-mag2-1.png\",\"contentUrl\":\"https:\/\/www.pm.pb.gov.br\/portal\/wp-content\/uploads\/2025\/03\/cropped-logo-site-mag2-1.png\",\"width\":320,\"height\":90,\"caption\":\"Pol\u00edcia Militar da Para\u00edba\"},\"image\":{\"@id\":\"https:\/\/www.pm.pb.gov.br\/portal\/#\/schema\/logo\/image\/\"}},{\"@type\":\"Person\",\"@id\":\"https:\/\/www.pm.pb.gov.br\/portal\/#\/schema\/person\/f84f56dcc78ce4357054da888b8247fd\",\"name\":\"Tarcisio Oliveira\",\"image\":{\"@type\":\"ImageObject\",\"inLanguage\":\"pt-BR\",\"@id\":\"https:\/\/www.pm.pb.gov.br\/portal\/#\/schema\/person\/image\/\",\"url\":\"https:\/\/secure.gravatar.com\/avatar\/72917b630b69d31cd0297507f34bac97?s=96&d=mm&r=g\",\"contentUrl\":\"https:\/\/secure.gravatar.com\/avatar\/72917b630b69d31cd0297507f34bac97?s=96&d=mm&r=g\",\"caption\":\"Tarcisio Oliveira\"},\"url\":\"https:\/\/www.pm.pb.gov.br\/portal\/author\/tarcisio\/\"}]}<\/script>\n<!-- \/ Yoast SEO plugin. -->","yoast_head_json":{"title":"CAPACITA\u00c7\u00c3O: Policiais militares da Para\u00edba se destacam em cursos operacionais no Nordeste - Pol\u00edcia Militar da Para\u00edba","robots":{"index":"index","follow":"follow","max-snippet":"max-snippet:-1","max-image-preview":"max-image-preview:large","max-video-preview":"max-video-preview:-1"},"canonical":"https:\/\/www.pm.pb.gov.br\/portal\/2023\/11\/01\/capacitacao-policiais-militares-da-paraiba-se-destacam-em-cursos-operacionais-no-nordeste\/","og_locale":"pt_BR","og_type":"article","og_title":"CAPACITA\u00c7\u00c3O: Policiais militares da Para\u00edba se destacam em cursos operacionais no Nordeste - Pol\u00edcia Militar da Para\u00edba","og_description":"A Pol\u00edcia Militar segue capacitando seus policiais, dentro e fora da Para\u00edba, para atua\u00e7\u00e3o qualificada na seguran\u00e7a p\u00fablica (foto acima","og_url":"https:\/\/www.pm.pb.gov.br\/portal\/2023\/11\/01\/capacitacao-policiais-militares-da-paraiba-se-destacam-em-cursos-operacionais-no-nordeste\/","og_site_name":"Pol\u00edcia Militar da Para\u00edba","article_published_time":"2023-11-01T23:57:00+00:00","article_modified_time":"2023-11-02T20:07:40+00:00","og_image":[{"width":800,"height":445,"url":"http:\/\/www.pm.pb.gov.br\/portal\/wp-content\/uploads\/2023\/02\/bope.jpeg","type":"image\/jpeg"}],"author":"Tarcisio Oliveira","twitter_card":"summary_large_image","twitter_misc":{"Escrito por":"Tarcisio Oliveira","Est. tempo de leitura":"2 minutos"},"schema":{"@context":"https:\/\/schema.org","@graph":[{"@type":"Article","@id":"https:\/\/www.pm.pb.gov.br\/portal\/2023\/11\/01\/capacitacao-policiais-militares-da-paraiba-se-destacam-em-cursos-operacionais-no-nordeste\/#article","isPartOf":{"@id":"https:\/\/www.pm.pb.gov.br\/portal\/2023\/11\/01\/capacitacao-policiais-militares-da-paraiba-se-destacam-em-cursos-operacionais-no-nordeste\/"},"author":{"name":"Tarcisio Oliveira","@id":"https:\/\/www.pm.pb.gov.br\/portal\/#\/schema\/person\/f84f56dcc78ce4357054da888b8247fd"},"headline":"CAPACITA\u00c7\u00c3O: Policiais militares da Para\u00edba se destacam em cursos operacionais no Nordeste","datePublished":"2023-11-01T23:57:00+00:00","dateModified":"2023-11-02T20:07:40+00:00","mainEntityOfPage":{"@id":"https:\/\/www.pm.pb.gov.br\/portal\/2023\/11\/01\/capacitacao-policiais-militares-da-paraiba-se-destacam-em-cursos-operacionais-no-nordeste\/"},"wordCount":193,"publisher":{"@id":"https:\/\/www.pm.pb.gov.br\/portal\/#organization"},"articleSection":["Cursos"],"inLanguage":"pt-BR"},{"@type":"WebPage","@id":"https:\/\/www.pm.pb.gov.br\/portal\/2023\/11\/01\/capacitacao-policiais-militares-da-paraiba-se-destacam-em-cursos-operacionais-no-nordeste\/","url":"https:\/\/www.pm.pb.gov.br\/portal\/2023\/11\/01\/capacitacao-policiais-militares-da-paraiba-se-destacam-em-cursos-operacionais-no-nordeste\/","name":"CAPACITA\u00c7\u00c3O: Policiais militares da Para\u00edba se destacam em cursos operacionais no Nordeste - Pol\u00edcia Militar da Para\u00edba","isPartOf":{"@id":"https:\/\/www.pm.pb.gov.br\/portal\/#website"},"datePublished":"2023-11-01T23:57:00+00:00","dateModified":"2023-11-02T20:07:40+00:00","breadcrumb":{"@id":"https:\/\/www.pm.pb.gov.br\/portal\/2023\/11\/01\/capacitacao-policiais-militares-da-paraiba-se-destacam-em-cursos-operacionais-no-nordeste\/#breadcrumb"},"inLanguage":"pt-BR","potentialAction":[{"@type":"ReadAction","target":["https:\/\/www.pm.pb.gov.br\/portal\/2023\/11\/01\/capacitacao-policiais-militares-da-paraiba-se-destacam-em-cursos-operacionais-no-nordeste\/"]}]},{"@type":"BreadcrumbList","@id":"https:\/\/www.pm.pb.gov.br\/portal\/2023\/11\/01\/capacitacao-policiais-militares-da-paraiba-se-destacam-em-cursos-operacionais-no-nordeste\/#breadcrumb","itemListElement":[{"@type":"ListItem","position":1,"name":"In\u00edcio","item":"https:\/\/www.pm.pb.gov.br\/portal\/"},{"@type":"ListItem","position":2,"name":"CAPACITA\u00c7\u00c3O: Policiais militares da Para\u00edba se destacam em cursos operacionais no Nordeste"}]},{"@type":"WebSite","@id":"https:\/\/www.pm.pb.gov.br\/portal\/#website","url":"https:\/\/www.pm.pb.gov.br\/portal\/","name":"Pol\u00edcia Militar da Para\u00edba","description":"","publisher":{"@id":"https:\/\/www.pm.pb.gov.br\/portal\/#organization"},"potentialAction":[{"@type":"SearchAction","target":{"@type":"EntryPoint","urlTemplate":"https:\/\/www.pm.pb.gov.br\/portal\/?s={search_term_string}"},"query-input":"required name=search_term_string"}],"inLanguage":"pt-BR"},{"@type":"Organization","@id":"https:\/\/www.pm.pb.gov.br\/portal\/#organization","name":"Pol\u00edcia Militar da Para\u00edba","url":"https:\/\/www.pm.pb.gov.br\/portal\/","logo":{"@type":"ImageObject","inLanguage":"pt-BR","@id":"https:\/\/www.pm.pb.gov.br\/portal\/#\/schema\/logo\/image\/","url":"https:\/\/www.pm.pb.gov.br\/portal\/wp-content\/uploads\/2025\/03\/cropped-logo-site-mag2-1.png","contentUrl":"https:\/\/www.pm.pb.gov.br\/portal\/wp-content\/uploads\/2025\/03\/cropped-logo-site-mag2-1.png","width":320,"height":90,"caption":"Pol\u00edcia Militar da Para\u00edba"},"image":{"@id":"https:\/\/www.pm.pb.gov.br\/portal\/#\/schema\/logo\/image\/"}},{"@type":"Person","@id":"https:\/\/www.pm.pb.gov.br\/portal\/#\/schema\/person\/f84f56dcc78ce4357054da888b8247fd","name":"Tarcisio Oliveira","image":{"@type":"ImageObject","inLanguage":"pt-BR","@id":"https:\/\/www.pm.pb.gov.br\/portal\/#\/schema\/person\/image\/","url":"https:\/\/secure.gravatar.com\/avatar\/72917b630b69d31cd0297507f34bac97?s=96&d=mm&r=g","contentUrl":"https:\/\/secure.gravatar.com\/avatar\/72917b630b69d31cd0297507f34bac97?s=96&d=mm&r=g","caption":"Tarcisio Oliveira"},"url":"https:\/\/www.pm.pb.gov.br\/portal\/author\/tarcisio\/"}]}},"_links":{"self":[{"href":"https:\/\/www.pm.pb.gov.br\/portal\/wp-json\/wp\/v2\/posts\/918901"}],"collection":[{"href":"https:\/\/www.pm.pb.gov.br\/portal\/wp-json\/wp\/v2\/posts"}],"about":[{"href":"https:\/\/www.pm.pb.gov.br\/portal\/wp-json\/wp\/v2\/types\/post"}],"author":[{"embeddable":true,"href":"https:\/\/www.pm.pb.gov.br\/portal\/wp-json\/wp\/v2\/users\/12"}],"replies":[{"embeddable":true,"href":"https:\/\/www.pm.pb.gov.br\/portal\/wp-json\/wp\/v2\/comments?post=918901"}],"version-history":[{"count":2,"href":"https:\/\/www.pm.pb.gov.br\/portal\/wp-json\/wp\/v2\/posts\/918901\/revisions"}],"predecessor-version":[{"id":918906,"href":"https:\/\/www.pm.pb.gov.br\/portal\/wp-json\/wp\/v2\/posts\/918901\/revisions\/918906"}],"wp:featuredmedia":[{"embeddable":true,"href":"https:\/\/www.pm.pb.gov.br\/portal\/wp-json\/wp\/v2\/media\/915678"}],"wp:attachment":[{"href":"https:\/\/www.pm.pb.gov.br\/portal\/wp-json\/wp\/v2\/media?parent=918901"}],"wp:term":[{"taxonomy":"category","embeddable":true,"href":"https:\/\/www.pm.pb.gov.br\/portal\/wp-json\/wp\/v2\/categories?post=918901"},{"taxonomy":"post_tag","embeddable":true,"href":"https:\/\/www.pm.pb.gov.br\/portal\/wp-json\/wp\/v2\/tags?post=918901"}],"curies":[{"name":"wp","href":"https:\/\/api.w.org\/{rel}","templated":true}]}}