{"id":918894,"date":"2023-11-02T14:01:30","date_gmt":"2023-11-02T17:01:30","guid":{"rendered":"https:\/\/www.pm.pb.gov.br\/portal\/?p=918894"},"modified":"2023-11-02T14:02:55","modified_gmt":"2023-11-02T17:02:55","slug":"operacao-eternidade-captura-foragido-que-havia-rompido-tornozeleira-eletronica-ha-quase-um-ano-e-que-estava-com-arma-e-drogas-em-cabedelo","status":"publish","type":"post","link":"https:\/\/www.pm.pb.gov.br\/portal\/2023\/11\/02\/operacao-eternidade-captura-foragido-que-havia-rompido-tornozeleira-eletronica-ha-quase-um-ano-e-que-estava-com-arma-e-drogas-em-cabedelo\/","title":{"rendered":"Opera\u00e7\u00e3o Eternidade captura foragido que havia rompido tornozeleira eletr\u00f4nica h\u00e1 quase um ano, e que estava com arma e drogas em Cabedelo"},"content":{"rendered":"\n<p>O refor\u00e7o policial da Opera\u00e7\u00e3o Eternidade, realizada pela Pol\u00edcia Militar, capturou mais um foragido da Justi\u00e7a que usava tornozeleira eletr\u00f4nica, mas que havia rompido o dispositivo h\u00e1 quase um ano. A pris\u00e3o do acusado aconteceu na manh\u00e3 desta quinta-feira (02), quando ele foi encontrado com arma de fogo e drogas no munic\u00edpio de Cabedelo (foto acima).<\/p>\n<p>O acusado foi preso pelos policiais da 6\u00aa Companhia Independente, unidade que desde ontem (01) j\u00e1 prendeu outros tr\u00eas acusados e tr\u00eas armas de fogo em a\u00e7\u00f5es preventivas da Opera\u00e7\u00e3o. A pris\u00e3o desta quinta resultou em mais um rev\u00f3lver, muni\u00e7\u00f5es e por\u00e7\u00f5es de drogas retirada das ruas. A a\u00e7\u00e3o aconteceu na comunidade Castelinho.<\/p>\n<p>De acordo com a 6\u00aa CIPM, o foragido preso respondia pelos crimes de roubo, tr\u00e1fico de drogas, falsa identidade, recepta\u00e7\u00e3o e usava tornozeleira eletr\u00f4nica quando rompeu o dispositivo em novembro do ano passado.<\/p>\n<p>A ocorr\u00eancia desta quinta foi encaminhada para a Central de Flagrantes para os procedimentos cab\u00edveis.<\/p>\n\n\n","protected":false},"excerpt":{"rendered":"<p>O refor\u00e7o policial da Opera\u00e7\u00e3o Eternidade, realizada pela Pol\u00edcia Militar, capturou mais um foragido da Justi\u00e7a que usava tornozeleira eletr\u00f4nica,<\/p>\n","protected":false},"author":12,"featured_media":918895,"comment_status":"closed","ping_status":"closed","sticky":false,"template":"","format":"standard","meta":{"_exactmetrics_skip_tracking":false,"_exactmetrics_sitenote_active":false,"_exactmetrics_sitenote_note":"","_exactmetrics_sitenote_category":0,"footnotes":""},"categories":[4],"tags":[],"yoast_head":"<!-- This site is optimized with the Yoast SEO plugin v22.0 - https:\/\/yoast.com\/wordpress\/plugins\/seo\/ -->\n<title>Opera\u00e7\u00e3o Eternidade captura foragido que havia rompido tornozeleira eletr\u00f4nica h\u00e1 quase um ano, e que estava com arma e drogas em Cabedelo - Pol\u00edcia Militar da Para\u00edba<\/title>\n<meta name=\"description\" content=\"O foragido preso respondia pelos crimes de roubo, tr\u00e1fico de drogas, falsa identidade e recepta\u00e7\u00e3o\" \/>\n<meta name=\"robots\" content=\"index, follow, max-snippet:-1, max-image-preview:large, max-video-preview:-1\" \/>\n<link rel=\"canonical\" href=\"https:\/\/www.pm.pb.gov.br\/portal\/2023\/11\/02\/operacao-eternidade-captura-foragido-que-havia-rompido-tornozeleira-eletronica-ha-quase-um-ano-e-que-estava-com-arma-e-drogas-em-cabedelo\/\" \/>\n<meta property=\"og:locale\" content=\"pt_BR\" \/>\n<meta property=\"og:type\" content=\"article\" \/>\n<meta property=\"og:title\" content=\"Opera\u00e7\u00e3o Eternidade captura foragido que havia rompido tornozeleira eletr\u00f4nica h\u00e1 quase um ano, e que estava com arma e drogas em Cabedelo - Pol\u00edcia Militar da Para\u00edba\" \/>\n<meta property=\"og:description\" content=\"O foragido preso respondia pelos crimes de roubo, tr\u00e1fico de drogas, falsa identidade e recepta\u00e7\u00e3o\" \/>\n<meta property=\"og:url\" content=\"https:\/\/www.pm.pb.gov.br\/portal\/2023\/11\/02\/operacao-eternidade-captura-foragido-que-havia-rompido-tornozeleira-eletronica-ha-quase-um-ano-e-que-estava-com-arma-e-drogas-em-cabedelo\/\" \/>\n<meta property=\"og:site_name\" content=\"Pol\u00edcia Militar da Para\u00edba\" \/>\n<meta property=\"article:published_time\" content=\"2023-11-02T17:01:30+00:00\" \/>\n<meta property=\"article:modified_time\" content=\"2023-11-02T17:02:55+00:00\" \/>\n<meta property=\"og:image\" content=\"http:\/\/www.pm.pb.gov.br\/portal\/wp-content\/uploads\/2023\/11\/cabedelo1.jpeg\" \/>\n\t<meta property=\"og:image:width\" content=\"800\" \/>\n\t<meta property=\"og:image:height\" content=\"448\" \/>\n\t<meta property=\"og:image:type\" content=\"image\/jpeg\" \/>\n<meta name=\"author\" content=\"Tarcisio Oliveira\" \/>\n<meta name=\"twitter:card\" content=\"summary_large_image\" \/>\n<meta name=\"twitter:label1\" content=\"Escrito por\" \/>\n\t<meta name=\"twitter:data1\" content=\"Tarcisio Oliveira\" \/>\n\t<meta name=\"twitter:label2\" content=\"Est. tempo de leitura\" \/>\n\t<meta name=\"twitter:data2\" content=\"1 minuto\" \/>\n<script type=\"application\/ld+json\" class=\"yoast-schema-graph\">{\"@context\":\"https:\/\/schema.org\",\"@graph\":[{\"@type\":\"Article\",\"@id\":\"https:\/\/www.pm.pb.gov.br\/portal\/2023\/11\/02\/operacao-eternidade-captura-foragido-que-havia-rompido-tornozeleira-eletronica-ha-quase-um-ano-e-que-estava-com-arma-e-drogas-em-cabedelo\/#article\",\"isPartOf\":{\"@id\":\"https:\/\/www.pm.pb.gov.br\/portal\/2023\/11\/02\/operacao-eternidade-captura-foragido-que-havia-rompido-tornozeleira-eletronica-ha-quase-um-ano-e-que-estava-com-arma-e-drogas-em-cabedelo\/\"},\"author\":{\"name\":\"Tarcisio Oliveira\",\"@id\":\"https:\/\/www.pm.pb.gov.br\/portal\/#\/schema\/person\/f84f56dcc78ce4357054da888b8247fd\"},\"headline\":\"Opera\u00e7\u00e3o Eternidade captura foragido que havia rompido tornozeleira eletr\u00f4nica h\u00e1 quase um ano, e que estava com arma e drogas em Cabedelo\",\"datePublished\":\"2023-11-02T17:01:30+00:00\",\"dateModified\":\"2023-11-02T17:02:55+00:00\",\"mainEntityOfPage\":{\"@id\":\"https:\/\/www.pm.pb.gov.br\/portal\/2023\/11\/02\/operacao-eternidade-captura-foragido-que-havia-rompido-tornozeleira-eletronica-ha-quase-um-ano-e-que-estava-com-arma-e-drogas-em-cabedelo\/\"},\"wordCount\":198,\"publisher\":{\"@id\":\"https:\/\/www.pm.pb.gov.br\/portal\/#organization\"},\"articleSection\":[\"A\u00e7\u00f5es Policiais\"],\"inLanguage\":\"pt-BR\"},{\"@type\":\"WebPage\",\"@id\":\"https:\/\/www.pm.pb.gov.br\/portal\/2023\/11\/02\/operacao-eternidade-captura-foragido-que-havia-rompido-tornozeleira-eletronica-ha-quase-um-ano-e-que-estava-com-arma-e-drogas-em-cabedelo\/\",\"url\":\"https:\/\/www.pm.pb.gov.br\/portal\/2023\/11\/02\/operacao-eternidade-captura-foragido-que-havia-rompido-tornozeleira-eletronica-ha-quase-um-ano-e-que-estava-com-arma-e-drogas-em-cabedelo\/\",\"name\":\"Opera\u00e7\u00e3o Eternidade captura foragido que havia rompido tornozeleira eletr\u00f4nica h\u00e1 quase um ano, e que estava com arma e drogas em Cabedelo - Pol\u00edcia Militar da Para\u00edba\",\"isPartOf\":{\"@id\":\"https:\/\/www.pm.pb.gov.br\/portal\/#website\"},\"datePublished\":\"2023-11-02T17:01:30+00:00\",\"dateModified\":\"2023-11-02T17:02:55+00:00\",\"description\":\"O foragido preso respondia pelos crimes de roubo, tr\u00e1fico de drogas, falsa identidade e recepta\u00e7\u00e3o\",\"breadcrumb\":{\"@id\":\"https:\/\/www.pm.pb.gov.br\/portal\/2023\/11\/02\/operacao-eternidade-captura-foragido-que-havia-rompido-tornozeleira-eletronica-ha-quase-um-ano-e-que-estava-com-arma-e-drogas-em-cabedelo\/#breadcrumb\"},\"inLanguage\":\"pt-BR\",\"potentialAction\":[{\"@type\":\"ReadAction\",\"target\":[\"https:\/\/www.pm.pb.gov.br\/portal\/2023\/11\/02\/operacao-eternidade-captura-foragido-que-havia-rompido-tornozeleira-eletronica-ha-quase-um-ano-e-que-estava-com-arma-e-drogas-em-cabedelo\/\"]}]},{\"@type\":\"BreadcrumbList\",\"@id\":\"https:\/\/www.pm.pb.gov.br\/portal\/2023\/11\/02\/operacao-eternidade-captura-foragido-que-havia-rompido-tornozeleira-eletronica-ha-quase-um-ano-e-que-estava-com-arma-e-drogas-em-cabedelo\/#breadcrumb\",\"itemListElement\":[{\"@type\":\"ListItem\",\"position\":1,\"name\":\"In\u00edcio\",\"item\":\"https:\/\/www.pm.pb.gov.br\/portal\/\"},{\"@type\":\"ListItem\",\"position\":2,\"name\":\"Opera\u00e7\u00e3o Eternidade captura foragido que havia rompido tornozeleira eletr\u00f4nica h\u00e1 quase um ano, e que estava com arma e drogas em Cabedelo\"}]},{\"@type\":\"WebSite\",\"@id\":\"https:\/\/www.pm.pb.gov.br\/portal\/#website\",\"url\":\"https:\/\/www.pm.pb.gov.br\/portal\/\",\"name\":\"Pol\u00edcia Militar da Para\u00edba\",\"description\":\"\",\"publisher\":{\"@id\":\"https:\/\/www.pm.pb.gov.br\/portal\/#organization\"},\"potentialAction\":[{\"@type\":\"SearchAction\",\"target\":{\"@type\":\"EntryPoint\",\"urlTemplate\":\"https:\/\/www.pm.pb.gov.br\/portal\/?s={search_term_string}\"},\"query-input\":\"required name=search_term_string\"}],\"inLanguage\":\"pt-BR\"},{\"@type\":\"Organization\",\"@id\":\"https:\/\/www.pm.pb.gov.br\/portal\/#organization\",\"name\":\"Pol\u00edcia Militar da Para\u00edba\",\"url\":\"https:\/\/www.pm.pb.gov.br\/portal\/\",\"logo\":{\"@type\":\"ImageObject\",\"inLanguage\":\"pt-BR\",\"@id\":\"https:\/\/www.pm.pb.gov.br\/portal\/#\/schema\/logo\/image\/\",\"url\":\"https:\/\/www.pm.pb.gov.br\/portal\/wp-content\/uploads\/2025\/03\/cropped-logo-site-mag2-1.png\",\"contentUrl\":\"https:\/\/www.pm.pb.gov.br\/portal\/wp-content\/uploads\/2025\/03\/cropped-logo-site-mag2-1.png\",\"width\":320,\"height\":90,\"caption\":\"Pol\u00edcia Militar da Para\u00edba\"},\"image\":{\"@id\":\"https:\/\/www.pm.pb.gov.br\/portal\/#\/schema\/logo\/image\/\"}},{\"@type\":\"Person\",\"@id\":\"https:\/\/www.pm.pb.gov.br\/portal\/#\/schema\/person\/f84f56dcc78ce4357054da888b8247fd\",\"name\":\"Tarcisio Oliveira\",\"image\":{\"@type\":\"ImageObject\",\"inLanguage\":\"pt-BR\",\"@id\":\"https:\/\/www.pm.pb.gov.br\/portal\/#\/schema\/person\/image\/\",\"url\":\"https:\/\/secure.gravatar.com\/avatar\/72917b630b69d31cd0297507f34bac97?s=96&d=mm&r=g\",\"contentUrl\":\"https:\/\/secure.gravatar.com\/avatar\/72917b630b69d31cd0297507f34bac97?s=96&d=mm&r=g\",\"caption\":\"Tarcisio Oliveira\"},\"url\":\"https:\/\/www.pm.pb.gov.br\/portal\/author\/tarcisio\/\"}]}<\/script>\n<!-- \/ Yoast SEO plugin. -->","yoast_head_json":{"title":"Opera\u00e7\u00e3o Eternidade captura foragido que havia rompido tornozeleira eletr\u00f4nica h\u00e1 quase um ano, e que estava com arma e drogas em Cabedelo - Pol\u00edcia Militar da Para\u00edba","description":"O foragido preso respondia pelos crimes de roubo, tr\u00e1fico de drogas, falsa identidade e recepta\u00e7\u00e3o","robots":{"index":"index","follow":"follow","max-snippet":"max-snippet:-1","max-image-preview":"max-image-preview:large","max-video-preview":"max-video-preview:-1"},"canonical":"https:\/\/www.pm.pb.gov.br\/portal\/2023\/11\/02\/operacao-eternidade-captura-foragido-que-havia-rompido-tornozeleira-eletronica-ha-quase-um-ano-e-que-estava-com-arma-e-drogas-em-cabedelo\/","og_locale":"pt_BR","og_type":"article","og_title":"Opera\u00e7\u00e3o Eternidade captura foragido que havia rompido tornozeleira eletr\u00f4nica h\u00e1 quase um ano, e que estava com arma e drogas em Cabedelo - Pol\u00edcia Militar da Para\u00edba","og_description":"O foragido preso respondia pelos crimes de roubo, tr\u00e1fico de drogas, falsa identidade e recepta\u00e7\u00e3o","og_url":"https:\/\/www.pm.pb.gov.br\/portal\/2023\/11\/02\/operacao-eternidade-captura-foragido-que-havia-rompido-tornozeleira-eletronica-ha-quase-um-ano-e-que-estava-com-arma-e-drogas-em-cabedelo\/","og_site_name":"Pol\u00edcia Militar da Para\u00edba","article_published_time":"2023-11-02T17:01:30+00:00","article_modified_time":"2023-11-02T17:02:55+00:00","og_image":[{"width":800,"height":448,"url":"http:\/\/www.pm.pb.gov.br\/portal\/wp-content\/uploads\/2023\/11\/cabedelo1.jpeg","type":"image\/jpeg"}],"author":"Tarcisio Oliveira","twitter_card":"summary_large_image","twitter_misc":{"Escrito por":"Tarcisio Oliveira","Est. tempo de leitura":"1 minuto"},"schema":{"@context":"https:\/\/schema.org","@graph":[{"@type":"Article","@id":"https:\/\/www.pm.pb.gov.br\/portal\/2023\/11\/02\/operacao-eternidade-captura-foragido-que-havia-rompido-tornozeleira-eletronica-ha-quase-um-ano-e-que-estava-com-arma-e-drogas-em-cabedelo\/#article","isPartOf":{"@id":"https:\/\/www.pm.pb.gov.br\/portal\/2023\/11\/02\/operacao-eternidade-captura-foragido-que-havia-rompido-tornozeleira-eletronica-ha-quase-um-ano-e-que-estava-com-arma-e-drogas-em-cabedelo\/"},"author":{"name":"Tarcisio Oliveira","@id":"https:\/\/www.pm.pb.gov.br\/portal\/#\/schema\/person\/f84f56dcc78ce4357054da888b8247fd"},"headline":"Opera\u00e7\u00e3o Eternidade captura foragido que havia rompido tornozeleira eletr\u00f4nica h\u00e1 quase um ano, e que estava com arma e drogas em Cabedelo","datePublished":"2023-11-02T17:01:30+00:00","dateModified":"2023-11-02T17:02:55+00:00","mainEntityOfPage":{"@id":"https:\/\/www.pm.pb.gov.br\/portal\/2023\/11\/02\/operacao-eternidade-captura-foragido-que-havia-rompido-tornozeleira-eletronica-ha-quase-um-ano-e-que-estava-com-arma-e-drogas-em-cabedelo\/"},"wordCount":198,"publisher":{"@id":"https:\/\/www.pm.pb.gov.br\/portal\/#organization"},"articleSection":["A\u00e7\u00f5es Policiais"],"inLanguage":"pt-BR"},{"@type":"WebPage","@id":"https:\/\/www.pm.pb.gov.br\/portal\/2023\/11\/02\/operacao-eternidade-captura-foragido-que-havia-rompido-tornozeleira-eletronica-ha-quase-um-ano-e-que-estava-com-arma-e-drogas-em-cabedelo\/","url":"https:\/\/www.pm.pb.gov.br\/portal\/2023\/11\/02\/operacao-eternidade-captura-foragido-que-havia-rompido-tornozeleira-eletronica-ha-quase-um-ano-e-que-estava-com-arma-e-drogas-em-cabedelo\/","name":"Opera\u00e7\u00e3o Eternidade captura foragido que havia rompido tornozeleira eletr\u00f4nica h\u00e1 quase um ano, e que estava com arma e drogas em Cabedelo - Pol\u00edcia Militar da Para\u00edba","isPartOf":{"@id":"https:\/\/www.pm.pb.gov.br\/portal\/#website"},"datePublished":"2023-11-02T17:01:30+00:00","dateModified":"2023-11-02T17:02:55+00:00","description":"O foragido preso respondia pelos crimes de roubo, tr\u00e1fico de drogas, falsa identidade e recepta\u00e7\u00e3o","breadcrumb":{"@id":"https:\/\/www.pm.pb.gov.br\/portal\/2023\/11\/02\/operacao-eternidade-captura-foragido-que-havia-rompido-tornozeleira-eletronica-ha-quase-um-ano-e-que-estava-com-arma-e-drogas-em-cabedelo\/#breadcrumb"},"inLanguage":"pt-BR","potentialAction":[{"@type":"ReadAction","target":["https:\/\/www.pm.pb.gov.br\/portal\/2023\/11\/02\/operacao-eternidade-captura-foragido-que-havia-rompido-tornozeleira-eletronica-ha-quase-um-ano-e-que-estava-com-arma-e-drogas-em-cabedelo\/"]}]},{"@type":"BreadcrumbList","@id":"https:\/\/www.pm.pb.gov.br\/portal\/2023\/11\/02\/operacao-eternidade-captura-foragido-que-havia-rompido-tornozeleira-eletronica-ha-quase-um-ano-e-que-estava-com-arma-e-drogas-em-cabedelo\/#breadcrumb","itemListElement":[{"@type":"ListItem","position":1,"name":"In\u00edcio","item":"https:\/\/www.pm.pb.gov.br\/portal\/"},{"@type":"ListItem","position":2,"name":"Opera\u00e7\u00e3o Eternidade captura foragido que havia rompido tornozeleira eletr\u00f4nica h\u00e1 quase um ano, e que estava com arma e drogas em Cabedelo"}]},{"@type":"WebSite","@id":"https:\/\/www.pm.pb.gov.br\/portal\/#website","url":"https:\/\/www.pm.pb.gov.br\/portal\/","name":"Pol\u00edcia Militar da Para\u00edba","description":"","publisher":{"@id":"https:\/\/www.pm.pb.gov.br\/portal\/#organization"},"potentialAction":[{"@type":"SearchAction","target":{"@type":"EntryPoint","urlTemplate":"https:\/\/www.pm.pb.gov.br\/portal\/?s={search_term_string}"},"query-input":"required name=search_term_string"}],"inLanguage":"pt-BR"},{"@type":"Organization","@id":"https:\/\/www.pm.pb.gov.br\/portal\/#organization","name":"Pol\u00edcia Militar da Para\u00edba","url":"https:\/\/www.pm.pb.gov.br\/portal\/","logo":{"@type":"ImageObject","inLanguage":"pt-BR","@id":"https:\/\/www.pm.pb.gov.br\/portal\/#\/schema\/logo\/image\/","url":"https:\/\/www.pm.pb.gov.br\/portal\/wp-content\/uploads\/2025\/03\/cropped-logo-site-mag2-1.png","contentUrl":"https:\/\/www.pm.pb.gov.br\/portal\/wp-content\/uploads\/2025\/03\/cropped-logo-site-mag2-1.png","width":320,"height":90,"caption":"Pol\u00edcia Militar da Para\u00edba"},"image":{"@id":"https:\/\/www.pm.pb.gov.br\/portal\/#\/schema\/logo\/image\/"}},{"@type":"Person","@id":"https:\/\/www.pm.pb.gov.br\/portal\/#\/schema\/person\/f84f56dcc78ce4357054da888b8247fd","name":"Tarcisio Oliveira","image":{"@type":"ImageObject","inLanguage":"pt-BR","@id":"https:\/\/www.pm.pb.gov.br\/portal\/#\/schema\/person\/image\/","url":"https:\/\/secure.gravatar.com\/avatar\/72917b630b69d31cd0297507f34bac97?s=96&d=mm&r=g","contentUrl":"https:\/\/secure.gravatar.com\/avatar\/72917b630b69d31cd0297507f34bac97?s=96&d=mm&r=g","caption":"Tarcisio Oliveira"},"url":"https:\/\/www.pm.pb.gov.br\/portal\/author\/tarcisio\/"}]}},"_links":{"self":[{"href":"https:\/\/www.pm.pb.gov.br\/portal\/wp-json\/wp\/v2\/posts\/918894"}],"collection":[{"href":"https:\/\/www.pm.pb.gov.br\/portal\/wp-json\/wp\/v2\/posts"}],"about":[{"href":"https:\/\/www.pm.pb.gov.br\/portal\/wp-json\/wp\/v2\/types\/post"}],"author":[{"embeddable":true,"href":"https:\/\/www.pm.pb.gov.br\/portal\/wp-json\/wp\/v2\/users\/12"}],"replies":[{"embeddable":true,"href":"https:\/\/www.pm.pb.gov.br\/portal\/wp-json\/wp\/v2\/comments?post=918894"}],"version-history":[{"count":1,"href":"https:\/\/www.pm.pb.gov.br\/portal\/wp-json\/wp\/v2\/posts\/918894\/revisions"}],"predecessor-version":[{"id":918896,"href":"https:\/\/www.pm.pb.gov.br\/portal\/wp-json\/wp\/v2\/posts\/918894\/revisions\/918896"}],"wp:featuredmedia":[{"embeddable":true,"href":"https:\/\/www.pm.pb.gov.br\/portal\/wp-json\/wp\/v2\/media\/918895"}],"wp:attachment":[{"href":"https:\/\/www.pm.pb.gov.br\/portal\/wp-json\/wp\/v2\/media?parent=918894"}],"wp:term":[{"taxonomy":"category","embeddable":true,"href":"https:\/\/www.pm.pb.gov.br\/portal\/wp-json\/wp\/v2\/categories?post=918894"},{"taxonomy":"post_tag","embeddable":true,"href":"https:\/\/www.pm.pb.gov.br\/portal\/wp-json\/wp\/v2\/tags?post=918894"}],"curies":[{"name":"wp","href":"https:\/\/api.w.org\/{rel}","templated":true}]}}