{"id":918886,"date":"2023-11-02T02:38:09","date_gmt":"2023-11-02T05:38:09","guid":{"rendered":"https:\/\/www.pm.pb.gov.br\/portal\/?p=918886"},"modified":"2023-11-02T02:38:11","modified_gmt":"2023-11-02T05:38:11","slug":"trinta-quilos-de-entorpecentes-sao-apreendidos-neste-inicio-de-feriadao-na-paraiba","status":"publish","type":"post","link":"https:\/\/www.pm.pb.gov.br\/portal\/2023\/11\/02\/trinta-quilos-de-entorpecentes-sao-apreendidos-neste-inicio-de-feriadao-na-paraiba\/","title":{"rendered":"Trinta quilos de entorpecentes s\u00e3o apreendidos neste in\u00edcio de feriad\u00e3o na Para\u00edba"},"content":{"rendered":"\n<p>As a\u00e7\u00f5es da Pol\u00edcia Militar neste in\u00edcio de feriad\u00e3o j\u00e1 resultaram na apreens\u00e3o de cerca de 30 quilos de drogas na Para\u00edba. Os entorpecentes estavam com um homem acusado de tr\u00e1fico que foi preso em Campina Grande, na tarde desta \u00faltima quarta-feira (01).<\/p>\n<p>De acordo com o 2\u00ba Esquadr\u00e3o de Opera\u00e7\u00f5es T\u00e1ticas com Apoio de Motocicletas (2\u00ba Eotam), o acusado preso tem 20 anos de idade e foi localizado no bairro do Jardim Paulistano, durante a\u00e7\u00f5es preventivas de rondas e abordagens. Atrav\u00e9s dele a PM chegou at\u00e9 os 30 tabletes e diversas por\u00e7\u00f5es de subst\u00e2ncia semelhante \u00e0 maconha, totalizando mais de 28 quilos de entorpecentes apreendidos, segundo o Eotam.<\/p>\n<p>A ocorr\u00eancia foi apresentada na delegacia para a pesagem oficial das drogas e a devida investiga\u00e7\u00e3o, que dever\u00e1 apurar para onde os entorpecentes seriam distribu\u00eddos.<\/p>\n<p><strong>Opera\u00e7\u00e3o &#8211;<\/strong> Novas a\u00e7\u00f5es preventivas devem ocorrer neste feriad\u00e3o com o refor\u00e7o do policiamento durante a Opera\u00e7\u00e3o Eternidade.<\/p>\n\n\n","protected":false},"excerpt":{"rendered":"<p>As a\u00e7\u00f5es da Pol\u00edcia Militar neste in\u00edcio de feriad\u00e3o j\u00e1 resultaram na apreens\u00e3o de cerca de 30 quilos de drogas<\/p>\n","protected":false},"author":12,"featured_media":918887,"comment_status":"closed","ping_status":"closed","sticky":false,"template":"","format":"standard","meta":{"_exactmetrics_skip_tracking":false,"_exactmetrics_sitenote_active":false,"_exactmetrics_sitenote_note":"","_exactmetrics_sitenote_category":0,"footnotes":""},"categories":[4],"tags":[],"yoast_head":"<!-- This site is optimized with the Yoast SEO plugin v22.0 - https:\/\/yoast.com\/wordpress\/plugins\/seo\/ -->\n<title>Trinta quilos de entorpecentes s\u00e3o apreendidos neste in\u00edcio de feriad\u00e3o na Para\u00edba - Pol\u00edcia Militar da Para\u00edba<\/title>\n<meta name=\"description\" content=\"Os entorpecentes estavam com um homem acusado de tr\u00e1fico que foi preso em Campina Grande. Novas a\u00e7\u00f5es preventivas devem ocorrer neste feriad\u00e3o com o refor\u00e7o do policiamento durante a Opera\u00e7\u00e3o Eternidade.\" \/>\n<meta name=\"robots\" content=\"index, follow, max-snippet:-1, max-image-preview:large, max-video-preview:-1\" \/>\n<link rel=\"canonical\" href=\"https:\/\/www.pm.pb.gov.br\/portal\/2023\/11\/02\/trinta-quilos-de-entorpecentes-sao-apreendidos-neste-inicio-de-feriadao-na-paraiba\/\" \/>\n<meta property=\"og:locale\" content=\"pt_BR\" \/>\n<meta property=\"og:type\" content=\"article\" \/>\n<meta property=\"og:title\" content=\"Trinta quilos de entorpecentes s\u00e3o apreendidos neste in\u00edcio de feriad\u00e3o na Para\u00edba - Pol\u00edcia Militar da Para\u00edba\" \/>\n<meta property=\"og:description\" content=\"Os entorpecentes estavam com um homem acusado de tr\u00e1fico que foi preso em Campina Grande. Novas a\u00e7\u00f5es preventivas devem ocorrer neste feriad\u00e3o com o refor\u00e7o do policiamento durante a Opera\u00e7\u00e3o Eternidade.\" \/>\n<meta property=\"og:url\" content=\"https:\/\/www.pm.pb.gov.br\/portal\/2023\/11\/02\/trinta-quilos-de-entorpecentes-sao-apreendidos-neste-inicio-de-feriadao-na-paraiba\/\" \/>\n<meta property=\"og:site_name\" content=\"Pol\u00edcia Militar da Para\u00edba\" \/>\n<meta property=\"article:published_time\" content=\"2023-11-02T05:38:09+00:00\" \/>\n<meta property=\"article:modified_time\" content=\"2023-11-02T05:38:11+00:00\" \/>\n<meta property=\"og:image\" content=\"http:\/\/www.pm.pb.gov.br\/portal\/wp-content\/uploads\/2023\/11\/2eotam.jpeg\" \/>\n\t<meta property=\"og:image:width\" content=\"947\" \/>\n\t<meta property=\"og:image:height\" content=\"477\" \/>\n\t<meta property=\"og:image:type\" content=\"image\/jpeg\" \/>\n<meta name=\"author\" content=\"Tarcisio Oliveira\" \/>\n<meta name=\"twitter:card\" content=\"summary_large_image\" \/>\n<meta name=\"twitter:label1\" content=\"Escrito por\" \/>\n\t<meta name=\"twitter:data1\" content=\"Tarcisio Oliveira\" \/>\n\t<meta name=\"twitter:label2\" content=\"Est. tempo de leitura\" \/>\n\t<meta name=\"twitter:data2\" content=\"1 minuto\" \/>\n<script type=\"application\/ld+json\" class=\"yoast-schema-graph\">{\"@context\":\"https:\/\/schema.org\",\"@graph\":[{\"@type\":\"Article\",\"@id\":\"https:\/\/www.pm.pb.gov.br\/portal\/2023\/11\/02\/trinta-quilos-de-entorpecentes-sao-apreendidos-neste-inicio-de-feriadao-na-paraiba\/#article\",\"isPartOf\":{\"@id\":\"https:\/\/www.pm.pb.gov.br\/portal\/2023\/11\/02\/trinta-quilos-de-entorpecentes-sao-apreendidos-neste-inicio-de-feriadao-na-paraiba\/\"},\"author\":{\"name\":\"Tarcisio Oliveira\",\"@id\":\"https:\/\/www.pm.pb.gov.br\/portal\/#\/schema\/person\/f84f56dcc78ce4357054da888b8247fd\"},\"headline\":\"Trinta quilos de entorpecentes s\u00e3o apreendidos neste in\u00edcio de feriad\u00e3o na Para\u00edba\",\"datePublished\":\"2023-11-02T05:38:09+00:00\",\"dateModified\":\"2023-11-02T05:38:11+00:00\",\"mainEntityOfPage\":{\"@id\":\"https:\/\/www.pm.pb.gov.br\/portal\/2023\/11\/02\/trinta-quilos-de-entorpecentes-sao-apreendidos-neste-inicio-de-feriadao-na-paraiba\/\"},\"wordCount\":182,\"publisher\":{\"@id\":\"https:\/\/www.pm.pb.gov.br\/portal\/#organization\"},\"articleSection\":[\"A\u00e7\u00f5es Policiais\"],\"inLanguage\":\"pt-BR\"},{\"@type\":\"WebPage\",\"@id\":\"https:\/\/www.pm.pb.gov.br\/portal\/2023\/11\/02\/trinta-quilos-de-entorpecentes-sao-apreendidos-neste-inicio-de-feriadao-na-paraiba\/\",\"url\":\"https:\/\/www.pm.pb.gov.br\/portal\/2023\/11\/02\/trinta-quilos-de-entorpecentes-sao-apreendidos-neste-inicio-de-feriadao-na-paraiba\/\",\"name\":\"Trinta quilos de entorpecentes s\u00e3o apreendidos neste in\u00edcio de feriad\u00e3o na Para\u00edba - Pol\u00edcia Militar da Para\u00edba\",\"isPartOf\":{\"@id\":\"https:\/\/www.pm.pb.gov.br\/portal\/#website\"},\"datePublished\":\"2023-11-02T05:38:09+00:00\",\"dateModified\":\"2023-11-02T05:38:11+00:00\",\"description\":\"Os entorpecentes estavam com um homem acusado de tr\u00e1fico que foi preso em Campina Grande. Novas a\u00e7\u00f5es preventivas devem ocorrer neste feriad\u00e3o com o refor\u00e7o do policiamento durante a Opera\u00e7\u00e3o Eternidade.\",\"breadcrumb\":{\"@id\":\"https:\/\/www.pm.pb.gov.br\/portal\/2023\/11\/02\/trinta-quilos-de-entorpecentes-sao-apreendidos-neste-inicio-de-feriadao-na-paraiba\/#breadcrumb\"},\"inLanguage\":\"pt-BR\",\"potentialAction\":[{\"@type\":\"ReadAction\",\"target\":[\"https:\/\/www.pm.pb.gov.br\/portal\/2023\/11\/02\/trinta-quilos-de-entorpecentes-sao-apreendidos-neste-inicio-de-feriadao-na-paraiba\/\"]}]},{\"@type\":\"BreadcrumbList\",\"@id\":\"https:\/\/www.pm.pb.gov.br\/portal\/2023\/11\/02\/trinta-quilos-de-entorpecentes-sao-apreendidos-neste-inicio-de-feriadao-na-paraiba\/#breadcrumb\",\"itemListElement\":[{\"@type\":\"ListItem\",\"position\":1,\"name\":\"In\u00edcio\",\"item\":\"https:\/\/www.pm.pb.gov.br\/portal\/\"},{\"@type\":\"ListItem\",\"position\":2,\"name\":\"Trinta quilos de entorpecentes s\u00e3o apreendidos neste in\u00edcio de feriad\u00e3o na Para\u00edba\"}]},{\"@type\":\"WebSite\",\"@id\":\"https:\/\/www.pm.pb.gov.br\/portal\/#website\",\"url\":\"https:\/\/www.pm.pb.gov.br\/portal\/\",\"name\":\"Pol\u00edcia Militar da Para\u00edba\",\"description\":\"\",\"publisher\":{\"@id\":\"https:\/\/www.pm.pb.gov.br\/portal\/#organization\"},\"potentialAction\":[{\"@type\":\"SearchAction\",\"target\":{\"@type\":\"EntryPoint\",\"urlTemplate\":\"https:\/\/www.pm.pb.gov.br\/portal\/?s={search_term_string}\"},\"query-input\":\"required name=search_term_string\"}],\"inLanguage\":\"pt-BR\"},{\"@type\":\"Organization\",\"@id\":\"https:\/\/www.pm.pb.gov.br\/portal\/#organization\",\"name\":\"Pol\u00edcia Militar da Para\u00edba\",\"url\":\"https:\/\/www.pm.pb.gov.br\/portal\/\",\"logo\":{\"@type\":\"ImageObject\",\"inLanguage\":\"pt-BR\",\"@id\":\"https:\/\/www.pm.pb.gov.br\/portal\/#\/schema\/logo\/image\/\",\"url\":\"https:\/\/www.pm.pb.gov.br\/portal\/wp-content\/uploads\/2025\/03\/cropped-logo-site-mag2-1.png\",\"contentUrl\":\"https:\/\/www.pm.pb.gov.br\/portal\/wp-content\/uploads\/2025\/03\/cropped-logo-site-mag2-1.png\",\"width\":320,\"height\":90,\"caption\":\"Pol\u00edcia Militar da Para\u00edba\"},\"image\":{\"@id\":\"https:\/\/www.pm.pb.gov.br\/portal\/#\/schema\/logo\/image\/\"}},{\"@type\":\"Person\",\"@id\":\"https:\/\/www.pm.pb.gov.br\/portal\/#\/schema\/person\/f84f56dcc78ce4357054da888b8247fd\",\"name\":\"Tarcisio Oliveira\",\"image\":{\"@type\":\"ImageObject\",\"inLanguage\":\"pt-BR\",\"@id\":\"https:\/\/www.pm.pb.gov.br\/portal\/#\/schema\/person\/image\/\",\"url\":\"https:\/\/secure.gravatar.com\/avatar\/72917b630b69d31cd0297507f34bac97?s=96&d=mm&r=g\",\"contentUrl\":\"https:\/\/secure.gravatar.com\/avatar\/72917b630b69d31cd0297507f34bac97?s=96&d=mm&r=g\",\"caption\":\"Tarcisio Oliveira\"},\"url\":\"https:\/\/www.pm.pb.gov.br\/portal\/author\/tarcisio\/\"}]}<\/script>\n<!-- \/ Yoast SEO plugin. -->","yoast_head_json":{"title":"Trinta quilos de entorpecentes s\u00e3o apreendidos neste in\u00edcio de feriad\u00e3o na Para\u00edba - Pol\u00edcia Militar da Para\u00edba","description":"Os entorpecentes estavam com um homem acusado de tr\u00e1fico que foi preso em Campina Grande. Novas a\u00e7\u00f5es preventivas devem ocorrer neste feriad\u00e3o com o refor\u00e7o do policiamento durante a Opera\u00e7\u00e3o Eternidade.","robots":{"index":"index","follow":"follow","max-snippet":"max-snippet:-1","max-image-preview":"max-image-preview:large","max-video-preview":"max-video-preview:-1"},"canonical":"https:\/\/www.pm.pb.gov.br\/portal\/2023\/11\/02\/trinta-quilos-de-entorpecentes-sao-apreendidos-neste-inicio-de-feriadao-na-paraiba\/","og_locale":"pt_BR","og_type":"article","og_title":"Trinta quilos de entorpecentes s\u00e3o apreendidos neste in\u00edcio de feriad\u00e3o na Para\u00edba - Pol\u00edcia Militar da Para\u00edba","og_description":"Os entorpecentes estavam com um homem acusado de tr\u00e1fico que foi preso em Campina Grande. Novas a\u00e7\u00f5es preventivas devem ocorrer neste feriad\u00e3o com o refor\u00e7o do policiamento durante a Opera\u00e7\u00e3o Eternidade.","og_url":"https:\/\/www.pm.pb.gov.br\/portal\/2023\/11\/02\/trinta-quilos-de-entorpecentes-sao-apreendidos-neste-inicio-de-feriadao-na-paraiba\/","og_site_name":"Pol\u00edcia Militar da Para\u00edba","article_published_time":"2023-11-02T05:38:09+00:00","article_modified_time":"2023-11-02T05:38:11+00:00","og_image":[{"width":947,"height":477,"url":"http:\/\/www.pm.pb.gov.br\/portal\/wp-content\/uploads\/2023\/11\/2eotam.jpeg","type":"image\/jpeg"}],"author":"Tarcisio Oliveira","twitter_card":"summary_large_image","twitter_misc":{"Escrito por":"Tarcisio Oliveira","Est. tempo de leitura":"1 minuto"},"schema":{"@context":"https:\/\/schema.org","@graph":[{"@type":"Article","@id":"https:\/\/www.pm.pb.gov.br\/portal\/2023\/11\/02\/trinta-quilos-de-entorpecentes-sao-apreendidos-neste-inicio-de-feriadao-na-paraiba\/#article","isPartOf":{"@id":"https:\/\/www.pm.pb.gov.br\/portal\/2023\/11\/02\/trinta-quilos-de-entorpecentes-sao-apreendidos-neste-inicio-de-feriadao-na-paraiba\/"},"author":{"name":"Tarcisio Oliveira","@id":"https:\/\/www.pm.pb.gov.br\/portal\/#\/schema\/person\/f84f56dcc78ce4357054da888b8247fd"},"headline":"Trinta quilos de entorpecentes s\u00e3o apreendidos neste in\u00edcio de feriad\u00e3o na Para\u00edba","datePublished":"2023-11-02T05:38:09+00:00","dateModified":"2023-11-02T05:38:11+00:00","mainEntityOfPage":{"@id":"https:\/\/www.pm.pb.gov.br\/portal\/2023\/11\/02\/trinta-quilos-de-entorpecentes-sao-apreendidos-neste-inicio-de-feriadao-na-paraiba\/"},"wordCount":182,"publisher":{"@id":"https:\/\/www.pm.pb.gov.br\/portal\/#organization"},"articleSection":["A\u00e7\u00f5es Policiais"],"inLanguage":"pt-BR"},{"@type":"WebPage","@id":"https:\/\/www.pm.pb.gov.br\/portal\/2023\/11\/02\/trinta-quilos-de-entorpecentes-sao-apreendidos-neste-inicio-de-feriadao-na-paraiba\/","url":"https:\/\/www.pm.pb.gov.br\/portal\/2023\/11\/02\/trinta-quilos-de-entorpecentes-sao-apreendidos-neste-inicio-de-feriadao-na-paraiba\/","name":"Trinta quilos de entorpecentes s\u00e3o apreendidos neste in\u00edcio de feriad\u00e3o na Para\u00edba - Pol\u00edcia Militar da Para\u00edba","isPartOf":{"@id":"https:\/\/www.pm.pb.gov.br\/portal\/#website"},"datePublished":"2023-11-02T05:38:09+00:00","dateModified":"2023-11-02T05:38:11+00:00","description":"Os entorpecentes estavam com um homem acusado de tr\u00e1fico que foi preso em Campina Grande. Novas a\u00e7\u00f5es preventivas devem ocorrer neste feriad\u00e3o com o refor\u00e7o do policiamento durante a Opera\u00e7\u00e3o Eternidade.","breadcrumb":{"@id":"https:\/\/www.pm.pb.gov.br\/portal\/2023\/11\/02\/trinta-quilos-de-entorpecentes-sao-apreendidos-neste-inicio-de-feriadao-na-paraiba\/#breadcrumb"},"inLanguage":"pt-BR","potentialAction":[{"@type":"ReadAction","target":["https:\/\/www.pm.pb.gov.br\/portal\/2023\/11\/02\/trinta-quilos-de-entorpecentes-sao-apreendidos-neste-inicio-de-feriadao-na-paraiba\/"]}]},{"@type":"BreadcrumbList","@id":"https:\/\/www.pm.pb.gov.br\/portal\/2023\/11\/02\/trinta-quilos-de-entorpecentes-sao-apreendidos-neste-inicio-de-feriadao-na-paraiba\/#breadcrumb","itemListElement":[{"@type":"ListItem","position":1,"name":"In\u00edcio","item":"https:\/\/www.pm.pb.gov.br\/portal\/"},{"@type":"ListItem","position":2,"name":"Trinta quilos de entorpecentes s\u00e3o apreendidos neste in\u00edcio de feriad\u00e3o na Para\u00edba"}]},{"@type":"WebSite","@id":"https:\/\/www.pm.pb.gov.br\/portal\/#website","url":"https:\/\/www.pm.pb.gov.br\/portal\/","name":"Pol\u00edcia Militar da Para\u00edba","description":"","publisher":{"@id":"https:\/\/www.pm.pb.gov.br\/portal\/#organization"},"potentialAction":[{"@type":"SearchAction","target":{"@type":"EntryPoint","urlTemplate":"https:\/\/www.pm.pb.gov.br\/portal\/?s={search_term_string}"},"query-input":"required name=search_term_string"}],"inLanguage":"pt-BR"},{"@type":"Organization","@id":"https:\/\/www.pm.pb.gov.br\/portal\/#organization","name":"Pol\u00edcia Militar da Para\u00edba","url":"https:\/\/www.pm.pb.gov.br\/portal\/","logo":{"@type":"ImageObject","inLanguage":"pt-BR","@id":"https:\/\/www.pm.pb.gov.br\/portal\/#\/schema\/logo\/image\/","url":"https:\/\/www.pm.pb.gov.br\/portal\/wp-content\/uploads\/2025\/03\/cropped-logo-site-mag2-1.png","contentUrl":"https:\/\/www.pm.pb.gov.br\/portal\/wp-content\/uploads\/2025\/03\/cropped-logo-site-mag2-1.png","width":320,"height":90,"caption":"Pol\u00edcia Militar da Para\u00edba"},"image":{"@id":"https:\/\/www.pm.pb.gov.br\/portal\/#\/schema\/logo\/image\/"}},{"@type":"Person","@id":"https:\/\/www.pm.pb.gov.br\/portal\/#\/schema\/person\/f84f56dcc78ce4357054da888b8247fd","name":"Tarcisio Oliveira","image":{"@type":"ImageObject","inLanguage":"pt-BR","@id":"https:\/\/www.pm.pb.gov.br\/portal\/#\/schema\/person\/image\/","url":"https:\/\/secure.gravatar.com\/avatar\/72917b630b69d31cd0297507f34bac97?s=96&d=mm&r=g","contentUrl":"https:\/\/secure.gravatar.com\/avatar\/72917b630b69d31cd0297507f34bac97?s=96&d=mm&r=g","caption":"Tarcisio Oliveira"},"url":"https:\/\/www.pm.pb.gov.br\/portal\/author\/tarcisio\/"}]}},"_links":{"self":[{"href":"https:\/\/www.pm.pb.gov.br\/portal\/wp-json\/wp\/v2\/posts\/918886"}],"collection":[{"href":"https:\/\/www.pm.pb.gov.br\/portal\/wp-json\/wp\/v2\/posts"}],"about":[{"href":"https:\/\/www.pm.pb.gov.br\/portal\/wp-json\/wp\/v2\/types\/post"}],"author":[{"embeddable":true,"href":"https:\/\/www.pm.pb.gov.br\/portal\/wp-json\/wp\/v2\/users\/12"}],"replies":[{"embeddable":true,"href":"https:\/\/www.pm.pb.gov.br\/portal\/wp-json\/wp\/v2\/comments?post=918886"}],"version-history":[{"count":1,"href":"https:\/\/www.pm.pb.gov.br\/portal\/wp-json\/wp\/v2\/posts\/918886\/revisions"}],"predecessor-version":[{"id":918888,"href":"https:\/\/www.pm.pb.gov.br\/portal\/wp-json\/wp\/v2\/posts\/918886\/revisions\/918888"}],"wp:featuredmedia":[{"embeddable":true,"href":"https:\/\/www.pm.pb.gov.br\/portal\/wp-json\/wp\/v2\/media\/918887"}],"wp:attachment":[{"href":"https:\/\/www.pm.pb.gov.br\/portal\/wp-json\/wp\/v2\/media?parent=918886"}],"wp:term":[{"taxonomy":"category","embeddable":true,"href":"https:\/\/www.pm.pb.gov.br\/portal\/wp-json\/wp\/v2\/categories?post=918886"},{"taxonomy":"post_tag","embeddable":true,"href":"https:\/\/www.pm.pb.gov.br\/portal\/wp-json\/wp\/v2\/tags?post=918886"}],"curies":[{"name":"wp","href":"https:\/\/api.w.org\/{rel}","templated":true}]}}