{"id":918855,"date":"2023-11-01T07:10:00","date_gmt":"2023-11-01T10:10:00","guid":{"rendered":"https:\/\/www.pm.pb.gov.br\/portal\/?p=918855"},"modified":"2023-11-01T08:21:34","modified_gmt":"2023-11-01T11:21:34","slug":"policias-militar-e-federal-apreendem-mais-de-1-tonelada-de-drogas-no-sertao-da-paraiba","status":"publish","type":"post","link":"https:\/\/www.pm.pb.gov.br\/portal\/2023\/11\/01\/policias-militar-e-federal-apreendem-mais-de-1-tonelada-de-drogas-no-sertao-da-paraiba\/","title":{"rendered":"Pol\u00edcias Militar e Federal apreendem mais de 1 tonelada de drogas no Sert\u00e3o da Para\u00edba"},"content":{"rendered":"\n<p>As Pol\u00edcias Militar e Federal apreenderam mais de 1 tonelada de maconha, coca\u00edna e crack, nessa ter\u00e7a-feira (31), na cidade de Concei\u00e7\u00e3o, no Sert\u00e3o da Para\u00edba. A droga estava sendo transportada em um caminh\u00e3o. Cinco pessoas que estavam no ve\u00edculo foram detidas.<\/p>\n<p>A abordagem foi realizada pela 6\u00aa Companhia do Batalh\u00e3o de Opera\u00e7\u00f5es Especiais (BOPE), ap\u00f3s trabalho investigativo realizado pela Pol\u00edcia Federal. O ve\u00edculo estava fazendo o transporte de 1 tonelada de maconha, 100 kg de coca\u00edna, 40 kg de crack e v\u00e1rios equipamentos eletr\u00f4nicos, a exemplo de computadores, celulares e smartwatches. A continua\u00e7\u00e3o das investiga\u00e7\u00f5es deve apontar a origem e o destino do material.<\/p>\n<p>O caso foi levado para a sede da Pol\u00edcia Federal.<\/p>\n","protected":false},"excerpt":{"rendered":"<p>As Pol\u00edcias Militar e Federal apreenderam mais de 1 tonelada de maconha, coca\u00edna e crack, nessa ter\u00e7a-feira (31), na cidade<\/p>\n","protected":false},"author":5,"featured_media":918856,"comment_status":"closed","ping_status":"closed","sticky":false,"template":"","format":"standard","meta":{"_exactmetrics_skip_tracking":false,"_exactmetrics_sitenote_active":false,"_exactmetrics_sitenote_note":"","_exactmetrics_sitenote_category":0,"footnotes":""},"categories":[4],"tags":[],"yoast_head":"<!-- This site is optimized with the Yoast SEO plugin v22.0 - https:\/\/yoast.com\/wordpress\/plugins\/seo\/ -->\n<title>Pol\u00edcias Militar e Federal apreendem mais de 1 tonelada de drogas no Sert\u00e3o da Para\u00edba - Pol\u00edcia Militar da Para\u00edba<\/title>\n<meta name=\"robots\" content=\"index, follow, max-snippet:-1, max-image-preview:large, max-video-preview:-1\" \/>\n<link rel=\"canonical\" href=\"https:\/\/www.pm.pb.gov.br\/portal\/2023\/11\/01\/policias-militar-e-federal-apreendem-mais-de-1-tonelada-de-drogas-no-sertao-da-paraiba\/\" \/>\n<meta property=\"og:locale\" content=\"pt_BR\" \/>\n<meta property=\"og:type\" content=\"article\" \/>\n<meta property=\"og:title\" content=\"Pol\u00edcias Militar e Federal apreendem mais de 1 tonelada de drogas no Sert\u00e3o da Para\u00edba - Pol\u00edcia Militar da Para\u00edba\" \/>\n<meta property=\"og:description\" content=\"As Pol\u00edcias Militar e Federal apreenderam mais de 1 tonelada de maconha, coca\u00edna e crack, nessa ter\u00e7a-feira (31), na cidade\" \/>\n<meta property=\"og:url\" content=\"https:\/\/www.pm.pb.gov.br\/portal\/2023\/11\/01\/policias-militar-e-federal-apreendem-mais-de-1-tonelada-de-drogas-no-sertao-da-paraiba\/\" \/>\n<meta property=\"og:site_name\" content=\"Pol\u00edcia Militar da Para\u00edba\" \/>\n<meta property=\"article:published_time\" content=\"2023-11-01T10:10:00+00:00\" \/>\n<meta property=\"article:modified_time\" content=\"2023-11-01T11:21:34+00:00\" \/>\n<meta property=\"og:image\" content=\"http:\/\/www.pm.pb.gov.br\/portal\/wp-content\/uploads\/2023\/11\/drogas-1tonelada.jpg\" \/>\n\t<meta property=\"og:image:width\" content=\"800\" \/>\n\t<meta property=\"og:image:height\" content=\"445\" \/>\n\t<meta property=\"og:image:type\" content=\"image\/jpeg\" \/>\n<meta name=\"author\" content=\"Assessoria de Imprensa da PMPB\" \/>\n<meta name=\"twitter:card\" content=\"summary_large_image\" \/>\n<meta name=\"twitter:label1\" content=\"Escrito por\" \/>\n\t<meta name=\"twitter:data1\" content=\"Assessoria de Imprensa da PMPB\" \/>\n\t<meta name=\"twitter:label2\" content=\"Est. tempo de leitura\" \/>\n\t<meta name=\"twitter:data2\" content=\"1 minuto\" \/>\n<script type=\"application\/ld+json\" class=\"yoast-schema-graph\">{\"@context\":\"https:\/\/schema.org\",\"@graph\":[{\"@type\":\"Article\",\"@id\":\"https:\/\/www.pm.pb.gov.br\/portal\/2023\/11\/01\/policias-militar-e-federal-apreendem-mais-de-1-tonelada-de-drogas-no-sertao-da-paraiba\/#article\",\"isPartOf\":{\"@id\":\"https:\/\/www.pm.pb.gov.br\/portal\/2023\/11\/01\/policias-militar-e-federal-apreendem-mais-de-1-tonelada-de-drogas-no-sertao-da-paraiba\/\"},\"author\":{\"name\":\"Assessoria de Imprensa da PMPB\",\"@id\":\"https:\/\/www.pm.pb.gov.br\/portal\/#\/schema\/person\/e8454f46651c3ecf0e1ba3c1666d9947\"},\"headline\":\"Pol\u00edcias Militar e Federal apreendem mais de 1 tonelada de drogas no Sert\u00e3o da Para\u00edba\",\"datePublished\":\"2023-11-01T10:10:00+00:00\",\"dateModified\":\"2023-11-01T11:21:34+00:00\",\"mainEntityOfPage\":{\"@id\":\"https:\/\/www.pm.pb.gov.br\/portal\/2023\/11\/01\/policias-militar-e-federal-apreendem-mais-de-1-tonelada-de-drogas-no-sertao-da-paraiba\/\"},\"wordCount\":145,\"publisher\":{\"@id\":\"https:\/\/www.pm.pb.gov.br\/portal\/#organization\"},\"articleSection\":[\"A\u00e7\u00f5es Policiais\"],\"inLanguage\":\"pt-BR\"},{\"@type\":\"WebPage\",\"@id\":\"https:\/\/www.pm.pb.gov.br\/portal\/2023\/11\/01\/policias-militar-e-federal-apreendem-mais-de-1-tonelada-de-drogas-no-sertao-da-paraiba\/\",\"url\":\"https:\/\/www.pm.pb.gov.br\/portal\/2023\/11\/01\/policias-militar-e-federal-apreendem-mais-de-1-tonelada-de-drogas-no-sertao-da-paraiba\/\",\"name\":\"Pol\u00edcias Militar e Federal apreendem mais de 1 tonelada de drogas no Sert\u00e3o da Para\u00edba - Pol\u00edcia Militar da Para\u00edba\",\"isPartOf\":{\"@id\":\"https:\/\/www.pm.pb.gov.br\/portal\/#website\"},\"datePublished\":\"2023-11-01T10:10:00+00:00\",\"dateModified\":\"2023-11-01T11:21:34+00:00\",\"breadcrumb\":{\"@id\":\"https:\/\/www.pm.pb.gov.br\/portal\/2023\/11\/01\/policias-militar-e-federal-apreendem-mais-de-1-tonelada-de-drogas-no-sertao-da-paraiba\/#breadcrumb\"},\"inLanguage\":\"pt-BR\",\"potentialAction\":[{\"@type\":\"ReadAction\",\"target\":[\"https:\/\/www.pm.pb.gov.br\/portal\/2023\/11\/01\/policias-militar-e-federal-apreendem-mais-de-1-tonelada-de-drogas-no-sertao-da-paraiba\/\"]}]},{\"@type\":\"BreadcrumbList\",\"@id\":\"https:\/\/www.pm.pb.gov.br\/portal\/2023\/11\/01\/policias-militar-e-federal-apreendem-mais-de-1-tonelada-de-drogas-no-sertao-da-paraiba\/#breadcrumb\",\"itemListElement\":[{\"@type\":\"ListItem\",\"position\":1,\"name\":\"In\u00edcio\",\"item\":\"https:\/\/www.pm.pb.gov.br\/portal\/\"},{\"@type\":\"ListItem\",\"position\":2,\"name\":\"Pol\u00edcias Militar e Federal apreendem mais de 1 tonelada de drogas no Sert\u00e3o da Para\u00edba\"}]},{\"@type\":\"WebSite\",\"@id\":\"https:\/\/www.pm.pb.gov.br\/portal\/#website\",\"url\":\"https:\/\/www.pm.pb.gov.br\/portal\/\",\"name\":\"Pol\u00edcia Militar da Para\u00edba\",\"description\":\"\",\"publisher\":{\"@id\":\"https:\/\/www.pm.pb.gov.br\/portal\/#organization\"},\"potentialAction\":[{\"@type\":\"SearchAction\",\"target\":{\"@type\":\"EntryPoint\",\"urlTemplate\":\"https:\/\/www.pm.pb.gov.br\/portal\/?s={search_term_string}\"},\"query-input\":\"required name=search_term_string\"}],\"inLanguage\":\"pt-BR\"},{\"@type\":\"Organization\",\"@id\":\"https:\/\/www.pm.pb.gov.br\/portal\/#organization\",\"name\":\"Pol\u00edcia Militar da Para\u00edba\",\"url\":\"https:\/\/www.pm.pb.gov.br\/portal\/\",\"logo\":{\"@type\":\"ImageObject\",\"inLanguage\":\"pt-BR\",\"@id\":\"https:\/\/www.pm.pb.gov.br\/portal\/#\/schema\/logo\/image\/\",\"url\":\"https:\/\/www.pm.pb.gov.br\/portal\/wp-content\/uploads\/2025\/03\/cropped-logo-site-mag2-1.png\",\"contentUrl\":\"https:\/\/www.pm.pb.gov.br\/portal\/wp-content\/uploads\/2025\/03\/cropped-logo-site-mag2-1.png\",\"width\":320,\"height\":90,\"caption\":\"Pol\u00edcia Militar da Para\u00edba\"},\"image\":{\"@id\":\"https:\/\/www.pm.pb.gov.br\/portal\/#\/schema\/logo\/image\/\"}},{\"@type\":\"Person\",\"@id\":\"https:\/\/www.pm.pb.gov.br\/portal\/#\/schema\/person\/e8454f46651c3ecf0e1ba3c1666d9947\",\"name\":\"Assessoria de Imprensa da PMPB\",\"image\":{\"@type\":\"ImageObject\",\"inLanguage\":\"pt-BR\",\"@id\":\"https:\/\/www.pm.pb.gov.br\/portal\/#\/schema\/person\/image\/\",\"url\":\"https:\/\/secure.gravatar.com\/avatar\/2efe197438265d1e90bd98c4c8e1acf8?s=96&d=mm&r=g\",\"contentUrl\":\"https:\/\/secure.gravatar.com\/avatar\/2efe197438265d1e90bd98c4c8e1acf8?s=96&d=mm&r=g\",\"caption\":\"Assessoria de Imprensa da PMPB\"},\"url\":\"https:\/\/www.pm.pb.gov.br\/portal\/author\/assessoria\/\"}]}<\/script>\n<!-- \/ Yoast SEO plugin. -->","yoast_head_json":{"title":"Pol\u00edcias Militar e Federal apreendem mais de 1 tonelada de drogas no Sert\u00e3o da Para\u00edba - Pol\u00edcia Militar da Para\u00edba","robots":{"index":"index","follow":"follow","max-snippet":"max-snippet:-1","max-image-preview":"max-image-preview:large","max-video-preview":"max-video-preview:-1"},"canonical":"https:\/\/www.pm.pb.gov.br\/portal\/2023\/11\/01\/policias-militar-e-federal-apreendem-mais-de-1-tonelada-de-drogas-no-sertao-da-paraiba\/","og_locale":"pt_BR","og_type":"article","og_title":"Pol\u00edcias Militar e Federal apreendem mais de 1 tonelada de drogas no Sert\u00e3o da Para\u00edba - Pol\u00edcia Militar da Para\u00edba","og_description":"As Pol\u00edcias Militar e Federal apreenderam mais de 1 tonelada de maconha, coca\u00edna e crack, nessa ter\u00e7a-feira (31), na cidade","og_url":"https:\/\/www.pm.pb.gov.br\/portal\/2023\/11\/01\/policias-militar-e-federal-apreendem-mais-de-1-tonelada-de-drogas-no-sertao-da-paraiba\/","og_site_name":"Pol\u00edcia Militar da Para\u00edba","article_published_time":"2023-11-01T10:10:00+00:00","article_modified_time":"2023-11-01T11:21:34+00:00","og_image":[{"width":800,"height":445,"url":"http:\/\/www.pm.pb.gov.br\/portal\/wp-content\/uploads\/2023\/11\/drogas-1tonelada.jpg","type":"image\/jpeg"}],"author":"Assessoria de Imprensa da PMPB","twitter_card":"summary_large_image","twitter_misc":{"Escrito por":"Assessoria de Imprensa da PMPB","Est. tempo de leitura":"1 minuto"},"schema":{"@context":"https:\/\/schema.org","@graph":[{"@type":"Article","@id":"https:\/\/www.pm.pb.gov.br\/portal\/2023\/11\/01\/policias-militar-e-federal-apreendem-mais-de-1-tonelada-de-drogas-no-sertao-da-paraiba\/#article","isPartOf":{"@id":"https:\/\/www.pm.pb.gov.br\/portal\/2023\/11\/01\/policias-militar-e-federal-apreendem-mais-de-1-tonelada-de-drogas-no-sertao-da-paraiba\/"},"author":{"name":"Assessoria de Imprensa da PMPB","@id":"https:\/\/www.pm.pb.gov.br\/portal\/#\/schema\/person\/e8454f46651c3ecf0e1ba3c1666d9947"},"headline":"Pol\u00edcias Militar e Federal apreendem mais de 1 tonelada de drogas no Sert\u00e3o da Para\u00edba","datePublished":"2023-11-01T10:10:00+00:00","dateModified":"2023-11-01T11:21:34+00:00","mainEntityOfPage":{"@id":"https:\/\/www.pm.pb.gov.br\/portal\/2023\/11\/01\/policias-militar-e-federal-apreendem-mais-de-1-tonelada-de-drogas-no-sertao-da-paraiba\/"},"wordCount":145,"publisher":{"@id":"https:\/\/www.pm.pb.gov.br\/portal\/#organization"},"articleSection":["A\u00e7\u00f5es Policiais"],"inLanguage":"pt-BR"},{"@type":"WebPage","@id":"https:\/\/www.pm.pb.gov.br\/portal\/2023\/11\/01\/policias-militar-e-federal-apreendem-mais-de-1-tonelada-de-drogas-no-sertao-da-paraiba\/","url":"https:\/\/www.pm.pb.gov.br\/portal\/2023\/11\/01\/policias-militar-e-federal-apreendem-mais-de-1-tonelada-de-drogas-no-sertao-da-paraiba\/","name":"Pol\u00edcias Militar e Federal apreendem mais de 1 tonelada de drogas no Sert\u00e3o da Para\u00edba - Pol\u00edcia Militar da Para\u00edba","isPartOf":{"@id":"https:\/\/www.pm.pb.gov.br\/portal\/#website"},"datePublished":"2023-11-01T10:10:00+00:00","dateModified":"2023-11-01T11:21:34+00:00","breadcrumb":{"@id":"https:\/\/www.pm.pb.gov.br\/portal\/2023\/11\/01\/policias-militar-e-federal-apreendem-mais-de-1-tonelada-de-drogas-no-sertao-da-paraiba\/#breadcrumb"},"inLanguage":"pt-BR","potentialAction":[{"@type":"ReadAction","target":["https:\/\/www.pm.pb.gov.br\/portal\/2023\/11\/01\/policias-militar-e-federal-apreendem-mais-de-1-tonelada-de-drogas-no-sertao-da-paraiba\/"]}]},{"@type":"BreadcrumbList","@id":"https:\/\/www.pm.pb.gov.br\/portal\/2023\/11\/01\/policias-militar-e-federal-apreendem-mais-de-1-tonelada-de-drogas-no-sertao-da-paraiba\/#breadcrumb","itemListElement":[{"@type":"ListItem","position":1,"name":"In\u00edcio","item":"https:\/\/www.pm.pb.gov.br\/portal\/"},{"@type":"ListItem","position":2,"name":"Pol\u00edcias Militar e Federal apreendem mais de 1 tonelada de drogas no Sert\u00e3o da Para\u00edba"}]},{"@type":"WebSite","@id":"https:\/\/www.pm.pb.gov.br\/portal\/#website","url":"https:\/\/www.pm.pb.gov.br\/portal\/","name":"Pol\u00edcia Militar da Para\u00edba","description":"","publisher":{"@id":"https:\/\/www.pm.pb.gov.br\/portal\/#organization"},"potentialAction":[{"@type":"SearchAction","target":{"@type":"EntryPoint","urlTemplate":"https:\/\/www.pm.pb.gov.br\/portal\/?s={search_term_string}"},"query-input":"required name=search_term_string"}],"inLanguage":"pt-BR"},{"@type":"Organization","@id":"https:\/\/www.pm.pb.gov.br\/portal\/#organization","name":"Pol\u00edcia Militar da Para\u00edba","url":"https:\/\/www.pm.pb.gov.br\/portal\/","logo":{"@type":"ImageObject","inLanguage":"pt-BR","@id":"https:\/\/www.pm.pb.gov.br\/portal\/#\/schema\/logo\/image\/","url":"https:\/\/www.pm.pb.gov.br\/portal\/wp-content\/uploads\/2025\/03\/cropped-logo-site-mag2-1.png","contentUrl":"https:\/\/www.pm.pb.gov.br\/portal\/wp-content\/uploads\/2025\/03\/cropped-logo-site-mag2-1.png","width":320,"height":90,"caption":"Pol\u00edcia Militar da Para\u00edba"},"image":{"@id":"https:\/\/www.pm.pb.gov.br\/portal\/#\/schema\/logo\/image\/"}},{"@type":"Person","@id":"https:\/\/www.pm.pb.gov.br\/portal\/#\/schema\/person\/e8454f46651c3ecf0e1ba3c1666d9947","name":"Assessoria de Imprensa da PMPB","image":{"@type":"ImageObject","inLanguage":"pt-BR","@id":"https:\/\/www.pm.pb.gov.br\/portal\/#\/schema\/person\/image\/","url":"https:\/\/secure.gravatar.com\/avatar\/2efe197438265d1e90bd98c4c8e1acf8?s=96&d=mm&r=g","contentUrl":"https:\/\/secure.gravatar.com\/avatar\/2efe197438265d1e90bd98c4c8e1acf8?s=96&d=mm&r=g","caption":"Assessoria de Imprensa da PMPB"},"url":"https:\/\/www.pm.pb.gov.br\/portal\/author\/assessoria\/"}]}},"_links":{"self":[{"href":"https:\/\/www.pm.pb.gov.br\/portal\/wp-json\/wp\/v2\/posts\/918855"}],"collection":[{"href":"https:\/\/www.pm.pb.gov.br\/portal\/wp-json\/wp\/v2\/posts"}],"about":[{"href":"https:\/\/www.pm.pb.gov.br\/portal\/wp-json\/wp\/v2\/types\/post"}],"author":[{"embeddable":true,"href":"https:\/\/www.pm.pb.gov.br\/portal\/wp-json\/wp\/v2\/users\/5"}],"replies":[{"embeddable":true,"href":"https:\/\/www.pm.pb.gov.br\/portal\/wp-json\/wp\/v2\/comments?post=918855"}],"version-history":[{"count":1,"href":"https:\/\/www.pm.pb.gov.br\/portal\/wp-json\/wp\/v2\/posts\/918855\/revisions"}],"predecessor-version":[{"id":918857,"href":"https:\/\/www.pm.pb.gov.br\/portal\/wp-json\/wp\/v2\/posts\/918855\/revisions\/918857"}],"wp:featuredmedia":[{"embeddable":true,"href":"https:\/\/www.pm.pb.gov.br\/portal\/wp-json\/wp\/v2\/media\/918856"}],"wp:attachment":[{"href":"https:\/\/www.pm.pb.gov.br\/portal\/wp-json\/wp\/v2\/media?parent=918855"}],"wp:term":[{"taxonomy":"category","embeddable":true,"href":"https:\/\/www.pm.pb.gov.br\/portal\/wp-json\/wp\/v2\/categories?post=918855"},{"taxonomy":"post_tag","embeddable":true,"href":"https:\/\/www.pm.pb.gov.br\/portal\/wp-json\/wp\/v2\/tags?post=918855"}],"curies":[{"name":"wp","href":"https:\/\/api.w.org\/{rel}","templated":true}]}}