{"id":918839,"date":"2023-10-30T17:18:00","date_gmt":"2023-10-30T20:18:00","guid":{"rendered":"https:\/\/www.pm.pb.gov.br\/portal\/?p=918839"},"modified":"2023-10-31T00:27:18","modified_gmt":"2023-10-31T03:27:18","slug":"policia-militar-desarticula-grupo-criminoso-e-frustra-novos-crimes-em-comunidades-da-capital","status":"publish","type":"post","link":"https:\/\/www.pm.pb.gov.br\/portal\/2023\/10\/30\/policia-militar-desarticula-grupo-criminoso-e-frustra-novos-crimes-em-comunidades-da-capital\/","title":{"rendered":"Pol\u00edcia Militar desarticula grupo criminoso e frustra novos crimes em comunidades da Capital"},"content":{"rendered":"\n\n\n<p>As a\u00e7\u00f5es da Pol\u00edcia Militar foram respons\u00e1veis pela desarticula\u00e7\u00e3o de um grupo criminoso na regi\u00e3o central de Jo\u00e3o Pessoa, nesta segunda-feira (30). Ao todo, nove pessoas foram presas e quatro armas de fogo foram retiradas de circula\u00e7\u00e3o.<\/p>\n<p>As pris\u00f5es aconteceram nas regi\u00f5es do Porto do Capim, no Varadouro, e Comunidade do S, no Roger, ap\u00f3s intensa troca de tiros. Os acusados foram flagrados pelos policiais do 1\u00b0 Batalh\u00e3o atrav\u00e9s da Radiopatrulha e For\u00e7a T\u00e1tica, e do Regimento de Opera\u00e7\u00f5es T\u00e1ticas com Apoio de Motocicletas (Rotam).<\/p>\n<p>Tr\u00eas pistolas, sendo uma delas com carregador com alta capacidade de muni\u00e7\u00e3o (foto abaixo), al\u00e9m de um rev\u00f3lver, colete bal\u00edstico, celulares, drogas e at\u00e9 um explosivo, foram apreendidos com os acusados (foto acima).<\/p>\n<p><img loading=\"lazy\" decoding=\"async\" class=\"alignnone size-medium wp-image-918841\" src=\"http:\/\/www.pm.pb.gov.br\/portal\/wp-content\/uploads\/2023\/10\/IMG-20231031-WA0005-334x445.jpg\" alt=\"\" width=\"334\" height=\"445\" srcset=\"https:\/\/www.pm.pb.gov.br\/portal\/wp-content\/uploads\/2023\/10\/IMG-20231031-WA0005-334x445.jpg 334w, https:\/\/www.pm.pb.gov.br\/portal\/wp-content\/uploads\/2023\/10\/IMG-20231031-WA0005-428x570.jpg 428w, https:\/\/www.pm.pb.gov.br\/portal\/wp-content\/uploads\/2023\/10\/IMG-20231031-WA0005-768x1024.jpg 768w, https:\/\/www.pm.pb.gov.br\/portal\/wp-content\/uploads\/2023\/10\/IMG-20231031-WA0005-1152x1536.jpg 1152w, https:\/\/www.pm.pb.gov.br\/portal\/wp-content\/uploads\/2023\/10\/IMG-20231031-WA0005.jpg 1200w\" sizes=\"(max-width: 334px) 100vw, 334px\" \/><\/p>\n<p>Toda a ocorr\u00eancia foi encaminhada para a Central de Flagrantes. De acordo com o comando do 1\u00b0 BPM, a a\u00e7\u00e3o da PM pode ter frustrado um ataque entre grupos criminosos. Dos acusados presos, dois receberam atendimento m\u00e9dico.<\/p>\n<p><img loading=\"lazy\" decoding=\"async\" class=\"alignnone size-medium wp-image-918842\" src=\"http:\/\/www.pm.pb.gov.br\/portal\/wp-content\/uploads\/2023\/10\/IMG-20231031-WA0000-791x445.jpg\" alt=\"\" width=\"791\" height=\"445\" srcset=\"https:\/\/www.pm.pb.gov.br\/portal\/wp-content\/uploads\/2023\/10\/IMG-20231031-WA0000-791x445.jpg 791w, https:\/\/www.pm.pb.gov.br\/portal\/wp-content\/uploads\/2023\/10\/IMG-20231031-WA0000-1013x570.jpg 1013w, https:\/\/www.pm.pb.gov.br\/portal\/wp-content\/uploads\/2023\/10\/IMG-20231031-WA0000-768x432.jpg 768w, https:\/\/www.pm.pb.gov.br\/portal\/wp-content\/uploads\/2023\/10\/IMG-20231031-WA0000-1536x864.jpg 1536w, https:\/\/www.pm.pb.gov.br\/portal\/wp-content\/uploads\/2023\/10\/IMG-20231031-WA0000.jpg 1600w\" sizes=\"(max-width: 791px) 100vw, 791px\" \/><\/p>\n","protected":false},"excerpt":{"rendered":"<p>As a\u00e7\u00f5es da Pol\u00edcia Militar foram respons\u00e1veis pela desarticula\u00e7\u00e3o de um grupo criminoso na regi\u00e3o central de Jo\u00e3o Pessoa, nesta<\/p>\n","protected":false},"author":12,"featured_media":918840,"comment_status":"closed","ping_status":"closed","sticky":false,"template":"","format":"standard","meta":{"_exactmetrics_skip_tracking":false,"_exactmetrics_sitenote_active":false,"_exactmetrics_sitenote_note":"","_exactmetrics_sitenote_category":0,"footnotes":""},"categories":[4],"tags":[],"yoast_head":"<!-- This site is optimized with the Yoast SEO plugin v22.0 - https:\/\/yoast.com\/wordpress\/plugins\/seo\/ -->\n<title>Pol\u00edcia Militar desarticula grupo criminoso e frustra novos crimes em comunidades da Capital - Pol\u00edcia Militar da Para\u00edba<\/title>\n<meta name=\"robots\" content=\"index, follow, max-snippet:-1, max-image-preview:large, max-video-preview:-1\" \/>\n<link rel=\"canonical\" href=\"https:\/\/www.pm.pb.gov.br\/portal\/2023\/10\/30\/policia-militar-desarticula-grupo-criminoso-e-frustra-novos-crimes-em-comunidades-da-capital\/\" \/>\n<meta property=\"og:locale\" content=\"pt_BR\" \/>\n<meta property=\"og:type\" content=\"article\" \/>\n<meta property=\"og:title\" content=\"Pol\u00edcia Militar desarticula grupo criminoso e frustra novos crimes em comunidades da Capital - Pol\u00edcia Militar da Para\u00edba\" \/>\n<meta property=\"og:description\" content=\"As a\u00e7\u00f5es da Pol\u00edcia Militar foram respons\u00e1veis pela desarticula\u00e7\u00e3o de um grupo criminoso na regi\u00e3o central de Jo\u00e3o Pessoa, nesta\" \/>\n<meta property=\"og:url\" content=\"https:\/\/www.pm.pb.gov.br\/portal\/2023\/10\/30\/policia-militar-desarticula-grupo-criminoso-e-frustra-novos-crimes-em-comunidades-da-capital\/\" \/>\n<meta property=\"og:site_name\" content=\"Pol\u00edcia Militar da Para\u00edba\" \/>\n<meta property=\"article:published_time\" content=\"2023-10-30T20:18:00+00:00\" \/>\n<meta property=\"article:modified_time\" content=\"2023-10-31T03:27:18+00:00\" \/>\n<meta property=\"og:image\" content=\"http:\/\/www.pm.pb.gov.br\/portal\/wp-content\/uploads\/2023\/10\/20231031_004144.jpg\" \/>\n\t<meta property=\"og:image:width\" content=\"1280\" \/>\n\t<meta property=\"og:image:height\" content=\"715\" \/>\n\t<meta property=\"og:image:type\" content=\"image\/jpeg\" \/>\n<meta name=\"author\" content=\"Tarcisio Oliveira\" \/>\n<meta name=\"twitter:card\" content=\"summary_large_image\" \/>\n<meta name=\"twitter:label1\" content=\"Escrito por\" \/>\n\t<meta name=\"twitter:data1\" content=\"Tarcisio Oliveira\" \/>\n\t<meta name=\"twitter:label2\" content=\"Est. tempo de leitura\" \/>\n\t<meta name=\"twitter:data2\" content=\"2 minutos\" \/>\n<script type=\"application\/ld+json\" class=\"yoast-schema-graph\">{\"@context\":\"https:\/\/schema.org\",\"@graph\":[{\"@type\":\"Article\",\"@id\":\"https:\/\/www.pm.pb.gov.br\/portal\/2023\/10\/30\/policia-militar-desarticula-grupo-criminoso-e-frustra-novos-crimes-em-comunidades-da-capital\/#article\",\"isPartOf\":{\"@id\":\"https:\/\/www.pm.pb.gov.br\/portal\/2023\/10\/30\/policia-militar-desarticula-grupo-criminoso-e-frustra-novos-crimes-em-comunidades-da-capital\/\"},\"author\":{\"name\":\"Tarcisio Oliveira\",\"@id\":\"https:\/\/www.pm.pb.gov.br\/portal\/#\/schema\/person\/f84f56dcc78ce4357054da888b8247fd\"},\"headline\":\"Pol\u00edcia Militar desarticula grupo criminoso e frustra novos crimes em comunidades da Capital\",\"datePublished\":\"2023-10-30T20:18:00+00:00\",\"dateModified\":\"2023-10-31T03:27:18+00:00\",\"mainEntityOfPage\":{\"@id\":\"https:\/\/www.pm.pb.gov.br\/portal\/2023\/10\/30\/policia-militar-desarticula-grupo-criminoso-e-frustra-novos-crimes-em-comunidades-da-capital\/\"},\"wordCount\":190,\"publisher\":{\"@id\":\"https:\/\/www.pm.pb.gov.br\/portal\/#organization\"},\"articleSection\":[\"A\u00e7\u00f5es Policiais\"],\"inLanguage\":\"pt-BR\"},{\"@type\":\"WebPage\",\"@id\":\"https:\/\/www.pm.pb.gov.br\/portal\/2023\/10\/30\/policia-militar-desarticula-grupo-criminoso-e-frustra-novos-crimes-em-comunidades-da-capital\/\",\"url\":\"https:\/\/www.pm.pb.gov.br\/portal\/2023\/10\/30\/policia-militar-desarticula-grupo-criminoso-e-frustra-novos-crimes-em-comunidades-da-capital\/\",\"name\":\"Pol\u00edcia Militar desarticula grupo criminoso e frustra novos crimes em comunidades da Capital - Pol\u00edcia Militar da Para\u00edba\",\"isPartOf\":{\"@id\":\"https:\/\/www.pm.pb.gov.br\/portal\/#website\"},\"datePublished\":\"2023-10-30T20:18:00+00:00\",\"dateModified\":\"2023-10-31T03:27:18+00:00\",\"breadcrumb\":{\"@id\":\"https:\/\/www.pm.pb.gov.br\/portal\/2023\/10\/30\/policia-militar-desarticula-grupo-criminoso-e-frustra-novos-crimes-em-comunidades-da-capital\/#breadcrumb\"},\"inLanguage\":\"pt-BR\",\"potentialAction\":[{\"@type\":\"ReadAction\",\"target\":[\"https:\/\/www.pm.pb.gov.br\/portal\/2023\/10\/30\/policia-militar-desarticula-grupo-criminoso-e-frustra-novos-crimes-em-comunidades-da-capital\/\"]}]},{\"@type\":\"BreadcrumbList\",\"@id\":\"https:\/\/www.pm.pb.gov.br\/portal\/2023\/10\/30\/policia-militar-desarticula-grupo-criminoso-e-frustra-novos-crimes-em-comunidades-da-capital\/#breadcrumb\",\"itemListElement\":[{\"@type\":\"ListItem\",\"position\":1,\"name\":\"In\u00edcio\",\"item\":\"https:\/\/www.pm.pb.gov.br\/portal\/\"},{\"@type\":\"ListItem\",\"position\":2,\"name\":\"Pol\u00edcia Militar desarticula grupo criminoso e frustra novos crimes em comunidades da Capital\"}]},{\"@type\":\"WebSite\",\"@id\":\"https:\/\/www.pm.pb.gov.br\/portal\/#website\",\"url\":\"https:\/\/www.pm.pb.gov.br\/portal\/\",\"name\":\"Pol\u00edcia Militar da Para\u00edba\",\"description\":\"\",\"publisher\":{\"@id\":\"https:\/\/www.pm.pb.gov.br\/portal\/#organization\"},\"potentialAction\":[{\"@type\":\"SearchAction\",\"target\":{\"@type\":\"EntryPoint\",\"urlTemplate\":\"https:\/\/www.pm.pb.gov.br\/portal\/?s={search_term_string}\"},\"query-input\":\"required name=search_term_string\"}],\"inLanguage\":\"pt-BR\"},{\"@type\":\"Organization\",\"@id\":\"https:\/\/www.pm.pb.gov.br\/portal\/#organization\",\"name\":\"Pol\u00edcia Militar da Para\u00edba\",\"url\":\"https:\/\/www.pm.pb.gov.br\/portal\/\",\"logo\":{\"@type\":\"ImageObject\",\"inLanguage\":\"pt-BR\",\"@id\":\"https:\/\/www.pm.pb.gov.br\/portal\/#\/schema\/logo\/image\/\",\"url\":\"https:\/\/www.pm.pb.gov.br\/portal\/wp-content\/uploads\/2025\/03\/cropped-logo-site-mag2-1.png\",\"contentUrl\":\"https:\/\/www.pm.pb.gov.br\/portal\/wp-content\/uploads\/2025\/03\/cropped-logo-site-mag2-1.png\",\"width\":320,\"height\":90,\"caption\":\"Pol\u00edcia Militar da Para\u00edba\"},\"image\":{\"@id\":\"https:\/\/www.pm.pb.gov.br\/portal\/#\/schema\/logo\/image\/\"}},{\"@type\":\"Person\",\"@id\":\"https:\/\/www.pm.pb.gov.br\/portal\/#\/schema\/person\/f84f56dcc78ce4357054da888b8247fd\",\"name\":\"Tarcisio Oliveira\",\"image\":{\"@type\":\"ImageObject\",\"inLanguage\":\"pt-BR\",\"@id\":\"https:\/\/www.pm.pb.gov.br\/portal\/#\/schema\/person\/image\/\",\"url\":\"https:\/\/secure.gravatar.com\/avatar\/72917b630b69d31cd0297507f34bac97?s=96&d=mm&r=g\",\"contentUrl\":\"https:\/\/secure.gravatar.com\/avatar\/72917b630b69d31cd0297507f34bac97?s=96&d=mm&r=g\",\"caption\":\"Tarcisio Oliveira\"},\"url\":\"https:\/\/www.pm.pb.gov.br\/portal\/author\/tarcisio\/\"}]}<\/script>\n<!-- \/ Yoast SEO plugin. -->","yoast_head_json":{"title":"Pol\u00edcia Militar desarticula grupo criminoso e frustra novos crimes em comunidades da Capital - Pol\u00edcia Militar da Para\u00edba","robots":{"index":"index","follow":"follow","max-snippet":"max-snippet:-1","max-image-preview":"max-image-preview:large","max-video-preview":"max-video-preview:-1"},"canonical":"https:\/\/www.pm.pb.gov.br\/portal\/2023\/10\/30\/policia-militar-desarticula-grupo-criminoso-e-frustra-novos-crimes-em-comunidades-da-capital\/","og_locale":"pt_BR","og_type":"article","og_title":"Pol\u00edcia Militar desarticula grupo criminoso e frustra novos crimes em comunidades da Capital - Pol\u00edcia Militar da Para\u00edba","og_description":"As a\u00e7\u00f5es da Pol\u00edcia Militar foram respons\u00e1veis pela desarticula\u00e7\u00e3o de um grupo criminoso na regi\u00e3o central de Jo\u00e3o Pessoa, nesta","og_url":"https:\/\/www.pm.pb.gov.br\/portal\/2023\/10\/30\/policia-militar-desarticula-grupo-criminoso-e-frustra-novos-crimes-em-comunidades-da-capital\/","og_site_name":"Pol\u00edcia Militar da Para\u00edba","article_published_time":"2023-10-30T20:18:00+00:00","article_modified_time":"2023-10-31T03:27:18+00:00","og_image":[{"width":1280,"height":715,"url":"http:\/\/www.pm.pb.gov.br\/portal\/wp-content\/uploads\/2023\/10\/20231031_004144.jpg","type":"image\/jpeg"}],"author":"Tarcisio Oliveira","twitter_card":"summary_large_image","twitter_misc":{"Escrito por":"Tarcisio Oliveira","Est. tempo de leitura":"2 minutos"},"schema":{"@context":"https:\/\/schema.org","@graph":[{"@type":"Article","@id":"https:\/\/www.pm.pb.gov.br\/portal\/2023\/10\/30\/policia-militar-desarticula-grupo-criminoso-e-frustra-novos-crimes-em-comunidades-da-capital\/#article","isPartOf":{"@id":"https:\/\/www.pm.pb.gov.br\/portal\/2023\/10\/30\/policia-militar-desarticula-grupo-criminoso-e-frustra-novos-crimes-em-comunidades-da-capital\/"},"author":{"name":"Tarcisio Oliveira","@id":"https:\/\/www.pm.pb.gov.br\/portal\/#\/schema\/person\/f84f56dcc78ce4357054da888b8247fd"},"headline":"Pol\u00edcia Militar desarticula grupo criminoso e frustra novos crimes em comunidades da Capital","datePublished":"2023-10-30T20:18:00+00:00","dateModified":"2023-10-31T03:27:18+00:00","mainEntityOfPage":{"@id":"https:\/\/www.pm.pb.gov.br\/portal\/2023\/10\/30\/policia-militar-desarticula-grupo-criminoso-e-frustra-novos-crimes-em-comunidades-da-capital\/"},"wordCount":190,"publisher":{"@id":"https:\/\/www.pm.pb.gov.br\/portal\/#organization"},"articleSection":["A\u00e7\u00f5es Policiais"],"inLanguage":"pt-BR"},{"@type":"WebPage","@id":"https:\/\/www.pm.pb.gov.br\/portal\/2023\/10\/30\/policia-militar-desarticula-grupo-criminoso-e-frustra-novos-crimes-em-comunidades-da-capital\/","url":"https:\/\/www.pm.pb.gov.br\/portal\/2023\/10\/30\/policia-militar-desarticula-grupo-criminoso-e-frustra-novos-crimes-em-comunidades-da-capital\/","name":"Pol\u00edcia Militar desarticula grupo criminoso e frustra novos crimes em comunidades da Capital - Pol\u00edcia Militar da Para\u00edba","isPartOf":{"@id":"https:\/\/www.pm.pb.gov.br\/portal\/#website"},"datePublished":"2023-10-30T20:18:00+00:00","dateModified":"2023-10-31T03:27:18+00:00","breadcrumb":{"@id":"https:\/\/www.pm.pb.gov.br\/portal\/2023\/10\/30\/policia-militar-desarticula-grupo-criminoso-e-frustra-novos-crimes-em-comunidades-da-capital\/#breadcrumb"},"inLanguage":"pt-BR","potentialAction":[{"@type":"ReadAction","target":["https:\/\/www.pm.pb.gov.br\/portal\/2023\/10\/30\/policia-militar-desarticula-grupo-criminoso-e-frustra-novos-crimes-em-comunidades-da-capital\/"]}]},{"@type":"BreadcrumbList","@id":"https:\/\/www.pm.pb.gov.br\/portal\/2023\/10\/30\/policia-militar-desarticula-grupo-criminoso-e-frustra-novos-crimes-em-comunidades-da-capital\/#breadcrumb","itemListElement":[{"@type":"ListItem","position":1,"name":"In\u00edcio","item":"https:\/\/www.pm.pb.gov.br\/portal\/"},{"@type":"ListItem","position":2,"name":"Pol\u00edcia Militar desarticula grupo criminoso e frustra novos crimes em comunidades da Capital"}]},{"@type":"WebSite","@id":"https:\/\/www.pm.pb.gov.br\/portal\/#website","url":"https:\/\/www.pm.pb.gov.br\/portal\/","name":"Pol\u00edcia Militar da Para\u00edba","description":"","publisher":{"@id":"https:\/\/www.pm.pb.gov.br\/portal\/#organization"},"potentialAction":[{"@type":"SearchAction","target":{"@type":"EntryPoint","urlTemplate":"https:\/\/www.pm.pb.gov.br\/portal\/?s={search_term_string}"},"query-input":"required name=search_term_string"}],"inLanguage":"pt-BR"},{"@type":"Organization","@id":"https:\/\/www.pm.pb.gov.br\/portal\/#organization","name":"Pol\u00edcia Militar da Para\u00edba","url":"https:\/\/www.pm.pb.gov.br\/portal\/","logo":{"@type":"ImageObject","inLanguage":"pt-BR","@id":"https:\/\/www.pm.pb.gov.br\/portal\/#\/schema\/logo\/image\/","url":"https:\/\/www.pm.pb.gov.br\/portal\/wp-content\/uploads\/2025\/03\/cropped-logo-site-mag2-1.png","contentUrl":"https:\/\/www.pm.pb.gov.br\/portal\/wp-content\/uploads\/2025\/03\/cropped-logo-site-mag2-1.png","width":320,"height":90,"caption":"Pol\u00edcia Militar da Para\u00edba"},"image":{"@id":"https:\/\/www.pm.pb.gov.br\/portal\/#\/schema\/logo\/image\/"}},{"@type":"Person","@id":"https:\/\/www.pm.pb.gov.br\/portal\/#\/schema\/person\/f84f56dcc78ce4357054da888b8247fd","name":"Tarcisio Oliveira","image":{"@type":"ImageObject","inLanguage":"pt-BR","@id":"https:\/\/www.pm.pb.gov.br\/portal\/#\/schema\/person\/image\/","url":"https:\/\/secure.gravatar.com\/avatar\/72917b630b69d31cd0297507f34bac97?s=96&d=mm&r=g","contentUrl":"https:\/\/secure.gravatar.com\/avatar\/72917b630b69d31cd0297507f34bac97?s=96&d=mm&r=g","caption":"Tarcisio Oliveira"},"url":"https:\/\/www.pm.pb.gov.br\/portal\/author\/tarcisio\/"}]}},"_links":{"self":[{"href":"https:\/\/www.pm.pb.gov.br\/portal\/wp-json\/wp\/v2\/posts\/918839"}],"collection":[{"href":"https:\/\/www.pm.pb.gov.br\/portal\/wp-json\/wp\/v2\/posts"}],"about":[{"href":"https:\/\/www.pm.pb.gov.br\/portal\/wp-json\/wp\/v2\/types\/post"}],"author":[{"embeddable":true,"href":"https:\/\/www.pm.pb.gov.br\/portal\/wp-json\/wp\/v2\/users\/12"}],"replies":[{"embeddable":true,"href":"https:\/\/www.pm.pb.gov.br\/portal\/wp-json\/wp\/v2\/comments?post=918839"}],"version-history":[{"count":1,"href":"https:\/\/www.pm.pb.gov.br\/portal\/wp-json\/wp\/v2\/posts\/918839\/revisions"}],"predecessor-version":[{"id":918843,"href":"https:\/\/www.pm.pb.gov.br\/portal\/wp-json\/wp\/v2\/posts\/918839\/revisions\/918843"}],"wp:featuredmedia":[{"embeddable":true,"href":"https:\/\/www.pm.pb.gov.br\/portal\/wp-json\/wp\/v2\/media\/918840"}],"wp:attachment":[{"href":"https:\/\/www.pm.pb.gov.br\/portal\/wp-json\/wp\/v2\/media?parent=918839"}],"wp:term":[{"taxonomy":"category","embeddable":true,"href":"https:\/\/www.pm.pb.gov.br\/portal\/wp-json\/wp\/v2\/categories?post=918839"},{"taxonomy":"post_tag","embeddable":true,"href":"https:\/\/www.pm.pb.gov.br\/portal\/wp-json\/wp\/v2\/tags?post=918839"}],"curies":[{"name":"wp","href":"https:\/\/api.w.org\/{rel}","templated":true}]}}