{"id":918815,"date":"2023-10-29T15:12:00","date_gmt":"2023-10-29T18:12:00","guid":{"rendered":"https:\/\/www.pm.pb.gov.br\/portal\/?p=918815"},"modified":"2023-10-29T18:36:37","modified_gmt":"2023-10-29T21:36:37","slug":"com-apoio-da-cpcaes-forcas-de-seguranca-apreendem-drogas-em-onibus-na-paraiba","status":"publish","type":"post","link":"https:\/\/www.pm.pb.gov.br\/portal\/2023\/10\/29\/com-apoio-da-cpcaes-forcas-de-seguranca-apreendem-drogas-em-onibus-na-paraiba\/","title":{"rendered":"Com apoio da CPC\u00e3es, For\u00e7as de Seguran\u00e7a apreendem drogas e arma em \u00f4nibus, na Para\u00edba"},"content":{"rendered":"\n\n\n<p>Com apoio da Companhia de Policiamento com C\u00e3es (CPC\u00e3es), da Pol\u00edcia Militar, as For\u00e7as de Seguran\u00e7a interceptaram uma carga de drogas que estava sendo transportada em um \u00f4nibus com rota interestadual, na Para\u00edba. A a\u00e7\u00e3o aconteceu na madrugada deste domingo (29) na cidade de Queimadas. Cerca de sete quilos de subst\u00e2ncia semelhante \u00e0 maconha foram apreendidos em uma a\u00e7\u00e3o conjunta da Pol\u00edcia Civil com a PM.<\/p>\n<p>De acordo com o comando da CPC\u00e3es, as drogas estavam sendo transportadas perto do motor do \u00f4nibus, e estavam bem embaladas, o que dificultava serem identificadas pelas Pol\u00edcias. \u201cA partir do faro do c\u00e3o Khronus e da cadela D\u00f4ra, do canil setorial de Campina Grande, as pol\u00edcias localizaram os entorpecentes\u201d, explicou o capit\u00e3o Sobral, comandante da CPC\u00e3es.<\/p>\n<p><img loading=\"lazy\" decoding=\"async\" class=\" wp-image-918818 aligncenter\" src=\"http:\/\/www.pm.pb.gov.br\/portal\/wp-content\/uploads\/2023\/10\/canil5.jpeg\" alt=\"\" width=\"666\" height=\"370\" srcset=\"https:\/\/www.pm.pb.gov.br\/portal\/wp-content\/uploads\/2023\/10\/canil5.jpeg 800w, https:\/\/www.pm.pb.gov.br\/portal\/wp-content\/uploads\/2023\/10\/canil5-245x136.jpeg 245w, https:\/\/www.pm.pb.gov.br\/portal\/wp-content\/uploads\/2023\/10\/canil5-768x427.jpeg 768w\" sizes=\"(max-width: 666px) 100vw, 666px\" \/><\/p>\n<p>O apoio do Canil atendeu a uma solicita\u00e7\u00e3o da Delegacia de Repress\u00e3o a Entorpecentes (DRE), e os tabeles de drogas encontrados foram encaminhados para a Pol\u00edcia Civil para a devida investiga\u00e7\u00e3o. Uma pistola tamb\u00e9m foi apreendida pelas For\u00e7as de Seguran\u00e7a.<\/p>\n<p><img loading=\"lazy\" decoding=\"async\" class=\" wp-image-918817 aligncenter\" src=\"http:\/\/www.pm.pb.gov.br\/portal\/wp-content\/uploads\/2023\/10\/canil2-640x445.jpeg\" alt=\"\" width=\"557\" height=\"387\" srcset=\"https:\/\/www.pm.pb.gov.br\/portal\/wp-content\/uploads\/2023\/10\/canil2-640x445.jpeg 640w, https:\/\/www.pm.pb.gov.br\/portal\/wp-content\/uploads\/2023\/10\/canil2-819x570.jpeg 819w, https:\/\/www.pm.pb.gov.br\/portal\/wp-content\/uploads\/2023\/10\/canil2-768x534.jpeg 768w, https:\/\/www.pm.pb.gov.br\/portal\/wp-content\/uploads\/2023\/10\/canil2-392x272.jpeg 392w, https:\/\/www.pm.pb.gov.br\/portal\/wp-content\/uploads\/2023\/10\/canil2-130x90.jpeg 130w, https:\/\/www.pm.pb.gov.br\/portal\/wp-content\/uploads\/2023\/10\/canil2.jpeg 828w\" sizes=\"(max-width: 557px) 100vw, 557px\" \/><\/p>\n<p>A Companhia de Policiamento com C\u00e3es pertence ao Batalh\u00e3o de Opera\u00e7\u00f5es Policiais Especiais (Bope), da PM.<\/p>\n<p><em>Atualizado \u00e0s 18h56.<\/em><\/p>\n","protected":false},"excerpt":{"rendered":"<p>Com apoio da Companhia de Policiamento com C\u00e3es (CPC\u00e3es), da Pol\u00edcia Militar, as For\u00e7as de Seguran\u00e7a interceptaram uma carga de<\/p>\n","protected":false},"author":12,"featured_media":918816,"comment_status":"closed","ping_status":"closed","sticky":false,"template":"","format":"standard","meta":{"_exactmetrics_skip_tracking":false,"_exactmetrics_sitenote_active":false,"_exactmetrics_sitenote_note":"","_exactmetrics_sitenote_category":0,"footnotes":""},"categories":[4],"tags":[],"yoast_head":"<!-- This site is optimized with the Yoast SEO plugin v22.0 - https:\/\/yoast.com\/wordpress\/plugins\/seo\/ -->\n<title>Com apoio da CPC\u00e3es, For\u00e7as de Seguran\u00e7a apreendem drogas e arma em \u00f4nibus, na Para\u00edba - Pol\u00edcia Militar da Para\u00edba<\/title>\n<meta name=\"robots\" content=\"index, follow, max-snippet:-1, max-image-preview:large, max-video-preview:-1\" \/>\n<link rel=\"canonical\" href=\"https:\/\/www.pm.pb.gov.br\/portal\/2023\/10\/29\/com-apoio-da-cpcaes-forcas-de-seguranca-apreendem-drogas-em-onibus-na-paraiba\/\" \/>\n<meta property=\"og:locale\" content=\"pt_BR\" \/>\n<meta property=\"og:type\" content=\"article\" \/>\n<meta property=\"og:title\" content=\"Com apoio da CPC\u00e3es, For\u00e7as de Seguran\u00e7a apreendem drogas e arma em \u00f4nibus, na Para\u00edba - Pol\u00edcia Militar da Para\u00edba\" \/>\n<meta property=\"og:description\" content=\"Com apoio da Companhia de Policiamento com C\u00e3es (CPC\u00e3es), da Pol\u00edcia Militar, as For\u00e7as de Seguran\u00e7a interceptaram uma carga de\" \/>\n<meta property=\"og:url\" content=\"https:\/\/www.pm.pb.gov.br\/portal\/2023\/10\/29\/com-apoio-da-cpcaes-forcas-de-seguranca-apreendem-drogas-em-onibus-na-paraiba\/\" \/>\n<meta property=\"og:site_name\" content=\"Pol\u00edcia Militar da Para\u00edba\" \/>\n<meta property=\"article:published_time\" content=\"2023-10-29T18:12:00+00:00\" \/>\n<meta property=\"article:modified_time\" content=\"2023-10-29T21:36:37+00:00\" \/>\n<meta property=\"og:image\" content=\"http:\/\/www.pm.pb.gov.br\/portal\/wp-content\/uploads\/2023\/10\/canil.jpeg\" \/>\n\t<meta property=\"og:image:width\" content=\"800\" \/>\n\t<meta property=\"og:image:height\" content=\"445\" \/>\n\t<meta property=\"og:image:type\" content=\"image\/jpeg\" \/>\n<meta name=\"author\" content=\"Tarcisio Oliveira\" \/>\n<meta name=\"twitter:card\" content=\"summary_large_image\" \/>\n<meta name=\"twitter:label1\" content=\"Escrito por\" \/>\n\t<meta name=\"twitter:data1\" content=\"Tarcisio Oliveira\" \/>\n\t<meta name=\"twitter:label2\" content=\"Est. tempo de leitura\" \/>\n\t<meta name=\"twitter:data2\" content=\"2 minutos\" \/>\n<script type=\"application\/ld+json\" class=\"yoast-schema-graph\">{\"@context\":\"https:\/\/schema.org\",\"@graph\":[{\"@type\":\"Article\",\"@id\":\"https:\/\/www.pm.pb.gov.br\/portal\/2023\/10\/29\/com-apoio-da-cpcaes-forcas-de-seguranca-apreendem-drogas-em-onibus-na-paraiba\/#article\",\"isPartOf\":{\"@id\":\"https:\/\/www.pm.pb.gov.br\/portal\/2023\/10\/29\/com-apoio-da-cpcaes-forcas-de-seguranca-apreendem-drogas-em-onibus-na-paraiba\/\"},\"author\":{\"name\":\"Tarcisio Oliveira\",\"@id\":\"https:\/\/www.pm.pb.gov.br\/portal\/#\/schema\/person\/f84f56dcc78ce4357054da888b8247fd\"},\"headline\":\"Com apoio da CPC\u00e3es, For\u00e7as de Seguran\u00e7a apreendem drogas e arma em \u00f4nibus, na Para\u00edba\",\"datePublished\":\"2023-10-29T18:12:00+00:00\",\"dateModified\":\"2023-10-29T21:36:37+00:00\",\"mainEntityOfPage\":{\"@id\":\"https:\/\/www.pm.pb.gov.br\/portal\/2023\/10\/29\/com-apoio-da-cpcaes-forcas-de-seguranca-apreendem-drogas-em-onibus-na-paraiba\/\"},\"wordCount\":226,\"publisher\":{\"@id\":\"https:\/\/www.pm.pb.gov.br\/portal\/#organization\"},\"articleSection\":[\"A\u00e7\u00f5es Policiais\"],\"inLanguage\":\"pt-BR\"},{\"@type\":\"WebPage\",\"@id\":\"https:\/\/www.pm.pb.gov.br\/portal\/2023\/10\/29\/com-apoio-da-cpcaes-forcas-de-seguranca-apreendem-drogas-em-onibus-na-paraiba\/\",\"url\":\"https:\/\/www.pm.pb.gov.br\/portal\/2023\/10\/29\/com-apoio-da-cpcaes-forcas-de-seguranca-apreendem-drogas-em-onibus-na-paraiba\/\",\"name\":\"Com apoio da CPC\u00e3es, For\u00e7as de Seguran\u00e7a apreendem drogas e arma em \u00f4nibus, na Para\u00edba - Pol\u00edcia Militar da Para\u00edba\",\"isPartOf\":{\"@id\":\"https:\/\/www.pm.pb.gov.br\/portal\/#website\"},\"datePublished\":\"2023-10-29T18:12:00+00:00\",\"dateModified\":\"2023-10-29T21:36:37+00:00\",\"breadcrumb\":{\"@id\":\"https:\/\/www.pm.pb.gov.br\/portal\/2023\/10\/29\/com-apoio-da-cpcaes-forcas-de-seguranca-apreendem-drogas-em-onibus-na-paraiba\/#breadcrumb\"},\"inLanguage\":\"pt-BR\",\"potentialAction\":[{\"@type\":\"ReadAction\",\"target\":[\"https:\/\/www.pm.pb.gov.br\/portal\/2023\/10\/29\/com-apoio-da-cpcaes-forcas-de-seguranca-apreendem-drogas-em-onibus-na-paraiba\/\"]}]},{\"@type\":\"BreadcrumbList\",\"@id\":\"https:\/\/www.pm.pb.gov.br\/portal\/2023\/10\/29\/com-apoio-da-cpcaes-forcas-de-seguranca-apreendem-drogas-em-onibus-na-paraiba\/#breadcrumb\",\"itemListElement\":[{\"@type\":\"ListItem\",\"position\":1,\"name\":\"In\u00edcio\",\"item\":\"https:\/\/www.pm.pb.gov.br\/portal\/\"},{\"@type\":\"ListItem\",\"position\":2,\"name\":\"Com apoio da CPC\u00e3es, For\u00e7as de Seguran\u00e7a apreendem drogas e arma em \u00f4nibus, na Para\u00edba\"}]},{\"@type\":\"WebSite\",\"@id\":\"https:\/\/www.pm.pb.gov.br\/portal\/#website\",\"url\":\"https:\/\/www.pm.pb.gov.br\/portal\/\",\"name\":\"Pol\u00edcia Militar da Para\u00edba\",\"description\":\"\",\"publisher\":{\"@id\":\"https:\/\/www.pm.pb.gov.br\/portal\/#organization\"},\"potentialAction\":[{\"@type\":\"SearchAction\",\"target\":{\"@type\":\"EntryPoint\",\"urlTemplate\":\"https:\/\/www.pm.pb.gov.br\/portal\/?s={search_term_string}\"},\"query-input\":\"required name=search_term_string\"}],\"inLanguage\":\"pt-BR\"},{\"@type\":\"Organization\",\"@id\":\"https:\/\/www.pm.pb.gov.br\/portal\/#organization\",\"name\":\"Pol\u00edcia Militar da Para\u00edba\",\"url\":\"https:\/\/www.pm.pb.gov.br\/portal\/\",\"logo\":{\"@type\":\"ImageObject\",\"inLanguage\":\"pt-BR\",\"@id\":\"https:\/\/www.pm.pb.gov.br\/portal\/#\/schema\/logo\/image\/\",\"url\":\"https:\/\/www.pm.pb.gov.br\/portal\/wp-content\/uploads\/2025\/03\/cropped-logo-site-mag2-1.png\",\"contentUrl\":\"https:\/\/www.pm.pb.gov.br\/portal\/wp-content\/uploads\/2025\/03\/cropped-logo-site-mag2-1.png\",\"width\":320,\"height\":90,\"caption\":\"Pol\u00edcia Militar da Para\u00edba\"},\"image\":{\"@id\":\"https:\/\/www.pm.pb.gov.br\/portal\/#\/schema\/logo\/image\/\"}},{\"@type\":\"Person\",\"@id\":\"https:\/\/www.pm.pb.gov.br\/portal\/#\/schema\/person\/f84f56dcc78ce4357054da888b8247fd\",\"name\":\"Tarcisio Oliveira\",\"image\":{\"@type\":\"ImageObject\",\"inLanguage\":\"pt-BR\",\"@id\":\"https:\/\/www.pm.pb.gov.br\/portal\/#\/schema\/person\/image\/\",\"url\":\"https:\/\/secure.gravatar.com\/avatar\/72917b630b69d31cd0297507f34bac97?s=96&d=mm&r=g\",\"contentUrl\":\"https:\/\/secure.gravatar.com\/avatar\/72917b630b69d31cd0297507f34bac97?s=96&d=mm&r=g\",\"caption\":\"Tarcisio Oliveira\"},\"url\":\"https:\/\/www.pm.pb.gov.br\/portal\/author\/tarcisio\/\"}]}<\/script>\n<!-- \/ Yoast SEO plugin. -->","yoast_head_json":{"title":"Com apoio da CPC\u00e3es, For\u00e7as de Seguran\u00e7a apreendem drogas e arma em \u00f4nibus, na Para\u00edba - Pol\u00edcia Militar da Para\u00edba","robots":{"index":"index","follow":"follow","max-snippet":"max-snippet:-1","max-image-preview":"max-image-preview:large","max-video-preview":"max-video-preview:-1"},"canonical":"https:\/\/www.pm.pb.gov.br\/portal\/2023\/10\/29\/com-apoio-da-cpcaes-forcas-de-seguranca-apreendem-drogas-em-onibus-na-paraiba\/","og_locale":"pt_BR","og_type":"article","og_title":"Com apoio da CPC\u00e3es, For\u00e7as de Seguran\u00e7a apreendem drogas e arma em \u00f4nibus, na Para\u00edba - Pol\u00edcia Militar da Para\u00edba","og_description":"Com apoio da Companhia de Policiamento com C\u00e3es (CPC\u00e3es), da Pol\u00edcia Militar, as For\u00e7as de Seguran\u00e7a interceptaram uma carga de","og_url":"https:\/\/www.pm.pb.gov.br\/portal\/2023\/10\/29\/com-apoio-da-cpcaes-forcas-de-seguranca-apreendem-drogas-em-onibus-na-paraiba\/","og_site_name":"Pol\u00edcia Militar da Para\u00edba","article_published_time":"2023-10-29T18:12:00+00:00","article_modified_time":"2023-10-29T21:36:37+00:00","og_image":[{"width":800,"height":445,"url":"http:\/\/www.pm.pb.gov.br\/portal\/wp-content\/uploads\/2023\/10\/canil.jpeg","type":"image\/jpeg"}],"author":"Tarcisio Oliveira","twitter_card":"summary_large_image","twitter_misc":{"Escrito por":"Tarcisio Oliveira","Est. tempo de leitura":"2 minutos"},"schema":{"@context":"https:\/\/schema.org","@graph":[{"@type":"Article","@id":"https:\/\/www.pm.pb.gov.br\/portal\/2023\/10\/29\/com-apoio-da-cpcaes-forcas-de-seguranca-apreendem-drogas-em-onibus-na-paraiba\/#article","isPartOf":{"@id":"https:\/\/www.pm.pb.gov.br\/portal\/2023\/10\/29\/com-apoio-da-cpcaes-forcas-de-seguranca-apreendem-drogas-em-onibus-na-paraiba\/"},"author":{"name":"Tarcisio Oliveira","@id":"https:\/\/www.pm.pb.gov.br\/portal\/#\/schema\/person\/f84f56dcc78ce4357054da888b8247fd"},"headline":"Com apoio da CPC\u00e3es, For\u00e7as de Seguran\u00e7a apreendem drogas e arma em \u00f4nibus, na Para\u00edba","datePublished":"2023-10-29T18:12:00+00:00","dateModified":"2023-10-29T21:36:37+00:00","mainEntityOfPage":{"@id":"https:\/\/www.pm.pb.gov.br\/portal\/2023\/10\/29\/com-apoio-da-cpcaes-forcas-de-seguranca-apreendem-drogas-em-onibus-na-paraiba\/"},"wordCount":226,"publisher":{"@id":"https:\/\/www.pm.pb.gov.br\/portal\/#organization"},"articleSection":["A\u00e7\u00f5es Policiais"],"inLanguage":"pt-BR"},{"@type":"WebPage","@id":"https:\/\/www.pm.pb.gov.br\/portal\/2023\/10\/29\/com-apoio-da-cpcaes-forcas-de-seguranca-apreendem-drogas-em-onibus-na-paraiba\/","url":"https:\/\/www.pm.pb.gov.br\/portal\/2023\/10\/29\/com-apoio-da-cpcaes-forcas-de-seguranca-apreendem-drogas-em-onibus-na-paraiba\/","name":"Com apoio da CPC\u00e3es, For\u00e7as de Seguran\u00e7a apreendem drogas e arma em \u00f4nibus, na Para\u00edba - Pol\u00edcia Militar da Para\u00edba","isPartOf":{"@id":"https:\/\/www.pm.pb.gov.br\/portal\/#website"},"datePublished":"2023-10-29T18:12:00+00:00","dateModified":"2023-10-29T21:36:37+00:00","breadcrumb":{"@id":"https:\/\/www.pm.pb.gov.br\/portal\/2023\/10\/29\/com-apoio-da-cpcaes-forcas-de-seguranca-apreendem-drogas-em-onibus-na-paraiba\/#breadcrumb"},"inLanguage":"pt-BR","potentialAction":[{"@type":"ReadAction","target":["https:\/\/www.pm.pb.gov.br\/portal\/2023\/10\/29\/com-apoio-da-cpcaes-forcas-de-seguranca-apreendem-drogas-em-onibus-na-paraiba\/"]}]},{"@type":"BreadcrumbList","@id":"https:\/\/www.pm.pb.gov.br\/portal\/2023\/10\/29\/com-apoio-da-cpcaes-forcas-de-seguranca-apreendem-drogas-em-onibus-na-paraiba\/#breadcrumb","itemListElement":[{"@type":"ListItem","position":1,"name":"In\u00edcio","item":"https:\/\/www.pm.pb.gov.br\/portal\/"},{"@type":"ListItem","position":2,"name":"Com apoio da CPC\u00e3es, For\u00e7as de Seguran\u00e7a apreendem drogas e arma em \u00f4nibus, na Para\u00edba"}]},{"@type":"WebSite","@id":"https:\/\/www.pm.pb.gov.br\/portal\/#website","url":"https:\/\/www.pm.pb.gov.br\/portal\/","name":"Pol\u00edcia Militar da Para\u00edba","description":"","publisher":{"@id":"https:\/\/www.pm.pb.gov.br\/portal\/#organization"},"potentialAction":[{"@type":"SearchAction","target":{"@type":"EntryPoint","urlTemplate":"https:\/\/www.pm.pb.gov.br\/portal\/?s={search_term_string}"},"query-input":"required name=search_term_string"}],"inLanguage":"pt-BR"},{"@type":"Organization","@id":"https:\/\/www.pm.pb.gov.br\/portal\/#organization","name":"Pol\u00edcia Militar da Para\u00edba","url":"https:\/\/www.pm.pb.gov.br\/portal\/","logo":{"@type":"ImageObject","inLanguage":"pt-BR","@id":"https:\/\/www.pm.pb.gov.br\/portal\/#\/schema\/logo\/image\/","url":"https:\/\/www.pm.pb.gov.br\/portal\/wp-content\/uploads\/2025\/03\/cropped-logo-site-mag2-1.png","contentUrl":"https:\/\/www.pm.pb.gov.br\/portal\/wp-content\/uploads\/2025\/03\/cropped-logo-site-mag2-1.png","width":320,"height":90,"caption":"Pol\u00edcia Militar da Para\u00edba"},"image":{"@id":"https:\/\/www.pm.pb.gov.br\/portal\/#\/schema\/logo\/image\/"}},{"@type":"Person","@id":"https:\/\/www.pm.pb.gov.br\/portal\/#\/schema\/person\/f84f56dcc78ce4357054da888b8247fd","name":"Tarcisio Oliveira","image":{"@type":"ImageObject","inLanguage":"pt-BR","@id":"https:\/\/www.pm.pb.gov.br\/portal\/#\/schema\/person\/image\/","url":"https:\/\/secure.gravatar.com\/avatar\/72917b630b69d31cd0297507f34bac97?s=96&d=mm&r=g","contentUrl":"https:\/\/secure.gravatar.com\/avatar\/72917b630b69d31cd0297507f34bac97?s=96&d=mm&r=g","caption":"Tarcisio Oliveira"},"url":"https:\/\/www.pm.pb.gov.br\/portal\/author\/tarcisio\/"}]}},"_links":{"self":[{"href":"https:\/\/www.pm.pb.gov.br\/portal\/wp-json\/wp\/v2\/posts\/918815"}],"collection":[{"href":"https:\/\/www.pm.pb.gov.br\/portal\/wp-json\/wp\/v2\/posts"}],"about":[{"href":"https:\/\/www.pm.pb.gov.br\/portal\/wp-json\/wp\/v2\/types\/post"}],"author":[{"embeddable":true,"href":"https:\/\/www.pm.pb.gov.br\/portal\/wp-json\/wp\/v2\/users\/12"}],"replies":[{"embeddable":true,"href":"https:\/\/www.pm.pb.gov.br\/portal\/wp-json\/wp\/v2\/comments?post=918815"}],"version-history":[{"count":2,"href":"https:\/\/www.pm.pb.gov.br\/portal\/wp-json\/wp\/v2\/posts\/918815\/revisions"}],"predecessor-version":[{"id":918820,"href":"https:\/\/www.pm.pb.gov.br\/portal\/wp-json\/wp\/v2\/posts\/918815\/revisions\/918820"}],"wp:featuredmedia":[{"embeddable":true,"href":"https:\/\/www.pm.pb.gov.br\/portal\/wp-json\/wp\/v2\/media\/918816"}],"wp:attachment":[{"href":"https:\/\/www.pm.pb.gov.br\/portal\/wp-json\/wp\/v2\/media?parent=918815"}],"wp:term":[{"taxonomy":"category","embeddable":true,"href":"https:\/\/www.pm.pb.gov.br\/portal\/wp-json\/wp\/v2\/categories?post=918815"},{"taxonomy":"post_tag","embeddable":true,"href":"https:\/\/www.pm.pb.gov.br\/portal\/wp-json\/wp\/v2\/tags?post=918815"}],"curies":[{"name":"wp","href":"https:\/\/api.w.org\/{rel}","templated":true}]}}