{"id":918812,"date":"2023-10-29T13:17:09","date_gmt":"2023-10-29T16:17:09","guid":{"rendered":"https:\/\/www.pm.pb.gov.br\/portal\/?p=918812"},"modified":"2023-10-29T13:17:11","modified_gmt":"2023-10-29T16:17:11","slug":"reforco-do-policiamento-em-cabedelo-captura-acusados-de-homicidio-trafico-de-drogas-e-apreende-arma-de-fogo","status":"publish","type":"post","link":"https:\/\/www.pm.pb.gov.br\/portal\/2023\/10\/29\/reforco-do-policiamento-em-cabedelo-captura-acusados-de-homicidio-trafico-de-drogas-e-apreende-arma-de-fogo\/","title":{"rendered":"Refor\u00e7o do policiamento em Cabedelo captura acusados de homic\u00eddio, tr\u00e1fico de drogas e apreende arma de fogo"},"content":{"rendered":"\n<p>As a\u00e7\u00f5es de refor\u00e7o do policiamento no final de semana em Cabedelo resultaram na pris\u00e3o de dois foragidos da Justi\u00e7a, acusado de crimes graves como homic\u00eddio, tr\u00e1fico de drogas, furto e posse ilegal de arma de fogo. As pris\u00f5es dos acusados aconteceram na madrugada de domingo (29) e na noite de sexta-feira, resultando ainda em uma arma e colete bal\u00edstico apreendidos (foto acima ilustrativa).<\/p>\n<p>Na pris\u00e3o mais recente, feita pelos policiais da Companhia de Choque do Batalh\u00e3o de Opera\u00e7\u00f5es Policiais Especiais (Bope), o homem preso estava sendo procurado pelo crime de tr\u00e1fico de drogas. Ele estava com um mandado em aberto expedido pela Justi\u00e7a do Rio Grande do Norte, quando foi encontrado em um bar no Jacar\u00e9, abordado e identificado pelos policiais.<\/p>\n<p>Ainda na noite de sexta, um homem condenado pelos crimes de homic\u00eddio, furto e posse ilegal de arma de fogo, com 23 anos e 6 meses de pena a ser cumprida em regime fechado, tamb\u00e9m foi capturado. Ele estava usando um colete bal\u00edstico e um rev\u00f3lver (foto abaixo) quando foi flagrado pelos policiais da For\u00e7a Regional. De acordo com a unidade, o acusado tentou fugir mas foi capturado tamb\u00e9m no Jacar\u00e9.<\/p>\n<p><img loading=\"lazy\" decoding=\"async\" class=\" wp-image-918813 aligncenter\" src=\"http:\/\/www.pm.pb.gov.br\/portal\/wp-content\/uploads\/2023\/10\/regional-1-613x445.jpeg\" alt=\"\" width=\"522\" height=\"379\" srcset=\"https:\/\/www.pm.pb.gov.br\/portal\/wp-content\/uploads\/2023\/10\/regional-1-613x445.jpeg 613w, https:\/\/www.pm.pb.gov.br\/portal\/wp-content\/uploads\/2023\/10\/regional-1-786x570.jpeg 786w, https:\/\/www.pm.pb.gov.br\/portal\/wp-content\/uploads\/2023\/10\/regional-1-768x557.jpeg 768w, https:\/\/www.pm.pb.gov.br\/portal\/wp-content\/uploads\/2023\/10\/regional-1.jpeg 900w\" sizes=\"(max-width: 522px) 100vw, 522px\" \/><\/p>\n<p>As ocorr\u00eancias foram encaminhadas para a Central de Flagrante para os procedimentos cab\u00edveis e o devido cumprimento da pena.<\/p>\n","protected":false},"excerpt":{"rendered":"<p>As a\u00e7\u00f5es de refor\u00e7o do policiamento no final de semana em Cabedelo resultaram na pris\u00e3o de dois foragidos da Justi\u00e7a,<\/p>\n","protected":false},"author":12,"featured_media":917502,"comment_status":"closed","ping_status":"closed","sticky":false,"template":"","format":"standard","meta":{"_exactmetrics_skip_tracking":false,"_exactmetrics_sitenote_active":false,"_exactmetrics_sitenote_note":"","_exactmetrics_sitenote_category":0,"footnotes":""},"categories":[4],"tags":[],"yoast_head":"<!-- This site is optimized with the Yoast SEO plugin v22.0 - https:\/\/yoast.com\/wordpress\/plugins\/seo\/ -->\n<title>Refor\u00e7o do policiamento em Cabedelo captura acusados de homic\u00eddio, tr\u00e1fico de drogas e apreende arma de fogo - Pol\u00edcia Militar da Para\u00edba<\/title>\n<meta name=\"robots\" content=\"index, follow, max-snippet:-1, max-image-preview:large, max-video-preview:-1\" \/>\n<link rel=\"canonical\" href=\"https:\/\/www.pm.pb.gov.br\/portal\/2023\/10\/29\/reforco-do-policiamento-em-cabedelo-captura-acusados-de-homicidio-trafico-de-drogas-e-apreende-arma-de-fogo\/\" \/>\n<meta property=\"og:locale\" content=\"pt_BR\" \/>\n<meta property=\"og:type\" content=\"article\" \/>\n<meta property=\"og:title\" content=\"Refor\u00e7o do policiamento em Cabedelo captura acusados de homic\u00eddio, tr\u00e1fico de drogas e apreende arma de fogo - Pol\u00edcia Militar da Para\u00edba\" \/>\n<meta property=\"og:description\" content=\"As a\u00e7\u00f5es de refor\u00e7o do policiamento no final de semana em Cabedelo resultaram na pris\u00e3o de dois foragidos da Justi\u00e7a,\" \/>\n<meta property=\"og:url\" content=\"https:\/\/www.pm.pb.gov.br\/portal\/2023\/10\/29\/reforco-do-policiamento-em-cabedelo-captura-acusados-de-homicidio-trafico-de-drogas-e-apreende-arma-de-fogo\/\" \/>\n<meta property=\"og:site_name\" content=\"Pol\u00edcia Militar da Para\u00edba\" \/>\n<meta property=\"article:published_time\" content=\"2023-10-29T16:17:09+00:00\" \/>\n<meta property=\"article:modified_time\" content=\"2023-10-29T16:17:11+00:00\" \/>\n<meta property=\"og:image\" content=\"http:\/\/www.pm.pb.gov.br\/portal\/wp-content\/uploads\/2023\/07\/Imagem-ilustrativa.jpg\" \/>\n\t<meta property=\"og:image:width\" content=\"1600\" \/>\n\t<meta property=\"og:image:height\" content=\"890\" \/>\n\t<meta property=\"og:image:type\" content=\"image\/jpeg\" \/>\n<meta name=\"author\" content=\"Tarcisio Oliveira\" \/>\n<meta name=\"twitter:card\" content=\"summary_large_image\" \/>\n<meta name=\"twitter:label1\" content=\"Escrito por\" \/>\n\t<meta name=\"twitter:data1\" content=\"Tarcisio Oliveira\" \/>\n\t<meta name=\"twitter:label2\" content=\"Est. tempo de leitura\" \/>\n\t<meta name=\"twitter:data2\" content=\"2 minutos\" \/>\n<script type=\"application\/ld+json\" class=\"yoast-schema-graph\">{\"@context\":\"https:\/\/schema.org\",\"@graph\":[{\"@type\":\"Article\",\"@id\":\"https:\/\/www.pm.pb.gov.br\/portal\/2023\/10\/29\/reforco-do-policiamento-em-cabedelo-captura-acusados-de-homicidio-trafico-de-drogas-e-apreende-arma-de-fogo\/#article\",\"isPartOf\":{\"@id\":\"https:\/\/www.pm.pb.gov.br\/portal\/2023\/10\/29\/reforco-do-policiamento-em-cabedelo-captura-acusados-de-homicidio-trafico-de-drogas-e-apreende-arma-de-fogo\/\"},\"author\":{\"name\":\"Tarcisio Oliveira\",\"@id\":\"https:\/\/www.pm.pb.gov.br\/portal\/#\/schema\/person\/f84f56dcc78ce4357054da888b8247fd\"},\"headline\":\"Refor\u00e7o do policiamento em Cabedelo captura acusados de homic\u00eddio, tr\u00e1fico de drogas e apreende arma de fogo\",\"datePublished\":\"2023-10-29T16:17:09+00:00\",\"dateModified\":\"2023-10-29T16:17:11+00:00\",\"mainEntityOfPage\":{\"@id\":\"https:\/\/www.pm.pb.gov.br\/portal\/2023\/10\/29\/reforco-do-policiamento-em-cabedelo-captura-acusados-de-homicidio-trafico-de-drogas-e-apreende-arma-de-fogo\/\"},\"wordCount\":250,\"publisher\":{\"@id\":\"https:\/\/www.pm.pb.gov.br\/portal\/#organization\"},\"articleSection\":[\"A\u00e7\u00f5es Policiais\"],\"inLanguage\":\"pt-BR\"},{\"@type\":\"WebPage\",\"@id\":\"https:\/\/www.pm.pb.gov.br\/portal\/2023\/10\/29\/reforco-do-policiamento-em-cabedelo-captura-acusados-de-homicidio-trafico-de-drogas-e-apreende-arma-de-fogo\/\",\"url\":\"https:\/\/www.pm.pb.gov.br\/portal\/2023\/10\/29\/reforco-do-policiamento-em-cabedelo-captura-acusados-de-homicidio-trafico-de-drogas-e-apreende-arma-de-fogo\/\",\"name\":\"Refor\u00e7o do policiamento em Cabedelo captura acusados de homic\u00eddio, tr\u00e1fico de drogas e apreende arma de fogo - Pol\u00edcia Militar da Para\u00edba\",\"isPartOf\":{\"@id\":\"https:\/\/www.pm.pb.gov.br\/portal\/#website\"},\"datePublished\":\"2023-10-29T16:17:09+00:00\",\"dateModified\":\"2023-10-29T16:17:11+00:00\",\"breadcrumb\":{\"@id\":\"https:\/\/www.pm.pb.gov.br\/portal\/2023\/10\/29\/reforco-do-policiamento-em-cabedelo-captura-acusados-de-homicidio-trafico-de-drogas-e-apreende-arma-de-fogo\/#breadcrumb\"},\"inLanguage\":\"pt-BR\",\"potentialAction\":[{\"@type\":\"ReadAction\",\"target\":[\"https:\/\/www.pm.pb.gov.br\/portal\/2023\/10\/29\/reforco-do-policiamento-em-cabedelo-captura-acusados-de-homicidio-trafico-de-drogas-e-apreende-arma-de-fogo\/\"]}]},{\"@type\":\"BreadcrumbList\",\"@id\":\"https:\/\/www.pm.pb.gov.br\/portal\/2023\/10\/29\/reforco-do-policiamento-em-cabedelo-captura-acusados-de-homicidio-trafico-de-drogas-e-apreende-arma-de-fogo\/#breadcrumb\",\"itemListElement\":[{\"@type\":\"ListItem\",\"position\":1,\"name\":\"In\u00edcio\",\"item\":\"https:\/\/www.pm.pb.gov.br\/portal\/\"},{\"@type\":\"ListItem\",\"position\":2,\"name\":\"Refor\u00e7o do policiamento em Cabedelo captura acusados de homic\u00eddio, tr\u00e1fico de drogas e apreende arma de fogo\"}]},{\"@type\":\"WebSite\",\"@id\":\"https:\/\/www.pm.pb.gov.br\/portal\/#website\",\"url\":\"https:\/\/www.pm.pb.gov.br\/portal\/\",\"name\":\"Pol\u00edcia Militar da Para\u00edba\",\"description\":\"\",\"publisher\":{\"@id\":\"https:\/\/www.pm.pb.gov.br\/portal\/#organization\"},\"potentialAction\":[{\"@type\":\"SearchAction\",\"target\":{\"@type\":\"EntryPoint\",\"urlTemplate\":\"https:\/\/www.pm.pb.gov.br\/portal\/?s={search_term_string}\"},\"query-input\":\"required name=search_term_string\"}],\"inLanguage\":\"pt-BR\"},{\"@type\":\"Organization\",\"@id\":\"https:\/\/www.pm.pb.gov.br\/portal\/#organization\",\"name\":\"Pol\u00edcia Militar da Para\u00edba\",\"url\":\"https:\/\/www.pm.pb.gov.br\/portal\/\",\"logo\":{\"@type\":\"ImageObject\",\"inLanguage\":\"pt-BR\",\"@id\":\"https:\/\/www.pm.pb.gov.br\/portal\/#\/schema\/logo\/image\/\",\"url\":\"https:\/\/www.pm.pb.gov.br\/portal\/wp-content\/uploads\/2025\/03\/cropped-logo-site-mag2-1.png\",\"contentUrl\":\"https:\/\/www.pm.pb.gov.br\/portal\/wp-content\/uploads\/2025\/03\/cropped-logo-site-mag2-1.png\",\"width\":320,\"height\":90,\"caption\":\"Pol\u00edcia Militar da Para\u00edba\"},\"image\":{\"@id\":\"https:\/\/www.pm.pb.gov.br\/portal\/#\/schema\/logo\/image\/\"}},{\"@type\":\"Person\",\"@id\":\"https:\/\/www.pm.pb.gov.br\/portal\/#\/schema\/person\/f84f56dcc78ce4357054da888b8247fd\",\"name\":\"Tarcisio Oliveira\",\"image\":{\"@type\":\"ImageObject\",\"inLanguage\":\"pt-BR\",\"@id\":\"https:\/\/www.pm.pb.gov.br\/portal\/#\/schema\/person\/image\/\",\"url\":\"https:\/\/secure.gravatar.com\/avatar\/72917b630b69d31cd0297507f34bac97?s=96&d=mm&r=g\",\"contentUrl\":\"https:\/\/secure.gravatar.com\/avatar\/72917b630b69d31cd0297507f34bac97?s=96&d=mm&r=g\",\"caption\":\"Tarcisio Oliveira\"},\"url\":\"https:\/\/www.pm.pb.gov.br\/portal\/author\/tarcisio\/\"}]}<\/script>\n<!-- \/ Yoast SEO plugin. -->","yoast_head_json":{"title":"Refor\u00e7o do policiamento em Cabedelo captura acusados de homic\u00eddio, tr\u00e1fico de drogas e apreende arma de fogo - Pol\u00edcia Militar da Para\u00edba","robots":{"index":"index","follow":"follow","max-snippet":"max-snippet:-1","max-image-preview":"max-image-preview:large","max-video-preview":"max-video-preview:-1"},"canonical":"https:\/\/www.pm.pb.gov.br\/portal\/2023\/10\/29\/reforco-do-policiamento-em-cabedelo-captura-acusados-de-homicidio-trafico-de-drogas-e-apreende-arma-de-fogo\/","og_locale":"pt_BR","og_type":"article","og_title":"Refor\u00e7o do policiamento em Cabedelo captura acusados de homic\u00eddio, tr\u00e1fico de drogas e apreende arma de fogo - Pol\u00edcia Militar da Para\u00edba","og_description":"As a\u00e7\u00f5es de refor\u00e7o do policiamento no final de semana em Cabedelo resultaram na pris\u00e3o de dois foragidos da Justi\u00e7a,","og_url":"https:\/\/www.pm.pb.gov.br\/portal\/2023\/10\/29\/reforco-do-policiamento-em-cabedelo-captura-acusados-de-homicidio-trafico-de-drogas-e-apreende-arma-de-fogo\/","og_site_name":"Pol\u00edcia Militar da Para\u00edba","article_published_time":"2023-10-29T16:17:09+00:00","article_modified_time":"2023-10-29T16:17:11+00:00","og_image":[{"width":1600,"height":890,"url":"http:\/\/www.pm.pb.gov.br\/portal\/wp-content\/uploads\/2023\/07\/Imagem-ilustrativa.jpg","type":"image\/jpeg"}],"author":"Tarcisio Oliveira","twitter_card":"summary_large_image","twitter_misc":{"Escrito por":"Tarcisio Oliveira","Est. tempo de leitura":"2 minutos"},"schema":{"@context":"https:\/\/schema.org","@graph":[{"@type":"Article","@id":"https:\/\/www.pm.pb.gov.br\/portal\/2023\/10\/29\/reforco-do-policiamento-em-cabedelo-captura-acusados-de-homicidio-trafico-de-drogas-e-apreende-arma-de-fogo\/#article","isPartOf":{"@id":"https:\/\/www.pm.pb.gov.br\/portal\/2023\/10\/29\/reforco-do-policiamento-em-cabedelo-captura-acusados-de-homicidio-trafico-de-drogas-e-apreende-arma-de-fogo\/"},"author":{"name":"Tarcisio Oliveira","@id":"https:\/\/www.pm.pb.gov.br\/portal\/#\/schema\/person\/f84f56dcc78ce4357054da888b8247fd"},"headline":"Refor\u00e7o do policiamento em Cabedelo captura acusados de homic\u00eddio, tr\u00e1fico de drogas e apreende arma de fogo","datePublished":"2023-10-29T16:17:09+00:00","dateModified":"2023-10-29T16:17:11+00:00","mainEntityOfPage":{"@id":"https:\/\/www.pm.pb.gov.br\/portal\/2023\/10\/29\/reforco-do-policiamento-em-cabedelo-captura-acusados-de-homicidio-trafico-de-drogas-e-apreende-arma-de-fogo\/"},"wordCount":250,"publisher":{"@id":"https:\/\/www.pm.pb.gov.br\/portal\/#organization"},"articleSection":["A\u00e7\u00f5es Policiais"],"inLanguage":"pt-BR"},{"@type":"WebPage","@id":"https:\/\/www.pm.pb.gov.br\/portal\/2023\/10\/29\/reforco-do-policiamento-em-cabedelo-captura-acusados-de-homicidio-trafico-de-drogas-e-apreende-arma-de-fogo\/","url":"https:\/\/www.pm.pb.gov.br\/portal\/2023\/10\/29\/reforco-do-policiamento-em-cabedelo-captura-acusados-de-homicidio-trafico-de-drogas-e-apreende-arma-de-fogo\/","name":"Refor\u00e7o do policiamento em Cabedelo captura acusados de homic\u00eddio, tr\u00e1fico de drogas e apreende arma de fogo - Pol\u00edcia Militar da Para\u00edba","isPartOf":{"@id":"https:\/\/www.pm.pb.gov.br\/portal\/#website"},"datePublished":"2023-10-29T16:17:09+00:00","dateModified":"2023-10-29T16:17:11+00:00","breadcrumb":{"@id":"https:\/\/www.pm.pb.gov.br\/portal\/2023\/10\/29\/reforco-do-policiamento-em-cabedelo-captura-acusados-de-homicidio-trafico-de-drogas-e-apreende-arma-de-fogo\/#breadcrumb"},"inLanguage":"pt-BR","potentialAction":[{"@type":"ReadAction","target":["https:\/\/www.pm.pb.gov.br\/portal\/2023\/10\/29\/reforco-do-policiamento-em-cabedelo-captura-acusados-de-homicidio-trafico-de-drogas-e-apreende-arma-de-fogo\/"]}]},{"@type":"BreadcrumbList","@id":"https:\/\/www.pm.pb.gov.br\/portal\/2023\/10\/29\/reforco-do-policiamento-em-cabedelo-captura-acusados-de-homicidio-trafico-de-drogas-e-apreende-arma-de-fogo\/#breadcrumb","itemListElement":[{"@type":"ListItem","position":1,"name":"In\u00edcio","item":"https:\/\/www.pm.pb.gov.br\/portal\/"},{"@type":"ListItem","position":2,"name":"Refor\u00e7o do policiamento em Cabedelo captura acusados de homic\u00eddio, tr\u00e1fico de drogas e apreende arma de fogo"}]},{"@type":"WebSite","@id":"https:\/\/www.pm.pb.gov.br\/portal\/#website","url":"https:\/\/www.pm.pb.gov.br\/portal\/","name":"Pol\u00edcia Militar da Para\u00edba","description":"","publisher":{"@id":"https:\/\/www.pm.pb.gov.br\/portal\/#organization"},"potentialAction":[{"@type":"SearchAction","target":{"@type":"EntryPoint","urlTemplate":"https:\/\/www.pm.pb.gov.br\/portal\/?s={search_term_string}"},"query-input":"required name=search_term_string"}],"inLanguage":"pt-BR"},{"@type":"Organization","@id":"https:\/\/www.pm.pb.gov.br\/portal\/#organization","name":"Pol\u00edcia Militar da Para\u00edba","url":"https:\/\/www.pm.pb.gov.br\/portal\/","logo":{"@type":"ImageObject","inLanguage":"pt-BR","@id":"https:\/\/www.pm.pb.gov.br\/portal\/#\/schema\/logo\/image\/","url":"https:\/\/www.pm.pb.gov.br\/portal\/wp-content\/uploads\/2025\/03\/cropped-logo-site-mag2-1.png","contentUrl":"https:\/\/www.pm.pb.gov.br\/portal\/wp-content\/uploads\/2025\/03\/cropped-logo-site-mag2-1.png","width":320,"height":90,"caption":"Pol\u00edcia Militar da Para\u00edba"},"image":{"@id":"https:\/\/www.pm.pb.gov.br\/portal\/#\/schema\/logo\/image\/"}},{"@type":"Person","@id":"https:\/\/www.pm.pb.gov.br\/portal\/#\/schema\/person\/f84f56dcc78ce4357054da888b8247fd","name":"Tarcisio Oliveira","image":{"@type":"ImageObject","inLanguage":"pt-BR","@id":"https:\/\/www.pm.pb.gov.br\/portal\/#\/schema\/person\/image\/","url":"https:\/\/secure.gravatar.com\/avatar\/72917b630b69d31cd0297507f34bac97?s=96&d=mm&r=g","contentUrl":"https:\/\/secure.gravatar.com\/avatar\/72917b630b69d31cd0297507f34bac97?s=96&d=mm&r=g","caption":"Tarcisio Oliveira"},"url":"https:\/\/www.pm.pb.gov.br\/portal\/author\/tarcisio\/"}]}},"_links":{"self":[{"href":"https:\/\/www.pm.pb.gov.br\/portal\/wp-json\/wp\/v2\/posts\/918812"}],"collection":[{"href":"https:\/\/www.pm.pb.gov.br\/portal\/wp-json\/wp\/v2\/posts"}],"about":[{"href":"https:\/\/www.pm.pb.gov.br\/portal\/wp-json\/wp\/v2\/types\/post"}],"author":[{"embeddable":true,"href":"https:\/\/www.pm.pb.gov.br\/portal\/wp-json\/wp\/v2\/users\/12"}],"replies":[{"embeddable":true,"href":"https:\/\/www.pm.pb.gov.br\/portal\/wp-json\/wp\/v2\/comments?post=918812"}],"version-history":[{"count":1,"href":"https:\/\/www.pm.pb.gov.br\/portal\/wp-json\/wp\/v2\/posts\/918812\/revisions"}],"predecessor-version":[{"id":918814,"href":"https:\/\/www.pm.pb.gov.br\/portal\/wp-json\/wp\/v2\/posts\/918812\/revisions\/918814"}],"wp:featuredmedia":[{"embeddable":true,"href":"https:\/\/www.pm.pb.gov.br\/portal\/wp-json\/wp\/v2\/media\/917502"}],"wp:attachment":[{"href":"https:\/\/www.pm.pb.gov.br\/portal\/wp-json\/wp\/v2\/media?parent=918812"}],"wp:term":[{"taxonomy":"category","embeddable":true,"href":"https:\/\/www.pm.pb.gov.br\/portal\/wp-json\/wp\/v2\/categories?post=918812"},{"taxonomy":"post_tag","embeddable":true,"href":"https:\/\/www.pm.pb.gov.br\/portal\/wp-json\/wp\/v2\/tags?post=918812"}],"curies":[{"name":"wp","href":"https:\/\/api.w.org\/{rel}","templated":true}]}}