{"id":918804,"date":"2023-10-27T15:11:49","date_gmt":"2023-10-27T18:11:49","guid":{"rendered":"https:\/\/www.pm.pb.gov.br\/portal\/?p=918804"},"modified":"2023-10-27T15:11:51","modified_gmt":"2023-10-27T18:11:51","slug":"apos-romper-tornozeleira-eletronica-foragido-e-preso-pela-5a-vez-pela-policia-militar","status":"publish","type":"post","link":"https:\/\/www.pm.pb.gov.br\/portal\/2023\/10\/27\/apos-romper-tornozeleira-eletronica-foragido-e-preso-pela-5a-vez-pela-policia-militar\/","title":{"rendered":"Ap\u00f3s romper tornozeleira eletr\u00f4nica, foragido \u00e9 preso pela 5\u00aa vez pela Pol\u00edcia Militar"},"content":{"rendered":"\n<p>A Pol\u00edcia Militar capturou um foragido da Justi\u00e7a que j\u00e1 foi preso, no m\u00ednimo, outras quatro vezes desde o ano de 2016 na Para\u00edba. A pris\u00e3o do acusado nesta sexta-feira (27) foi realizada por meio de um mandado expedido pela Vara de Execu\u00e7\u00e3o Penal de Jo\u00e3o Pessoa, pelos crimes de porte ilegal de arma de fogo, do Estatuto da Crian\u00e7a e do Adolescente, al\u00e9m do rompimento da tornozeleira eletr\u00f4nica (foto acima ilustrativa).<\/p>\n<p>O foragido tem 27 anos de idade e, desde 2016 j\u00e1 foi preso nos bairros do Cristo Redentor, Cruz das Armas, Rua do Rio, com envolvimento em tentativa de homic\u00eddio, al\u00e9m do porte ilegal de armas. \u00a0\u201cNesta sexta-feira localizamos ele na comunidade Hildo Bandeira, no bairro da Torre, cumprindo o mandado em aberto que foi expedido contra ele, ap\u00f3s ele romper a tornozeleira eletr\u00f4nica que usava\u201d, explicou o capit\u00e3o Moreira, comandante da For\u00e7a T\u00e1tica do 1\u00ba Batalh\u00e3o, unidade respons\u00e1vel pela captura.<\/p>\n<p>O homem preso foi encaminhado para a Penitenci\u00e1ria de Seguran\u00e7a M\u00e9dia Hitler Cantalice, para o cumprimento dos sete anos e seis meses de pris\u00e3o, em regime semiaberto, conforme decis\u00e3o da Justi\u00e7a.<\/p>\n","protected":false},"excerpt":{"rendered":"<p>A Pol\u00edcia Militar capturou um foragido da Justi\u00e7a que j\u00e1 foi preso, no m\u00ednimo, outras quatro vezes desde o ano<\/p>\n","protected":false},"author":12,"featured_media":915163,"comment_status":"closed","ping_status":"closed","sticky":false,"template":"","format":"standard","meta":{"_exactmetrics_skip_tracking":false,"_exactmetrics_sitenote_active":false,"_exactmetrics_sitenote_note":"","_exactmetrics_sitenote_category":0,"footnotes":""},"categories":[4],"tags":[],"yoast_head":"<!-- This site is optimized with the Yoast SEO plugin v22.0 - https:\/\/yoast.com\/wordpress\/plugins\/seo\/ -->\n<title>Ap\u00f3s romper tornozeleira eletr\u00f4nica, foragido \u00e9 preso pela 5\u00aa vez pela Pol\u00edcia Militar - Pol\u00edcia Militar da Para\u00edba<\/title>\n<meta name=\"robots\" content=\"index, follow, max-snippet:-1, max-image-preview:large, max-video-preview:-1\" \/>\n<link rel=\"canonical\" href=\"https:\/\/www.pm.pb.gov.br\/portal\/2023\/10\/27\/apos-romper-tornozeleira-eletronica-foragido-e-preso-pela-5a-vez-pela-policia-militar\/\" \/>\n<meta property=\"og:locale\" content=\"pt_BR\" \/>\n<meta property=\"og:type\" content=\"article\" \/>\n<meta property=\"og:title\" content=\"Ap\u00f3s romper tornozeleira eletr\u00f4nica, foragido \u00e9 preso pela 5\u00aa vez pela Pol\u00edcia Militar - Pol\u00edcia Militar da Para\u00edba\" \/>\n<meta property=\"og:description\" content=\"A Pol\u00edcia Militar capturou um foragido da Justi\u00e7a que j\u00e1 foi preso, no m\u00ednimo, outras quatro vezes desde o ano\" \/>\n<meta property=\"og:url\" content=\"https:\/\/www.pm.pb.gov.br\/portal\/2023\/10\/27\/apos-romper-tornozeleira-eletronica-foragido-e-preso-pela-5a-vez-pela-policia-militar\/\" \/>\n<meta property=\"og:site_name\" content=\"Pol\u00edcia Militar da Para\u00edba\" \/>\n<meta property=\"article:published_time\" content=\"2023-10-27T18:11:49+00:00\" \/>\n<meta property=\"article:modified_time\" content=\"2023-10-27T18:11:51+00:00\" \/>\n<meta property=\"og:image\" content=\"http:\/\/www.pm.pb.gov.br\/portal\/wp-content\/uploads\/2022\/12\/Imagem-Ilustrativa.jpeg\" \/>\n\t<meta property=\"og:image:width\" content=\"800\" \/>\n\t<meta property=\"og:image:height\" content=\"445\" \/>\n\t<meta property=\"og:image:type\" content=\"image\/jpeg\" \/>\n<meta name=\"author\" content=\"Tarcisio Oliveira\" \/>\n<meta name=\"twitter:card\" content=\"summary_large_image\" \/>\n<meta name=\"twitter:label1\" content=\"Escrito por\" \/>\n\t<meta name=\"twitter:data1\" content=\"Tarcisio Oliveira\" \/>\n\t<meta name=\"twitter:label2\" content=\"Est. tempo de leitura\" \/>\n\t<meta name=\"twitter:data2\" content=\"2 minutos\" \/>\n<script type=\"application\/ld+json\" class=\"yoast-schema-graph\">{\"@context\":\"https:\/\/schema.org\",\"@graph\":[{\"@type\":\"Article\",\"@id\":\"https:\/\/www.pm.pb.gov.br\/portal\/2023\/10\/27\/apos-romper-tornozeleira-eletronica-foragido-e-preso-pela-5a-vez-pela-policia-militar\/#article\",\"isPartOf\":{\"@id\":\"https:\/\/www.pm.pb.gov.br\/portal\/2023\/10\/27\/apos-romper-tornozeleira-eletronica-foragido-e-preso-pela-5a-vez-pela-policia-militar\/\"},\"author\":{\"name\":\"Tarcisio Oliveira\",\"@id\":\"https:\/\/www.pm.pb.gov.br\/portal\/#\/schema\/person\/f84f56dcc78ce4357054da888b8247fd\"},\"headline\":\"Ap\u00f3s romper tornozeleira eletr\u00f4nica, foragido \u00e9 preso pela 5\u00aa vez pela Pol\u00edcia Militar\",\"datePublished\":\"2023-10-27T18:11:49+00:00\",\"dateModified\":\"2023-10-27T18:11:51+00:00\",\"mainEntityOfPage\":{\"@id\":\"https:\/\/www.pm.pb.gov.br\/portal\/2023\/10\/27\/apos-romper-tornozeleira-eletronica-foragido-e-preso-pela-5a-vez-pela-policia-militar\/\"},\"wordCount\":218,\"publisher\":{\"@id\":\"https:\/\/www.pm.pb.gov.br\/portal\/#organization\"},\"articleSection\":[\"A\u00e7\u00f5es Policiais\"],\"inLanguage\":\"pt-BR\"},{\"@type\":\"WebPage\",\"@id\":\"https:\/\/www.pm.pb.gov.br\/portal\/2023\/10\/27\/apos-romper-tornozeleira-eletronica-foragido-e-preso-pela-5a-vez-pela-policia-militar\/\",\"url\":\"https:\/\/www.pm.pb.gov.br\/portal\/2023\/10\/27\/apos-romper-tornozeleira-eletronica-foragido-e-preso-pela-5a-vez-pela-policia-militar\/\",\"name\":\"Ap\u00f3s romper tornozeleira eletr\u00f4nica, foragido \u00e9 preso pela 5\u00aa vez pela Pol\u00edcia Militar - Pol\u00edcia Militar da Para\u00edba\",\"isPartOf\":{\"@id\":\"https:\/\/www.pm.pb.gov.br\/portal\/#website\"},\"datePublished\":\"2023-10-27T18:11:49+00:00\",\"dateModified\":\"2023-10-27T18:11:51+00:00\",\"breadcrumb\":{\"@id\":\"https:\/\/www.pm.pb.gov.br\/portal\/2023\/10\/27\/apos-romper-tornozeleira-eletronica-foragido-e-preso-pela-5a-vez-pela-policia-militar\/#breadcrumb\"},\"inLanguage\":\"pt-BR\",\"potentialAction\":[{\"@type\":\"ReadAction\",\"target\":[\"https:\/\/www.pm.pb.gov.br\/portal\/2023\/10\/27\/apos-romper-tornozeleira-eletronica-foragido-e-preso-pela-5a-vez-pela-policia-militar\/\"]}]},{\"@type\":\"BreadcrumbList\",\"@id\":\"https:\/\/www.pm.pb.gov.br\/portal\/2023\/10\/27\/apos-romper-tornozeleira-eletronica-foragido-e-preso-pela-5a-vez-pela-policia-militar\/#breadcrumb\",\"itemListElement\":[{\"@type\":\"ListItem\",\"position\":1,\"name\":\"In\u00edcio\",\"item\":\"https:\/\/www.pm.pb.gov.br\/portal\/\"},{\"@type\":\"ListItem\",\"position\":2,\"name\":\"Ap\u00f3s romper tornozeleira eletr\u00f4nica, foragido \u00e9 preso pela 5\u00aa vez pela Pol\u00edcia Militar\"}]},{\"@type\":\"WebSite\",\"@id\":\"https:\/\/www.pm.pb.gov.br\/portal\/#website\",\"url\":\"https:\/\/www.pm.pb.gov.br\/portal\/\",\"name\":\"Pol\u00edcia Militar da Para\u00edba\",\"description\":\"\",\"publisher\":{\"@id\":\"https:\/\/www.pm.pb.gov.br\/portal\/#organization\"},\"potentialAction\":[{\"@type\":\"SearchAction\",\"target\":{\"@type\":\"EntryPoint\",\"urlTemplate\":\"https:\/\/www.pm.pb.gov.br\/portal\/?s={search_term_string}\"},\"query-input\":\"required name=search_term_string\"}],\"inLanguage\":\"pt-BR\"},{\"@type\":\"Organization\",\"@id\":\"https:\/\/www.pm.pb.gov.br\/portal\/#organization\",\"name\":\"Pol\u00edcia Militar da Para\u00edba\",\"url\":\"https:\/\/www.pm.pb.gov.br\/portal\/\",\"logo\":{\"@type\":\"ImageObject\",\"inLanguage\":\"pt-BR\",\"@id\":\"https:\/\/www.pm.pb.gov.br\/portal\/#\/schema\/logo\/image\/\",\"url\":\"https:\/\/www.pm.pb.gov.br\/portal\/wp-content\/uploads\/2025\/03\/cropped-logo-site-mag2-1.png\",\"contentUrl\":\"https:\/\/www.pm.pb.gov.br\/portal\/wp-content\/uploads\/2025\/03\/cropped-logo-site-mag2-1.png\",\"width\":320,\"height\":90,\"caption\":\"Pol\u00edcia Militar da Para\u00edba\"},\"image\":{\"@id\":\"https:\/\/www.pm.pb.gov.br\/portal\/#\/schema\/logo\/image\/\"}},{\"@type\":\"Person\",\"@id\":\"https:\/\/www.pm.pb.gov.br\/portal\/#\/schema\/person\/f84f56dcc78ce4357054da888b8247fd\",\"name\":\"Tarcisio Oliveira\",\"image\":{\"@type\":\"ImageObject\",\"inLanguage\":\"pt-BR\",\"@id\":\"https:\/\/www.pm.pb.gov.br\/portal\/#\/schema\/person\/image\/\",\"url\":\"https:\/\/secure.gravatar.com\/avatar\/72917b630b69d31cd0297507f34bac97?s=96&d=mm&r=g\",\"contentUrl\":\"https:\/\/secure.gravatar.com\/avatar\/72917b630b69d31cd0297507f34bac97?s=96&d=mm&r=g\",\"caption\":\"Tarcisio Oliveira\"},\"url\":\"https:\/\/www.pm.pb.gov.br\/portal\/author\/tarcisio\/\"}]}<\/script>\n<!-- \/ Yoast SEO plugin. -->","yoast_head_json":{"title":"Ap\u00f3s romper tornozeleira eletr\u00f4nica, foragido \u00e9 preso pela 5\u00aa vez pela Pol\u00edcia Militar - Pol\u00edcia Militar da Para\u00edba","robots":{"index":"index","follow":"follow","max-snippet":"max-snippet:-1","max-image-preview":"max-image-preview:large","max-video-preview":"max-video-preview:-1"},"canonical":"https:\/\/www.pm.pb.gov.br\/portal\/2023\/10\/27\/apos-romper-tornozeleira-eletronica-foragido-e-preso-pela-5a-vez-pela-policia-militar\/","og_locale":"pt_BR","og_type":"article","og_title":"Ap\u00f3s romper tornozeleira eletr\u00f4nica, foragido \u00e9 preso pela 5\u00aa vez pela Pol\u00edcia Militar - Pol\u00edcia Militar da Para\u00edba","og_description":"A Pol\u00edcia Militar capturou um foragido da Justi\u00e7a que j\u00e1 foi preso, no m\u00ednimo, outras quatro vezes desde o ano","og_url":"https:\/\/www.pm.pb.gov.br\/portal\/2023\/10\/27\/apos-romper-tornozeleira-eletronica-foragido-e-preso-pela-5a-vez-pela-policia-militar\/","og_site_name":"Pol\u00edcia Militar da Para\u00edba","article_published_time":"2023-10-27T18:11:49+00:00","article_modified_time":"2023-10-27T18:11:51+00:00","og_image":[{"width":800,"height":445,"url":"http:\/\/www.pm.pb.gov.br\/portal\/wp-content\/uploads\/2022\/12\/Imagem-Ilustrativa.jpeg","type":"image\/jpeg"}],"author":"Tarcisio Oliveira","twitter_card":"summary_large_image","twitter_misc":{"Escrito por":"Tarcisio Oliveira","Est. tempo de leitura":"2 minutos"},"schema":{"@context":"https:\/\/schema.org","@graph":[{"@type":"Article","@id":"https:\/\/www.pm.pb.gov.br\/portal\/2023\/10\/27\/apos-romper-tornozeleira-eletronica-foragido-e-preso-pela-5a-vez-pela-policia-militar\/#article","isPartOf":{"@id":"https:\/\/www.pm.pb.gov.br\/portal\/2023\/10\/27\/apos-romper-tornozeleira-eletronica-foragido-e-preso-pela-5a-vez-pela-policia-militar\/"},"author":{"name":"Tarcisio Oliveira","@id":"https:\/\/www.pm.pb.gov.br\/portal\/#\/schema\/person\/f84f56dcc78ce4357054da888b8247fd"},"headline":"Ap\u00f3s romper tornozeleira eletr\u00f4nica, foragido \u00e9 preso pela 5\u00aa vez pela Pol\u00edcia Militar","datePublished":"2023-10-27T18:11:49+00:00","dateModified":"2023-10-27T18:11:51+00:00","mainEntityOfPage":{"@id":"https:\/\/www.pm.pb.gov.br\/portal\/2023\/10\/27\/apos-romper-tornozeleira-eletronica-foragido-e-preso-pela-5a-vez-pela-policia-militar\/"},"wordCount":218,"publisher":{"@id":"https:\/\/www.pm.pb.gov.br\/portal\/#organization"},"articleSection":["A\u00e7\u00f5es Policiais"],"inLanguage":"pt-BR"},{"@type":"WebPage","@id":"https:\/\/www.pm.pb.gov.br\/portal\/2023\/10\/27\/apos-romper-tornozeleira-eletronica-foragido-e-preso-pela-5a-vez-pela-policia-militar\/","url":"https:\/\/www.pm.pb.gov.br\/portal\/2023\/10\/27\/apos-romper-tornozeleira-eletronica-foragido-e-preso-pela-5a-vez-pela-policia-militar\/","name":"Ap\u00f3s romper tornozeleira eletr\u00f4nica, foragido \u00e9 preso pela 5\u00aa vez pela Pol\u00edcia Militar - Pol\u00edcia Militar da Para\u00edba","isPartOf":{"@id":"https:\/\/www.pm.pb.gov.br\/portal\/#website"},"datePublished":"2023-10-27T18:11:49+00:00","dateModified":"2023-10-27T18:11:51+00:00","breadcrumb":{"@id":"https:\/\/www.pm.pb.gov.br\/portal\/2023\/10\/27\/apos-romper-tornozeleira-eletronica-foragido-e-preso-pela-5a-vez-pela-policia-militar\/#breadcrumb"},"inLanguage":"pt-BR","potentialAction":[{"@type":"ReadAction","target":["https:\/\/www.pm.pb.gov.br\/portal\/2023\/10\/27\/apos-romper-tornozeleira-eletronica-foragido-e-preso-pela-5a-vez-pela-policia-militar\/"]}]},{"@type":"BreadcrumbList","@id":"https:\/\/www.pm.pb.gov.br\/portal\/2023\/10\/27\/apos-romper-tornozeleira-eletronica-foragido-e-preso-pela-5a-vez-pela-policia-militar\/#breadcrumb","itemListElement":[{"@type":"ListItem","position":1,"name":"In\u00edcio","item":"https:\/\/www.pm.pb.gov.br\/portal\/"},{"@type":"ListItem","position":2,"name":"Ap\u00f3s romper tornozeleira eletr\u00f4nica, foragido \u00e9 preso pela 5\u00aa vez pela Pol\u00edcia Militar"}]},{"@type":"WebSite","@id":"https:\/\/www.pm.pb.gov.br\/portal\/#website","url":"https:\/\/www.pm.pb.gov.br\/portal\/","name":"Pol\u00edcia Militar da Para\u00edba","description":"","publisher":{"@id":"https:\/\/www.pm.pb.gov.br\/portal\/#organization"},"potentialAction":[{"@type":"SearchAction","target":{"@type":"EntryPoint","urlTemplate":"https:\/\/www.pm.pb.gov.br\/portal\/?s={search_term_string}"},"query-input":"required name=search_term_string"}],"inLanguage":"pt-BR"},{"@type":"Organization","@id":"https:\/\/www.pm.pb.gov.br\/portal\/#organization","name":"Pol\u00edcia Militar da Para\u00edba","url":"https:\/\/www.pm.pb.gov.br\/portal\/","logo":{"@type":"ImageObject","inLanguage":"pt-BR","@id":"https:\/\/www.pm.pb.gov.br\/portal\/#\/schema\/logo\/image\/","url":"https:\/\/www.pm.pb.gov.br\/portal\/wp-content\/uploads\/2025\/03\/cropped-logo-site-mag2-1.png","contentUrl":"https:\/\/www.pm.pb.gov.br\/portal\/wp-content\/uploads\/2025\/03\/cropped-logo-site-mag2-1.png","width":320,"height":90,"caption":"Pol\u00edcia Militar da Para\u00edba"},"image":{"@id":"https:\/\/www.pm.pb.gov.br\/portal\/#\/schema\/logo\/image\/"}},{"@type":"Person","@id":"https:\/\/www.pm.pb.gov.br\/portal\/#\/schema\/person\/f84f56dcc78ce4357054da888b8247fd","name":"Tarcisio Oliveira","image":{"@type":"ImageObject","inLanguage":"pt-BR","@id":"https:\/\/www.pm.pb.gov.br\/portal\/#\/schema\/person\/image\/","url":"https:\/\/secure.gravatar.com\/avatar\/72917b630b69d31cd0297507f34bac97?s=96&d=mm&r=g","contentUrl":"https:\/\/secure.gravatar.com\/avatar\/72917b630b69d31cd0297507f34bac97?s=96&d=mm&r=g","caption":"Tarcisio Oliveira"},"url":"https:\/\/www.pm.pb.gov.br\/portal\/author\/tarcisio\/"}]}},"_links":{"self":[{"href":"https:\/\/www.pm.pb.gov.br\/portal\/wp-json\/wp\/v2\/posts\/918804"}],"collection":[{"href":"https:\/\/www.pm.pb.gov.br\/portal\/wp-json\/wp\/v2\/posts"}],"about":[{"href":"https:\/\/www.pm.pb.gov.br\/portal\/wp-json\/wp\/v2\/types\/post"}],"author":[{"embeddable":true,"href":"https:\/\/www.pm.pb.gov.br\/portal\/wp-json\/wp\/v2\/users\/12"}],"replies":[{"embeddable":true,"href":"https:\/\/www.pm.pb.gov.br\/portal\/wp-json\/wp\/v2\/comments?post=918804"}],"version-history":[{"count":1,"href":"https:\/\/www.pm.pb.gov.br\/portal\/wp-json\/wp\/v2\/posts\/918804\/revisions"}],"predecessor-version":[{"id":918805,"href":"https:\/\/www.pm.pb.gov.br\/portal\/wp-json\/wp\/v2\/posts\/918804\/revisions\/918805"}],"wp:featuredmedia":[{"embeddable":true,"href":"https:\/\/www.pm.pb.gov.br\/portal\/wp-json\/wp\/v2\/media\/915163"}],"wp:attachment":[{"href":"https:\/\/www.pm.pb.gov.br\/portal\/wp-json\/wp\/v2\/media?parent=918804"}],"wp:term":[{"taxonomy":"category","embeddable":true,"href":"https:\/\/www.pm.pb.gov.br\/portal\/wp-json\/wp\/v2\/categories?post=918804"},{"taxonomy":"post_tag","embeddable":true,"href":"https:\/\/www.pm.pb.gov.br\/portal\/wp-json\/wp\/v2\/tags?post=918804"}],"curies":[{"name":"wp","href":"https:\/\/api.w.org\/{rel}","templated":true}]}}