{"id":918798,"date":"2023-10-29T21:09:24","date_gmt":"2023-10-30T00:09:24","guid":{"rendered":"https:\/\/www.pm.pb.gov.br\/portal\/?p=918798"},"modified":"2023-10-29T21:11:44","modified_gmt":"2023-10-30T00:11:44","slug":"concurso-para-soldado-da-policia-militar-e-corpo-de-bombeiros-tem-13-pessoas-presas-e-39-eliminados","status":"publish","type":"post","link":"https:\/\/www.pm.pb.gov.br\/portal\/2023\/10\/29\/concurso-para-soldado-da-policia-militar-e-corpo-de-bombeiros-tem-13-pessoas-presas-e-39-eliminados\/","title":{"rendered":"Concurso para soldado da Pol\u00edcia Militar e Corpo de Bombeiros tem 13 pessoas presas e 39 eliminadas"},"content":{"rendered":"\n<p>O forte esquema de seguran\u00e7a e fiscaliza\u00e7\u00e3o montado para as provas do concurso de soldado da Pol\u00edcia Militar e Corpo de Bombeiros Militar, resultou na pris\u00e3o de 13 pessoas e na elimina\u00e7\u00e3o de 39 candidatos (as), neste domingo (29), na Para\u00edba. Ao todo, foram registradas 63.437 inscri\u00e7\u00f5es na disputa pelas 1.100 vagas oferecidas.<br><br>O comandante-geral da Pol\u00edcia Militar, coronel S\u00e9rgio Fonseca, fez um balan\u00e7o do trabalho realizado para blindar o concurso contra fraudes. \u201cFoi um trabalho de intelig\u00eancia desenvolvido h\u00e1 meses, analisando e cruzando dados sobre os candidatos. Nos locais de prova, o uso da tecnologia, a exemplo dos mais de 300 detectores de sinais receptores ou transmissores, auxiliou bastante. N\u00e3o se pode admitir que profissionais que v\u00e3o atuar na garantia da lei e da ordem ingressem na corpora\u00e7\u00e3o burlando a lei, por isso, quem tentou foi imediatamente conduzido para as delegacias ou eliminado do concurso\u201d, destacou.<br><br>Dos 13 conduzidos at\u00e9 as delegacias, seis foram pegos com ponto eletr\u00f4nico ou fone de ouvido, um com celular, quatro com fila (anota\u00e7\u00f5es chamadas de cola) e dois estavam com mandado de pris\u00e3o em aberto. As pris\u00f5es aconteceram em Jo\u00e3o Pessoa (8), Cajazeiras (3), Campina Grande (1) e Patos (1).<br><br><strong>Elimina\u00e7\u00f5es: <\/strong>39 candidatos (as) foram eliminados (as) automaticamente do concurso por infringirem as regras previstas no edital, sendo 22 por portar celular ou outro equipamento eletr\u00f4nico, 6 por portar fila, 5 porque n\u00e3o permaneceram o tempo m\u00ednimo exigido no local de prova, 3 por causa de uso de rel\u00f3gio e 3 que estavam usando bon\u00e9 e se recusaram a tirar.<br><br>As aus\u00eancias registradas teve um percentual de 21%, o que representa 13.574 candidatos (as). O gabarito preliminar da prova j\u00e1 foi divulgado no site do IBFC (www.ibfc.org.br). Quem na prova objetiva for classificado em at\u00e9 quatro vezes o n\u00fameros de vagas, ter\u00e1 a reda\u00e7\u00e3o corrigida e, caso aprovado, avan\u00e7a para a pr\u00f3xima fase, que \u00e9 o exame psicol\u00f3gico.<\/p>\n\n\n\n<p><img loading=\"lazy\" decoding=\"async\" width=\"1195\" height=\"758\" class=\"wp-image-918834\" style=\"width: 800px;\" src=\"http:\/\/www.pm.pb.gov.br\/portal\/wp-content\/uploads\/2023\/10\/WhatsApp-Image-2023-10-29-at-6.26.04-PM.jpeg\" alt=\"\" srcset=\"https:\/\/www.pm.pb.gov.br\/portal\/wp-content\/uploads\/2023\/10\/WhatsApp-Image-2023-10-29-at-6.26.04-PM.jpeg 1195w, https:\/\/www.pm.pb.gov.br\/portal\/wp-content\/uploads\/2023\/10\/WhatsApp-Image-2023-10-29-at-6.26.04-PM-702x445.jpeg 702w, https:\/\/www.pm.pb.gov.br\/portal\/wp-content\/uploads\/2023\/10\/WhatsApp-Image-2023-10-29-at-6.26.04-PM-899x570.jpeg 899w, https:\/\/www.pm.pb.gov.br\/portal\/wp-content\/uploads\/2023\/10\/WhatsApp-Image-2023-10-29-at-6.26.04-PM-768x487.jpeg 768w\" sizes=\"(max-width: 1195px) 100vw, 1195px\" \/><\/p>\n\n\n\n<p><img loading=\"lazy\" decoding=\"async\" width=\"720\" height=\"1280\" class=\"wp-image-918835\" style=\"width: 800px;\" src=\"http:\/\/www.pm.pb.gov.br\/portal\/wp-content\/uploads\/2023\/10\/WhatsApp-Image-2023-10-29-at-6.29.12-PM.jpeg\" alt=\"\" srcset=\"https:\/\/www.pm.pb.gov.br\/portal\/wp-content\/uploads\/2023\/10\/WhatsApp-Image-2023-10-29-at-6.29.12-PM.jpeg 720w, https:\/\/www.pm.pb.gov.br\/portal\/wp-content\/uploads\/2023\/10\/WhatsApp-Image-2023-10-29-at-6.29.12-PM-250x445.jpeg 250w, https:\/\/www.pm.pb.gov.br\/portal\/wp-content\/uploads\/2023\/10\/WhatsApp-Image-2023-10-29-at-6.29.12-PM-321x570.jpeg 321w\" sizes=\"(max-width: 720px) 100vw, 720px\" \/><\/p>\n\n\n\n<p><img loading=\"lazy\" decoding=\"async\" width=\"720\" height=\"1280\" class=\"wp-image-918831\" style=\"width: 800px;\" src=\"http:\/\/www.pm.pb.gov.br\/portal\/wp-content\/uploads\/2023\/10\/WhatsApp-Image-2023-10-29-at-6.26.04-PM-3.jpeg\" alt=\"\" srcset=\"https:\/\/www.pm.pb.gov.br\/portal\/wp-content\/uploads\/2023\/10\/WhatsApp-Image-2023-10-29-at-6.26.04-PM-3.jpeg 720w, https:\/\/www.pm.pb.gov.br\/portal\/wp-content\/uploads\/2023\/10\/WhatsApp-Image-2023-10-29-at-6.26.04-PM-3-250x445.jpeg 250w, https:\/\/www.pm.pb.gov.br\/portal\/wp-content\/uploads\/2023\/10\/WhatsApp-Image-2023-10-29-at-6.26.04-PM-3-321x570.jpeg 321w\" sizes=\"(max-width: 720px) 100vw, 720px\" \/><\/p>\n\n\n\n<p><img loading=\"lazy\" decoding=\"async\" width=\"1280\" height=\"577\" class=\"wp-image-918833\" style=\"width: 800px;\" src=\"http:\/\/www.pm.pb.gov.br\/portal\/wp-content\/uploads\/2023\/10\/WhatsApp-Image-2023-10-29-at-6.26.04-PM-1.jpeg\" alt=\"\" srcset=\"https:\/\/www.pm.pb.gov.br\/portal\/wp-content\/uploads\/2023\/10\/WhatsApp-Image-2023-10-29-at-6.26.04-PM-1.jpeg 1280w, https:\/\/www.pm.pb.gov.br\/portal\/wp-content\/uploads\/2023\/10\/WhatsApp-Image-2023-10-29-at-6.26.04-PM-1-800x361.jpeg 800w, https:\/\/www.pm.pb.gov.br\/portal\/wp-content\/uploads\/2023\/10\/WhatsApp-Image-2023-10-29-at-6.26.04-PM-1-1024x462.jpeg 1024w, https:\/\/www.pm.pb.gov.br\/portal\/wp-content\/uploads\/2023\/10\/WhatsApp-Image-2023-10-29-at-6.26.04-PM-1-768x346.jpeg 768w\" sizes=\"(max-width: 1280px) 100vw, 1280px\" \/><\/p>\n\n\n\n<p><img loading=\"lazy\" decoding=\"async\" width=\"899\" height=\"1599\" class=\"wp-image-918836\" style=\"width: 800px;\" src=\"http:\/\/www.pm.pb.gov.br\/portal\/wp-content\/uploads\/2023\/10\/WhatsApp-Image-2023-10-29-at-6.26.04-PM-2-1.jpeg\" alt=\"\" srcset=\"https:\/\/www.pm.pb.gov.br\/portal\/wp-content\/uploads\/2023\/10\/WhatsApp-Image-2023-10-29-at-6.26.04-PM-2-1.jpeg 899w, https:\/\/www.pm.pb.gov.br\/portal\/wp-content\/uploads\/2023\/10\/WhatsApp-Image-2023-10-29-at-6.26.04-PM-2-1-250x445.jpeg 250w, https:\/\/www.pm.pb.gov.br\/portal\/wp-content\/uploads\/2023\/10\/WhatsApp-Image-2023-10-29-at-6.26.04-PM-2-1-320x570.jpeg 320w, https:\/\/www.pm.pb.gov.br\/portal\/wp-content\/uploads\/2023\/10\/WhatsApp-Image-2023-10-29-at-6.26.04-PM-2-1-768x1366.jpeg 768w, https:\/\/www.pm.pb.gov.br\/portal\/wp-content\/uploads\/2023\/10\/WhatsApp-Image-2023-10-29-at-6.26.04-PM-2-1-864x1536.jpeg 864w\" sizes=\"(max-width: 899px) 100vw, 899px\" \/><\/p>\n\n\n\n<p><img loading=\"lazy\" decoding=\"async\" width=\"1600\" height=\"1200\" class=\"wp-image-918830\" style=\"width: 800px;\" src=\"http:\/\/www.pm.pb.gov.br\/portal\/wp-content\/uploads\/2023\/10\/WhatsApp-Image-2023-10-29-at-12.46.41-PM.jpeg\" alt=\"\" srcset=\"https:\/\/www.pm.pb.gov.br\/portal\/wp-content\/uploads\/2023\/10\/WhatsApp-Image-2023-10-29-at-12.46.41-PM.jpeg 1600w, https:\/\/www.pm.pb.gov.br\/portal\/wp-content\/uploads\/2023\/10\/WhatsApp-Image-2023-10-29-at-12.46.41-PM-593x445.jpeg 593w, https:\/\/www.pm.pb.gov.br\/portal\/wp-content\/uploads\/2023\/10\/WhatsApp-Image-2023-10-29-at-12.46.41-PM-760x570.jpeg 760w, https:\/\/www.pm.pb.gov.br\/portal\/wp-content\/uploads\/2023\/10\/WhatsApp-Image-2023-10-29-at-12.46.41-PM-768x576.jpeg 768w, https:\/\/www.pm.pb.gov.br\/portal\/wp-content\/uploads\/2023\/10\/WhatsApp-Image-2023-10-29-at-12.46.41-PM-1536x1152.jpeg 1536w\" sizes=\"(max-width: 1600px) 100vw, 1600px\" \/><\/p>\n","protected":false},"excerpt":{"rendered":"<p>O forte esquema de seguran\u00e7a e fiscaliza\u00e7\u00e3o montado para as provas do concurso de soldado da Pol\u00edcia Militar e Corpo<\/p>\n","protected":false},"author":5,"featured_media":918829,"comment_status":"closed","ping_status":"closed","sticky":false,"template":"","format":"standard","meta":{"_exactmetrics_skip_tracking":false,"_exactmetrics_sitenote_active":false,"_exactmetrics_sitenote_note":"","_exactmetrics_sitenote_category":0,"footnotes":""},"categories":[33],"tags":[],"yoast_head":"<!-- This site is optimized with the Yoast SEO plugin v22.0 - https:\/\/yoast.com\/wordpress\/plugins\/seo\/ -->\n<title>Concurso para soldado da Pol\u00edcia Militar e Corpo de Bombeiros tem 13 pessoas presas e 39 eliminadas - Pol\u00edcia Militar da Para\u00edba<\/title>\n<meta name=\"robots\" content=\"index, follow, max-snippet:-1, max-image-preview:large, max-video-preview:-1\" \/>\n<link rel=\"canonical\" href=\"https:\/\/www.pm.pb.gov.br\/portal\/2023\/10\/29\/concurso-para-soldado-da-policia-militar-e-corpo-de-bombeiros-tem-13-pessoas-presas-e-39-eliminados\/\" \/>\n<meta property=\"og:locale\" content=\"pt_BR\" \/>\n<meta property=\"og:type\" content=\"article\" \/>\n<meta property=\"og:title\" content=\"Concurso para soldado da Pol\u00edcia Militar e Corpo de Bombeiros tem 13 pessoas presas e 39 eliminadas - Pol\u00edcia Militar da Para\u00edba\" \/>\n<meta property=\"og:description\" content=\"O forte esquema de seguran\u00e7a e fiscaliza\u00e7\u00e3o montado para as provas do concurso de soldado da Pol\u00edcia Militar e Corpo\" \/>\n<meta property=\"og:url\" content=\"https:\/\/www.pm.pb.gov.br\/portal\/2023\/10\/29\/concurso-para-soldado-da-policia-militar-e-corpo-de-bombeiros-tem-13-pessoas-presas-e-39-eliminados\/\" \/>\n<meta property=\"og:site_name\" content=\"Pol\u00edcia Militar da Para\u00edba\" \/>\n<meta property=\"article:published_time\" content=\"2023-10-30T00:09:24+00:00\" \/>\n<meta property=\"article:modified_time\" content=\"2023-10-30T00:11:44+00:00\" \/>\n<meta property=\"og:image\" content=\"http:\/\/www.pm.pb.gov.br\/portal\/wp-content\/uploads\/2023\/10\/WhatsApp-Image-2023-10-29-at-12.46.40-PM.jpeg\" \/>\n\t<meta property=\"og:image:width\" content=\"1600\" \/>\n\t<meta property=\"og:image:height\" content=\"1200\" \/>\n\t<meta property=\"og:image:type\" content=\"image\/jpeg\" \/>\n<meta name=\"author\" content=\"Assessoria de Imprensa da PMPB\" \/>\n<meta name=\"twitter:card\" content=\"summary_large_image\" \/>\n<meta name=\"twitter:label1\" content=\"Escrito por\" \/>\n\t<meta name=\"twitter:data1\" content=\"Assessoria de Imprensa da PMPB\" \/>\n\t<meta name=\"twitter:label2\" content=\"Est. tempo de leitura\" \/>\n\t<meta name=\"twitter:data2\" content=\"3 minutos\" \/>\n<script type=\"application\/ld+json\" class=\"yoast-schema-graph\">{\"@context\":\"https:\/\/schema.org\",\"@graph\":[{\"@type\":\"Article\",\"@id\":\"https:\/\/www.pm.pb.gov.br\/portal\/2023\/10\/29\/concurso-para-soldado-da-policia-militar-e-corpo-de-bombeiros-tem-13-pessoas-presas-e-39-eliminados\/#article\",\"isPartOf\":{\"@id\":\"https:\/\/www.pm.pb.gov.br\/portal\/2023\/10\/29\/concurso-para-soldado-da-policia-militar-e-corpo-de-bombeiros-tem-13-pessoas-presas-e-39-eliminados\/\"},\"author\":{\"name\":\"Assessoria de Imprensa da PMPB\",\"@id\":\"https:\/\/www.pm.pb.gov.br\/portal\/#\/schema\/person\/e8454f46651c3ecf0e1ba3c1666d9947\"},\"headline\":\"Concurso para soldado da Pol\u00edcia Militar e Corpo de Bombeiros tem 13 pessoas presas e 39 eliminadas\",\"datePublished\":\"2023-10-30T00:09:24+00:00\",\"dateModified\":\"2023-10-30T00:11:44+00:00\",\"mainEntityOfPage\":{\"@id\":\"https:\/\/www.pm.pb.gov.br\/portal\/2023\/10\/29\/concurso-para-soldado-da-policia-militar-e-corpo-de-bombeiros-tem-13-pessoas-presas-e-39-eliminados\/\"},\"wordCount\":344,\"publisher\":{\"@id\":\"https:\/\/www.pm.pb.gov.br\/portal\/#organization\"},\"articleSection\":[\"Concurso CFSd 2023\"],\"inLanguage\":\"pt-BR\"},{\"@type\":\"WebPage\",\"@id\":\"https:\/\/www.pm.pb.gov.br\/portal\/2023\/10\/29\/concurso-para-soldado-da-policia-militar-e-corpo-de-bombeiros-tem-13-pessoas-presas-e-39-eliminados\/\",\"url\":\"https:\/\/www.pm.pb.gov.br\/portal\/2023\/10\/29\/concurso-para-soldado-da-policia-militar-e-corpo-de-bombeiros-tem-13-pessoas-presas-e-39-eliminados\/\",\"name\":\"Concurso para soldado da Pol\u00edcia Militar e Corpo de Bombeiros tem 13 pessoas presas e 39 eliminadas - Pol\u00edcia Militar da Para\u00edba\",\"isPartOf\":{\"@id\":\"https:\/\/www.pm.pb.gov.br\/portal\/#website\"},\"datePublished\":\"2023-10-30T00:09:24+00:00\",\"dateModified\":\"2023-10-30T00:11:44+00:00\",\"breadcrumb\":{\"@id\":\"https:\/\/www.pm.pb.gov.br\/portal\/2023\/10\/29\/concurso-para-soldado-da-policia-militar-e-corpo-de-bombeiros-tem-13-pessoas-presas-e-39-eliminados\/#breadcrumb\"},\"inLanguage\":\"pt-BR\",\"potentialAction\":[{\"@type\":\"ReadAction\",\"target\":[\"https:\/\/www.pm.pb.gov.br\/portal\/2023\/10\/29\/concurso-para-soldado-da-policia-militar-e-corpo-de-bombeiros-tem-13-pessoas-presas-e-39-eliminados\/\"]}]},{\"@type\":\"BreadcrumbList\",\"@id\":\"https:\/\/www.pm.pb.gov.br\/portal\/2023\/10\/29\/concurso-para-soldado-da-policia-militar-e-corpo-de-bombeiros-tem-13-pessoas-presas-e-39-eliminados\/#breadcrumb\",\"itemListElement\":[{\"@type\":\"ListItem\",\"position\":1,\"name\":\"In\u00edcio\",\"item\":\"https:\/\/www.pm.pb.gov.br\/portal\/\"},{\"@type\":\"ListItem\",\"position\":2,\"name\":\"Concurso para soldado da Pol\u00edcia Militar e Corpo de Bombeiros tem 13 pessoas presas e 39 eliminadas\"}]},{\"@type\":\"WebSite\",\"@id\":\"https:\/\/www.pm.pb.gov.br\/portal\/#website\",\"url\":\"https:\/\/www.pm.pb.gov.br\/portal\/\",\"name\":\"Pol\u00edcia Militar da Para\u00edba\",\"description\":\"\",\"publisher\":{\"@id\":\"https:\/\/www.pm.pb.gov.br\/portal\/#organization\"},\"potentialAction\":[{\"@type\":\"SearchAction\",\"target\":{\"@type\":\"EntryPoint\",\"urlTemplate\":\"https:\/\/www.pm.pb.gov.br\/portal\/?s={search_term_string}\"},\"query-input\":\"required name=search_term_string\"}],\"inLanguage\":\"pt-BR\"},{\"@type\":\"Organization\",\"@id\":\"https:\/\/www.pm.pb.gov.br\/portal\/#organization\",\"name\":\"Pol\u00edcia Militar da Para\u00edba\",\"url\":\"https:\/\/www.pm.pb.gov.br\/portal\/\",\"logo\":{\"@type\":\"ImageObject\",\"inLanguage\":\"pt-BR\",\"@id\":\"https:\/\/www.pm.pb.gov.br\/portal\/#\/schema\/logo\/image\/\",\"url\":\"https:\/\/www.pm.pb.gov.br\/portal\/wp-content\/uploads\/2025\/03\/cropped-logo-site-mag2-1.png\",\"contentUrl\":\"https:\/\/www.pm.pb.gov.br\/portal\/wp-content\/uploads\/2025\/03\/cropped-logo-site-mag2-1.png\",\"width\":320,\"height\":90,\"caption\":\"Pol\u00edcia Militar da Para\u00edba\"},\"image\":{\"@id\":\"https:\/\/www.pm.pb.gov.br\/portal\/#\/schema\/logo\/image\/\"}},{\"@type\":\"Person\",\"@id\":\"https:\/\/www.pm.pb.gov.br\/portal\/#\/schema\/person\/e8454f46651c3ecf0e1ba3c1666d9947\",\"name\":\"Assessoria de Imprensa da PMPB\",\"image\":{\"@type\":\"ImageObject\",\"inLanguage\":\"pt-BR\",\"@id\":\"https:\/\/www.pm.pb.gov.br\/portal\/#\/schema\/person\/image\/\",\"url\":\"https:\/\/secure.gravatar.com\/avatar\/2efe197438265d1e90bd98c4c8e1acf8?s=96&d=mm&r=g\",\"contentUrl\":\"https:\/\/secure.gravatar.com\/avatar\/2efe197438265d1e90bd98c4c8e1acf8?s=96&d=mm&r=g\",\"caption\":\"Assessoria de Imprensa da PMPB\"},\"url\":\"https:\/\/www.pm.pb.gov.br\/portal\/author\/assessoria\/\"}]}<\/script>\n<!-- \/ Yoast SEO plugin. -->","yoast_head_json":{"title":"Concurso para soldado da Pol\u00edcia Militar e Corpo de Bombeiros tem 13 pessoas presas e 39 eliminadas - Pol\u00edcia Militar da Para\u00edba","robots":{"index":"index","follow":"follow","max-snippet":"max-snippet:-1","max-image-preview":"max-image-preview:large","max-video-preview":"max-video-preview:-1"},"canonical":"https:\/\/www.pm.pb.gov.br\/portal\/2023\/10\/29\/concurso-para-soldado-da-policia-militar-e-corpo-de-bombeiros-tem-13-pessoas-presas-e-39-eliminados\/","og_locale":"pt_BR","og_type":"article","og_title":"Concurso para soldado da Pol\u00edcia Militar e Corpo de Bombeiros tem 13 pessoas presas e 39 eliminadas - Pol\u00edcia Militar da Para\u00edba","og_description":"O forte esquema de seguran\u00e7a e fiscaliza\u00e7\u00e3o montado para as provas do concurso de soldado da Pol\u00edcia Militar e Corpo","og_url":"https:\/\/www.pm.pb.gov.br\/portal\/2023\/10\/29\/concurso-para-soldado-da-policia-militar-e-corpo-de-bombeiros-tem-13-pessoas-presas-e-39-eliminados\/","og_site_name":"Pol\u00edcia Militar da Para\u00edba","article_published_time":"2023-10-30T00:09:24+00:00","article_modified_time":"2023-10-30T00:11:44+00:00","og_image":[{"width":1600,"height":1200,"url":"http:\/\/www.pm.pb.gov.br\/portal\/wp-content\/uploads\/2023\/10\/WhatsApp-Image-2023-10-29-at-12.46.40-PM.jpeg","type":"image\/jpeg"}],"author":"Assessoria de Imprensa da PMPB","twitter_card":"summary_large_image","twitter_misc":{"Escrito por":"Assessoria de Imprensa da PMPB","Est. tempo de leitura":"3 minutos"},"schema":{"@context":"https:\/\/schema.org","@graph":[{"@type":"Article","@id":"https:\/\/www.pm.pb.gov.br\/portal\/2023\/10\/29\/concurso-para-soldado-da-policia-militar-e-corpo-de-bombeiros-tem-13-pessoas-presas-e-39-eliminados\/#article","isPartOf":{"@id":"https:\/\/www.pm.pb.gov.br\/portal\/2023\/10\/29\/concurso-para-soldado-da-policia-militar-e-corpo-de-bombeiros-tem-13-pessoas-presas-e-39-eliminados\/"},"author":{"name":"Assessoria de Imprensa da PMPB","@id":"https:\/\/www.pm.pb.gov.br\/portal\/#\/schema\/person\/e8454f46651c3ecf0e1ba3c1666d9947"},"headline":"Concurso para soldado da Pol\u00edcia Militar e Corpo de Bombeiros tem 13 pessoas presas e 39 eliminadas","datePublished":"2023-10-30T00:09:24+00:00","dateModified":"2023-10-30T00:11:44+00:00","mainEntityOfPage":{"@id":"https:\/\/www.pm.pb.gov.br\/portal\/2023\/10\/29\/concurso-para-soldado-da-policia-militar-e-corpo-de-bombeiros-tem-13-pessoas-presas-e-39-eliminados\/"},"wordCount":344,"publisher":{"@id":"https:\/\/www.pm.pb.gov.br\/portal\/#organization"},"articleSection":["Concurso CFSd 2023"],"inLanguage":"pt-BR"},{"@type":"WebPage","@id":"https:\/\/www.pm.pb.gov.br\/portal\/2023\/10\/29\/concurso-para-soldado-da-policia-militar-e-corpo-de-bombeiros-tem-13-pessoas-presas-e-39-eliminados\/","url":"https:\/\/www.pm.pb.gov.br\/portal\/2023\/10\/29\/concurso-para-soldado-da-policia-militar-e-corpo-de-bombeiros-tem-13-pessoas-presas-e-39-eliminados\/","name":"Concurso para soldado da Pol\u00edcia Militar e Corpo de Bombeiros tem 13 pessoas presas e 39 eliminadas - Pol\u00edcia Militar da Para\u00edba","isPartOf":{"@id":"https:\/\/www.pm.pb.gov.br\/portal\/#website"},"datePublished":"2023-10-30T00:09:24+00:00","dateModified":"2023-10-30T00:11:44+00:00","breadcrumb":{"@id":"https:\/\/www.pm.pb.gov.br\/portal\/2023\/10\/29\/concurso-para-soldado-da-policia-militar-e-corpo-de-bombeiros-tem-13-pessoas-presas-e-39-eliminados\/#breadcrumb"},"inLanguage":"pt-BR","potentialAction":[{"@type":"ReadAction","target":["https:\/\/www.pm.pb.gov.br\/portal\/2023\/10\/29\/concurso-para-soldado-da-policia-militar-e-corpo-de-bombeiros-tem-13-pessoas-presas-e-39-eliminados\/"]}]},{"@type":"BreadcrumbList","@id":"https:\/\/www.pm.pb.gov.br\/portal\/2023\/10\/29\/concurso-para-soldado-da-policia-militar-e-corpo-de-bombeiros-tem-13-pessoas-presas-e-39-eliminados\/#breadcrumb","itemListElement":[{"@type":"ListItem","position":1,"name":"In\u00edcio","item":"https:\/\/www.pm.pb.gov.br\/portal\/"},{"@type":"ListItem","position":2,"name":"Concurso para soldado da Pol\u00edcia Militar e Corpo de Bombeiros tem 13 pessoas presas e 39 eliminadas"}]},{"@type":"WebSite","@id":"https:\/\/www.pm.pb.gov.br\/portal\/#website","url":"https:\/\/www.pm.pb.gov.br\/portal\/","name":"Pol\u00edcia Militar da Para\u00edba","description":"","publisher":{"@id":"https:\/\/www.pm.pb.gov.br\/portal\/#organization"},"potentialAction":[{"@type":"SearchAction","target":{"@type":"EntryPoint","urlTemplate":"https:\/\/www.pm.pb.gov.br\/portal\/?s={search_term_string}"},"query-input":"required name=search_term_string"}],"inLanguage":"pt-BR"},{"@type":"Organization","@id":"https:\/\/www.pm.pb.gov.br\/portal\/#organization","name":"Pol\u00edcia Militar da Para\u00edba","url":"https:\/\/www.pm.pb.gov.br\/portal\/","logo":{"@type":"ImageObject","inLanguage":"pt-BR","@id":"https:\/\/www.pm.pb.gov.br\/portal\/#\/schema\/logo\/image\/","url":"https:\/\/www.pm.pb.gov.br\/portal\/wp-content\/uploads\/2025\/03\/cropped-logo-site-mag2-1.png","contentUrl":"https:\/\/www.pm.pb.gov.br\/portal\/wp-content\/uploads\/2025\/03\/cropped-logo-site-mag2-1.png","width":320,"height":90,"caption":"Pol\u00edcia Militar da Para\u00edba"},"image":{"@id":"https:\/\/www.pm.pb.gov.br\/portal\/#\/schema\/logo\/image\/"}},{"@type":"Person","@id":"https:\/\/www.pm.pb.gov.br\/portal\/#\/schema\/person\/e8454f46651c3ecf0e1ba3c1666d9947","name":"Assessoria de Imprensa da PMPB","image":{"@type":"ImageObject","inLanguage":"pt-BR","@id":"https:\/\/www.pm.pb.gov.br\/portal\/#\/schema\/person\/image\/","url":"https:\/\/secure.gravatar.com\/avatar\/2efe197438265d1e90bd98c4c8e1acf8?s=96&d=mm&r=g","contentUrl":"https:\/\/secure.gravatar.com\/avatar\/2efe197438265d1e90bd98c4c8e1acf8?s=96&d=mm&r=g","caption":"Assessoria de Imprensa da PMPB"},"url":"https:\/\/www.pm.pb.gov.br\/portal\/author\/assessoria\/"}]}},"_links":{"self":[{"href":"https:\/\/www.pm.pb.gov.br\/portal\/wp-json\/wp\/v2\/posts\/918798"}],"collection":[{"href":"https:\/\/www.pm.pb.gov.br\/portal\/wp-json\/wp\/v2\/posts"}],"about":[{"href":"https:\/\/www.pm.pb.gov.br\/portal\/wp-json\/wp\/v2\/types\/post"}],"author":[{"embeddable":true,"href":"https:\/\/www.pm.pb.gov.br\/portal\/wp-json\/wp\/v2\/users\/5"}],"replies":[{"embeddable":true,"href":"https:\/\/www.pm.pb.gov.br\/portal\/wp-json\/wp\/v2\/comments?post=918798"}],"version-history":[{"count":3,"href":"https:\/\/www.pm.pb.gov.br\/portal\/wp-json\/wp\/v2\/posts\/918798\/revisions"}],"predecessor-version":[{"id":918838,"href":"https:\/\/www.pm.pb.gov.br\/portal\/wp-json\/wp\/v2\/posts\/918798\/revisions\/918838"}],"wp:featuredmedia":[{"embeddable":true,"href":"https:\/\/www.pm.pb.gov.br\/portal\/wp-json\/wp\/v2\/media\/918829"}],"wp:attachment":[{"href":"https:\/\/www.pm.pb.gov.br\/portal\/wp-json\/wp\/v2\/media?parent=918798"}],"wp:term":[{"taxonomy":"category","embeddable":true,"href":"https:\/\/www.pm.pb.gov.br\/portal\/wp-json\/wp\/v2\/categories?post=918798"},{"taxonomy":"post_tag","embeddable":true,"href":"https:\/\/www.pm.pb.gov.br\/portal\/wp-json\/wp\/v2\/tags?post=918798"}],"curies":[{"name":"wp","href":"https:\/\/api.w.org\/{rel}","templated":true}]}}