{"id":918784,"date":"2023-10-26T06:45:00","date_gmt":"2023-10-26T09:45:00","guid":{"rendered":"https:\/\/www.pm.pb.gov.br\/portal\/?p=918784"},"modified":"2023-10-26T18:34:49","modified_gmt":"2023-10-26T21:34:49","slug":"em-bayeux-policia-militar-prende-acusados-de-trafico-de-drogas-porte-ilegal-e-receptacao","status":"publish","type":"post","link":"https:\/\/www.pm.pb.gov.br\/portal\/2023\/10\/26\/em-bayeux-policia-militar-prende-acusados-de-trafico-de-drogas-porte-ilegal-e-receptacao\/","title":{"rendered":"Em Bayeux, Pol\u00edcia Militar prende acusados de tr\u00e1fico de drogas, porte ilegal e recepta\u00e7\u00e3o"},"content":{"rendered":"\n\n\n<p style=\"text-align: justify;\">A Pol\u00edcia Militar localizou e prendeu quatro pessoas acusadas de tr\u00e1fico de drogas, porte ilegal de arma de fogo, recepta\u00e7\u00e3o e outros delitos, em duas ocorr\u00eancias na cidade de Bayeux (foto acima ilustrativa). As a\u00e7\u00f5es aconteceram na tarde da \u00faltima quarta-feira (25) e s\u00e3o resultado direto do policiamento realizado pela 4\u00aa Companhia Independente, com apoio da For\u00e7a T\u00e1tica. Com essas a\u00e7\u00f5es, j\u00e1 s\u00e3o oito os presos por diversos crimes na cidade, em cerca de 48 horas.<\/p>\n<p style=\"text-align: justify;\">A pris\u00e3o mais recente foi de um casal que estava nas proximidades de sua resid\u00eancia, e onde foram encontradas por\u00e7\u00f5es de maconha e coca\u00edna. Nas dilig\u00eancias, a PM apreendeu uma espingarda calibre 36, muni\u00e7\u00f5es e dinheiro. A pris\u00e3o aconteceu no bairro da Imaculada (foto abaixo).<\/p>\n<p style=\"text-align: justify;\"><img loading=\"lazy\" decoding=\"async\" class=\"size-medium wp-image-918785 aligncenter\" src=\"http:\/\/www.pm.pb.gov.br\/portal\/wp-content\/uploads\/2023\/10\/WhatsApp-Image-2023-10-25-at-19.35.45-334x445.jpeg\" alt=\"\" width=\"334\" height=\"445\" srcset=\"https:\/\/www.pm.pb.gov.br\/portal\/wp-content\/uploads\/2023\/10\/WhatsApp-Image-2023-10-25-at-19.35.45-334x445.jpeg 334w, https:\/\/www.pm.pb.gov.br\/portal\/wp-content\/uploads\/2023\/10\/WhatsApp-Image-2023-10-25-at-19.35.45-428x570.jpeg 428w, https:\/\/www.pm.pb.gov.br\/portal\/wp-content\/uploads\/2023\/10\/WhatsApp-Image-2023-10-25-at-19.35.45-768x1023.jpeg 768w, https:\/\/www.pm.pb.gov.br\/portal\/wp-content\/uploads\/2023\/10\/WhatsApp-Image-2023-10-25-at-19.35.45.jpeg 868w\" sizes=\"(max-width: 334px) 100vw, 334px\" \/><\/p>\n<p style=\"text-align: justify;\">Mais cedo, em outra casa no M\u00e1rio Andreazza, a PM encontrou uma motocicleta com registro de roubo. Durante o flagrante, outro casal foi localizado com drogas, carregador de pistola, cinto t\u00e1tico, coldre, algema, balan\u00e7as, dinheiro, e at\u00e9 uma espada (foto abaixo).<\/p>\n<p style=\"text-align: justify;\"><img loading=\"lazy\" decoding=\"async\" class=\"size-medium wp-image-918786 aligncenter\" src=\"http:\/\/www.pm.pb.gov.br\/portal\/wp-content\/uploads\/2023\/10\/WhatsApp-Image-2023-10-25-at-19.38.48-395x445.jpeg\" alt=\"\" width=\"395\" height=\"445\" srcset=\"https:\/\/www.pm.pb.gov.br\/portal\/wp-content\/uploads\/2023\/10\/WhatsApp-Image-2023-10-25-at-19.38.48-395x445.jpeg 395w, https:\/\/www.pm.pb.gov.br\/portal\/wp-content\/uploads\/2023\/10\/WhatsApp-Image-2023-10-25-at-19.38.48-506x570.jpeg 506w, https:\/\/www.pm.pb.gov.br\/portal\/wp-content\/uploads\/2023\/10\/WhatsApp-Image-2023-10-25-at-19.38.48.jpeg 717w\" sizes=\"(max-width: 395px) 100vw, 395px\" \/><\/p>\n<p style=\"text-align: justify;\">As ocorr\u00eancias foram apresentadas nas delegacias locais onde a participa\u00e7\u00e3o dos acusados em outros crimes dever\u00e1 ser investigada. \u201cAs \u00faltimas a\u00e7\u00f5es desta quarta e quinta-feira resultaram em oito pessoas presas, envolvidas em diversos delitos graves como tr\u00e1fico, homic\u00eddio, viol\u00eancia dom\u00e9stica, entre outros. O trabalho da 4\u00aa CIPM continua para trazer ainda mais seguran\u00e7a ao povo de Bayeux\u201d, disse o major Sena, comandante da Companhia.<\/p>\n<p><em>Atualizado \u00e0s 18h54.<\/em><\/p>\n","protected":false},"excerpt":{"rendered":"<p>A Pol\u00edcia Militar localizou e prendeu quatro pessoas acusadas de tr\u00e1fico de drogas, porte ilegal de arma de fogo, recepta\u00e7\u00e3o<\/p>\n","protected":false},"author":12,"featured_media":913089,"comment_status":"closed","ping_status":"closed","sticky":false,"template":"","format":"standard","meta":{"_exactmetrics_skip_tracking":false,"_exactmetrics_sitenote_active":false,"_exactmetrics_sitenote_note":"","_exactmetrics_sitenote_category":0,"footnotes":""},"categories":[4],"tags":[],"yoast_head":"<!-- This site is optimized with the Yoast SEO plugin v22.0 - https:\/\/yoast.com\/wordpress\/plugins\/seo\/ -->\n<title>Em Bayeux, Pol\u00edcia Militar prende acusados de tr\u00e1fico de drogas, porte ilegal e recepta\u00e7\u00e3o - Pol\u00edcia Militar da Para\u00edba<\/title>\n<meta name=\"robots\" content=\"index, follow, max-snippet:-1, max-image-preview:large, max-video-preview:-1\" \/>\n<link rel=\"canonical\" href=\"https:\/\/www.pm.pb.gov.br\/portal\/2023\/10\/26\/em-bayeux-policia-militar-prende-acusados-de-trafico-de-drogas-porte-ilegal-e-receptacao\/\" \/>\n<meta property=\"og:locale\" content=\"pt_BR\" \/>\n<meta property=\"og:type\" content=\"article\" \/>\n<meta property=\"og:title\" content=\"Em Bayeux, Pol\u00edcia Militar prende acusados de tr\u00e1fico de drogas, porte ilegal e recepta\u00e7\u00e3o - Pol\u00edcia Militar da Para\u00edba\" \/>\n<meta property=\"og:description\" content=\"A Pol\u00edcia Militar localizou e prendeu quatro pessoas acusadas de tr\u00e1fico de drogas, porte ilegal de arma de fogo, recepta\u00e7\u00e3o\" \/>\n<meta property=\"og:url\" content=\"https:\/\/www.pm.pb.gov.br\/portal\/2023\/10\/26\/em-bayeux-policia-militar-prende-acusados-de-trafico-de-drogas-porte-ilegal-e-receptacao\/\" \/>\n<meta property=\"og:site_name\" content=\"Pol\u00edcia Militar da Para\u00edba\" \/>\n<meta property=\"article:published_time\" content=\"2023-10-26T09:45:00+00:00\" \/>\n<meta property=\"article:modified_time\" content=\"2023-10-26T21:34:49+00:00\" \/>\n<meta property=\"og:image\" content=\"http:\/\/www.pm.pb.gov.br\/portal\/wp-content\/uploads\/2021\/11\/4cipm.jpeg\" \/>\n\t<meta property=\"og:image:width\" content=\"800\" \/>\n\t<meta property=\"og:image:height\" content=\"445\" \/>\n\t<meta property=\"og:image:type\" content=\"image\/jpeg\" \/>\n<meta name=\"author\" content=\"Tarcisio Oliveira\" \/>\n<meta name=\"twitter:card\" content=\"summary_large_image\" \/>\n<meta name=\"twitter:label1\" content=\"Escrito por\" \/>\n\t<meta name=\"twitter:data1\" content=\"Tarcisio Oliveira\" \/>\n\t<meta name=\"twitter:label2\" content=\"Est. tempo de leitura\" \/>\n\t<meta name=\"twitter:data2\" content=\"2 minutos\" \/>\n<script type=\"application\/ld+json\" class=\"yoast-schema-graph\">{\"@context\":\"https:\/\/schema.org\",\"@graph\":[{\"@type\":\"Article\",\"@id\":\"https:\/\/www.pm.pb.gov.br\/portal\/2023\/10\/26\/em-bayeux-policia-militar-prende-acusados-de-trafico-de-drogas-porte-ilegal-e-receptacao\/#article\",\"isPartOf\":{\"@id\":\"https:\/\/www.pm.pb.gov.br\/portal\/2023\/10\/26\/em-bayeux-policia-militar-prende-acusados-de-trafico-de-drogas-porte-ilegal-e-receptacao\/\"},\"author\":{\"name\":\"Tarcisio Oliveira\",\"@id\":\"https:\/\/www.pm.pb.gov.br\/portal\/#\/schema\/person\/f84f56dcc78ce4357054da888b8247fd\"},\"headline\":\"Em Bayeux, Pol\u00edcia Militar prende acusados de tr\u00e1fico de drogas, porte ilegal e recepta\u00e7\u00e3o\",\"datePublished\":\"2023-10-26T09:45:00+00:00\",\"dateModified\":\"2023-10-26T21:34:49+00:00\",\"mainEntityOfPage\":{\"@id\":\"https:\/\/www.pm.pb.gov.br\/portal\/2023\/10\/26\/em-bayeux-policia-militar-prende-acusados-de-trafico-de-drogas-porte-ilegal-e-receptacao\/\"},\"wordCount\":269,\"publisher\":{\"@id\":\"https:\/\/www.pm.pb.gov.br\/portal\/#organization\"},\"articleSection\":[\"A\u00e7\u00f5es Policiais\"],\"inLanguage\":\"pt-BR\"},{\"@type\":\"WebPage\",\"@id\":\"https:\/\/www.pm.pb.gov.br\/portal\/2023\/10\/26\/em-bayeux-policia-militar-prende-acusados-de-trafico-de-drogas-porte-ilegal-e-receptacao\/\",\"url\":\"https:\/\/www.pm.pb.gov.br\/portal\/2023\/10\/26\/em-bayeux-policia-militar-prende-acusados-de-trafico-de-drogas-porte-ilegal-e-receptacao\/\",\"name\":\"Em Bayeux, Pol\u00edcia Militar prende acusados de tr\u00e1fico de drogas, porte ilegal e recepta\u00e7\u00e3o - Pol\u00edcia Militar da Para\u00edba\",\"isPartOf\":{\"@id\":\"https:\/\/www.pm.pb.gov.br\/portal\/#website\"},\"datePublished\":\"2023-10-26T09:45:00+00:00\",\"dateModified\":\"2023-10-26T21:34:49+00:00\",\"breadcrumb\":{\"@id\":\"https:\/\/www.pm.pb.gov.br\/portal\/2023\/10\/26\/em-bayeux-policia-militar-prende-acusados-de-trafico-de-drogas-porte-ilegal-e-receptacao\/#breadcrumb\"},\"inLanguage\":\"pt-BR\",\"potentialAction\":[{\"@type\":\"ReadAction\",\"target\":[\"https:\/\/www.pm.pb.gov.br\/portal\/2023\/10\/26\/em-bayeux-policia-militar-prende-acusados-de-trafico-de-drogas-porte-ilegal-e-receptacao\/\"]}]},{\"@type\":\"BreadcrumbList\",\"@id\":\"https:\/\/www.pm.pb.gov.br\/portal\/2023\/10\/26\/em-bayeux-policia-militar-prende-acusados-de-trafico-de-drogas-porte-ilegal-e-receptacao\/#breadcrumb\",\"itemListElement\":[{\"@type\":\"ListItem\",\"position\":1,\"name\":\"In\u00edcio\",\"item\":\"https:\/\/www.pm.pb.gov.br\/portal\/\"},{\"@type\":\"ListItem\",\"position\":2,\"name\":\"Em Bayeux, Pol\u00edcia Militar prende acusados de tr\u00e1fico de drogas, porte ilegal e recepta\u00e7\u00e3o\"}]},{\"@type\":\"WebSite\",\"@id\":\"https:\/\/www.pm.pb.gov.br\/portal\/#website\",\"url\":\"https:\/\/www.pm.pb.gov.br\/portal\/\",\"name\":\"Pol\u00edcia Militar da Para\u00edba\",\"description\":\"\",\"publisher\":{\"@id\":\"https:\/\/www.pm.pb.gov.br\/portal\/#organization\"},\"potentialAction\":[{\"@type\":\"SearchAction\",\"target\":{\"@type\":\"EntryPoint\",\"urlTemplate\":\"https:\/\/www.pm.pb.gov.br\/portal\/?s={search_term_string}\"},\"query-input\":\"required name=search_term_string\"}],\"inLanguage\":\"pt-BR\"},{\"@type\":\"Organization\",\"@id\":\"https:\/\/www.pm.pb.gov.br\/portal\/#organization\",\"name\":\"Pol\u00edcia Militar da Para\u00edba\",\"url\":\"https:\/\/www.pm.pb.gov.br\/portal\/\",\"logo\":{\"@type\":\"ImageObject\",\"inLanguage\":\"pt-BR\",\"@id\":\"https:\/\/www.pm.pb.gov.br\/portal\/#\/schema\/logo\/image\/\",\"url\":\"https:\/\/www.pm.pb.gov.br\/portal\/wp-content\/uploads\/2025\/03\/cropped-logo-site-mag2-1.png\",\"contentUrl\":\"https:\/\/www.pm.pb.gov.br\/portal\/wp-content\/uploads\/2025\/03\/cropped-logo-site-mag2-1.png\",\"width\":320,\"height\":90,\"caption\":\"Pol\u00edcia Militar da Para\u00edba\"},\"image\":{\"@id\":\"https:\/\/www.pm.pb.gov.br\/portal\/#\/schema\/logo\/image\/\"}},{\"@type\":\"Person\",\"@id\":\"https:\/\/www.pm.pb.gov.br\/portal\/#\/schema\/person\/f84f56dcc78ce4357054da888b8247fd\",\"name\":\"Tarcisio Oliveira\",\"image\":{\"@type\":\"ImageObject\",\"inLanguage\":\"pt-BR\",\"@id\":\"https:\/\/www.pm.pb.gov.br\/portal\/#\/schema\/person\/image\/\",\"url\":\"https:\/\/secure.gravatar.com\/avatar\/72917b630b69d31cd0297507f34bac97?s=96&d=mm&r=g\",\"contentUrl\":\"https:\/\/secure.gravatar.com\/avatar\/72917b630b69d31cd0297507f34bac97?s=96&d=mm&r=g\",\"caption\":\"Tarcisio Oliveira\"},\"url\":\"https:\/\/www.pm.pb.gov.br\/portal\/author\/tarcisio\/\"}]}<\/script>\n<!-- \/ Yoast SEO plugin. -->","yoast_head_json":{"title":"Em Bayeux, Pol\u00edcia Militar prende acusados de tr\u00e1fico de drogas, porte ilegal e recepta\u00e7\u00e3o - Pol\u00edcia Militar da Para\u00edba","robots":{"index":"index","follow":"follow","max-snippet":"max-snippet:-1","max-image-preview":"max-image-preview:large","max-video-preview":"max-video-preview:-1"},"canonical":"https:\/\/www.pm.pb.gov.br\/portal\/2023\/10\/26\/em-bayeux-policia-militar-prende-acusados-de-trafico-de-drogas-porte-ilegal-e-receptacao\/","og_locale":"pt_BR","og_type":"article","og_title":"Em Bayeux, Pol\u00edcia Militar prende acusados de tr\u00e1fico de drogas, porte ilegal e recepta\u00e7\u00e3o - Pol\u00edcia Militar da Para\u00edba","og_description":"A Pol\u00edcia Militar localizou e prendeu quatro pessoas acusadas de tr\u00e1fico de drogas, porte ilegal de arma de fogo, recepta\u00e7\u00e3o","og_url":"https:\/\/www.pm.pb.gov.br\/portal\/2023\/10\/26\/em-bayeux-policia-militar-prende-acusados-de-trafico-de-drogas-porte-ilegal-e-receptacao\/","og_site_name":"Pol\u00edcia Militar da Para\u00edba","article_published_time":"2023-10-26T09:45:00+00:00","article_modified_time":"2023-10-26T21:34:49+00:00","og_image":[{"width":800,"height":445,"url":"http:\/\/www.pm.pb.gov.br\/portal\/wp-content\/uploads\/2021\/11\/4cipm.jpeg","type":"image\/jpeg"}],"author":"Tarcisio Oliveira","twitter_card":"summary_large_image","twitter_misc":{"Escrito por":"Tarcisio Oliveira","Est. tempo de leitura":"2 minutos"},"schema":{"@context":"https:\/\/schema.org","@graph":[{"@type":"Article","@id":"https:\/\/www.pm.pb.gov.br\/portal\/2023\/10\/26\/em-bayeux-policia-militar-prende-acusados-de-trafico-de-drogas-porte-ilegal-e-receptacao\/#article","isPartOf":{"@id":"https:\/\/www.pm.pb.gov.br\/portal\/2023\/10\/26\/em-bayeux-policia-militar-prende-acusados-de-trafico-de-drogas-porte-ilegal-e-receptacao\/"},"author":{"name":"Tarcisio Oliveira","@id":"https:\/\/www.pm.pb.gov.br\/portal\/#\/schema\/person\/f84f56dcc78ce4357054da888b8247fd"},"headline":"Em Bayeux, Pol\u00edcia Militar prende acusados de tr\u00e1fico de drogas, porte ilegal e recepta\u00e7\u00e3o","datePublished":"2023-10-26T09:45:00+00:00","dateModified":"2023-10-26T21:34:49+00:00","mainEntityOfPage":{"@id":"https:\/\/www.pm.pb.gov.br\/portal\/2023\/10\/26\/em-bayeux-policia-militar-prende-acusados-de-trafico-de-drogas-porte-ilegal-e-receptacao\/"},"wordCount":269,"publisher":{"@id":"https:\/\/www.pm.pb.gov.br\/portal\/#organization"},"articleSection":["A\u00e7\u00f5es Policiais"],"inLanguage":"pt-BR"},{"@type":"WebPage","@id":"https:\/\/www.pm.pb.gov.br\/portal\/2023\/10\/26\/em-bayeux-policia-militar-prende-acusados-de-trafico-de-drogas-porte-ilegal-e-receptacao\/","url":"https:\/\/www.pm.pb.gov.br\/portal\/2023\/10\/26\/em-bayeux-policia-militar-prende-acusados-de-trafico-de-drogas-porte-ilegal-e-receptacao\/","name":"Em Bayeux, Pol\u00edcia Militar prende acusados de tr\u00e1fico de drogas, porte ilegal e recepta\u00e7\u00e3o - Pol\u00edcia Militar da Para\u00edba","isPartOf":{"@id":"https:\/\/www.pm.pb.gov.br\/portal\/#website"},"datePublished":"2023-10-26T09:45:00+00:00","dateModified":"2023-10-26T21:34:49+00:00","breadcrumb":{"@id":"https:\/\/www.pm.pb.gov.br\/portal\/2023\/10\/26\/em-bayeux-policia-militar-prende-acusados-de-trafico-de-drogas-porte-ilegal-e-receptacao\/#breadcrumb"},"inLanguage":"pt-BR","potentialAction":[{"@type":"ReadAction","target":["https:\/\/www.pm.pb.gov.br\/portal\/2023\/10\/26\/em-bayeux-policia-militar-prende-acusados-de-trafico-de-drogas-porte-ilegal-e-receptacao\/"]}]},{"@type":"BreadcrumbList","@id":"https:\/\/www.pm.pb.gov.br\/portal\/2023\/10\/26\/em-bayeux-policia-militar-prende-acusados-de-trafico-de-drogas-porte-ilegal-e-receptacao\/#breadcrumb","itemListElement":[{"@type":"ListItem","position":1,"name":"In\u00edcio","item":"https:\/\/www.pm.pb.gov.br\/portal\/"},{"@type":"ListItem","position":2,"name":"Em Bayeux, Pol\u00edcia Militar prende acusados de tr\u00e1fico de drogas, porte ilegal e recepta\u00e7\u00e3o"}]},{"@type":"WebSite","@id":"https:\/\/www.pm.pb.gov.br\/portal\/#website","url":"https:\/\/www.pm.pb.gov.br\/portal\/","name":"Pol\u00edcia Militar da Para\u00edba","description":"","publisher":{"@id":"https:\/\/www.pm.pb.gov.br\/portal\/#organization"},"potentialAction":[{"@type":"SearchAction","target":{"@type":"EntryPoint","urlTemplate":"https:\/\/www.pm.pb.gov.br\/portal\/?s={search_term_string}"},"query-input":"required name=search_term_string"}],"inLanguage":"pt-BR"},{"@type":"Organization","@id":"https:\/\/www.pm.pb.gov.br\/portal\/#organization","name":"Pol\u00edcia Militar da Para\u00edba","url":"https:\/\/www.pm.pb.gov.br\/portal\/","logo":{"@type":"ImageObject","inLanguage":"pt-BR","@id":"https:\/\/www.pm.pb.gov.br\/portal\/#\/schema\/logo\/image\/","url":"https:\/\/www.pm.pb.gov.br\/portal\/wp-content\/uploads\/2025\/03\/cropped-logo-site-mag2-1.png","contentUrl":"https:\/\/www.pm.pb.gov.br\/portal\/wp-content\/uploads\/2025\/03\/cropped-logo-site-mag2-1.png","width":320,"height":90,"caption":"Pol\u00edcia Militar da Para\u00edba"},"image":{"@id":"https:\/\/www.pm.pb.gov.br\/portal\/#\/schema\/logo\/image\/"}},{"@type":"Person","@id":"https:\/\/www.pm.pb.gov.br\/portal\/#\/schema\/person\/f84f56dcc78ce4357054da888b8247fd","name":"Tarcisio Oliveira","image":{"@type":"ImageObject","inLanguage":"pt-BR","@id":"https:\/\/www.pm.pb.gov.br\/portal\/#\/schema\/person\/image\/","url":"https:\/\/secure.gravatar.com\/avatar\/72917b630b69d31cd0297507f34bac97?s=96&d=mm&r=g","contentUrl":"https:\/\/secure.gravatar.com\/avatar\/72917b630b69d31cd0297507f34bac97?s=96&d=mm&r=g","caption":"Tarcisio Oliveira"},"url":"https:\/\/www.pm.pb.gov.br\/portal\/author\/tarcisio\/"}]}},"_links":{"self":[{"href":"https:\/\/www.pm.pb.gov.br\/portal\/wp-json\/wp\/v2\/posts\/918784"}],"collection":[{"href":"https:\/\/www.pm.pb.gov.br\/portal\/wp-json\/wp\/v2\/posts"}],"about":[{"href":"https:\/\/www.pm.pb.gov.br\/portal\/wp-json\/wp\/v2\/types\/post"}],"author":[{"embeddable":true,"href":"https:\/\/www.pm.pb.gov.br\/portal\/wp-json\/wp\/v2\/users\/12"}],"replies":[{"embeddable":true,"href":"https:\/\/www.pm.pb.gov.br\/portal\/wp-json\/wp\/v2\/comments?post=918784"}],"version-history":[{"count":2,"href":"https:\/\/www.pm.pb.gov.br\/portal\/wp-json\/wp\/v2\/posts\/918784\/revisions"}],"predecessor-version":[{"id":918789,"href":"https:\/\/www.pm.pb.gov.br\/portal\/wp-json\/wp\/v2\/posts\/918784\/revisions\/918789"}],"wp:featuredmedia":[{"embeddable":true,"href":"https:\/\/www.pm.pb.gov.br\/portal\/wp-json\/wp\/v2\/media\/913089"}],"wp:attachment":[{"href":"https:\/\/www.pm.pb.gov.br\/portal\/wp-json\/wp\/v2\/media?parent=918784"}],"wp:term":[{"taxonomy":"category","embeddable":true,"href":"https:\/\/www.pm.pb.gov.br\/portal\/wp-json\/wp\/v2\/categories?post=918784"},{"taxonomy":"post_tag","embeddable":true,"href":"https:\/\/www.pm.pb.gov.br\/portal\/wp-json\/wp\/v2\/tags?post=918784"}],"curies":[{"name":"wp","href":"https:\/\/api.w.org\/{rel}","templated":true}]}}