{"id":918757,"date":"2023-10-25T13:20:00","date_gmt":"2023-10-25T16:20:00","guid":{"rendered":"https:\/\/www.pm.pb.gov.br\/portal\/?p=918757"},"modified":"2023-10-25T17:21:31","modified_gmt":"2023-10-25T20:21:31","slug":"26-pessoas-ja-foram-presas-pela-pm-por-tentarem-furtar-fios-em-joao-pessoa","status":"publish","type":"post","link":"https:\/\/www.pm.pb.gov.br\/portal\/2023\/10\/25\/26-pessoas-ja-foram-presas-pela-pm-por-tentarem-furtar-fios-em-joao-pessoa\/","title":{"rendered":"26 pessoas j\u00e1 foram presas pela PM por tentarem furtar fios em Jo\u00e3o Pessoa"},"content":{"rendered":"\n\n\n<p style=\"text-align: justify;\">Subiu para 26 o n\u00famero de pessoas presas em Jo\u00e3o Pessoa, neste ano, pelo crime de tentativa de furto de fios de cobre na cidade. A \u00faltima pris\u00e3o foi realizada pela Pol\u00edcia Militar na madrugada desta quarta-feira (25) no bairro do Altiplano. Duas pessoas foram presas pelo Batalh\u00e3o Especializado em Policiamento Tur\u00edstico (BEPTur).<\/p>\n<p style=\"text-align: justify;\">De acordo com a Unidade, os acusados foram flagrados tentando furtar fios de um poste, mas foram detidos (foto abaixo). Neste m\u00eas, outras a\u00e7\u00f5es j\u00e1 aconteceram na zona sul de Jo\u00e3o Pessoa resultando na pris\u00e3o de outros dois acusados. As ocorr\u00eancias foram apresentadas na Central de Flagrantes.<\/p>\n<p><img loading=\"lazy\" decoding=\"async\" class=\" wp-image-918759 aligncenter\" src=\"http:\/\/www.pm.pb.gov.br\/portal\/wp-content\/uploads\/2023\/10\/WhatsApp-Image-2023-10-25-at-07.45.10-584x445.jpeg\" alt=\"\" width=\"521\" height=\"397\" srcset=\"https:\/\/www.pm.pb.gov.br\/portal\/wp-content\/uploads\/2023\/10\/WhatsApp-Image-2023-10-25-at-07.45.10-584x445.jpeg 584w, https:\/\/www.pm.pb.gov.br\/portal\/wp-content\/uploads\/2023\/10\/WhatsApp-Image-2023-10-25-at-07.45.10-748x570.jpeg 748w, https:\/\/www.pm.pb.gov.br\/portal\/wp-content\/uploads\/2023\/10\/WhatsApp-Image-2023-10-25-at-07.45.10-768x586.jpeg 768w, https:\/\/www.pm.pb.gov.br\/portal\/wp-content\/uploads\/2023\/10\/WhatsApp-Image-2023-10-25-at-07.45.10.jpeg 1170w\" sizes=\"(max-width: 521px) 100vw, 521px\" \/><\/p>\n<p style=\"text-align: justify;\"><span style=\"font-size: 11.5pt; font-family: 'Open Sans',sans-serif; color: #444444; background: white;\">A corpora\u00e7\u00e3o refor\u00e7a que, qualquer um que receber, adquirir, transportar ou conduzir fios ou outros materiais que s\u00e3o produtos de furto, tamb\u00e9m pode estar incorrendo no crime de recepta\u00e7\u00e3o. O furto dos fios de \u00e1reas p\u00fablicas ou particulares provoca preju\u00edzos com a interrup\u00e7\u00e3o de servi\u00e7os como \u00e1gua, energia, internet, entre outros.<\/span><\/p>\n","protected":false},"excerpt":{"rendered":"<p>Subiu para 26 o n\u00famero de pessoas presas em Jo\u00e3o Pessoa, neste ano, pelo crime de tentativa de furto de<\/p>\n","protected":false},"author":12,"featured_media":917502,"comment_status":"closed","ping_status":"closed","sticky":false,"template":"","format":"standard","meta":{"_exactmetrics_skip_tracking":false,"_exactmetrics_sitenote_active":false,"_exactmetrics_sitenote_note":"","_exactmetrics_sitenote_category":0,"footnotes":""},"categories":[4],"tags":[],"yoast_head":"<!-- This site is optimized with the Yoast SEO plugin v22.0 - https:\/\/yoast.com\/wordpress\/plugins\/seo\/ -->\n<title>26 pessoas j\u00e1 foram presas pela PM por tentarem furtar fios em Jo\u00e3o Pessoa - Pol\u00edcia Militar da Para\u00edba<\/title>\n<meta name=\"robots\" content=\"index, follow, max-snippet:-1, max-image-preview:large, max-video-preview:-1\" \/>\n<link rel=\"canonical\" href=\"https:\/\/www.pm.pb.gov.br\/portal\/2023\/10\/25\/26-pessoas-ja-foram-presas-pela-pm-por-tentarem-furtar-fios-em-joao-pessoa\/\" \/>\n<meta property=\"og:locale\" content=\"pt_BR\" \/>\n<meta property=\"og:type\" content=\"article\" \/>\n<meta property=\"og:title\" content=\"26 pessoas j\u00e1 foram presas pela PM por tentarem furtar fios em Jo\u00e3o Pessoa - Pol\u00edcia Militar da Para\u00edba\" \/>\n<meta property=\"og:description\" content=\"Subiu para 26 o n\u00famero de pessoas presas em Jo\u00e3o Pessoa, neste ano, pelo crime de tentativa de furto de\" \/>\n<meta property=\"og:url\" content=\"https:\/\/www.pm.pb.gov.br\/portal\/2023\/10\/25\/26-pessoas-ja-foram-presas-pela-pm-por-tentarem-furtar-fios-em-joao-pessoa\/\" \/>\n<meta property=\"og:site_name\" content=\"Pol\u00edcia Militar da Para\u00edba\" \/>\n<meta property=\"article:published_time\" content=\"2023-10-25T16:20:00+00:00\" \/>\n<meta property=\"article:modified_time\" content=\"2023-10-25T20:21:31+00:00\" \/>\n<meta property=\"og:image\" content=\"http:\/\/www.pm.pb.gov.br\/portal\/wp-content\/uploads\/2023\/07\/Imagem-ilustrativa.jpg\" \/>\n\t<meta property=\"og:image:width\" content=\"1600\" \/>\n\t<meta property=\"og:image:height\" content=\"890\" \/>\n\t<meta property=\"og:image:type\" content=\"image\/jpeg\" \/>\n<meta name=\"author\" content=\"Tarcisio Oliveira\" \/>\n<meta name=\"twitter:card\" content=\"summary_large_image\" \/>\n<meta name=\"twitter:label1\" content=\"Escrito por\" \/>\n\t<meta name=\"twitter:data1\" content=\"Tarcisio Oliveira\" \/>\n\t<meta name=\"twitter:label2\" content=\"Est. tempo de leitura\" \/>\n\t<meta name=\"twitter:data2\" content=\"2 minutos\" \/>\n<script type=\"application\/ld+json\" class=\"yoast-schema-graph\">{\"@context\":\"https:\/\/schema.org\",\"@graph\":[{\"@type\":\"Article\",\"@id\":\"https:\/\/www.pm.pb.gov.br\/portal\/2023\/10\/25\/26-pessoas-ja-foram-presas-pela-pm-por-tentarem-furtar-fios-em-joao-pessoa\/#article\",\"isPartOf\":{\"@id\":\"https:\/\/www.pm.pb.gov.br\/portal\/2023\/10\/25\/26-pessoas-ja-foram-presas-pela-pm-por-tentarem-furtar-fios-em-joao-pessoa\/\"},\"author\":{\"name\":\"Tarcisio Oliveira\",\"@id\":\"https:\/\/www.pm.pb.gov.br\/portal\/#\/schema\/person\/f84f56dcc78ce4357054da888b8247fd\"},\"headline\":\"26 pessoas j\u00e1 foram presas pela PM por tentarem furtar fios em Jo\u00e3o Pessoa\",\"datePublished\":\"2023-10-25T16:20:00+00:00\",\"dateModified\":\"2023-10-25T20:21:31+00:00\",\"mainEntityOfPage\":{\"@id\":\"https:\/\/www.pm.pb.gov.br\/portal\/2023\/10\/25\/26-pessoas-ja-foram-presas-pela-pm-por-tentarem-furtar-fios-em-joao-pessoa\/\"},\"wordCount\":183,\"publisher\":{\"@id\":\"https:\/\/www.pm.pb.gov.br\/portal\/#organization\"},\"articleSection\":[\"A\u00e7\u00f5es Policiais\"],\"inLanguage\":\"pt-BR\"},{\"@type\":\"WebPage\",\"@id\":\"https:\/\/www.pm.pb.gov.br\/portal\/2023\/10\/25\/26-pessoas-ja-foram-presas-pela-pm-por-tentarem-furtar-fios-em-joao-pessoa\/\",\"url\":\"https:\/\/www.pm.pb.gov.br\/portal\/2023\/10\/25\/26-pessoas-ja-foram-presas-pela-pm-por-tentarem-furtar-fios-em-joao-pessoa\/\",\"name\":\"26 pessoas j\u00e1 foram presas pela PM por tentarem furtar fios em Jo\u00e3o Pessoa - Pol\u00edcia Militar da Para\u00edba\",\"isPartOf\":{\"@id\":\"https:\/\/www.pm.pb.gov.br\/portal\/#website\"},\"datePublished\":\"2023-10-25T16:20:00+00:00\",\"dateModified\":\"2023-10-25T20:21:31+00:00\",\"breadcrumb\":{\"@id\":\"https:\/\/www.pm.pb.gov.br\/portal\/2023\/10\/25\/26-pessoas-ja-foram-presas-pela-pm-por-tentarem-furtar-fios-em-joao-pessoa\/#breadcrumb\"},\"inLanguage\":\"pt-BR\",\"potentialAction\":[{\"@type\":\"ReadAction\",\"target\":[\"https:\/\/www.pm.pb.gov.br\/portal\/2023\/10\/25\/26-pessoas-ja-foram-presas-pela-pm-por-tentarem-furtar-fios-em-joao-pessoa\/\"]}]},{\"@type\":\"BreadcrumbList\",\"@id\":\"https:\/\/www.pm.pb.gov.br\/portal\/2023\/10\/25\/26-pessoas-ja-foram-presas-pela-pm-por-tentarem-furtar-fios-em-joao-pessoa\/#breadcrumb\",\"itemListElement\":[{\"@type\":\"ListItem\",\"position\":1,\"name\":\"In\u00edcio\",\"item\":\"https:\/\/www.pm.pb.gov.br\/portal\/\"},{\"@type\":\"ListItem\",\"position\":2,\"name\":\"26 pessoas j\u00e1 foram presas pela PM por tentarem furtar fios em Jo\u00e3o Pessoa\"}]},{\"@type\":\"WebSite\",\"@id\":\"https:\/\/www.pm.pb.gov.br\/portal\/#website\",\"url\":\"https:\/\/www.pm.pb.gov.br\/portal\/\",\"name\":\"Pol\u00edcia Militar da Para\u00edba\",\"description\":\"\",\"publisher\":{\"@id\":\"https:\/\/www.pm.pb.gov.br\/portal\/#organization\"},\"potentialAction\":[{\"@type\":\"SearchAction\",\"target\":{\"@type\":\"EntryPoint\",\"urlTemplate\":\"https:\/\/www.pm.pb.gov.br\/portal\/?s={search_term_string}\"},\"query-input\":\"required name=search_term_string\"}],\"inLanguage\":\"pt-BR\"},{\"@type\":\"Organization\",\"@id\":\"https:\/\/www.pm.pb.gov.br\/portal\/#organization\",\"name\":\"Pol\u00edcia Militar da Para\u00edba\",\"url\":\"https:\/\/www.pm.pb.gov.br\/portal\/\",\"logo\":{\"@type\":\"ImageObject\",\"inLanguage\":\"pt-BR\",\"@id\":\"https:\/\/www.pm.pb.gov.br\/portal\/#\/schema\/logo\/image\/\",\"url\":\"https:\/\/www.pm.pb.gov.br\/portal\/wp-content\/uploads\/2025\/03\/cropped-logo-site-mag2-1.png\",\"contentUrl\":\"https:\/\/www.pm.pb.gov.br\/portal\/wp-content\/uploads\/2025\/03\/cropped-logo-site-mag2-1.png\",\"width\":320,\"height\":90,\"caption\":\"Pol\u00edcia Militar da Para\u00edba\"},\"image\":{\"@id\":\"https:\/\/www.pm.pb.gov.br\/portal\/#\/schema\/logo\/image\/\"}},{\"@type\":\"Person\",\"@id\":\"https:\/\/www.pm.pb.gov.br\/portal\/#\/schema\/person\/f84f56dcc78ce4357054da888b8247fd\",\"name\":\"Tarcisio Oliveira\",\"image\":{\"@type\":\"ImageObject\",\"inLanguage\":\"pt-BR\",\"@id\":\"https:\/\/www.pm.pb.gov.br\/portal\/#\/schema\/person\/image\/\",\"url\":\"https:\/\/secure.gravatar.com\/avatar\/72917b630b69d31cd0297507f34bac97?s=96&d=mm&r=g\",\"contentUrl\":\"https:\/\/secure.gravatar.com\/avatar\/72917b630b69d31cd0297507f34bac97?s=96&d=mm&r=g\",\"caption\":\"Tarcisio Oliveira\"},\"url\":\"https:\/\/www.pm.pb.gov.br\/portal\/author\/tarcisio\/\"}]}<\/script>\n<!-- \/ Yoast SEO plugin. -->","yoast_head_json":{"title":"26 pessoas j\u00e1 foram presas pela PM por tentarem furtar fios em Jo\u00e3o Pessoa - Pol\u00edcia Militar da Para\u00edba","robots":{"index":"index","follow":"follow","max-snippet":"max-snippet:-1","max-image-preview":"max-image-preview:large","max-video-preview":"max-video-preview:-1"},"canonical":"https:\/\/www.pm.pb.gov.br\/portal\/2023\/10\/25\/26-pessoas-ja-foram-presas-pela-pm-por-tentarem-furtar-fios-em-joao-pessoa\/","og_locale":"pt_BR","og_type":"article","og_title":"26 pessoas j\u00e1 foram presas pela PM por tentarem furtar fios em Jo\u00e3o Pessoa - Pol\u00edcia Militar da Para\u00edba","og_description":"Subiu para 26 o n\u00famero de pessoas presas em Jo\u00e3o Pessoa, neste ano, pelo crime de tentativa de furto de","og_url":"https:\/\/www.pm.pb.gov.br\/portal\/2023\/10\/25\/26-pessoas-ja-foram-presas-pela-pm-por-tentarem-furtar-fios-em-joao-pessoa\/","og_site_name":"Pol\u00edcia Militar da Para\u00edba","article_published_time":"2023-10-25T16:20:00+00:00","article_modified_time":"2023-10-25T20:21:31+00:00","og_image":[{"width":1600,"height":890,"url":"http:\/\/www.pm.pb.gov.br\/portal\/wp-content\/uploads\/2023\/07\/Imagem-ilustrativa.jpg","type":"image\/jpeg"}],"author":"Tarcisio Oliveira","twitter_card":"summary_large_image","twitter_misc":{"Escrito por":"Tarcisio Oliveira","Est. tempo de leitura":"2 minutos"},"schema":{"@context":"https:\/\/schema.org","@graph":[{"@type":"Article","@id":"https:\/\/www.pm.pb.gov.br\/portal\/2023\/10\/25\/26-pessoas-ja-foram-presas-pela-pm-por-tentarem-furtar-fios-em-joao-pessoa\/#article","isPartOf":{"@id":"https:\/\/www.pm.pb.gov.br\/portal\/2023\/10\/25\/26-pessoas-ja-foram-presas-pela-pm-por-tentarem-furtar-fios-em-joao-pessoa\/"},"author":{"name":"Tarcisio Oliveira","@id":"https:\/\/www.pm.pb.gov.br\/portal\/#\/schema\/person\/f84f56dcc78ce4357054da888b8247fd"},"headline":"26 pessoas j\u00e1 foram presas pela PM por tentarem furtar fios em Jo\u00e3o Pessoa","datePublished":"2023-10-25T16:20:00+00:00","dateModified":"2023-10-25T20:21:31+00:00","mainEntityOfPage":{"@id":"https:\/\/www.pm.pb.gov.br\/portal\/2023\/10\/25\/26-pessoas-ja-foram-presas-pela-pm-por-tentarem-furtar-fios-em-joao-pessoa\/"},"wordCount":183,"publisher":{"@id":"https:\/\/www.pm.pb.gov.br\/portal\/#organization"},"articleSection":["A\u00e7\u00f5es Policiais"],"inLanguage":"pt-BR"},{"@type":"WebPage","@id":"https:\/\/www.pm.pb.gov.br\/portal\/2023\/10\/25\/26-pessoas-ja-foram-presas-pela-pm-por-tentarem-furtar-fios-em-joao-pessoa\/","url":"https:\/\/www.pm.pb.gov.br\/portal\/2023\/10\/25\/26-pessoas-ja-foram-presas-pela-pm-por-tentarem-furtar-fios-em-joao-pessoa\/","name":"26 pessoas j\u00e1 foram presas pela PM por tentarem furtar fios em Jo\u00e3o Pessoa - Pol\u00edcia Militar da Para\u00edba","isPartOf":{"@id":"https:\/\/www.pm.pb.gov.br\/portal\/#website"},"datePublished":"2023-10-25T16:20:00+00:00","dateModified":"2023-10-25T20:21:31+00:00","breadcrumb":{"@id":"https:\/\/www.pm.pb.gov.br\/portal\/2023\/10\/25\/26-pessoas-ja-foram-presas-pela-pm-por-tentarem-furtar-fios-em-joao-pessoa\/#breadcrumb"},"inLanguage":"pt-BR","potentialAction":[{"@type":"ReadAction","target":["https:\/\/www.pm.pb.gov.br\/portal\/2023\/10\/25\/26-pessoas-ja-foram-presas-pela-pm-por-tentarem-furtar-fios-em-joao-pessoa\/"]}]},{"@type":"BreadcrumbList","@id":"https:\/\/www.pm.pb.gov.br\/portal\/2023\/10\/25\/26-pessoas-ja-foram-presas-pela-pm-por-tentarem-furtar-fios-em-joao-pessoa\/#breadcrumb","itemListElement":[{"@type":"ListItem","position":1,"name":"In\u00edcio","item":"https:\/\/www.pm.pb.gov.br\/portal\/"},{"@type":"ListItem","position":2,"name":"26 pessoas j\u00e1 foram presas pela PM por tentarem furtar fios em Jo\u00e3o Pessoa"}]},{"@type":"WebSite","@id":"https:\/\/www.pm.pb.gov.br\/portal\/#website","url":"https:\/\/www.pm.pb.gov.br\/portal\/","name":"Pol\u00edcia Militar da Para\u00edba","description":"","publisher":{"@id":"https:\/\/www.pm.pb.gov.br\/portal\/#organization"},"potentialAction":[{"@type":"SearchAction","target":{"@type":"EntryPoint","urlTemplate":"https:\/\/www.pm.pb.gov.br\/portal\/?s={search_term_string}"},"query-input":"required name=search_term_string"}],"inLanguage":"pt-BR"},{"@type":"Organization","@id":"https:\/\/www.pm.pb.gov.br\/portal\/#organization","name":"Pol\u00edcia Militar da Para\u00edba","url":"https:\/\/www.pm.pb.gov.br\/portal\/","logo":{"@type":"ImageObject","inLanguage":"pt-BR","@id":"https:\/\/www.pm.pb.gov.br\/portal\/#\/schema\/logo\/image\/","url":"https:\/\/www.pm.pb.gov.br\/portal\/wp-content\/uploads\/2025\/03\/cropped-logo-site-mag2-1.png","contentUrl":"https:\/\/www.pm.pb.gov.br\/portal\/wp-content\/uploads\/2025\/03\/cropped-logo-site-mag2-1.png","width":320,"height":90,"caption":"Pol\u00edcia Militar da Para\u00edba"},"image":{"@id":"https:\/\/www.pm.pb.gov.br\/portal\/#\/schema\/logo\/image\/"}},{"@type":"Person","@id":"https:\/\/www.pm.pb.gov.br\/portal\/#\/schema\/person\/f84f56dcc78ce4357054da888b8247fd","name":"Tarcisio Oliveira","image":{"@type":"ImageObject","inLanguage":"pt-BR","@id":"https:\/\/www.pm.pb.gov.br\/portal\/#\/schema\/person\/image\/","url":"https:\/\/secure.gravatar.com\/avatar\/72917b630b69d31cd0297507f34bac97?s=96&d=mm&r=g","contentUrl":"https:\/\/secure.gravatar.com\/avatar\/72917b630b69d31cd0297507f34bac97?s=96&d=mm&r=g","caption":"Tarcisio Oliveira"},"url":"https:\/\/www.pm.pb.gov.br\/portal\/author\/tarcisio\/"}]}},"_links":{"self":[{"href":"https:\/\/www.pm.pb.gov.br\/portal\/wp-json\/wp\/v2\/posts\/918757"}],"collection":[{"href":"https:\/\/www.pm.pb.gov.br\/portal\/wp-json\/wp\/v2\/posts"}],"about":[{"href":"https:\/\/www.pm.pb.gov.br\/portal\/wp-json\/wp\/v2\/types\/post"}],"author":[{"embeddable":true,"href":"https:\/\/www.pm.pb.gov.br\/portal\/wp-json\/wp\/v2\/users\/12"}],"replies":[{"embeddable":true,"href":"https:\/\/www.pm.pb.gov.br\/portal\/wp-json\/wp\/v2\/comments?post=918757"}],"version-history":[{"count":2,"href":"https:\/\/www.pm.pb.gov.br\/portal\/wp-json\/wp\/v2\/posts\/918757\/revisions"}],"predecessor-version":[{"id":918760,"href":"https:\/\/www.pm.pb.gov.br\/portal\/wp-json\/wp\/v2\/posts\/918757\/revisions\/918760"}],"wp:featuredmedia":[{"embeddable":true,"href":"https:\/\/www.pm.pb.gov.br\/portal\/wp-json\/wp\/v2\/media\/917502"}],"wp:attachment":[{"href":"https:\/\/www.pm.pb.gov.br\/portal\/wp-json\/wp\/v2\/media?parent=918757"}],"wp:term":[{"taxonomy":"category","embeddable":true,"href":"https:\/\/www.pm.pb.gov.br\/portal\/wp-json\/wp\/v2\/categories?post=918757"},{"taxonomy":"post_tag","embeddable":true,"href":"https:\/\/www.pm.pb.gov.br\/portal\/wp-json\/wp\/v2\/tags?post=918757"}],"curies":[{"name":"wp","href":"https:\/\/api.w.org\/{rel}","templated":true}]}}