{"id":918738,"date":"2023-10-24T20:16:00","date_gmt":"2023-10-24T23:16:00","guid":{"rendered":"https:\/\/www.pm.pb.gov.br\/portal\/?p=918738"},"modified":"2023-10-24T23:17:15","modified_gmt":"2023-10-25T02:17:15","slug":"com-extensa-ficha-criminal-apenado-com-tornozeleira-eletronica-e-moto-roubada-e-preso-pela-pm","status":"publish","type":"post","link":"https:\/\/www.pm.pb.gov.br\/portal\/2023\/10\/24\/com-extensa-ficha-criminal-apenado-com-tornozeleira-eletronica-e-moto-roubada-e-preso-pela-pm\/","title":{"rendered":"Com extensa ficha criminal, apenado com tornozeleira eletr\u00f4nica e moto roubada \u00e9 preso pela PM"},"content":{"rendered":"\n<p>A Pol\u00edcia Militar prendeu um apenado com extensa ficha criminal, que estava com tornozeleira eletr\u00f4nica, e que pilotava uma motocicleta roubada em Campina Grande (foto acima ilustrativa). A pris\u00e3o aconteceu na regi\u00e3o central da cidade, na tarde da \u00faltima ter\u00e7a-feira (24).<\/p>\n<p>De acordo com os policiais da 3\u00aa Companhia de Policiamento de Tr\u00e2nsito (3\u00aa CPTran), unidade respons\u00e1vel pela pris\u00e3o, o acusado foi localizado e abordado durante rondas da PM na rua Vila Nova da Rainha. O condutor da moto estava com o ve\u00edculo em desacordo com o C\u00f3digo de Tr\u00e2nsito Brasileiro (CTB), e adultera\u00e7\u00f5es dos sinais identificadores.<\/p>\n<p>Segundo o major Ralisson, comandante da 3\u00aa CPTran, os policiais constataram que a moto tinha registro de roubo ou furto (foto abaixo). \u201cAinda na ocorr\u00eancia, foi constatado que o piloto usava tornozeleira eletr\u00f4nica e tinha uma extensa ficha criminal, desde assalto a institui\u00e7\u00f5es financeiras, roubos a lojas e assaltos a vigilantes com o objetivo de tomar o armamento\u201d, relatou o oficial.<\/p>\n<p><img loading=\"lazy\" decoding=\"async\" class=\"size-medium wp-image-918739 aligncenter\" src=\"http:\/\/www.pm.pb.gov.br\/portal\/wp-content\/uploads\/2023\/10\/moto_recuperada-543x445.jpeg\" alt=\"\" width=\"543\" height=\"445\" srcset=\"https:\/\/www.pm.pb.gov.br\/portal\/wp-content\/uploads\/2023\/10\/moto_recuperada-543x445.jpeg 543w, https:\/\/www.pm.pb.gov.br\/portal\/wp-content\/uploads\/2023\/10\/moto_recuperada-696x570.jpeg 696w, https:\/\/www.pm.pb.gov.br\/portal\/wp-content\/uploads\/2023\/10\/moto_recuperada-768x629.jpeg 768w, https:\/\/www.pm.pb.gov.br\/portal\/wp-content\/uploads\/2023\/10\/moto_recuperada.jpeg 879w\" sizes=\"(max-width: 543px) 100vw, 543px\" \/><\/p>\n<p>Toda a ocorr\u00eancia desta ter\u00e7a foi apresentada na delegacia da Pol\u00edcia Civil para os procedimentos cab\u00edveis, e o devido cumprimento da pena pelo acusado.<\/p>\n\n\n","protected":false},"excerpt":{"rendered":"<p>A Pol\u00edcia Militar prendeu um apenado com extensa ficha criminal, que estava com tornozeleira eletr\u00f4nica, e que pilotava uma motocicleta<\/p>\n","protected":false},"author":12,"featured_media":909126,"comment_status":"closed","ping_status":"closed","sticky":false,"template":"","format":"standard","meta":{"_exactmetrics_skip_tracking":false,"_exactmetrics_sitenote_active":false,"_exactmetrics_sitenote_note":"","_exactmetrics_sitenote_category":0,"footnotes":""},"categories":[4],"tags":[],"yoast_head":"<!-- This site is optimized with the Yoast SEO plugin v22.0 - https:\/\/yoast.com\/wordpress\/plugins\/seo\/ -->\n<title>Com extensa ficha criminal, apenado com tornozeleira eletr\u00f4nica e moto roubada \u00e9 preso pela PM - Pol\u00edcia Militar da Para\u00edba<\/title>\n<meta name=\"robots\" content=\"index, follow, max-snippet:-1, max-image-preview:large, max-video-preview:-1\" \/>\n<link rel=\"canonical\" href=\"https:\/\/www.pm.pb.gov.br\/portal\/2023\/10\/24\/com-extensa-ficha-criminal-apenado-com-tornozeleira-eletronica-e-moto-roubada-e-preso-pela-pm\/\" \/>\n<meta property=\"og:locale\" content=\"pt_BR\" \/>\n<meta property=\"og:type\" content=\"article\" \/>\n<meta property=\"og:title\" content=\"Com extensa ficha criminal, apenado com tornozeleira eletr\u00f4nica e moto roubada \u00e9 preso pela PM - Pol\u00edcia Militar da Para\u00edba\" \/>\n<meta property=\"og:description\" content=\"A Pol\u00edcia Militar prendeu um apenado com extensa ficha criminal, que estava com tornozeleira eletr\u00f4nica, e que pilotava uma motocicleta\" \/>\n<meta property=\"og:url\" content=\"https:\/\/www.pm.pb.gov.br\/portal\/2023\/10\/24\/com-extensa-ficha-criminal-apenado-com-tornozeleira-eletronica-e-moto-roubada-e-preso-pela-pm\/\" \/>\n<meta property=\"og:site_name\" content=\"Pol\u00edcia Militar da Para\u00edba\" \/>\n<meta property=\"article:published_time\" content=\"2023-10-24T23:16:00+00:00\" \/>\n<meta property=\"article:modified_time\" content=\"2023-10-25T02:17:15+00:00\" \/>\n<meta property=\"og:image\" content=\"http:\/\/www.pm.pb.gov.br\/portal\/wp-content\/uploads\/2021\/01\/bptran2.jpeg\" \/>\n\t<meta property=\"og:image:width\" content=\"800\" \/>\n\t<meta property=\"og:image:height\" content=\"445\" \/>\n\t<meta property=\"og:image:type\" content=\"image\/jpeg\" \/>\n<meta name=\"author\" content=\"Tarcisio Oliveira\" \/>\n<meta name=\"twitter:card\" content=\"summary_large_image\" \/>\n<meta name=\"twitter:label1\" content=\"Escrito por\" \/>\n\t<meta name=\"twitter:data1\" content=\"Tarcisio Oliveira\" \/>\n\t<meta name=\"twitter:label2\" content=\"Est. tempo de leitura\" \/>\n\t<meta name=\"twitter:data2\" content=\"2 minutos\" \/>\n<script type=\"application\/ld+json\" class=\"yoast-schema-graph\">{\"@context\":\"https:\/\/schema.org\",\"@graph\":[{\"@type\":\"Article\",\"@id\":\"https:\/\/www.pm.pb.gov.br\/portal\/2023\/10\/24\/com-extensa-ficha-criminal-apenado-com-tornozeleira-eletronica-e-moto-roubada-e-preso-pela-pm\/#article\",\"isPartOf\":{\"@id\":\"https:\/\/www.pm.pb.gov.br\/portal\/2023\/10\/24\/com-extensa-ficha-criminal-apenado-com-tornozeleira-eletronica-e-moto-roubada-e-preso-pela-pm\/\"},\"author\":{\"name\":\"Tarcisio Oliveira\",\"@id\":\"https:\/\/www.pm.pb.gov.br\/portal\/#\/schema\/person\/f84f56dcc78ce4357054da888b8247fd\"},\"headline\":\"Com extensa ficha criminal, apenado com tornozeleira eletr\u00f4nica e moto roubada \u00e9 preso pela PM\",\"datePublished\":\"2023-10-24T23:16:00+00:00\",\"dateModified\":\"2023-10-25T02:17:15+00:00\",\"mainEntityOfPage\":{\"@id\":\"https:\/\/www.pm.pb.gov.br\/portal\/2023\/10\/24\/com-extensa-ficha-criminal-apenado-com-tornozeleira-eletronica-e-moto-roubada-e-preso-pela-pm\/\"},\"wordCount\":212,\"publisher\":{\"@id\":\"https:\/\/www.pm.pb.gov.br\/portal\/#organization\"},\"articleSection\":[\"A\u00e7\u00f5es Policiais\"],\"inLanguage\":\"pt-BR\"},{\"@type\":\"WebPage\",\"@id\":\"https:\/\/www.pm.pb.gov.br\/portal\/2023\/10\/24\/com-extensa-ficha-criminal-apenado-com-tornozeleira-eletronica-e-moto-roubada-e-preso-pela-pm\/\",\"url\":\"https:\/\/www.pm.pb.gov.br\/portal\/2023\/10\/24\/com-extensa-ficha-criminal-apenado-com-tornozeleira-eletronica-e-moto-roubada-e-preso-pela-pm\/\",\"name\":\"Com extensa ficha criminal, apenado com tornozeleira eletr\u00f4nica e moto roubada \u00e9 preso pela PM - Pol\u00edcia Militar da Para\u00edba\",\"isPartOf\":{\"@id\":\"https:\/\/www.pm.pb.gov.br\/portal\/#website\"},\"datePublished\":\"2023-10-24T23:16:00+00:00\",\"dateModified\":\"2023-10-25T02:17:15+00:00\",\"breadcrumb\":{\"@id\":\"https:\/\/www.pm.pb.gov.br\/portal\/2023\/10\/24\/com-extensa-ficha-criminal-apenado-com-tornozeleira-eletronica-e-moto-roubada-e-preso-pela-pm\/#breadcrumb\"},\"inLanguage\":\"pt-BR\",\"potentialAction\":[{\"@type\":\"ReadAction\",\"target\":[\"https:\/\/www.pm.pb.gov.br\/portal\/2023\/10\/24\/com-extensa-ficha-criminal-apenado-com-tornozeleira-eletronica-e-moto-roubada-e-preso-pela-pm\/\"]}]},{\"@type\":\"BreadcrumbList\",\"@id\":\"https:\/\/www.pm.pb.gov.br\/portal\/2023\/10\/24\/com-extensa-ficha-criminal-apenado-com-tornozeleira-eletronica-e-moto-roubada-e-preso-pela-pm\/#breadcrumb\",\"itemListElement\":[{\"@type\":\"ListItem\",\"position\":1,\"name\":\"In\u00edcio\",\"item\":\"https:\/\/www.pm.pb.gov.br\/portal\/\"},{\"@type\":\"ListItem\",\"position\":2,\"name\":\"Com extensa ficha criminal, apenado com tornozeleira eletr\u00f4nica e moto roubada \u00e9 preso pela PM\"}]},{\"@type\":\"WebSite\",\"@id\":\"https:\/\/www.pm.pb.gov.br\/portal\/#website\",\"url\":\"https:\/\/www.pm.pb.gov.br\/portal\/\",\"name\":\"Pol\u00edcia Militar da Para\u00edba\",\"description\":\"\",\"publisher\":{\"@id\":\"https:\/\/www.pm.pb.gov.br\/portal\/#organization\"},\"potentialAction\":[{\"@type\":\"SearchAction\",\"target\":{\"@type\":\"EntryPoint\",\"urlTemplate\":\"https:\/\/www.pm.pb.gov.br\/portal\/?s={search_term_string}\"},\"query-input\":\"required name=search_term_string\"}],\"inLanguage\":\"pt-BR\"},{\"@type\":\"Organization\",\"@id\":\"https:\/\/www.pm.pb.gov.br\/portal\/#organization\",\"name\":\"Pol\u00edcia Militar da Para\u00edba\",\"url\":\"https:\/\/www.pm.pb.gov.br\/portal\/\",\"logo\":{\"@type\":\"ImageObject\",\"inLanguage\":\"pt-BR\",\"@id\":\"https:\/\/www.pm.pb.gov.br\/portal\/#\/schema\/logo\/image\/\",\"url\":\"https:\/\/www.pm.pb.gov.br\/portal\/wp-content\/uploads\/2025\/03\/cropped-logo-site-mag2-1.png\",\"contentUrl\":\"https:\/\/www.pm.pb.gov.br\/portal\/wp-content\/uploads\/2025\/03\/cropped-logo-site-mag2-1.png\",\"width\":320,\"height\":90,\"caption\":\"Pol\u00edcia Militar da Para\u00edba\"},\"image\":{\"@id\":\"https:\/\/www.pm.pb.gov.br\/portal\/#\/schema\/logo\/image\/\"}},{\"@type\":\"Person\",\"@id\":\"https:\/\/www.pm.pb.gov.br\/portal\/#\/schema\/person\/f84f56dcc78ce4357054da888b8247fd\",\"name\":\"Tarcisio Oliveira\",\"image\":{\"@type\":\"ImageObject\",\"inLanguage\":\"pt-BR\",\"@id\":\"https:\/\/www.pm.pb.gov.br\/portal\/#\/schema\/person\/image\/\",\"url\":\"https:\/\/secure.gravatar.com\/avatar\/72917b630b69d31cd0297507f34bac97?s=96&d=mm&r=g\",\"contentUrl\":\"https:\/\/secure.gravatar.com\/avatar\/72917b630b69d31cd0297507f34bac97?s=96&d=mm&r=g\",\"caption\":\"Tarcisio Oliveira\"},\"url\":\"https:\/\/www.pm.pb.gov.br\/portal\/author\/tarcisio\/\"}]}<\/script>\n<!-- \/ Yoast SEO plugin. -->","yoast_head_json":{"title":"Com extensa ficha criminal, apenado com tornozeleira eletr\u00f4nica e moto roubada \u00e9 preso pela PM - Pol\u00edcia Militar da Para\u00edba","robots":{"index":"index","follow":"follow","max-snippet":"max-snippet:-1","max-image-preview":"max-image-preview:large","max-video-preview":"max-video-preview:-1"},"canonical":"https:\/\/www.pm.pb.gov.br\/portal\/2023\/10\/24\/com-extensa-ficha-criminal-apenado-com-tornozeleira-eletronica-e-moto-roubada-e-preso-pela-pm\/","og_locale":"pt_BR","og_type":"article","og_title":"Com extensa ficha criminal, apenado com tornozeleira eletr\u00f4nica e moto roubada \u00e9 preso pela PM - Pol\u00edcia Militar da Para\u00edba","og_description":"A Pol\u00edcia Militar prendeu um apenado com extensa ficha criminal, que estava com tornozeleira eletr\u00f4nica, e que pilotava uma motocicleta","og_url":"https:\/\/www.pm.pb.gov.br\/portal\/2023\/10\/24\/com-extensa-ficha-criminal-apenado-com-tornozeleira-eletronica-e-moto-roubada-e-preso-pela-pm\/","og_site_name":"Pol\u00edcia Militar da Para\u00edba","article_published_time":"2023-10-24T23:16:00+00:00","article_modified_time":"2023-10-25T02:17:15+00:00","og_image":[{"width":800,"height":445,"url":"http:\/\/www.pm.pb.gov.br\/portal\/wp-content\/uploads\/2021\/01\/bptran2.jpeg","type":"image\/jpeg"}],"author":"Tarcisio Oliveira","twitter_card":"summary_large_image","twitter_misc":{"Escrito por":"Tarcisio Oliveira","Est. tempo de leitura":"2 minutos"},"schema":{"@context":"https:\/\/schema.org","@graph":[{"@type":"Article","@id":"https:\/\/www.pm.pb.gov.br\/portal\/2023\/10\/24\/com-extensa-ficha-criminal-apenado-com-tornozeleira-eletronica-e-moto-roubada-e-preso-pela-pm\/#article","isPartOf":{"@id":"https:\/\/www.pm.pb.gov.br\/portal\/2023\/10\/24\/com-extensa-ficha-criminal-apenado-com-tornozeleira-eletronica-e-moto-roubada-e-preso-pela-pm\/"},"author":{"name":"Tarcisio Oliveira","@id":"https:\/\/www.pm.pb.gov.br\/portal\/#\/schema\/person\/f84f56dcc78ce4357054da888b8247fd"},"headline":"Com extensa ficha criminal, apenado com tornozeleira eletr\u00f4nica e moto roubada \u00e9 preso pela PM","datePublished":"2023-10-24T23:16:00+00:00","dateModified":"2023-10-25T02:17:15+00:00","mainEntityOfPage":{"@id":"https:\/\/www.pm.pb.gov.br\/portal\/2023\/10\/24\/com-extensa-ficha-criminal-apenado-com-tornozeleira-eletronica-e-moto-roubada-e-preso-pela-pm\/"},"wordCount":212,"publisher":{"@id":"https:\/\/www.pm.pb.gov.br\/portal\/#organization"},"articleSection":["A\u00e7\u00f5es Policiais"],"inLanguage":"pt-BR"},{"@type":"WebPage","@id":"https:\/\/www.pm.pb.gov.br\/portal\/2023\/10\/24\/com-extensa-ficha-criminal-apenado-com-tornozeleira-eletronica-e-moto-roubada-e-preso-pela-pm\/","url":"https:\/\/www.pm.pb.gov.br\/portal\/2023\/10\/24\/com-extensa-ficha-criminal-apenado-com-tornozeleira-eletronica-e-moto-roubada-e-preso-pela-pm\/","name":"Com extensa ficha criminal, apenado com tornozeleira eletr\u00f4nica e moto roubada \u00e9 preso pela PM - Pol\u00edcia Militar da Para\u00edba","isPartOf":{"@id":"https:\/\/www.pm.pb.gov.br\/portal\/#website"},"datePublished":"2023-10-24T23:16:00+00:00","dateModified":"2023-10-25T02:17:15+00:00","breadcrumb":{"@id":"https:\/\/www.pm.pb.gov.br\/portal\/2023\/10\/24\/com-extensa-ficha-criminal-apenado-com-tornozeleira-eletronica-e-moto-roubada-e-preso-pela-pm\/#breadcrumb"},"inLanguage":"pt-BR","potentialAction":[{"@type":"ReadAction","target":["https:\/\/www.pm.pb.gov.br\/portal\/2023\/10\/24\/com-extensa-ficha-criminal-apenado-com-tornozeleira-eletronica-e-moto-roubada-e-preso-pela-pm\/"]}]},{"@type":"BreadcrumbList","@id":"https:\/\/www.pm.pb.gov.br\/portal\/2023\/10\/24\/com-extensa-ficha-criminal-apenado-com-tornozeleira-eletronica-e-moto-roubada-e-preso-pela-pm\/#breadcrumb","itemListElement":[{"@type":"ListItem","position":1,"name":"In\u00edcio","item":"https:\/\/www.pm.pb.gov.br\/portal\/"},{"@type":"ListItem","position":2,"name":"Com extensa ficha criminal, apenado com tornozeleira eletr\u00f4nica e moto roubada \u00e9 preso pela PM"}]},{"@type":"WebSite","@id":"https:\/\/www.pm.pb.gov.br\/portal\/#website","url":"https:\/\/www.pm.pb.gov.br\/portal\/","name":"Pol\u00edcia Militar da Para\u00edba","description":"","publisher":{"@id":"https:\/\/www.pm.pb.gov.br\/portal\/#organization"},"potentialAction":[{"@type":"SearchAction","target":{"@type":"EntryPoint","urlTemplate":"https:\/\/www.pm.pb.gov.br\/portal\/?s={search_term_string}"},"query-input":"required name=search_term_string"}],"inLanguage":"pt-BR"},{"@type":"Organization","@id":"https:\/\/www.pm.pb.gov.br\/portal\/#organization","name":"Pol\u00edcia Militar da Para\u00edba","url":"https:\/\/www.pm.pb.gov.br\/portal\/","logo":{"@type":"ImageObject","inLanguage":"pt-BR","@id":"https:\/\/www.pm.pb.gov.br\/portal\/#\/schema\/logo\/image\/","url":"https:\/\/www.pm.pb.gov.br\/portal\/wp-content\/uploads\/2025\/03\/cropped-logo-site-mag2-1.png","contentUrl":"https:\/\/www.pm.pb.gov.br\/portal\/wp-content\/uploads\/2025\/03\/cropped-logo-site-mag2-1.png","width":320,"height":90,"caption":"Pol\u00edcia Militar da Para\u00edba"},"image":{"@id":"https:\/\/www.pm.pb.gov.br\/portal\/#\/schema\/logo\/image\/"}},{"@type":"Person","@id":"https:\/\/www.pm.pb.gov.br\/portal\/#\/schema\/person\/f84f56dcc78ce4357054da888b8247fd","name":"Tarcisio Oliveira","image":{"@type":"ImageObject","inLanguage":"pt-BR","@id":"https:\/\/www.pm.pb.gov.br\/portal\/#\/schema\/person\/image\/","url":"https:\/\/secure.gravatar.com\/avatar\/72917b630b69d31cd0297507f34bac97?s=96&d=mm&r=g","contentUrl":"https:\/\/secure.gravatar.com\/avatar\/72917b630b69d31cd0297507f34bac97?s=96&d=mm&r=g","caption":"Tarcisio Oliveira"},"url":"https:\/\/www.pm.pb.gov.br\/portal\/author\/tarcisio\/"}]}},"_links":{"self":[{"href":"https:\/\/www.pm.pb.gov.br\/portal\/wp-json\/wp\/v2\/posts\/918738"}],"collection":[{"href":"https:\/\/www.pm.pb.gov.br\/portal\/wp-json\/wp\/v2\/posts"}],"about":[{"href":"https:\/\/www.pm.pb.gov.br\/portal\/wp-json\/wp\/v2\/types\/post"}],"author":[{"embeddable":true,"href":"https:\/\/www.pm.pb.gov.br\/portal\/wp-json\/wp\/v2\/users\/12"}],"replies":[{"embeddable":true,"href":"https:\/\/www.pm.pb.gov.br\/portal\/wp-json\/wp\/v2\/comments?post=918738"}],"version-history":[{"count":2,"href":"https:\/\/www.pm.pb.gov.br\/portal\/wp-json\/wp\/v2\/posts\/918738\/revisions"}],"predecessor-version":[{"id":918741,"href":"https:\/\/www.pm.pb.gov.br\/portal\/wp-json\/wp\/v2\/posts\/918738\/revisions\/918741"}],"wp:featuredmedia":[{"embeddable":true,"href":"https:\/\/www.pm.pb.gov.br\/portal\/wp-json\/wp\/v2\/media\/909126"}],"wp:attachment":[{"href":"https:\/\/www.pm.pb.gov.br\/portal\/wp-json\/wp\/v2\/media?parent=918738"}],"wp:term":[{"taxonomy":"category","embeddable":true,"href":"https:\/\/www.pm.pb.gov.br\/portal\/wp-json\/wp\/v2\/categories?post=918738"},{"taxonomy":"post_tag","embeddable":true,"href":"https:\/\/www.pm.pb.gov.br\/portal\/wp-json\/wp\/v2\/tags?post=918738"}],"curies":[{"name":"wp","href":"https:\/\/api.w.org\/{rel}","templated":true}]}}