{"id":918735,"date":"2023-10-24T22:26:56","date_gmt":"2023-10-25T01:26:56","guid":{"rendered":"https:\/\/www.pm.pb.gov.br\/portal\/?p=918735"},"modified":"2023-10-24T22:26:58","modified_gmt":"2023-10-25T01:26:58","slug":"em-cerca-de-seis-horas-policia-militar-prende-acusados-de-duplo-homicidio-violencia-domestica-e-outros-crimes-em-bayeux","status":"publish","type":"post","link":"https:\/\/www.pm.pb.gov.br\/portal\/2023\/10\/24\/em-cerca-de-seis-horas-policia-militar-prende-acusados-de-duplo-homicidio-violencia-domestica-e-outros-crimes-em-bayeux\/","title":{"rendered":"Em cerca de seis horas, Pol\u00edcia Militar prende acusados de duplo homic\u00eddio, viol\u00eancia dom\u00e9stica e outros crimes, em Bayeux"},"content":{"rendered":"\n<p>Em cerca de seis horas, a Pol\u00edcia Militar prendeu acusados de duplo homic\u00eddio, viol\u00eancia dom\u00e9stica, apreendeu adolescente com arma de fogo, e capturou um foragido da Justi\u00e7a em Bayeux. As a\u00e7\u00f5es aconteceram entre a tarde e in\u00edcio da noite desta \u00faltima ter\u00e7a-feira (24), e foram realizadas pela 4\u00aa Companhia Independente (foto acima ilustrativa).<\/p>\n<p>Um dos presos foi localizado no bairro Rio do Meio, com por\u00e7\u00f5es de drogas, e foi apontado como autor de um duplo homic\u00eddio ocorrido no \u00faltimo dia 11, vitimando outras seis pessoas, inclusive uma crian\u00e7a. Ele foi conduzido para a Delegacia de Crimes contra a Pessoa, onde foi reconhecido por testemunhas e autuado. O acusado tamb\u00e9m responder\u00e1 por tr\u00e1fico de drogas.<\/p>\n<p>No mesmo bairro, um homem denunciado \u00e0 PM como agressor da esposa foi preso ap\u00f3s os policiais da 4\u00aa CIPM, que constatarem o delito. J\u00e1 no M\u00e1rio Andreazza, em uma abordagem, os policiais localizaram um foragido da Justi\u00e7a que tinha um mandado em aberto pelo n\u00e3o pagamento de pens\u00e3o aliment\u00edcia.<\/p>\n<p>\u201cAl\u00e9m de todas essas a\u00e7\u00f5es, que trar\u00e3o mais tranquilidade \u00e0 regi\u00e3o, conseguimos retirar mais uma arma de fogo das ruas. Um adolescente foi apreendido pela For\u00e7a T\u00e1tica e com ele os policiais localizaram um rev\u00f3lver calibre 38, com muni\u00e7\u00f5es. Todas as ocorr\u00eancias foram encaminhadas para as delegacias para a devida apura\u00e7\u00e3o\u201d, explicou o major Sena, comandante da 4\u00aa CIPM.<\/p>\n<p><img loading=\"lazy\" decoding=\"async\" class=\"size-medium wp-image-918736 aligncenter\" src=\"http:\/\/www.pm.pb.gov.br\/portal\/wp-content\/uploads\/2023\/10\/WhatsApp-Image-2023-10-24-at-18.58.47-279x445.jpeg\" alt=\"\" width=\"279\" height=\"445\" srcset=\"https:\/\/www.pm.pb.gov.br\/portal\/wp-content\/uploads\/2023\/10\/WhatsApp-Image-2023-10-24-at-18.58.47-279x445.jpeg 279w, https:\/\/www.pm.pb.gov.br\/portal\/wp-content\/uploads\/2023\/10\/WhatsApp-Image-2023-10-24-at-18.58.47-357x570.jpeg 357w, https:\/\/www.pm.pb.gov.br\/portal\/wp-content\/uploads\/2023\/10\/WhatsApp-Image-2023-10-24-at-18.58.47.jpeg 600w\" sizes=\"(max-width: 279px) 100vw, 279px\" \/><\/p>\n<p>De acordo com o oficial, as a\u00e7\u00f5es preventivas e repressivas devem continuar na regi\u00e3o.<\/p>\n\n\n","protected":false},"excerpt":{"rendered":"<p>Em cerca de seis horas, a Pol\u00edcia Militar prendeu acusados de duplo homic\u00eddio, viol\u00eancia dom\u00e9stica, apreendeu adolescente com arma de<\/p>\n","protected":false},"author":12,"featured_media":905134,"comment_status":"closed","ping_status":"closed","sticky":false,"template":"","format":"standard","meta":{"_exactmetrics_skip_tracking":false,"_exactmetrics_sitenote_active":false,"_exactmetrics_sitenote_note":"","_exactmetrics_sitenote_category":0,"footnotes":""},"categories":[4],"tags":[],"yoast_head":"<!-- This site is optimized with the Yoast SEO plugin v22.0 - https:\/\/yoast.com\/wordpress\/plugins\/seo\/ -->\n<title>Em cerca de seis horas, Pol\u00edcia Militar prende acusados de duplo homic\u00eddio, viol\u00eancia dom\u00e9stica e outros crimes, em Bayeux - Pol\u00edcia Militar da Para\u00edba<\/title>\n<meta name=\"robots\" content=\"index, follow, max-snippet:-1, max-image-preview:large, max-video-preview:-1\" \/>\n<link rel=\"canonical\" href=\"https:\/\/www.pm.pb.gov.br\/portal\/2023\/10\/24\/em-cerca-de-seis-horas-policia-militar-prende-acusados-de-duplo-homicidio-violencia-domestica-e-outros-crimes-em-bayeux\/\" \/>\n<meta property=\"og:locale\" content=\"pt_BR\" \/>\n<meta property=\"og:type\" content=\"article\" \/>\n<meta property=\"og:title\" content=\"Em cerca de seis horas, Pol\u00edcia Militar prende acusados de duplo homic\u00eddio, viol\u00eancia dom\u00e9stica e outros crimes, em Bayeux - Pol\u00edcia Militar da Para\u00edba\" \/>\n<meta property=\"og:description\" content=\"Em cerca de seis horas, a Pol\u00edcia Militar prendeu acusados de duplo homic\u00eddio, viol\u00eancia dom\u00e9stica, apreendeu adolescente com arma de\" \/>\n<meta property=\"og:url\" content=\"https:\/\/www.pm.pb.gov.br\/portal\/2023\/10\/24\/em-cerca-de-seis-horas-policia-militar-prende-acusados-de-duplo-homicidio-violencia-domestica-e-outros-crimes-em-bayeux\/\" \/>\n<meta property=\"og:site_name\" content=\"Pol\u00edcia Militar da Para\u00edba\" \/>\n<meta property=\"article:published_time\" content=\"2023-10-25T01:26:56+00:00\" \/>\n<meta property=\"article:modified_time\" content=\"2023-10-25T01:26:58+00:00\" \/>\n<meta property=\"og:image\" content=\"http:\/\/www.pm.pb.gov.br\/portal\/wp-content\/uploads\/2020\/05\/bayeux.jpeg\" \/>\n\t<meta property=\"og:image:width\" content=\"800\" \/>\n\t<meta property=\"og:image:height\" content=\"445\" \/>\n\t<meta property=\"og:image:type\" content=\"image\/jpeg\" \/>\n<meta name=\"author\" content=\"Tarcisio Oliveira\" \/>\n<meta name=\"twitter:card\" content=\"summary_large_image\" \/>\n<meta name=\"twitter:label1\" content=\"Escrito por\" \/>\n\t<meta name=\"twitter:data1\" content=\"Tarcisio Oliveira\" \/>\n\t<meta name=\"twitter:label2\" content=\"Est. tempo de leitura\" \/>\n\t<meta name=\"twitter:data2\" content=\"2 minutos\" \/>\n<script type=\"application\/ld+json\" class=\"yoast-schema-graph\">{\"@context\":\"https:\/\/schema.org\",\"@graph\":[{\"@type\":\"Article\",\"@id\":\"https:\/\/www.pm.pb.gov.br\/portal\/2023\/10\/24\/em-cerca-de-seis-horas-policia-militar-prende-acusados-de-duplo-homicidio-violencia-domestica-e-outros-crimes-em-bayeux\/#article\",\"isPartOf\":{\"@id\":\"https:\/\/www.pm.pb.gov.br\/portal\/2023\/10\/24\/em-cerca-de-seis-horas-policia-militar-prende-acusados-de-duplo-homicidio-violencia-domestica-e-outros-crimes-em-bayeux\/\"},\"author\":{\"name\":\"Tarcisio Oliveira\",\"@id\":\"https:\/\/www.pm.pb.gov.br\/portal\/#\/schema\/person\/f84f56dcc78ce4357054da888b8247fd\"},\"headline\":\"Em cerca de seis horas, Pol\u00edcia Militar prende acusados de duplo homic\u00eddio, viol\u00eancia dom\u00e9stica e outros crimes, em Bayeux\",\"datePublished\":\"2023-10-25T01:26:56+00:00\",\"dateModified\":\"2023-10-25T01:26:58+00:00\",\"mainEntityOfPage\":{\"@id\":\"https:\/\/www.pm.pb.gov.br\/portal\/2023\/10\/24\/em-cerca-de-seis-horas-policia-militar-prende-acusados-de-duplo-homicidio-violencia-domestica-e-outros-crimes-em-bayeux\/\"},\"wordCount\":283,\"publisher\":{\"@id\":\"https:\/\/www.pm.pb.gov.br\/portal\/#organization\"},\"articleSection\":[\"A\u00e7\u00f5es Policiais\"],\"inLanguage\":\"pt-BR\"},{\"@type\":\"WebPage\",\"@id\":\"https:\/\/www.pm.pb.gov.br\/portal\/2023\/10\/24\/em-cerca-de-seis-horas-policia-militar-prende-acusados-de-duplo-homicidio-violencia-domestica-e-outros-crimes-em-bayeux\/\",\"url\":\"https:\/\/www.pm.pb.gov.br\/portal\/2023\/10\/24\/em-cerca-de-seis-horas-policia-militar-prende-acusados-de-duplo-homicidio-violencia-domestica-e-outros-crimes-em-bayeux\/\",\"name\":\"Em cerca de seis horas, Pol\u00edcia Militar prende acusados de duplo homic\u00eddio, viol\u00eancia dom\u00e9stica e outros crimes, em Bayeux - Pol\u00edcia Militar da Para\u00edba\",\"isPartOf\":{\"@id\":\"https:\/\/www.pm.pb.gov.br\/portal\/#website\"},\"datePublished\":\"2023-10-25T01:26:56+00:00\",\"dateModified\":\"2023-10-25T01:26:58+00:00\",\"breadcrumb\":{\"@id\":\"https:\/\/www.pm.pb.gov.br\/portal\/2023\/10\/24\/em-cerca-de-seis-horas-policia-militar-prende-acusados-de-duplo-homicidio-violencia-domestica-e-outros-crimes-em-bayeux\/#breadcrumb\"},\"inLanguage\":\"pt-BR\",\"potentialAction\":[{\"@type\":\"ReadAction\",\"target\":[\"https:\/\/www.pm.pb.gov.br\/portal\/2023\/10\/24\/em-cerca-de-seis-horas-policia-militar-prende-acusados-de-duplo-homicidio-violencia-domestica-e-outros-crimes-em-bayeux\/\"]}]},{\"@type\":\"BreadcrumbList\",\"@id\":\"https:\/\/www.pm.pb.gov.br\/portal\/2023\/10\/24\/em-cerca-de-seis-horas-policia-militar-prende-acusados-de-duplo-homicidio-violencia-domestica-e-outros-crimes-em-bayeux\/#breadcrumb\",\"itemListElement\":[{\"@type\":\"ListItem\",\"position\":1,\"name\":\"In\u00edcio\",\"item\":\"https:\/\/www.pm.pb.gov.br\/portal\/\"},{\"@type\":\"ListItem\",\"position\":2,\"name\":\"Em cerca de seis horas, Pol\u00edcia Militar prende acusados de duplo homic\u00eddio, viol\u00eancia dom\u00e9stica e outros crimes, em Bayeux\"}]},{\"@type\":\"WebSite\",\"@id\":\"https:\/\/www.pm.pb.gov.br\/portal\/#website\",\"url\":\"https:\/\/www.pm.pb.gov.br\/portal\/\",\"name\":\"Pol\u00edcia Militar da Para\u00edba\",\"description\":\"\",\"publisher\":{\"@id\":\"https:\/\/www.pm.pb.gov.br\/portal\/#organization\"},\"potentialAction\":[{\"@type\":\"SearchAction\",\"target\":{\"@type\":\"EntryPoint\",\"urlTemplate\":\"https:\/\/www.pm.pb.gov.br\/portal\/?s={search_term_string}\"},\"query-input\":\"required name=search_term_string\"}],\"inLanguage\":\"pt-BR\"},{\"@type\":\"Organization\",\"@id\":\"https:\/\/www.pm.pb.gov.br\/portal\/#organization\",\"name\":\"Pol\u00edcia Militar da Para\u00edba\",\"url\":\"https:\/\/www.pm.pb.gov.br\/portal\/\",\"logo\":{\"@type\":\"ImageObject\",\"inLanguage\":\"pt-BR\",\"@id\":\"https:\/\/www.pm.pb.gov.br\/portal\/#\/schema\/logo\/image\/\",\"url\":\"https:\/\/www.pm.pb.gov.br\/portal\/wp-content\/uploads\/2025\/03\/cropped-logo-site-mag2-1.png\",\"contentUrl\":\"https:\/\/www.pm.pb.gov.br\/portal\/wp-content\/uploads\/2025\/03\/cropped-logo-site-mag2-1.png\",\"width\":320,\"height\":90,\"caption\":\"Pol\u00edcia Militar da Para\u00edba\"},\"image\":{\"@id\":\"https:\/\/www.pm.pb.gov.br\/portal\/#\/schema\/logo\/image\/\"}},{\"@type\":\"Person\",\"@id\":\"https:\/\/www.pm.pb.gov.br\/portal\/#\/schema\/person\/f84f56dcc78ce4357054da888b8247fd\",\"name\":\"Tarcisio Oliveira\",\"image\":{\"@type\":\"ImageObject\",\"inLanguage\":\"pt-BR\",\"@id\":\"https:\/\/www.pm.pb.gov.br\/portal\/#\/schema\/person\/image\/\",\"url\":\"https:\/\/secure.gravatar.com\/avatar\/72917b630b69d31cd0297507f34bac97?s=96&d=mm&r=g\",\"contentUrl\":\"https:\/\/secure.gravatar.com\/avatar\/72917b630b69d31cd0297507f34bac97?s=96&d=mm&r=g\",\"caption\":\"Tarcisio Oliveira\"},\"url\":\"https:\/\/www.pm.pb.gov.br\/portal\/author\/tarcisio\/\"}]}<\/script>\n<!-- \/ Yoast SEO plugin. -->","yoast_head_json":{"title":"Em cerca de seis horas, Pol\u00edcia Militar prende acusados de duplo homic\u00eddio, viol\u00eancia dom\u00e9stica e outros crimes, em Bayeux - Pol\u00edcia Militar da Para\u00edba","robots":{"index":"index","follow":"follow","max-snippet":"max-snippet:-1","max-image-preview":"max-image-preview:large","max-video-preview":"max-video-preview:-1"},"canonical":"https:\/\/www.pm.pb.gov.br\/portal\/2023\/10\/24\/em-cerca-de-seis-horas-policia-militar-prende-acusados-de-duplo-homicidio-violencia-domestica-e-outros-crimes-em-bayeux\/","og_locale":"pt_BR","og_type":"article","og_title":"Em cerca de seis horas, Pol\u00edcia Militar prende acusados de duplo homic\u00eddio, viol\u00eancia dom\u00e9stica e outros crimes, em Bayeux - Pol\u00edcia Militar da Para\u00edba","og_description":"Em cerca de seis horas, a Pol\u00edcia Militar prendeu acusados de duplo homic\u00eddio, viol\u00eancia dom\u00e9stica, apreendeu adolescente com arma de","og_url":"https:\/\/www.pm.pb.gov.br\/portal\/2023\/10\/24\/em-cerca-de-seis-horas-policia-militar-prende-acusados-de-duplo-homicidio-violencia-domestica-e-outros-crimes-em-bayeux\/","og_site_name":"Pol\u00edcia Militar da Para\u00edba","article_published_time":"2023-10-25T01:26:56+00:00","article_modified_time":"2023-10-25T01:26:58+00:00","og_image":[{"width":800,"height":445,"url":"http:\/\/www.pm.pb.gov.br\/portal\/wp-content\/uploads\/2020\/05\/bayeux.jpeg","type":"image\/jpeg"}],"author":"Tarcisio Oliveira","twitter_card":"summary_large_image","twitter_misc":{"Escrito por":"Tarcisio Oliveira","Est. tempo de leitura":"2 minutos"},"schema":{"@context":"https:\/\/schema.org","@graph":[{"@type":"Article","@id":"https:\/\/www.pm.pb.gov.br\/portal\/2023\/10\/24\/em-cerca-de-seis-horas-policia-militar-prende-acusados-de-duplo-homicidio-violencia-domestica-e-outros-crimes-em-bayeux\/#article","isPartOf":{"@id":"https:\/\/www.pm.pb.gov.br\/portal\/2023\/10\/24\/em-cerca-de-seis-horas-policia-militar-prende-acusados-de-duplo-homicidio-violencia-domestica-e-outros-crimes-em-bayeux\/"},"author":{"name":"Tarcisio Oliveira","@id":"https:\/\/www.pm.pb.gov.br\/portal\/#\/schema\/person\/f84f56dcc78ce4357054da888b8247fd"},"headline":"Em cerca de seis horas, Pol\u00edcia Militar prende acusados de duplo homic\u00eddio, viol\u00eancia dom\u00e9stica e outros crimes, em Bayeux","datePublished":"2023-10-25T01:26:56+00:00","dateModified":"2023-10-25T01:26:58+00:00","mainEntityOfPage":{"@id":"https:\/\/www.pm.pb.gov.br\/portal\/2023\/10\/24\/em-cerca-de-seis-horas-policia-militar-prende-acusados-de-duplo-homicidio-violencia-domestica-e-outros-crimes-em-bayeux\/"},"wordCount":283,"publisher":{"@id":"https:\/\/www.pm.pb.gov.br\/portal\/#organization"},"articleSection":["A\u00e7\u00f5es Policiais"],"inLanguage":"pt-BR"},{"@type":"WebPage","@id":"https:\/\/www.pm.pb.gov.br\/portal\/2023\/10\/24\/em-cerca-de-seis-horas-policia-militar-prende-acusados-de-duplo-homicidio-violencia-domestica-e-outros-crimes-em-bayeux\/","url":"https:\/\/www.pm.pb.gov.br\/portal\/2023\/10\/24\/em-cerca-de-seis-horas-policia-militar-prende-acusados-de-duplo-homicidio-violencia-domestica-e-outros-crimes-em-bayeux\/","name":"Em cerca de seis horas, Pol\u00edcia Militar prende acusados de duplo homic\u00eddio, viol\u00eancia dom\u00e9stica e outros crimes, em Bayeux - Pol\u00edcia Militar da Para\u00edba","isPartOf":{"@id":"https:\/\/www.pm.pb.gov.br\/portal\/#website"},"datePublished":"2023-10-25T01:26:56+00:00","dateModified":"2023-10-25T01:26:58+00:00","breadcrumb":{"@id":"https:\/\/www.pm.pb.gov.br\/portal\/2023\/10\/24\/em-cerca-de-seis-horas-policia-militar-prende-acusados-de-duplo-homicidio-violencia-domestica-e-outros-crimes-em-bayeux\/#breadcrumb"},"inLanguage":"pt-BR","potentialAction":[{"@type":"ReadAction","target":["https:\/\/www.pm.pb.gov.br\/portal\/2023\/10\/24\/em-cerca-de-seis-horas-policia-militar-prende-acusados-de-duplo-homicidio-violencia-domestica-e-outros-crimes-em-bayeux\/"]}]},{"@type":"BreadcrumbList","@id":"https:\/\/www.pm.pb.gov.br\/portal\/2023\/10\/24\/em-cerca-de-seis-horas-policia-militar-prende-acusados-de-duplo-homicidio-violencia-domestica-e-outros-crimes-em-bayeux\/#breadcrumb","itemListElement":[{"@type":"ListItem","position":1,"name":"In\u00edcio","item":"https:\/\/www.pm.pb.gov.br\/portal\/"},{"@type":"ListItem","position":2,"name":"Em cerca de seis horas, Pol\u00edcia Militar prende acusados de duplo homic\u00eddio, viol\u00eancia dom\u00e9stica e outros crimes, em Bayeux"}]},{"@type":"WebSite","@id":"https:\/\/www.pm.pb.gov.br\/portal\/#website","url":"https:\/\/www.pm.pb.gov.br\/portal\/","name":"Pol\u00edcia Militar da Para\u00edba","description":"","publisher":{"@id":"https:\/\/www.pm.pb.gov.br\/portal\/#organization"},"potentialAction":[{"@type":"SearchAction","target":{"@type":"EntryPoint","urlTemplate":"https:\/\/www.pm.pb.gov.br\/portal\/?s={search_term_string}"},"query-input":"required name=search_term_string"}],"inLanguage":"pt-BR"},{"@type":"Organization","@id":"https:\/\/www.pm.pb.gov.br\/portal\/#organization","name":"Pol\u00edcia Militar da Para\u00edba","url":"https:\/\/www.pm.pb.gov.br\/portal\/","logo":{"@type":"ImageObject","inLanguage":"pt-BR","@id":"https:\/\/www.pm.pb.gov.br\/portal\/#\/schema\/logo\/image\/","url":"https:\/\/www.pm.pb.gov.br\/portal\/wp-content\/uploads\/2025\/03\/cropped-logo-site-mag2-1.png","contentUrl":"https:\/\/www.pm.pb.gov.br\/portal\/wp-content\/uploads\/2025\/03\/cropped-logo-site-mag2-1.png","width":320,"height":90,"caption":"Pol\u00edcia Militar da Para\u00edba"},"image":{"@id":"https:\/\/www.pm.pb.gov.br\/portal\/#\/schema\/logo\/image\/"}},{"@type":"Person","@id":"https:\/\/www.pm.pb.gov.br\/portal\/#\/schema\/person\/f84f56dcc78ce4357054da888b8247fd","name":"Tarcisio Oliveira","image":{"@type":"ImageObject","inLanguage":"pt-BR","@id":"https:\/\/www.pm.pb.gov.br\/portal\/#\/schema\/person\/image\/","url":"https:\/\/secure.gravatar.com\/avatar\/72917b630b69d31cd0297507f34bac97?s=96&d=mm&r=g","contentUrl":"https:\/\/secure.gravatar.com\/avatar\/72917b630b69d31cd0297507f34bac97?s=96&d=mm&r=g","caption":"Tarcisio Oliveira"},"url":"https:\/\/www.pm.pb.gov.br\/portal\/author\/tarcisio\/"}]}},"_links":{"self":[{"href":"https:\/\/www.pm.pb.gov.br\/portal\/wp-json\/wp\/v2\/posts\/918735"}],"collection":[{"href":"https:\/\/www.pm.pb.gov.br\/portal\/wp-json\/wp\/v2\/posts"}],"about":[{"href":"https:\/\/www.pm.pb.gov.br\/portal\/wp-json\/wp\/v2\/types\/post"}],"author":[{"embeddable":true,"href":"https:\/\/www.pm.pb.gov.br\/portal\/wp-json\/wp\/v2\/users\/12"}],"replies":[{"embeddable":true,"href":"https:\/\/www.pm.pb.gov.br\/portal\/wp-json\/wp\/v2\/comments?post=918735"}],"version-history":[{"count":1,"href":"https:\/\/www.pm.pb.gov.br\/portal\/wp-json\/wp\/v2\/posts\/918735\/revisions"}],"predecessor-version":[{"id":918737,"href":"https:\/\/www.pm.pb.gov.br\/portal\/wp-json\/wp\/v2\/posts\/918735\/revisions\/918737"}],"wp:featuredmedia":[{"embeddable":true,"href":"https:\/\/www.pm.pb.gov.br\/portal\/wp-json\/wp\/v2\/media\/905134"}],"wp:attachment":[{"href":"https:\/\/www.pm.pb.gov.br\/portal\/wp-json\/wp\/v2\/media?parent=918735"}],"wp:term":[{"taxonomy":"category","embeddable":true,"href":"https:\/\/www.pm.pb.gov.br\/portal\/wp-json\/wp\/v2\/categories?post=918735"},{"taxonomy":"post_tag","embeddable":true,"href":"https:\/\/www.pm.pb.gov.br\/portal\/wp-json\/wp\/v2\/tags?post=918735"}],"curies":[{"name":"wp","href":"https:\/\/api.w.org\/{rel}","templated":true}]}}