{"id":918719,"date":"2023-10-24T14:11:06","date_gmt":"2023-10-24T17:11:06","guid":{"rendered":"https:\/\/www.pm.pb.gov.br\/portal\/?p=918719"},"modified":"2023-10-24T14:16:28","modified_gmt":"2023-10-24T17:16:28","slug":"pela-5a-vez-policia-militar-prende-acusado-de-furtar-residencias-na-grande-joao-pessoa","status":"publish","type":"post","link":"https:\/\/www.pm.pb.gov.br\/portal\/2023\/10\/24\/pela-5a-vez-policia-militar-prende-acusado-de-furtar-residencias-na-grande-joao-pessoa\/","title":{"rendered":"Pela 5\u00aa vez, Pol\u00edcia Militar prende acusado de furtar resid\u00eancias na grande Jo\u00e3o Pessoa"},"content":{"rendered":"\n<p style=\"text-align: justify;\">Pela 5\u00aa vez, a Pol\u00edcia Militar prendeu um homem acusado de arrombamentos e furtos de diversas resid\u00eancias na regi\u00e3o metropolitana de Jo\u00e3o Pessoa. Esta \u00faltima pris\u00e3o aconteceu no in\u00edcio da tarde desta ter\u00e7a-feira (24) no bairro do Altiplano. Os crimes aconteciam nos bairros do Bessa, Altiplano, Banc\u00e1rios, Ernesto Geisel e Intermares (foto acima ilustrativa).<\/p>\n<p style=\"text-align: justify;\">A pris\u00e3o do acusado, de 38 anos de idade, foi realizada pelos policiais do Batalh\u00e3o Especializado em Policiamento Tur\u00edstico (BEPTur). \u201cEst\u00e1 \u00e9 a quinta vez que o acusado \u00e9 preso. Pelas outras quatro pris\u00f5es ele cumpria uma pena de cerca de 15 anos e, ap\u00f3s ter cumprido tr\u00eas, foi colocado em liberdade condicional em setembro, sendo preso novamente agora por cometer os mesmos delitos\u201d, explicou o major Bruno, comandante do BEPTur.<\/p>\n<p style=\"text-align: justify;\">De acordo com a unidade, o acusado foi flagrado tentando arrombar apartamentos e, com a a\u00e7\u00e3o r\u00e1pida das guarni\u00e7\u00f5es, foi detido. Ele ainda usava um par de t\u00eanis que havia sido furtado de uma v\u00edtima em Cabedelo (foto abaixo). A ocorr\u00eancia foi encaminhada para Central de Flagrantes onde diversas v\u00edtimas reconheceram o acusado dos crimes, e os pertences levados.<\/p>\n<p><img loading=\"lazy\" decoding=\"async\" class=\"size-medium wp-image-918721 aligncenter\" src=\"http:\/\/www.pm.pb.gov.br\/portal\/wp-content\/uploads\/2023\/10\/WhatsApp-Image-2023-10-24-at-14.31.27-277x445.jpeg\" alt=\"\" width=\"277\" height=\"445\" srcset=\"https:\/\/www.pm.pb.gov.br\/portal\/wp-content\/uploads\/2023\/10\/WhatsApp-Image-2023-10-24-at-14.31.27-277x445.jpeg 277w, https:\/\/www.pm.pb.gov.br\/portal\/wp-content\/uploads\/2023\/10\/WhatsApp-Image-2023-10-24-at-14.31.27-355x570.jpeg 355w, https:\/\/www.pm.pb.gov.br\/portal\/wp-content\/uploads\/2023\/10\/WhatsApp-Image-2023-10-24-at-14.31.27.jpeg 638w\" sizes=\"(max-width: 277px) 100vw, 277px\" \/><\/p>\n<p><em>Atualizado \u00e0s 14h35.<\/em><\/p>\n\n\n","protected":false},"excerpt":{"rendered":"<p>Pela 5\u00aa vez, a Pol\u00edcia Militar prendeu um homem acusado de arrombamentos e furtos de diversas resid\u00eancias na regi\u00e3o metropolitana<\/p>\n","protected":false},"author":12,"featured_media":916776,"comment_status":"closed","ping_status":"closed","sticky":false,"template":"","format":"standard","meta":{"_exactmetrics_skip_tracking":false,"_exactmetrics_sitenote_active":false,"_exactmetrics_sitenote_note":"","_exactmetrics_sitenote_category":0,"footnotes":""},"categories":[4],"tags":[],"yoast_head":"<!-- This site is optimized with the Yoast SEO plugin v22.0 - https:\/\/yoast.com\/wordpress\/plugins\/seo\/ -->\n<title>Pela 5\u00aa vez, Pol\u00edcia Militar prende acusado de furtar resid\u00eancias na grande Jo\u00e3o Pessoa - Pol\u00edcia Militar da Para\u00edba<\/title>\n<meta name=\"robots\" content=\"index, follow, max-snippet:-1, max-image-preview:large, max-video-preview:-1\" \/>\n<link rel=\"canonical\" href=\"https:\/\/www.pm.pb.gov.br\/portal\/2023\/10\/24\/pela-5a-vez-policia-militar-prende-acusado-de-furtar-residencias-na-grande-joao-pessoa\/\" \/>\n<meta property=\"og:locale\" content=\"pt_BR\" \/>\n<meta property=\"og:type\" content=\"article\" \/>\n<meta property=\"og:title\" content=\"Pela 5\u00aa vez, Pol\u00edcia Militar prende acusado de furtar resid\u00eancias na grande Jo\u00e3o Pessoa - Pol\u00edcia Militar da Para\u00edba\" \/>\n<meta property=\"og:description\" content=\"Pela 5\u00aa vez, a Pol\u00edcia Militar prendeu um homem acusado de arrombamentos e furtos de diversas resid\u00eancias na regi\u00e3o metropolitana\" \/>\n<meta property=\"og:url\" content=\"https:\/\/www.pm.pb.gov.br\/portal\/2023\/10\/24\/pela-5a-vez-policia-militar-prende-acusado-de-furtar-residencias-na-grande-joao-pessoa\/\" \/>\n<meta property=\"og:site_name\" content=\"Pol\u00edcia Militar da Para\u00edba\" \/>\n<meta property=\"article:published_time\" content=\"2023-10-24T17:11:06+00:00\" \/>\n<meta property=\"article:modified_time\" content=\"2023-10-24T17:16:28+00:00\" \/>\n<meta property=\"og:image\" content=\"http:\/\/www.pm.pb.gov.br\/portal\/wp-content\/uploads\/2023\/06\/BEPTUR.jpeg\" \/>\n\t<meta property=\"og:image:width\" content=\"800\" \/>\n\t<meta property=\"og:image:height\" content=\"445\" \/>\n\t<meta property=\"og:image:type\" content=\"image\/jpeg\" \/>\n<meta name=\"author\" content=\"Tarcisio Oliveira\" \/>\n<meta name=\"twitter:card\" content=\"summary_large_image\" \/>\n<meta name=\"twitter:label1\" content=\"Escrito por\" \/>\n\t<meta name=\"twitter:data1\" content=\"Tarcisio Oliveira\" \/>\n\t<meta name=\"twitter:label2\" content=\"Est. tempo de leitura\" \/>\n\t<meta name=\"twitter:data2\" content=\"2 minutos\" \/>\n<script type=\"application\/ld+json\" class=\"yoast-schema-graph\">{\"@context\":\"https:\/\/schema.org\",\"@graph\":[{\"@type\":\"Article\",\"@id\":\"https:\/\/www.pm.pb.gov.br\/portal\/2023\/10\/24\/pela-5a-vez-policia-militar-prende-acusado-de-furtar-residencias-na-grande-joao-pessoa\/#article\",\"isPartOf\":{\"@id\":\"https:\/\/www.pm.pb.gov.br\/portal\/2023\/10\/24\/pela-5a-vez-policia-militar-prende-acusado-de-furtar-residencias-na-grande-joao-pessoa\/\"},\"author\":{\"name\":\"Tarcisio Oliveira\",\"@id\":\"https:\/\/www.pm.pb.gov.br\/portal\/#\/schema\/person\/f84f56dcc78ce4357054da888b8247fd\"},\"headline\":\"Pela 5\u00aa vez, Pol\u00edcia Militar prende acusado de furtar resid\u00eancias na grande Jo\u00e3o Pessoa\",\"datePublished\":\"2023-10-24T17:11:06+00:00\",\"dateModified\":\"2023-10-24T17:16:28+00:00\",\"mainEntityOfPage\":{\"@id\":\"https:\/\/www.pm.pb.gov.br\/portal\/2023\/10\/24\/pela-5a-vez-policia-militar-prende-acusado-de-furtar-residencias-na-grande-joao-pessoa\/\"},\"wordCount\":218,\"publisher\":{\"@id\":\"https:\/\/www.pm.pb.gov.br\/portal\/#organization\"},\"articleSection\":[\"A\u00e7\u00f5es Policiais\"],\"inLanguage\":\"pt-BR\"},{\"@type\":\"WebPage\",\"@id\":\"https:\/\/www.pm.pb.gov.br\/portal\/2023\/10\/24\/pela-5a-vez-policia-militar-prende-acusado-de-furtar-residencias-na-grande-joao-pessoa\/\",\"url\":\"https:\/\/www.pm.pb.gov.br\/portal\/2023\/10\/24\/pela-5a-vez-policia-militar-prende-acusado-de-furtar-residencias-na-grande-joao-pessoa\/\",\"name\":\"Pela 5\u00aa vez, Pol\u00edcia Militar prende acusado de furtar resid\u00eancias na grande Jo\u00e3o Pessoa - Pol\u00edcia Militar da Para\u00edba\",\"isPartOf\":{\"@id\":\"https:\/\/www.pm.pb.gov.br\/portal\/#website\"},\"datePublished\":\"2023-10-24T17:11:06+00:00\",\"dateModified\":\"2023-10-24T17:16:28+00:00\",\"breadcrumb\":{\"@id\":\"https:\/\/www.pm.pb.gov.br\/portal\/2023\/10\/24\/pela-5a-vez-policia-militar-prende-acusado-de-furtar-residencias-na-grande-joao-pessoa\/#breadcrumb\"},\"inLanguage\":\"pt-BR\",\"potentialAction\":[{\"@type\":\"ReadAction\",\"target\":[\"https:\/\/www.pm.pb.gov.br\/portal\/2023\/10\/24\/pela-5a-vez-policia-militar-prende-acusado-de-furtar-residencias-na-grande-joao-pessoa\/\"]}]},{\"@type\":\"BreadcrumbList\",\"@id\":\"https:\/\/www.pm.pb.gov.br\/portal\/2023\/10\/24\/pela-5a-vez-policia-militar-prende-acusado-de-furtar-residencias-na-grande-joao-pessoa\/#breadcrumb\",\"itemListElement\":[{\"@type\":\"ListItem\",\"position\":1,\"name\":\"In\u00edcio\",\"item\":\"https:\/\/www.pm.pb.gov.br\/portal\/\"},{\"@type\":\"ListItem\",\"position\":2,\"name\":\"Pela 5\u00aa vez, Pol\u00edcia Militar prende acusado de furtar resid\u00eancias na grande Jo\u00e3o Pessoa\"}]},{\"@type\":\"WebSite\",\"@id\":\"https:\/\/www.pm.pb.gov.br\/portal\/#website\",\"url\":\"https:\/\/www.pm.pb.gov.br\/portal\/\",\"name\":\"Pol\u00edcia Militar da Para\u00edba\",\"description\":\"\",\"publisher\":{\"@id\":\"https:\/\/www.pm.pb.gov.br\/portal\/#organization\"},\"potentialAction\":[{\"@type\":\"SearchAction\",\"target\":{\"@type\":\"EntryPoint\",\"urlTemplate\":\"https:\/\/www.pm.pb.gov.br\/portal\/?s={search_term_string}\"},\"query-input\":\"required name=search_term_string\"}],\"inLanguage\":\"pt-BR\"},{\"@type\":\"Organization\",\"@id\":\"https:\/\/www.pm.pb.gov.br\/portal\/#organization\",\"name\":\"Pol\u00edcia Militar da Para\u00edba\",\"url\":\"https:\/\/www.pm.pb.gov.br\/portal\/\",\"logo\":{\"@type\":\"ImageObject\",\"inLanguage\":\"pt-BR\",\"@id\":\"https:\/\/www.pm.pb.gov.br\/portal\/#\/schema\/logo\/image\/\",\"url\":\"https:\/\/www.pm.pb.gov.br\/portal\/wp-content\/uploads\/2025\/03\/cropped-logo-site-mag2-1.png\",\"contentUrl\":\"https:\/\/www.pm.pb.gov.br\/portal\/wp-content\/uploads\/2025\/03\/cropped-logo-site-mag2-1.png\",\"width\":320,\"height\":90,\"caption\":\"Pol\u00edcia Militar da Para\u00edba\"},\"image\":{\"@id\":\"https:\/\/www.pm.pb.gov.br\/portal\/#\/schema\/logo\/image\/\"}},{\"@type\":\"Person\",\"@id\":\"https:\/\/www.pm.pb.gov.br\/portal\/#\/schema\/person\/f84f56dcc78ce4357054da888b8247fd\",\"name\":\"Tarcisio Oliveira\",\"image\":{\"@type\":\"ImageObject\",\"inLanguage\":\"pt-BR\",\"@id\":\"https:\/\/www.pm.pb.gov.br\/portal\/#\/schema\/person\/image\/\",\"url\":\"https:\/\/secure.gravatar.com\/avatar\/72917b630b69d31cd0297507f34bac97?s=96&d=mm&r=g\",\"contentUrl\":\"https:\/\/secure.gravatar.com\/avatar\/72917b630b69d31cd0297507f34bac97?s=96&d=mm&r=g\",\"caption\":\"Tarcisio Oliveira\"},\"url\":\"https:\/\/www.pm.pb.gov.br\/portal\/author\/tarcisio\/\"}]}<\/script>\n<!-- \/ Yoast SEO plugin. -->","yoast_head_json":{"title":"Pela 5\u00aa vez, Pol\u00edcia Militar prende acusado de furtar resid\u00eancias na grande Jo\u00e3o Pessoa - Pol\u00edcia Militar da Para\u00edba","robots":{"index":"index","follow":"follow","max-snippet":"max-snippet:-1","max-image-preview":"max-image-preview:large","max-video-preview":"max-video-preview:-1"},"canonical":"https:\/\/www.pm.pb.gov.br\/portal\/2023\/10\/24\/pela-5a-vez-policia-militar-prende-acusado-de-furtar-residencias-na-grande-joao-pessoa\/","og_locale":"pt_BR","og_type":"article","og_title":"Pela 5\u00aa vez, Pol\u00edcia Militar prende acusado de furtar resid\u00eancias na grande Jo\u00e3o Pessoa - Pol\u00edcia Militar da Para\u00edba","og_description":"Pela 5\u00aa vez, a Pol\u00edcia Militar prendeu um homem acusado de arrombamentos e furtos de diversas resid\u00eancias na regi\u00e3o metropolitana","og_url":"https:\/\/www.pm.pb.gov.br\/portal\/2023\/10\/24\/pela-5a-vez-policia-militar-prende-acusado-de-furtar-residencias-na-grande-joao-pessoa\/","og_site_name":"Pol\u00edcia Militar da Para\u00edba","article_published_time":"2023-10-24T17:11:06+00:00","article_modified_time":"2023-10-24T17:16:28+00:00","og_image":[{"width":800,"height":445,"url":"http:\/\/www.pm.pb.gov.br\/portal\/wp-content\/uploads\/2023\/06\/BEPTUR.jpeg","type":"image\/jpeg"}],"author":"Tarcisio Oliveira","twitter_card":"summary_large_image","twitter_misc":{"Escrito por":"Tarcisio Oliveira","Est. tempo de leitura":"2 minutos"},"schema":{"@context":"https:\/\/schema.org","@graph":[{"@type":"Article","@id":"https:\/\/www.pm.pb.gov.br\/portal\/2023\/10\/24\/pela-5a-vez-policia-militar-prende-acusado-de-furtar-residencias-na-grande-joao-pessoa\/#article","isPartOf":{"@id":"https:\/\/www.pm.pb.gov.br\/portal\/2023\/10\/24\/pela-5a-vez-policia-militar-prende-acusado-de-furtar-residencias-na-grande-joao-pessoa\/"},"author":{"name":"Tarcisio Oliveira","@id":"https:\/\/www.pm.pb.gov.br\/portal\/#\/schema\/person\/f84f56dcc78ce4357054da888b8247fd"},"headline":"Pela 5\u00aa vez, Pol\u00edcia Militar prende acusado de furtar resid\u00eancias na grande Jo\u00e3o Pessoa","datePublished":"2023-10-24T17:11:06+00:00","dateModified":"2023-10-24T17:16:28+00:00","mainEntityOfPage":{"@id":"https:\/\/www.pm.pb.gov.br\/portal\/2023\/10\/24\/pela-5a-vez-policia-militar-prende-acusado-de-furtar-residencias-na-grande-joao-pessoa\/"},"wordCount":218,"publisher":{"@id":"https:\/\/www.pm.pb.gov.br\/portal\/#organization"},"articleSection":["A\u00e7\u00f5es Policiais"],"inLanguage":"pt-BR"},{"@type":"WebPage","@id":"https:\/\/www.pm.pb.gov.br\/portal\/2023\/10\/24\/pela-5a-vez-policia-militar-prende-acusado-de-furtar-residencias-na-grande-joao-pessoa\/","url":"https:\/\/www.pm.pb.gov.br\/portal\/2023\/10\/24\/pela-5a-vez-policia-militar-prende-acusado-de-furtar-residencias-na-grande-joao-pessoa\/","name":"Pela 5\u00aa vez, Pol\u00edcia Militar prende acusado de furtar resid\u00eancias na grande Jo\u00e3o Pessoa - Pol\u00edcia Militar da Para\u00edba","isPartOf":{"@id":"https:\/\/www.pm.pb.gov.br\/portal\/#website"},"datePublished":"2023-10-24T17:11:06+00:00","dateModified":"2023-10-24T17:16:28+00:00","breadcrumb":{"@id":"https:\/\/www.pm.pb.gov.br\/portal\/2023\/10\/24\/pela-5a-vez-policia-militar-prende-acusado-de-furtar-residencias-na-grande-joao-pessoa\/#breadcrumb"},"inLanguage":"pt-BR","potentialAction":[{"@type":"ReadAction","target":["https:\/\/www.pm.pb.gov.br\/portal\/2023\/10\/24\/pela-5a-vez-policia-militar-prende-acusado-de-furtar-residencias-na-grande-joao-pessoa\/"]}]},{"@type":"BreadcrumbList","@id":"https:\/\/www.pm.pb.gov.br\/portal\/2023\/10\/24\/pela-5a-vez-policia-militar-prende-acusado-de-furtar-residencias-na-grande-joao-pessoa\/#breadcrumb","itemListElement":[{"@type":"ListItem","position":1,"name":"In\u00edcio","item":"https:\/\/www.pm.pb.gov.br\/portal\/"},{"@type":"ListItem","position":2,"name":"Pela 5\u00aa vez, Pol\u00edcia Militar prende acusado de furtar resid\u00eancias na grande Jo\u00e3o Pessoa"}]},{"@type":"WebSite","@id":"https:\/\/www.pm.pb.gov.br\/portal\/#website","url":"https:\/\/www.pm.pb.gov.br\/portal\/","name":"Pol\u00edcia Militar da Para\u00edba","description":"","publisher":{"@id":"https:\/\/www.pm.pb.gov.br\/portal\/#organization"},"potentialAction":[{"@type":"SearchAction","target":{"@type":"EntryPoint","urlTemplate":"https:\/\/www.pm.pb.gov.br\/portal\/?s={search_term_string}"},"query-input":"required name=search_term_string"}],"inLanguage":"pt-BR"},{"@type":"Organization","@id":"https:\/\/www.pm.pb.gov.br\/portal\/#organization","name":"Pol\u00edcia Militar da Para\u00edba","url":"https:\/\/www.pm.pb.gov.br\/portal\/","logo":{"@type":"ImageObject","inLanguage":"pt-BR","@id":"https:\/\/www.pm.pb.gov.br\/portal\/#\/schema\/logo\/image\/","url":"https:\/\/www.pm.pb.gov.br\/portal\/wp-content\/uploads\/2025\/03\/cropped-logo-site-mag2-1.png","contentUrl":"https:\/\/www.pm.pb.gov.br\/portal\/wp-content\/uploads\/2025\/03\/cropped-logo-site-mag2-1.png","width":320,"height":90,"caption":"Pol\u00edcia Militar da Para\u00edba"},"image":{"@id":"https:\/\/www.pm.pb.gov.br\/portal\/#\/schema\/logo\/image\/"}},{"@type":"Person","@id":"https:\/\/www.pm.pb.gov.br\/portal\/#\/schema\/person\/f84f56dcc78ce4357054da888b8247fd","name":"Tarcisio Oliveira","image":{"@type":"ImageObject","inLanguage":"pt-BR","@id":"https:\/\/www.pm.pb.gov.br\/portal\/#\/schema\/person\/image\/","url":"https:\/\/secure.gravatar.com\/avatar\/72917b630b69d31cd0297507f34bac97?s=96&d=mm&r=g","contentUrl":"https:\/\/secure.gravatar.com\/avatar\/72917b630b69d31cd0297507f34bac97?s=96&d=mm&r=g","caption":"Tarcisio Oliveira"},"url":"https:\/\/www.pm.pb.gov.br\/portal\/author\/tarcisio\/"}]}},"_links":{"self":[{"href":"https:\/\/www.pm.pb.gov.br\/portal\/wp-json\/wp\/v2\/posts\/918719"}],"collection":[{"href":"https:\/\/www.pm.pb.gov.br\/portal\/wp-json\/wp\/v2\/posts"}],"about":[{"href":"https:\/\/www.pm.pb.gov.br\/portal\/wp-json\/wp\/v2\/types\/post"}],"author":[{"embeddable":true,"href":"https:\/\/www.pm.pb.gov.br\/portal\/wp-json\/wp\/v2\/users\/12"}],"replies":[{"embeddable":true,"href":"https:\/\/www.pm.pb.gov.br\/portal\/wp-json\/wp\/v2\/comments?post=918719"}],"version-history":[{"count":3,"href":"https:\/\/www.pm.pb.gov.br\/portal\/wp-json\/wp\/v2\/posts\/918719\/revisions"}],"predecessor-version":[{"id":918723,"href":"https:\/\/www.pm.pb.gov.br\/portal\/wp-json\/wp\/v2\/posts\/918719\/revisions\/918723"}],"wp:featuredmedia":[{"embeddable":true,"href":"https:\/\/www.pm.pb.gov.br\/portal\/wp-json\/wp\/v2\/media\/916776"}],"wp:attachment":[{"href":"https:\/\/www.pm.pb.gov.br\/portal\/wp-json\/wp\/v2\/media?parent=918719"}],"wp:term":[{"taxonomy":"category","embeddable":true,"href":"https:\/\/www.pm.pb.gov.br\/portal\/wp-json\/wp\/v2\/categories?post=918719"},{"taxonomy":"post_tag","embeddable":true,"href":"https:\/\/www.pm.pb.gov.br\/portal\/wp-json\/wp\/v2\/tags?post=918719"}],"curies":[{"name":"wp","href":"https:\/\/api.w.org\/{rel}","templated":true}]}}