{"id":918707,"date":"2023-10-23T21:43:33","date_gmt":"2023-10-24T00:43:33","guid":{"rendered":"https:\/\/www.pm.pb.gov.br\/portal\/?p=918707"},"modified":"2023-10-23T21:43:35","modified_gmt":"2023-10-24T00:43:35","slug":"em-menos-de-seis-horas-policia-militar-captura-tres-foragidos-da-justica-em-bairros-da-orla","status":"publish","type":"post","link":"https:\/\/www.pm.pb.gov.br\/portal\/2023\/10\/23\/em-menos-de-seis-horas-policia-militar-captura-tres-foragidos-da-justica-em-bairros-da-orla\/","title":{"rendered":"Em menos de seis horas, Pol\u00edcia Militar captura tr\u00eas foragidos da Justi\u00e7a em bairros da Orla"},"content":{"rendered":"\n<p>Em menos de seis horas, a Pol\u00edcia Militar localizou e prendeu tr\u00eas foragidos da Justi\u00e7a que estavam na regi\u00e3o da Orla de Jo\u00e3o Pessoa, nesta segunda-feira (23). Juntas, as penas dos acusados somam 10 anos e seis meses de pris\u00e3o, por v\u00e1rios delitos como furto, desacato e abandono de incapaz (foto acima ilustrativa).<\/p>\n<p>As capturas dos foragidos foram realizadas pelos policiais do Batalh\u00e3o Especializado em Policiamento Tur\u00edstico (BEPTur), que iniciaram a semana intensificando as a\u00e7\u00f5es em pontos estrat\u00e9gicos. Duas pris\u00f5es aconteceram no bairro de Tamba\u00fa, contra acusados procurados por crimes de furtos. Em abordagens, os policiais constataram que os suspeitos possu\u00edam mandados em aberto expedidos pela Vara de Execu\u00e7\u00e3o Penal.<\/p>\n<p>\u201cJ\u00e1 no bairro do Bessa, a pris\u00e3o foi de uma mulher, acusada de abandono de incapaz, desacato, e que teria quebrado uma medida protetiva que a pr\u00f3pria m\u00e3e tinha contra ela\u201d, explicou o major Bruno, comandante do BEPTur.<\/p>\n<p>Todas as ocorr\u00eancias foram registradas entre a tarde e a noite de segunda-feira, e foram encaminhadas para a Pol\u00edcia Judici\u00e1ria.<\/p>\n","protected":false},"excerpt":{"rendered":"<p>Em menos de seis horas, a Pol\u00edcia Militar localizou e prendeu tr\u00eas foragidos da Justi\u00e7a que estavam na regi\u00e3o da<\/p>\n","protected":false},"author":12,"featured_media":917312,"comment_status":"closed","ping_status":"closed","sticky":false,"template":"","format":"standard","meta":{"_exactmetrics_skip_tracking":false,"_exactmetrics_sitenote_active":false,"_exactmetrics_sitenote_note":"","_exactmetrics_sitenote_category":0,"footnotes":""},"categories":[4],"tags":[],"yoast_head":"<!-- This site is optimized with the Yoast SEO plugin v22.0 - https:\/\/yoast.com\/wordpress\/plugins\/seo\/ -->\n<title>Em menos de seis horas, Pol\u00edcia Militar captura tr\u00eas foragidos da Justi\u00e7a em bairros da Orla - Pol\u00edcia Militar da Para\u00edba<\/title>\n<meta name=\"robots\" content=\"index, follow, max-snippet:-1, max-image-preview:large, max-video-preview:-1\" \/>\n<link rel=\"canonical\" href=\"https:\/\/www.pm.pb.gov.br\/portal\/2023\/10\/23\/em-menos-de-seis-horas-policia-militar-captura-tres-foragidos-da-justica-em-bairros-da-orla\/\" \/>\n<meta property=\"og:locale\" content=\"pt_BR\" \/>\n<meta property=\"og:type\" content=\"article\" \/>\n<meta property=\"og:title\" content=\"Em menos de seis horas, Pol\u00edcia Militar captura tr\u00eas foragidos da Justi\u00e7a em bairros da Orla - Pol\u00edcia Militar da Para\u00edba\" \/>\n<meta property=\"og:description\" content=\"Em menos de seis horas, a Pol\u00edcia Militar localizou e prendeu tr\u00eas foragidos da Justi\u00e7a que estavam na regi\u00e3o da\" \/>\n<meta property=\"og:url\" content=\"https:\/\/www.pm.pb.gov.br\/portal\/2023\/10\/23\/em-menos-de-seis-horas-policia-militar-captura-tres-foragidos-da-justica-em-bairros-da-orla\/\" \/>\n<meta property=\"og:site_name\" content=\"Pol\u00edcia Militar da Para\u00edba\" \/>\n<meta property=\"article:published_time\" content=\"2023-10-24T00:43:33+00:00\" \/>\n<meta property=\"article:modified_time\" content=\"2023-10-24T00:43:35+00:00\" \/>\n<meta property=\"og:image\" content=\"http:\/\/www.pm.pb.gov.br\/portal\/wp-content\/uploads\/2023\/07\/beptur.jpeg\" \/>\n\t<meta property=\"og:image:width\" content=\"800\" \/>\n\t<meta property=\"og:image:height\" content=\"445\" \/>\n\t<meta property=\"og:image:type\" content=\"image\/jpeg\" \/>\n<meta name=\"author\" content=\"Tarcisio Oliveira\" \/>\n<meta name=\"twitter:card\" content=\"summary_large_image\" \/>\n<meta name=\"twitter:label1\" content=\"Escrito por\" \/>\n\t<meta name=\"twitter:data1\" content=\"Tarcisio Oliveira\" \/>\n\t<meta name=\"twitter:label2\" content=\"Est. tempo de leitura\" \/>\n\t<meta name=\"twitter:data2\" content=\"1 minuto\" \/>\n<script type=\"application\/ld+json\" class=\"yoast-schema-graph\">{\"@context\":\"https:\/\/schema.org\",\"@graph\":[{\"@type\":\"Article\",\"@id\":\"https:\/\/www.pm.pb.gov.br\/portal\/2023\/10\/23\/em-menos-de-seis-horas-policia-militar-captura-tres-foragidos-da-justica-em-bairros-da-orla\/#article\",\"isPartOf\":{\"@id\":\"https:\/\/www.pm.pb.gov.br\/portal\/2023\/10\/23\/em-menos-de-seis-horas-policia-militar-captura-tres-foragidos-da-justica-em-bairros-da-orla\/\"},\"author\":{\"name\":\"Tarcisio Oliveira\",\"@id\":\"https:\/\/www.pm.pb.gov.br\/portal\/#\/schema\/person\/f84f56dcc78ce4357054da888b8247fd\"},\"headline\":\"Em menos de seis horas, Pol\u00edcia Militar captura tr\u00eas foragidos da Justi\u00e7a em bairros da Orla\",\"datePublished\":\"2023-10-24T00:43:33+00:00\",\"dateModified\":\"2023-10-24T00:43:35+00:00\",\"mainEntityOfPage\":{\"@id\":\"https:\/\/www.pm.pb.gov.br\/portal\/2023\/10\/23\/em-menos-de-seis-horas-policia-militar-captura-tres-foragidos-da-justica-em-bairros-da-orla\/\"},\"wordCount\":205,\"publisher\":{\"@id\":\"https:\/\/www.pm.pb.gov.br\/portal\/#organization\"},\"articleSection\":[\"A\u00e7\u00f5es Policiais\"],\"inLanguage\":\"pt-BR\"},{\"@type\":\"WebPage\",\"@id\":\"https:\/\/www.pm.pb.gov.br\/portal\/2023\/10\/23\/em-menos-de-seis-horas-policia-militar-captura-tres-foragidos-da-justica-em-bairros-da-orla\/\",\"url\":\"https:\/\/www.pm.pb.gov.br\/portal\/2023\/10\/23\/em-menos-de-seis-horas-policia-militar-captura-tres-foragidos-da-justica-em-bairros-da-orla\/\",\"name\":\"Em menos de seis horas, Pol\u00edcia Militar captura tr\u00eas foragidos da Justi\u00e7a em bairros da Orla - Pol\u00edcia Militar da Para\u00edba\",\"isPartOf\":{\"@id\":\"https:\/\/www.pm.pb.gov.br\/portal\/#website\"},\"datePublished\":\"2023-10-24T00:43:33+00:00\",\"dateModified\":\"2023-10-24T00:43:35+00:00\",\"breadcrumb\":{\"@id\":\"https:\/\/www.pm.pb.gov.br\/portal\/2023\/10\/23\/em-menos-de-seis-horas-policia-militar-captura-tres-foragidos-da-justica-em-bairros-da-orla\/#breadcrumb\"},\"inLanguage\":\"pt-BR\",\"potentialAction\":[{\"@type\":\"ReadAction\",\"target\":[\"https:\/\/www.pm.pb.gov.br\/portal\/2023\/10\/23\/em-menos-de-seis-horas-policia-militar-captura-tres-foragidos-da-justica-em-bairros-da-orla\/\"]}]},{\"@type\":\"BreadcrumbList\",\"@id\":\"https:\/\/www.pm.pb.gov.br\/portal\/2023\/10\/23\/em-menos-de-seis-horas-policia-militar-captura-tres-foragidos-da-justica-em-bairros-da-orla\/#breadcrumb\",\"itemListElement\":[{\"@type\":\"ListItem\",\"position\":1,\"name\":\"In\u00edcio\",\"item\":\"https:\/\/www.pm.pb.gov.br\/portal\/\"},{\"@type\":\"ListItem\",\"position\":2,\"name\":\"Em menos de seis horas, Pol\u00edcia Militar captura tr\u00eas foragidos da Justi\u00e7a em bairros da Orla\"}]},{\"@type\":\"WebSite\",\"@id\":\"https:\/\/www.pm.pb.gov.br\/portal\/#website\",\"url\":\"https:\/\/www.pm.pb.gov.br\/portal\/\",\"name\":\"Pol\u00edcia Militar da Para\u00edba\",\"description\":\"\",\"publisher\":{\"@id\":\"https:\/\/www.pm.pb.gov.br\/portal\/#organization\"},\"potentialAction\":[{\"@type\":\"SearchAction\",\"target\":{\"@type\":\"EntryPoint\",\"urlTemplate\":\"https:\/\/www.pm.pb.gov.br\/portal\/?s={search_term_string}\"},\"query-input\":\"required name=search_term_string\"}],\"inLanguage\":\"pt-BR\"},{\"@type\":\"Organization\",\"@id\":\"https:\/\/www.pm.pb.gov.br\/portal\/#organization\",\"name\":\"Pol\u00edcia Militar da Para\u00edba\",\"url\":\"https:\/\/www.pm.pb.gov.br\/portal\/\",\"logo\":{\"@type\":\"ImageObject\",\"inLanguage\":\"pt-BR\",\"@id\":\"https:\/\/www.pm.pb.gov.br\/portal\/#\/schema\/logo\/image\/\",\"url\":\"https:\/\/www.pm.pb.gov.br\/portal\/wp-content\/uploads\/2025\/03\/cropped-logo-site-mag2-1.png\",\"contentUrl\":\"https:\/\/www.pm.pb.gov.br\/portal\/wp-content\/uploads\/2025\/03\/cropped-logo-site-mag2-1.png\",\"width\":320,\"height\":90,\"caption\":\"Pol\u00edcia Militar da Para\u00edba\"},\"image\":{\"@id\":\"https:\/\/www.pm.pb.gov.br\/portal\/#\/schema\/logo\/image\/\"}},{\"@type\":\"Person\",\"@id\":\"https:\/\/www.pm.pb.gov.br\/portal\/#\/schema\/person\/f84f56dcc78ce4357054da888b8247fd\",\"name\":\"Tarcisio Oliveira\",\"image\":{\"@type\":\"ImageObject\",\"inLanguage\":\"pt-BR\",\"@id\":\"https:\/\/www.pm.pb.gov.br\/portal\/#\/schema\/person\/image\/\",\"url\":\"https:\/\/secure.gravatar.com\/avatar\/72917b630b69d31cd0297507f34bac97?s=96&d=mm&r=g\",\"contentUrl\":\"https:\/\/secure.gravatar.com\/avatar\/72917b630b69d31cd0297507f34bac97?s=96&d=mm&r=g\",\"caption\":\"Tarcisio Oliveira\"},\"url\":\"https:\/\/www.pm.pb.gov.br\/portal\/author\/tarcisio\/\"}]}<\/script>\n<!-- \/ Yoast SEO plugin. -->","yoast_head_json":{"title":"Em menos de seis horas, Pol\u00edcia Militar captura tr\u00eas foragidos da Justi\u00e7a em bairros da Orla - Pol\u00edcia Militar da Para\u00edba","robots":{"index":"index","follow":"follow","max-snippet":"max-snippet:-1","max-image-preview":"max-image-preview:large","max-video-preview":"max-video-preview:-1"},"canonical":"https:\/\/www.pm.pb.gov.br\/portal\/2023\/10\/23\/em-menos-de-seis-horas-policia-militar-captura-tres-foragidos-da-justica-em-bairros-da-orla\/","og_locale":"pt_BR","og_type":"article","og_title":"Em menos de seis horas, Pol\u00edcia Militar captura tr\u00eas foragidos da Justi\u00e7a em bairros da Orla - Pol\u00edcia Militar da Para\u00edba","og_description":"Em menos de seis horas, a Pol\u00edcia Militar localizou e prendeu tr\u00eas foragidos da Justi\u00e7a que estavam na regi\u00e3o da","og_url":"https:\/\/www.pm.pb.gov.br\/portal\/2023\/10\/23\/em-menos-de-seis-horas-policia-militar-captura-tres-foragidos-da-justica-em-bairros-da-orla\/","og_site_name":"Pol\u00edcia Militar da Para\u00edba","article_published_time":"2023-10-24T00:43:33+00:00","article_modified_time":"2023-10-24T00:43:35+00:00","og_image":[{"width":800,"height":445,"url":"http:\/\/www.pm.pb.gov.br\/portal\/wp-content\/uploads\/2023\/07\/beptur.jpeg","type":"image\/jpeg"}],"author":"Tarcisio Oliveira","twitter_card":"summary_large_image","twitter_misc":{"Escrito por":"Tarcisio Oliveira","Est. tempo de leitura":"1 minuto"},"schema":{"@context":"https:\/\/schema.org","@graph":[{"@type":"Article","@id":"https:\/\/www.pm.pb.gov.br\/portal\/2023\/10\/23\/em-menos-de-seis-horas-policia-militar-captura-tres-foragidos-da-justica-em-bairros-da-orla\/#article","isPartOf":{"@id":"https:\/\/www.pm.pb.gov.br\/portal\/2023\/10\/23\/em-menos-de-seis-horas-policia-militar-captura-tres-foragidos-da-justica-em-bairros-da-orla\/"},"author":{"name":"Tarcisio Oliveira","@id":"https:\/\/www.pm.pb.gov.br\/portal\/#\/schema\/person\/f84f56dcc78ce4357054da888b8247fd"},"headline":"Em menos de seis horas, Pol\u00edcia Militar captura tr\u00eas foragidos da Justi\u00e7a em bairros da Orla","datePublished":"2023-10-24T00:43:33+00:00","dateModified":"2023-10-24T00:43:35+00:00","mainEntityOfPage":{"@id":"https:\/\/www.pm.pb.gov.br\/portal\/2023\/10\/23\/em-menos-de-seis-horas-policia-militar-captura-tres-foragidos-da-justica-em-bairros-da-orla\/"},"wordCount":205,"publisher":{"@id":"https:\/\/www.pm.pb.gov.br\/portal\/#organization"},"articleSection":["A\u00e7\u00f5es Policiais"],"inLanguage":"pt-BR"},{"@type":"WebPage","@id":"https:\/\/www.pm.pb.gov.br\/portal\/2023\/10\/23\/em-menos-de-seis-horas-policia-militar-captura-tres-foragidos-da-justica-em-bairros-da-orla\/","url":"https:\/\/www.pm.pb.gov.br\/portal\/2023\/10\/23\/em-menos-de-seis-horas-policia-militar-captura-tres-foragidos-da-justica-em-bairros-da-orla\/","name":"Em menos de seis horas, Pol\u00edcia Militar captura tr\u00eas foragidos da Justi\u00e7a em bairros da Orla - Pol\u00edcia Militar da Para\u00edba","isPartOf":{"@id":"https:\/\/www.pm.pb.gov.br\/portal\/#website"},"datePublished":"2023-10-24T00:43:33+00:00","dateModified":"2023-10-24T00:43:35+00:00","breadcrumb":{"@id":"https:\/\/www.pm.pb.gov.br\/portal\/2023\/10\/23\/em-menos-de-seis-horas-policia-militar-captura-tres-foragidos-da-justica-em-bairros-da-orla\/#breadcrumb"},"inLanguage":"pt-BR","potentialAction":[{"@type":"ReadAction","target":["https:\/\/www.pm.pb.gov.br\/portal\/2023\/10\/23\/em-menos-de-seis-horas-policia-militar-captura-tres-foragidos-da-justica-em-bairros-da-orla\/"]}]},{"@type":"BreadcrumbList","@id":"https:\/\/www.pm.pb.gov.br\/portal\/2023\/10\/23\/em-menos-de-seis-horas-policia-militar-captura-tres-foragidos-da-justica-em-bairros-da-orla\/#breadcrumb","itemListElement":[{"@type":"ListItem","position":1,"name":"In\u00edcio","item":"https:\/\/www.pm.pb.gov.br\/portal\/"},{"@type":"ListItem","position":2,"name":"Em menos de seis horas, Pol\u00edcia Militar captura tr\u00eas foragidos da Justi\u00e7a em bairros da Orla"}]},{"@type":"WebSite","@id":"https:\/\/www.pm.pb.gov.br\/portal\/#website","url":"https:\/\/www.pm.pb.gov.br\/portal\/","name":"Pol\u00edcia Militar da Para\u00edba","description":"","publisher":{"@id":"https:\/\/www.pm.pb.gov.br\/portal\/#organization"},"potentialAction":[{"@type":"SearchAction","target":{"@type":"EntryPoint","urlTemplate":"https:\/\/www.pm.pb.gov.br\/portal\/?s={search_term_string}"},"query-input":"required name=search_term_string"}],"inLanguage":"pt-BR"},{"@type":"Organization","@id":"https:\/\/www.pm.pb.gov.br\/portal\/#organization","name":"Pol\u00edcia Militar da Para\u00edba","url":"https:\/\/www.pm.pb.gov.br\/portal\/","logo":{"@type":"ImageObject","inLanguage":"pt-BR","@id":"https:\/\/www.pm.pb.gov.br\/portal\/#\/schema\/logo\/image\/","url":"https:\/\/www.pm.pb.gov.br\/portal\/wp-content\/uploads\/2025\/03\/cropped-logo-site-mag2-1.png","contentUrl":"https:\/\/www.pm.pb.gov.br\/portal\/wp-content\/uploads\/2025\/03\/cropped-logo-site-mag2-1.png","width":320,"height":90,"caption":"Pol\u00edcia Militar da Para\u00edba"},"image":{"@id":"https:\/\/www.pm.pb.gov.br\/portal\/#\/schema\/logo\/image\/"}},{"@type":"Person","@id":"https:\/\/www.pm.pb.gov.br\/portal\/#\/schema\/person\/f84f56dcc78ce4357054da888b8247fd","name":"Tarcisio Oliveira","image":{"@type":"ImageObject","inLanguage":"pt-BR","@id":"https:\/\/www.pm.pb.gov.br\/portal\/#\/schema\/person\/image\/","url":"https:\/\/secure.gravatar.com\/avatar\/72917b630b69d31cd0297507f34bac97?s=96&d=mm&r=g","contentUrl":"https:\/\/secure.gravatar.com\/avatar\/72917b630b69d31cd0297507f34bac97?s=96&d=mm&r=g","caption":"Tarcisio Oliveira"},"url":"https:\/\/www.pm.pb.gov.br\/portal\/author\/tarcisio\/"}]}},"_links":{"self":[{"href":"https:\/\/www.pm.pb.gov.br\/portal\/wp-json\/wp\/v2\/posts\/918707"}],"collection":[{"href":"https:\/\/www.pm.pb.gov.br\/portal\/wp-json\/wp\/v2\/posts"}],"about":[{"href":"https:\/\/www.pm.pb.gov.br\/portal\/wp-json\/wp\/v2\/types\/post"}],"author":[{"embeddable":true,"href":"https:\/\/www.pm.pb.gov.br\/portal\/wp-json\/wp\/v2\/users\/12"}],"replies":[{"embeddable":true,"href":"https:\/\/www.pm.pb.gov.br\/portal\/wp-json\/wp\/v2\/comments?post=918707"}],"version-history":[{"count":1,"href":"https:\/\/www.pm.pb.gov.br\/portal\/wp-json\/wp\/v2\/posts\/918707\/revisions"}],"predecessor-version":[{"id":918708,"href":"https:\/\/www.pm.pb.gov.br\/portal\/wp-json\/wp\/v2\/posts\/918707\/revisions\/918708"}],"wp:featuredmedia":[{"embeddable":true,"href":"https:\/\/www.pm.pb.gov.br\/portal\/wp-json\/wp\/v2\/media\/917312"}],"wp:attachment":[{"href":"https:\/\/www.pm.pb.gov.br\/portal\/wp-json\/wp\/v2\/media?parent=918707"}],"wp:term":[{"taxonomy":"category","embeddable":true,"href":"https:\/\/www.pm.pb.gov.br\/portal\/wp-json\/wp\/v2\/categories?post=918707"},{"taxonomy":"post_tag","embeddable":true,"href":"https:\/\/www.pm.pb.gov.br\/portal\/wp-json\/wp\/v2\/tags?post=918707"}],"curies":[{"name":"wp","href":"https:\/\/api.w.org\/{rel}","templated":true}]}}