{"id":918620,"date":"2023-10-17T09:41:21","date_gmt":"2023-10-17T12:41:21","guid":{"rendered":"https:\/\/www.pm.pb.gov.br\/portal\/?p=918620"},"modified":"2023-10-17T09:41:23","modified_gmt":"2023-10-17T12:41:23","slug":"colegio-da-policia-militar-da-paraiba-lanca-edital-com-154-vagas-para-novos-alunos","status":"publish","type":"post","link":"https:\/\/www.pm.pb.gov.br\/portal\/2023\/10\/17\/colegio-da-policia-militar-da-paraiba-lanca-edital-com-154-vagas-para-novos-alunos\/","title":{"rendered":"Col\u00e9gio da Pol\u00edcia Militar da Para\u00edba lan\u00e7a edital com 154 vagas para novos alunos"},"content":{"rendered":"\n<p>Foi publicado no Di\u00e1rio Oficial desta ter\u00e7a-feira (17) o edital com 154 novas vagas para o Col\u00e9gio da Pol\u00edcia Militar \u201cEstudante Rebeca Cristina Alves Sim\u00f5es\u201d (CPM). As inscri\u00e7\u00f5es come\u00e7am no dia 6 de novembro, com vagas destinadas aos estudantes que v\u00e3o cursar em 2024 o 6\u00ba e 9\u00ba anos do ensino fundamental II e 1\u00aa s\u00e9rie do ensino m\u00e9dio integrado.<br><br>As vagas obedecem a propor\u00e7\u00e3o de 60% para filhos (as) e netos (as) de policiais militares da Para\u00edba e 40% para ampla concorr\u00eancia, conforme conv\u00eanio celebrado entre a Secretaria de Estado da Educa\u00e7\u00e3o e a Pol\u00edcia Militar. O edital prev\u00ea ainda vagas exclusivas para Pessoas com Defici\u00eancia (PCD). <br><br>Para o 6\u00ba ano, s\u00e3o 40 vagas para filhos (as) e netos (as) de policiais militares da Para\u00edba e 26 para ampla concorr\u00eancia. O 9\u00ba ano tem 6 vagas para filhos (as) e netos (as) de policiais militares da Para\u00edba e 4 para ampla concorr\u00eancia. J\u00e1 a 1\u00aa s\u00e9rie do ensino m\u00e9dio integrado, que tem cursos t\u00e9cnicos profissionalizantes nas \u00e1reas de inform\u00e1tica para internet e programa\u00e7\u00e3o de jogos digitais, s\u00e3o oferecidas, no total, 41 vagas para filhos (as) e netos (as) de policiais militares da Para\u00edba e 21 para ampla concorr\u00eancia. As outras 10 vagas s\u00e3o da cota para Pessoas com Defici\u00eancia (PCD), distribu\u00eddas nas s\u00e9ries oferecidas.<br><br>Processo de escolha &#8211; Os inscritos concorrer\u00e3o a um sorteio p\u00fablico, no m\u00eas de dezembro, no audit\u00f3rio do pr\u00f3prio Col\u00e9gio da Pol\u00edcia Militar. A escolha ser\u00e1 feita por uma comiss\u00e3o, na frente dos pais ou respons\u00e1veis dos candidatos e acompanhada por representantes do Tribunal de Justi\u00e7a da Para\u00edba, Assembleia Legislativa, Secretaria de Estado da Educa\u00e7\u00e3o, Minist\u00e9rio P\u00fablico Estadual, Procuradoria-Geral do Estado, Defensoria P\u00fablica, Ordem dos Advogados do Brasil e associa\u00e7\u00f5es de classes dos policiais militares do Estado da Para\u00edba.<br><br>Inscri\u00e7\u00f5es \u2013 As inscri\u00e7\u00f5es devem ser feitas de 6 a 17 de novembro pelos pais ou respons\u00e1veis legais dos estudantes, das 8h \u00e0s 16h, na secretaria do Col\u00e9gio da Pol\u00edcia Militar da Para\u00edba, que fica na rua Maria Alves da Silva, s\/n\u00b0, no bairro de Mangabeira VII, em Jo\u00e3o Pessoa. <br><br>Documenta\u00e7\u00e3o exigida:<br><br>&#8211; Declara\u00e7\u00e3o original da escola de origem, constando o ano\/s\u00e9rie que o interessado est\u00e1 cursando em 2023, devidamente assinada pelo Gestor ou Secret\u00e1rio Escolar v\u00e1lida por 30 dias;<br><br>&#8211; Documento de identidade do respons\u00e1vel legal pelo candidato;<br><br>&#8211; Certid\u00e3o de nascimento original do (a) candidato (a) ou RG;<br><br>&#8211; Para os candidatos filhos ou netos de policiais militares da PMPB, ser\u00e1 exigido a apresenta\u00e7\u00e3o da carteira de identidade funcional do pai\/m\u00e3e\/av\u00f4\/av\u00f3 policial militar da Para\u00edba, e sua respectiva c\u00f3pia;<br><br>&#8211; Para os candidatos filhos e netos de policiais militares da PMPB, j\u00e1 falecidos, poder\u00e1 ser anexada declara\u00e7\u00e3o emitida pela Diretoria de Gest\u00e3o de Pessoas \u2013 DGP da Pol\u00edcia Militar da Para\u00edba, atestando o falecimento do referido militar;<br><br>&#8211; Para os candidatos dependentes de policiais militares da PMPB, que n\u00e3o sejam filhos biol\u00f3gicos, ser\u00e1 exigido o comprovante legal de depend\u00eancia oriundo do Poder Judici\u00e1rio, ou certid\u00e3o de casamento\/ uni\u00e3o est\u00e1vel com o pai\/m\u00e3e do menor<br><br>Mais detalhes nas p\u00e1ginas 22 e 23 do Di\u00e1rio Oficial desta ter\u00e7a-feira (17).<\/p>\n","protected":false},"excerpt":{"rendered":"<p>Foi publicado no Di\u00e1rio Oficial desta ter\u00e7a-feira (17) o edital com 154 novas vagas para o Col\u00e9gio da Pol\u00edcia Militar<\/p>\n","protected":false},"author":5,"featured_media":902886,"comment_status":"closed","ping_status":"closed","sticky":false,"template":"","format":"standard","meta":{"_exactmetrics_skip_tracking":false,"_exactmetrics_sitenote_active":false,"_exactmetrics_sitenote_note":"","_exactmetrics_sitenote_category":0,"footnotes":""},"categories":[4],"tags":[],"yoast_head":"<!-- This site is optimized with the Yoast SEO plugin v22.0 - https:\/\/yoast.com\/wordpress\/plugins\/seo\/ -->\n<title>Col\u00e9gio da Pol\u00edcia Militar da Para\u00edba lan\u00e7a edital com 154 vagas para novos alunos - Pol\u00edcia Militar da Para\u00edba<\/title>\n<meta name=\"robots\" content=\"index, follow, max-snippet:-1, max-image-preview:large, max-video-preview:-1\" \/>\n<link rel=\"canonical\" href=\"https:\/\/www.pm.pb.gov.br\/portal\/2023\/10\/17\/colegio-da-policia-militar-da-paraiba-lanca-edital-com-154-vagas-para-novos-alunos\/\" \/>\n<meta property=\"og:locale\" content=\"pt_BR\" \/>\n<meta property=\"og:type\" content=\"article\" \/>\n<meta property=\"og:title\" content=\"Col\u00e9gio da Pol\u00edcia Militar da Para\u00edba lan\u00e7a edital com 154 vagas para novos alunos - Pol\u00edcia Militar da Para\u00edba\" \/>\n<meta property=\"og:description\" content=\"Foi publicado no Di\u00e1rio Oficial desta ter\u00e7a-feira (17) o edital com 154 novas vagas para o Col\u00e9gio da Pol\u00edcia Militar\" \/>\n<meta property=\"og:url\" content=\"https:\/\/www.pm.pb.gov.br\/portal\/2023\/10\/17\/colegio-da-policia-militar-da-paraiba-lanca-edital-com-154-vagas-para-novos-alunos\/\" \/>\n<meta property=\"og:site_name\" content=\"Pol\u00edcia Militar da Para\u00edba\" \/>\n<meta property=\"article:published_time\" content=\"2023-10-17T12:41:21+00:00\" \/>\n<meta property=\"article:modified_time\" content=\"2023-10-17T12:41:23+00:00\" \/>\n<meta property=\"og:image\" content=\"http:\/\/www.pm.pb.gov.br\/portal\/wp-content\/uploads\/2019\/11\/Foto-CPM_Wagner-Varela_SECOM_PB.jpg\" \/>\n\t<meta property=\"og:image:width\" content=\"800\" \/>\n\t<meta property=\"og:image:height\" content=\"445\" \/>\n\t<meta property=\"og:image:type\" content=\"image\/jpeg\" \/>\n<meta name=\"author\" content=\"Assessoria de Imprensa da PMPB\" \/>\n<meta name=\"twitter:card\" content=\"summary_large_image\" \/>\n<meta name=\"twitter:label1\" content=\"Escrito por\" \/>\n\t<meta name=\"twitter:data1\" content=\"Assessoria de Imprensa da PMPB\" \/>\n\t<meta name=\"twitter:label2\" content=\"Est. tempo de leitura\" \/>\n\t<meta name=\"twitter:data2\" content=\"3 minutos\" \/>\n<script type=\"application\/ld+json\" class=\"yoast-schema-graph\">{\"@context\":\"https:\/\/schema.org\",\"@graph\":[{\"@type\":\"Article\",\"@id\":\"https:\/\/www.pm.pb.gov.br\/portal\/2023\/10\/17\/colegio-da-policia-militar-da-paraiba-lanca-edital-com-154-vagas-para-novos-alunos\/#article\",\"isPartOf\":{\"@id\":\"https:\/\/www.pm.pb.gov.br\/portal\/2023\/10\/17\/colegio-da-policia-militar-da-paraiba-lanca-edital-com-154-vagas-para-novos-alunos\/\"},\"author\":{\"name\":\"Assessoria de Imprensa da PMPB\",\"@id\":\"https:\/\/www.pm.pb.gov.br\/portal\/#\/schema\/person\/e8454f46651c3ecf0e1ba3c1666d9947\"},\"headline\":\"Col\u00e9gio da Pol\u00edcia Militar da Para\u00edba lan\u00e7a edital com 154 vagas para novos alunos\",\"datePublished\":\"2023-10-17T12:41:21+00:00\",\"dateModified\":\"2023-10-17T12:41:23+00:00\",\"mainEntityOfPage\":{\"@id\":\"https:\/\/www.pm.pb.gov.br\/portal\/2023\/10\/17\/colegio-da-policia-militar-da-paraiba-lanca-edital-com-154-vagas-para-novos-alunos\/\"},\"wordCount\":592,\"publisher\":{\"@id\":\"https:\/\/www.pm.pb.gov.br\/portal\/#organization\"},\"articleSection\":[\"A\u00e7\u00f5es Policiais\"],\"inLanguage\":\"pt-BR\"},{\"@type\":\"WebPage\",\"@id\":\"https:\/\/www.pm.pb.gov.br\/portal\/2023\/10\/17\/colegio-da-policia-militar-da-paraiba-lanca-edital-com-154-vagas-para-novos-alunos\/\",\"url\":\"https:\/\/www.pm.pb.gov.br\/portal\/2023\/10\/17\/colegio-da-policia-militar-da-paraiba-lanca-edital-com-154-vagas-para-novos-alunos\/\",\"name\":\"Col\u00e9gio da Pol\u00edcia Militar da Para\u00edba lan\u00e7a edital com 154 vagas para novos alunos - Pol\u00edcia Militar da Para\u00edba\",\"isPartOf\":{\"@id\":\"https:\/\/www.pm.pb.gov.br\/portal\/#website\"},\"datePublished\":\"2023-10-17T12:41:21+00:00\",\"dateModified\":\"2023-10-17T12:41:23+00:00\",\"breadcrumb\":{\"@id\":\"https:\/\/www.pm.pb.gov.br\/portal\/2023\/10\/17\/colegio-da-policia-militar-da-paraiba-lanca-edital-com-154-vagas-para-novos-alunos\/#breadcrumb\"},\"inLanguage\":\"pt-BR\",\"potentialAction\":[{\"@type\":\"ReadAction\",\"target\":[\"https:\/\/www.pm.pb.gov.br\/portal\/2023\/10\/17\/colegio-da-policia-militar-da-paraiba-lanca-edital-com-154-vagas-para-novos-alunos\/\"]}]},{\"@type\":\"BreadcrumbList\",\"@id\":\"https:\/\/www.pm.pb.gov.br\/portal\/2023\/10\/17\/colegio-da-policia-militar-da-paraiba-lanca-edital-com-154-vagas-para-novos-alunos\/#breadcrumb\",\"itemListElement\":[{\"@type\":\"ListItem\",\"position\":1,\"name\":\"In\u00edcio\",\"item\":\"https:\/\/www.pm.pb.gov.br\/portal\/\"},{\"@type\":\"ListItem\",\"position\":2,\"name\":\"Col\u00e9gio da Pol\u00edcia Militar da Para\u00edba lan\u00e7a edital com 154 vagas para novos alunos\"}]},{\"@type\":\"WebSite\",\"@id\":\"https:\/\/www.pm.pb.gov.br\/portal\/#website\",\"url\":\"https:\/\/www.pm.pb.gov.br\/portal\/\",\"name\":\"Pol\u00edcia Militar da Para\u00edba\",\"description\":\"\",\"publisher\":{\"@id\":\"https:\/\/www.pm.pb.gov.br\/portal\/#organization\"},\"potentialAction\":[{\"@type\":\"SearchAction\",\"target\":{\"@type\":\"EntryPoint\",\"urlTemplate\":\"https:\/\/www.pm.pb.gov.br\/portal\/?s={search_term_string}\"},\"query-input\":\"required name=search_term_string\"}],\"inLanguage\":\"pt-BR\"},{\"@type\":\"Organization\",\"@id\":\"https:\/\/www.pm.pb.gov.br\/portal\/#organization\",\"name\":\"Pol\u00edcia Militar da Para\u00edba\",\"url\":\"https:\/\/www.pm.pb.gov.br\/portal\/\",\"logo\":{\"@type\":\"ImageObject\",\"inLanguage\":\"pt-BR\",\"@id\":\"https:\/\/www.pm.pb.gov.br\/portal\/#\/schema\/logo\/image\/\",\"url\":\"https:\/\/www.pm.pb.gov.br\/portal\/wp-content\/uploads\/2025\/03\/cropped-logo-site-mag2-1.png\",\"contentUrl\":\"https:\/\/www.pm.pb.gov.br\/portal\/wp-content\/uploads\/2025\/03\/cropped-logo-site-mag2-1.png\",\"width\":320,\"height\":90,\"caption\":\"Pol\u00edcia Militar da Para\u00edba\"},\"image\":{\"@id\":\"https:\/\/www.pm.pb.gov.br\/portal\/#\/schema\/logo\/image\/\"}},{\"@type\":\"Person\",\"@id\":\"https:\/\/www.pm.pb.gov.br\/portal\/#\/schema\/person\/e8454f46651c3ecf0e1ba3c1666d9947\",\"name\":\"Assessoria de Imprensa da PMPB\",\"image\":{\"@type\":\"ImageObject\",\"inLanguage\":\"pt-BR\",\"@id\":\"https:\/\/www.pm.pb.gov.br\/portal\/#\/schema\/person\/image\/\",\"url\":\"https:\/\/secure.gravatar.com\/avatar\/2efe197438265d1e90bd98c4c8e1acf8?s=96&d=mm&r=g\",\"contentUrl\":\"https:\/\/secure.gravatar.com\/avatar\/2efe197438265d1e90bd98c4c8e1acf8?s=96&d=mm&r=g\",\"caption\":\"Assessoria de Imprensa da PMPB\"},\"url\":\"https:\/\/www.pm.pb.gov.br\/portal\/author\/assessoria\/\"}]}<\/script>\n<!-- \/ Yoast SEO plugin. -->","yoast_head_json":{"title":"Col\u00e9gio da Pol\u00edcia Militar da Para\u00edba lan\u00e7a edital com 154 vagas para novos alunos - Pol\u00edcia Militar da Para\u00edba","robots":{"index":"index","follow":"follow","max-snippet":"max-snippet:-1","max-image-preview":"max-image-preview:large","max-video-preview":"max-video-preview:-1"},"canonical":"https:\/\/www.pm.pb.gov.br\/portal\/2023\/10\/17\/colegio-da-policia-militar-da-paraiba-lanca-edital-com-154-vagas-para-novos-alunos\/","og_locale":"pt_BR","og_type":"article","og_title":"Col\u00e9gio da Pol\u00edcia Militar da Para\u00edba lan\u00e7a edital com 154 vagas para novos alunos - Pol\u00edcia Militar da Para\u00edba","og_description":"Foi publicado no Di\u00e1rio Oficial desta ter\u00e7a-feira (17) o edital com 154 novas vagas para o Col\u00e9gio da Pol\u00edcia Militar","og_url":"https:\/\/www.pm.pb.gov.br\/portal\/2023\/10\/17\/colegio-da-policia-militar-da-paraiba-lanca-edital-com-154-vagas-para-novos-alunos\/","og_site_name":"Pol\u00edcia Militar da Para\u00edba","article_published_time":"2023-10-17T12:41:21+00:00","article_modified_time":"2023-10-17T12:41:23+00:00","og_image":[{"width":800,"height":445,"url":"http:\/\/www.pm.pb.gov.br\/portal\/wp-content\/uploads\/2019\/11\/Foto-CPM_Wagner-Varela_SECOM_PB.jpg","type":"image\/jpeg"}],"author":"Assessoria de Imprensa da PMPB","twitter_card":"summary_large_image","twitter_misc":{"Escrito por":"Assessoria de Imprensa da PMPB","Est. tempo de leitura":"3 minutos"},"schema":{"@context":"https:\/\/schema.org","@graph":[{"@type":"Article","@id":"https:\/\/www.pm.pb.gov.br\/portal\/2023\/10\/17\/colegio-da-policia-militar-da-paraiba-lanca-edital-com-154-vagas-para-novos-alunos\/#article","isPartOf":{"@id":"https:\/\/www.pm.pb.gov.br\/portal\/2023\/10\/17\/colegio-da-policia-militar-da-paraiba-lanca-edital-com-154-vagas-para-novos-alunos\/"},"author":{"name":"Assessoria de Imprensa da PMPB","@id":"https:\/\/www.pm.pb.gov.br\/portal\/#\/schema\/person\/e8454f46651c3ecf0e1ba3c1666d9947"},"headline":"Col\u00e9gio da Pol\u00edcia Militar da Para\u00edba lan\u00e7a edital com 154 vagas para novos alunos","datePublished":"2023-10-17T12:41:21+00:00","dateModified":"2023-10-17T12:41:23+00:00","mainEntityOfPage":{"@id":"https:\/\/www.pm.pb.gov.br\/portal\/2023\/10\/17\/colegio-da-policia-militar-da-paraiba-lanca-edital-com-154-vagas-para-novos-alunos\/"},"wordCount":592,"publisher":{"@id":"https:\/\/www.pm.pb.gov.br\/portal\/#organization"},"articleSection":["A\u00e7\u00f5es Policiais"],"inLanguage":"pt-BR"},{"@type":"WebPage","@id":"https:\/\/www.pm.pb.gov.br\/portal\/2023\/10\/17\/colegio-da-policia-militar-da-paraiba-lanca-edital-com-154-vagas-para-novos-alunos\/","url":"https:\/\/www.pm.pb.gov.br\/portal\/2023\/10\/17\/colegio-da-policia-militar-da-paraiba-lanca-edital-com-154-vagas-para-novos-alunos\/","name":"Col\u00e9gio da Pol\u00edcia Militar da Para\u00edba lan\u00e7a edital com 154 vagas para novos alunos - Pol\u00edcia Militar da Para\u00edba","isPartOf":{"@id":"https:\/\/www.pm.pb.gov.br\/portal\/#website"},"datePublished":"2023-10-17T12:41:21+00:00","dateModified":"2023-10-17T12:41:23+00:00","breadcrumb":{"@id":"https:\/\/www.pm.pb.gov.br\/portal\/2023\/10\/17\/colegio-da-policia-militar-da-paraiba-lanca-edital-com-154-vagas-para-novos-alunos\/#breadcrumb"},"inLanguage":"pt-BR","potentialAction":[{"@type":"ReadAction","target":["https:\/\/www.pm.pb.gov.br\/portal\/2023\/10\/17\/colegio-da-policia-militar-da-paraiba-lanca-edital-com-154-vagas-para-novos-alunos\/"]}]},{"@type":"BreadcrumbList","@id":"https:\/\/www.pm.pb.gov.br\/portal\/2023\/10\/17\/colegio-da-policia-militar-da-paraiba-lanca-edital-com-154-vagas-para-novos-alunos\/#breadcrumb","itemListElement":[{"@type":"ListItem","position":1,"name":"In\u00edcio","item":"https:\/\/www.pm.pb.gov.br\/portal\/"},{"@type":"ListItem","position":2,"name":"Col\u00e9gio da Pol\u00edcia Militar da Para\u00edba lan\u00e7a edital com 154 vagas para novos alunos"}]},{"@type":"WebSite","@id":"https:\/\/www.pm.pb.gov.br\/portal\/#website","url":"https:\/\/www.pm.pb.gov.br\/portal\/","name":"Pol\u00edcia Militar da Para\u00edba","description":"","publisher":{"@id":"https:\/\/www.pm.pb.gov.br\/portal\/#organization"},"potentialAction":[{"@type":"SearchAction","target":{"@type":"EntryPoint","urlTemplate":"https:\/\/www.pm.pb.gov.br\/portal\/?s={search_term_string}"},"query-input":"required name=search_term_string"}],"inLanguage":"pt-BR"},{"@type":"Organization","@id":"https:\/\/www.pm.pb.gov.br\/portal\/#organization","name":"Pol\u00edcia Militar da Para\u00edba","url":"https:\/\/www.pm.pb.gov.br\/portal\/","logo":{"@type":"ImageObject","inLanguage":"pt-BR","@id":"https:\/\/www.pm.pb.gov.br\/portal\/#\/schema\/logo\/image\/","url":"https:\/\/www.pm.pb.gov.br\/portal\/wp-content\/uploads\/2025\/03\/cropped-logo-site-mag2-1.png","contentUrl":"https:\/\/www.pm.pb.gov.br\/portal\/wp-content\/uploads\/2025\/03\/cropped-logo-site-mag2-1.png","width":320,"height":90,"caption":"Pol\u00edcia Militar da Para\u00edba"},"image":{"@id":"https:\/\/www.pm.pb.gov.br\/portal\/#\/schema\/logo\/image\/"}},{"@type":"Person","@id":"https:\/\/www.pm.pb.gov.br\/portal\/#\/schema\/person\/e8454f46651c3ecf0e1ba3c1666d9947","name":"Assessoria de Imprensa da PMPB","image":{"@type":"ImageObject","inLanguage":"pt-BR","@id":"https:\/\/www.pm.pb.gov.br\/portal\/#\/schema\/person\/image\/","url":"https:\/\/secure.gravatar.com\/avatar\/2efe197438265d1e90bd98c4c8e1acf8?s=96&d=mm&r=g","contentUrl":"https:\/\/secure.gravatar.com\/avatar\/2efe197438265d1e90bd98c4c8e1acf8?s=96&d=mm&r=g","caption":"Assessoria de Imprensa da PMPB"},"url":"https:\/\/www.pm.pb.gov.br\/portal\/author\/assessoria\/"}]}},"_links":{"self":[{"href":"https:\/\/www.pm.pb.gov.br\/portal\/wp-json\/wp\/v2\/posts\/918620"}],"collection":[{"href":"https:\/\/www.pm.pb.gov.br\/portal\/wp-json\/wp\/v2\/posts"}],"about":[{"href":"https:\/\/www.pm.pb.gov.br\/portal\/wp-json\/wp\/v2\/types\/post"}],"author":[{"embeddable":true,"href":"https:\/\/www.pm.pb.gov.br\/portal\/wp-json\/wp\/v2\/users\/5"}],"replies":[{"embeddable":true,"href":"https:\/\/www.pm.pb.gov.br\/portal\/wp-json\/wp\/v2\/comments?post=918620"}],"version-history":[{"count":2,"href":"https:\/\/www.pm.pb.gov.br\/portal\/wp-json\/wp\/v2\/posts\/918620\/revisions"}],"predecessor-version":[{"id":918627,"href":"https:\/\/www.pm.pb.gov.br\/portal\/wp-json\/wp\/v2\/posts\/918620\/revisions\/918627"}],"wp:featuredmedia":[{"embeddable":true,"href":"https:\/\/www.pm.pb.gov.br\/portal\/wp-json\/wp\/v2\/media\/902886"}],"wp:attachment":[{"href":"https:\/\/www.pm.pb.gov.br\/portal\/wp-json\/wp\/v2\/media?parent=918620"}],"wp:term":[{"taxonomy":"category","embeddable":true,"href":"https:\/\/www.pm.pb.gov.br\/portal\/wp-json\/wp\/v2\/categories?post=918620"},{"taxonomy":"post_tag","embeddable":true,"href":"https:\/\/www.pm.pb.gov.br\/portal\/wp-json\/wp\/v2\/tags?post=918620"}],"curies":[{"name":"wp","href":"https:\/\/api.w.org\/{rel}","templated":true}]}}