{"id":918611,"date":"2023-10-15T19:00:00","date_gmt":"2023-10-15T22:00:00","guid":{"rendered":"https:\/\/www.pm.pb.gov.br\/portal\/?p=918611"},"modified":"2023-10-15T19:29:09","modified_gmt":"2023-10-15T22:29:09","slug":"reforco-policial-em-bayeux-prende-12-pessoas-durante-o-feriadao","status":"publish","type":"post","link":"https:\/\/www.pm.pb.gov.br\/portal\/2023\/10\/15\/reforco-policial-em-bayeux-prende-12-pessoas-durante-o-feriadao\/","title":{"rendered":"Refor\u00e7o policial em Bayeux prende 12 pessoas durante o feriad\u00e3o"},"content":{"rendered":"\n<p>O refor\u00e7o das a\u00e7\u00f5es policiais em Bayeux, durante o feriad\u00e3o, resultou na pris\u00e3o de 12 pessoas por crimes graves como porte ilegal de arma de fogo, tr\u00e1fico de drogas, al\u00e9m de cumprimento de mandados de pris\u00e3o contra foragidos da Justi\u00e7a. Da quarta-feira (11) at\u00e9 a noite deste domingo (15), cinco armas de fogo foram retiradas de circula\u00e7\u00e3o.<\/p>\n<p>As a\u00e7\u00f5es de seguran\u00e7a foram realizadas pela Pol\u00edcia Militar atrav\u00e9s da 4\u00aa Companhia Independente. As \u00faltimas pris\u00f5es foram feitas pela For\u00e7a T\u00e1tica e acontecerem no Alto da Boa Vista, com a desarticula\u00e7\u00e3o de um grupo que estava em uma casa com uma pistola, carregadores, muni\u00e7\u00f5es e v\u00e1rias por\u00e7\u00f5es de drogas. Os cinco integrantes, entre eles um menor de idade, podem ter liga\u00e7\u00e3o com outros criminosos da regi\u00e3o, algo que ser\u00e1 investigado.<\/p>\n<p><img loading=\"lazy\" decoding=\"async\" class=\"size-medium wp-image-918612 aligncenter\" src=\"http:\/\/www.pm.pb.gov.br\/portal\/wp-content\/uploads\/2023\/10\/WhatsApp-Image-2023-10-15-at-19.27.06-462x445.jpeg\" alt=\"\" width=\"462\" height=\"445\" srcset=\"https:\/\/www.pm.pb.gov.br\/portal\/wp-content\/uploads\/2023\/10\/WhatsApp-Image-2023-10-15-at-19.27.06-462x445.jpeg 462w, https:\/\/www.pm.pb.gov.br\/portal\/wp-content\/uploads\/2023\/10\/WhatsApp-Image-2023-10-15-at-19.27.06-592x570.jpeg 592w, https:\/\/www.pm.pb.gov.br\/portal\/wp-content\/uploads\/2023\/10\/WhatsApp-Image-2023-10-15-at-19.27.06-768x739.jpeg 768w, https:\/\/www.pm.pb.gov.br\/portal\/wp-content\/uploads\/2023\/10\/WhatsApp-Image-2023-10-15-at-19.27.06.jpeg 1445w\" sizes=\"(max-width: 462px) 100vw, 462px\" \/><\/p>\n<p>De acordo com a 4\u00aa CIPM, a ocorr\u00eancia foi apresentada na 6\u00aa Delegacia Distrital ainda na noite de domingo, onde o grupo foi autuado por porte ilegal de arma de fogo, tr\u00e1fico de drogas, associa\u00e7\u00e3o para o tr\u00e1fico e corrup\u00e7\u00e3o de menores.<\/p>\n<p><strong>Saldo do m\u00eas &#8211;<\/strong> Com as pris\u00f5es deste feriad\u00e3o, Bayeux chega a metade do m\u00eas de outubro com mais de 40 criminosos presos e 13 armas apreendidas.<\/p>\n\n\n","protected":false},"excerpt":{"rendered":"<p>O refor\u00e7o das a\u00e7\u00f5es policiais em Bayeux, durante o feriad\u00e3o, resultou na pris\u00e3o de 12 pessoas por crimes graves como<\/p>\n","protected":false},"author":12,"featured_media":913089,"comment_status":"closed","ping_status":"closed","sticky":false,"template":"","format":"standard","meta":{"_exactmetrics_skip_tracking":false,"_exactmetrics_sitenote_active":false,"_exactmetrics_sitenote_note":"","_exactmetrics_sitenote_category":0,"footnotes":""},"categories":[4],"tags":[],"yoast_head":"<!-- This site is optimized with the Yoast SEO plugin v22.0 - https:\/\/yoast.com\/wordpress\/plugins\/seo\/ -->\n<title>Refor\u00e7o policial em Bayeux prende 12 pessoas durante o feriad\u00e3o - Pol\u00edcia Militar da Para\u00edba<\/title>\n<meta name=\"robots\" content=\"index, follow, max-snippet:-1, max-image-preview:large, max-video-preview:-1\" \/>\n<link rel=\"canonical\" href=\"https:\/\/www.pm.pb.gov.br\/portal\/2023\/10\/15\/reforco-policial-em-bayeux-prende-12-pessoas-durante-o-feriadao\/\" \/>\n<meta property=\"og:locale\" content=\"pt_BR\" \/>\n<meta property=\"og:type\" content=\"article\" \/>\n<meta property=\"og:title\" content=\"Refor\u00e7o policial em Bayeux prende 12 pessoas durante o feriad\u00e3o - Pol\u00edcia Militar da Para\u00edba\" \/>\n<meta property=\"og:description\" content=\"O refor\u00e7o das a\u00e7\u00f5es policiais em Bayeux, durante o feriad\u00e3o, resultou na pris\u00e3o de 12 pessoas por crimes graves como\" \/>\n<meta property=\"og:url\" content=\"https:\/\/www.pm.pb.gov.br\/portal\/2023\/10\/15\/reforco-policial-em-bayeux-prende-12-pessoas-durante-o-feriadao\/\" \/>\n<meta property=\"og:site_name\" content=\"Pol\u00edcia Militar da Para\u00edba\" \/>\n<meta property=\"article:published_time\" content=\"2023-10-15T22:00:00+00:00\" \/>\n<meta property=\"article:modified_time\" content=\"2023-10-15T22:29:09+00:00\" \/>\n<meta property=\"og:image\" content=\"http:\/\/www.pm.pb.gov.br\/portal\/wp-content\/uploads\/2021\/11\/4cipm.jpeg\" \/>\n\t<meta property=\"og:image:width\" content=\"800\" \/>\n\t<meta property=\"og:image:height\" content=\"445\" \/>\n\t<meta property=\"og:image:type\" content=\"image\/jpeg\" \/>\n<meta name=\"author\" content=\"Tarcisio Oliveira\" \/>\n<meta name=\"twitter:card\" content=\"summary_large_image\" \/>\n<meta name=\"twitter:label1\" content=\"Escrito por\" \/>\n\t<meta name=\"twitter:data1\" content=\"Tarcisio Oliveira\" \/>\n\t<meta name=\"twitter:label2\" content=\"Est. tempo de leitura\" \/>\n\t<meta name=\"twitter:data2\" content=\"2 minutos\" \/>\n<script type=\"application\/ld+json\" class=\"yoast-schema-graph\">{\"@context\":\"https:\/\/schema.org\",\"@graph\":[{\"@type\":\"Article\",\"@id\":\"https:\/\/www.pm.pb.gov.br\/portal\/2023\/10\/15\/reforco-policial-em-bayeux-prende-12-pessoas-durante-o-feriadao\/#article\",\"isPartOf\":{\"@id\":\"https:\/\/www.pm.pb.gov.br\/portal\/2023\/10\/15\/reforco-policial-em-bayeux-prende-12-pessoas-durante-o-feriadao\/\"},\"author\":{\"name\":\"Tarcisio Oliveira\",\"@id\":\"https:\/\/www.pm.pb.gov.br\/portal\/#\/schema\/person\/f84f56dcc78ce4357054da888b8247fd\"},\"headline\":\"Refor\u00e7o policial em Bayeux prende 12 pessoas durante o feriad\u00e3o\",\"datePublished\":\"2023-10-15T22:00:00+00:00\",\"dateModified\":\"2023-10-15T22:29:09+00:00\",\"mainEntityOfPage\":{\"@id\":\"https:\/\/www.pm.pb.gov.br\/portal\/2023\/10\/15\/reforco-policial-em-bayeux-prende-12-pessoas-durante-o-feriadao\/\"},\"wordCount\":231,\"publisher\":{\"@id\":\"https:\/\/www.pm.pb.gov.br\/portal\/#organization\"},\"articleSection\":[\"A\u00e7\u00f5es Policiais\"],\"inLanguage\":\"pt-BR\"},{\"@type\":\"WebPage\",\"@id\":\"https:\/\/www.pm.pb.gov.br\/portal\/2023\/10\/15\/reforco-policial-em-bayeux-prende-12-pessoas-durante-o-feriadao\/\",\"url\":\"https:\/\/www.pm.pb.gov.br\/portal\/2023\/10\/15\/reforco-policial-em-bayeux-prende-12-pessoas-durante-o-feriadao\/\",\"name\":\"Refor\u00e7o policial em Bayeux prende 12 pessoas durante o feriad\u00e3o - Pol\u00edcia Militar da Para\u00edba\",\"isPartOf\":{\"@id\":\"https:\/\/www.pm.pb.gov.br\/portal\/#website\"},\"datePublished\":\"2023-10-15T22:00:00+00:00\",\"dateModified\":\"2023-10-15T22:29:09+00:00\",\"breadcrumb\":{\"@id\":\"https:\/\/www.pm.pb.gov.br\/portal\/2023\/10\/15\/reforco-policial-em-bayeux-prende-12-pessoas-durante-o-feriadao\/#breadcrumb\"},\"inLanguage\":\"pt-BR\",\"potentialAction\":[{\"@type\":\"ReadAction\",\"target\":[\"https:\/\/www.pm.pb.gov.br\/portal\/2023\/10\/15\/reforco-policial-em-bayeux-prende-12-pessoas-durante-o-feriadao\/\"]}]},{\"@type\":\"BreadcrumbList\",\"@id\":\"https:\/\/www.pm.pb.gov.br\/portal\/2023\/10\/15\/reforco-policial-em-bayeux-prende-12-pessoas-durante-o-feriadao\/#breadcrumb\",\"itemListElement\":[{\"@type\":\"ListItem\",\"position\":1,\"name\":\"In\u00edcio\",\"item\":\"https:\/\/www.pm.pb.gov.br\/portal\/\"},{\"@type\":\"ListItem\",\"position\":2,\"name\":\"Refor\u00e7o policial em Bayeux prende 12 pessoas durante o feriad\u00e3o\"}]},{\"@type\":\"WebSite\",\"@id\":\"https:\/\/www.pm.pb.gov.br\/portal\/#website\",\"url\":\"https:\/\/www.pm.pb.gov.br\/portal\/\",\"name\":\"Pol\u00edcia Militar da Para\u00edba\",\"description\":\"\",\"publisher\":{\"@id\":\"https:\/\/www.pm.pb.gov.br\/portal\/#organization\"},\"potentialAction\":[{\"@type\":\"SearchAction\",\"target\":{\"@type\":\"EntryPoint\",\"urlTemplate\":\"https:\/\/www.pm.pb.gov.br\/portal\/?s={search_term_string}\"},\"query-input\":\"required name=search_term_string\"}],\"inLanguage\":\"pt-BR\"},{\"@type\":\"Organization\",\"@id\":\"https:\/\/www.pm.pb.gov.br\/portal\/#organization\",\"name\":\"Pol\u00edcia Militar da Para\u00edba\",\"url\":\"https:\/\/www.pm.pb.gov.br\/portal\/\",\"logo\":{\"@type\":\"ImageObject\",\"inLanguage\":\"pt-BR\",\"@id\":\"https:\/\/www.pm.pb.gov.br\/portal\/#\/schema\/logo\/image\/\",\"url\":\"https:\/\/www.pm.pb.gov.br\/portal\/wp-content\/uploads\/2025\/03\/cropped-logo-site-mag2-1.png\",\"contentUrl\":\"https:\/\/www.pm.pb.gov.br\/portal\/wp-content\/uploads\/2025\/03\/cropped-logo-site-mag2-1.png\",\"width\":320,\"height\":90,\"caption\":\"Pol\u00edcia Militar da Para\u00edba\"},\"image\":{\"@id\":\"https:\/\/www.pm.pb.gov.br\/portal\/#\/schema\/logo\/image\/\"}},{\"@type\":\"Person\",\"@id\":\"https:\/\/www.pm.pb.gov.br\/portal\/#\/schema\/person\/f84f56dcc78ce4357054da888b8247fd\",\"name\":\"Tarcisio Oliveira\",\"image\":{\"@type\":\"ImageObject\",\"inLanguage\":\"pt-BR\",\"@id\":\"https:\/\/www.pm.pb.gov.br\/portal\/#\/schema\/person\/image\/\",\"url\":\"https:\/\/secure.gravatar.com\/avatar\/72917b630b69d31cd0297507f34bac97?s=96&d=mm&r=g\",\"contentUrl\":\"https:\/\/secure.gravatar.com\/avatar\/72917b630b69d31cd0297507f34bac97?s=96&d=mm&r=g\",\"caption\":\"Tarcisio Oliveira\"},\"url\":\"https:\/\/www.pm.pb.gov.br\/portal\/author\/tarcisio\/\"}]}<\/script>\n<!-- \/ Yoast SEO plugin. -->","yoast_head_json":{"title":"Refor\u00e7o policial em Bayeux prende 12 pessoas durante o feriad\u00e3o - Pol\u00edcia Militar da Para\u00edba","robots":{"index":"index","follow":"follow","max-snippet":"max-snippet:-1","max-image-preview":"max-image-preview:large","max-video-preview":"max-video-preview:-1"},"canonical":"https:\/\/www.pm.pb.gov.br\/portal\/2023\/10\/15\/reforco-policial-em-bayeux-prende-12-pessoas-durante-o-feriadao\/","og_locale":"pt_BR","og_type":"article","og_title":"Refor\u00e7o policial em Bayeux prende 12 pessoas durante o feriad\u00e3o - Pol\u00edcia Militar da Para\u00edba","og_description":"O refor\u00e7o das a\u00e7\u00f5es policiais em Bayeux, durante o feriad\u00e3o, resultou na pris\u00e3o de 12 pessoas por crimes graves como","og_url":"https:\/\/www.pm.pb.gov.br\/portal\/2023\/10\/15\/reforco-policial-em-bayeux-prende-12-pessoas-durante-o-feriadao\/","og_site_name":"Pol\u00edcia Militar da Para\u00edba","article_published_time":"2023-10-15T22:00:00+00:00","article_modified_time":"2023-10-15T22:29:09+00:00","og_image":[{"width":800,"height":445,"url":"http:\/\/www.pm.pb.gov.br\/portal\/wp-content\/uploads\/2021\/11\/4cipm.jpeg","type":"image\/jpeg"}],"author":"Tarcisio Oliveira","twitter_card":"summary_large_image","twitter_misc":{"Escrito por":"Tarcisio Oliveira","Est. tempo de leitura":"2 minutos"},"schema":{"@context":"https:\/\/schema.org","@graph":[{"@type":"Article","@id":"https:\/\/www.pm.pb.gov.br\/portal\/2023\/10\/15\/reforco-policial-em-bayeux-prende-12-pessoas-durante-o-feriadao\/#article","isPartOf":{"@id":"https:\/\/www.pm.pb.gov.br\/portal\/2023\/10\/15\/reforco-policial-em-bayeux-prende-12-pessoas-durante-o-feriadao\/"},"author":{"name":"Tarcisio Oliveira","@id":"https:\/\/www.pm.pb.gov.br\/portal\/#\/schema\/person\/f84f56dcc78ce4357054da888b8247fd"},"headline":"Refor\u00e7o policial em Bayeux prende 12 pessoas durante o feriad\u00e3o","datePublished":"2023-10-15T22:00:00+00:00","dateModified":"2023-10-15T22:29:09+00:00","mainEntityOfPage":{"@id":"https:\/\/www.pm.pb.gov.br\/portal\/2023\/10\/15\/reforco-policial-em-bayeux-prende-12-pessoas-durante-o-feriadao\/"},"wordCount":231,"publisher":{"@id":"https:\/\/www.pm.pb.gov.br\/portal\/#organization"},"articleSection":["A\u00e7\u00f5es Policiais"],"inLanguage":"pt-BR"},{"@type":"WebPage","@id":"https:\/\/www.pm.pb.gov.br\/portal\/2023\/10\/15\/reforco-policial-em-bayeux-prende-12-pessoas-durante-o-feriadao\/","url":"https:\/\/www.pm.pb.gov.br\/portal\/2023\/10\/15\/reforco-policial-em-bayeux-prende-12-pessoas-durante-o-feriadao\/","name":"Refor\u00e7o policial em Bayeux prende 12 pessoas durante o feriad\u00e3o - Pol\u00edcia Militar da Para\u00edba","isPartOf":{"@id":"https:\/\/www.pm.pb.gov.br\/portal\/#website"},"datePublished":"2023-10-15T22:00:00+00:00","dateModified":"2023-10-15T22:29:09+00:00","breadcrumb":{"@id":"https:\/\/www.pm.pb.gov.br\/portal\/2023\/10\/15\/reforco-policial-em-bayeux-prende-12-pessoas-durante-o-feriadao\/#breadcrumb"},"inLanguage":"pt-BR","potentialAction":[{"@type":"ReadAction","target":["https:\/\/www.pm.pb.gov.br\/portal\/2023\/10\/15\/reforco-policial-em-bayeux-prende-12-pessoas-durante-o-feriadao\/"]}]},{"@type":"BreadcrumbList","@id":"https:\/\/www.pm.pb.gov.br\/portal\/2023\/10\/15\/reforco-policial-em-bayeux-prende-12-pessoas-durante-o-feriadao\/#breadcrumb","itemListElement":[{"@type":"ListItem","position":1,"name":"In\u00edcio","item":"https:\/\/www.pm.pb.gov.br\/portal\/"},{"@type":"ListItem","position":2,"name":"Refor\u00e7o policial em Bayeux prende 12 pessoas durante o feriad\u00e3o"}]},{"@type":"WebSite","@id":"https:\/\/www.pm.pb.gov.br\/portal\/#website","url":"https:\/\/www.pm.pb.gov.br\/portal\/","name":"Pol\u00edcia Militar da Para\u00edba","description":"","publisher":{"@id":"https:\/\/www.pm.pb.gov.br\/portal\/#organization"},"potentialAction":[{"@type":"SearchAction","target":{"@type":"EntryPoint","urlTemplate":"https:\/\/www.pm.pb.gov.br\/portal\/?s={search_term_string}"},"query-input":"required name=search_term_string"}],"inLanguage":"pt-BR"},{"@type":"Organization","@id":"https:\/\/www.pm.pb.gov.br\/portal\/#organization","name":"Pol\u00edcia Militar da Para\u00edba","url":"https:\/\/www.pm.pb.gov.br\/portal\/","logo":{"@type":"ImageObject","inLanguage":"pt-BR","@id":"https:\/\/www.pm.pb.gov.br\/portal\/#\/schema\/logo\/image\/","url":"https:\/\/www.pm.pb.gov.br\/portal\/wp-content\/uploads\/2025\/03\/cropped-logo-site-mag2-1.png","contentUrl":"https:\/\/www.pm.pb.gov.br\/portal\/wp-content\/uploads\/2025\/03\/cropped-logo-site-mag2-1.png","width":320,"height":90,"caption":"Pol\u00edcia Militar da Para\u00edba"},"image":{"@id":"https:\/\/www.pm.pb.gov.br\/portal\/#\/schema\/logo\/image\/"}},{"@type":"Person","@id":"https:\/\/www.pm.pb.gov.br\/portal\/#\/schema\/person\/f84f56dcc78ce4357054da888b8247fd","name":"Tarcisio Oliveira","image":{"@type":"ImageObject","inLanguage":"pt-BR","@id":"https:\/\/www.pm.pb.gov.br\/portal\/#\/schema\/person\/image\/","url":"https:\/\/secure.gravatar.com\/avatar\/72917b630b69d31cd0297507f34bac97?s=96&d=mm&r=g","contentUrl":"https:\/\/secure.gravatar.com\/avatar\/72917b630b69d31cd0297507f34bac97?s=96&d=mm&r=g","caption":"Tarcisio Oliveira"},"url":"https:\/\/www.pm.pb.gov.br\/portal\/author\/tarcisio\/"}]}},"_links":{"self":[{"href":"https:\/\/www.pm.pb.gov.br\/portal\/wp-json\/wp\/v2\/posts\/918611"}],"collection":[{"href":"https:\/\/www.pm.pb.gov.br\/portal\/wp-json\/wp\/v2\/posts"}],"about":[{"href":"https:\/\/www.pm.pb.gov.br\/portal\/wp-json\/wp\/v2\/types\/post"}],"author":[{"embeddable":true,"href":"https:\/\/www.pm.pb.gov.br\/portal\/wp-json\/wp\/v2\/users\/12"}],"replies":[{"embeddable":true,"href":"https:\/\/www.pm.pb.gov.br\/portal\/wp-json\/wp\/v2\/comments?post=918611"}],"version-history":[{"count":2,"href":"https:\/\/www.pm.pb.gov.br\/portal\/wp-json\/wp\/v2\/posts\/918611\/revisions"}],"predecessor-version":[{"id":918614,"href":"https:\/\/www.pm.pb.gov.br\/portal\/wp-json\/wp\/v2\/posts\/918611\/revisions\/918614"}],"wp:featuredmedia":[{"embeddable":true,"href":"https:\/\/www.pm.pb.gov.br\/portal\/wp-json\/wp\/v2\/media\/913089"}],"wp:attachment":[{"href":"https:\/\/www.pm.pb.gov.br\/portal\/wp-json\/wp\/v2\/media?parent=918611"}],"wp:term":[{"taxonomy":"category","embeddable":true,"href":"https:\/\/www.pm.pb.gov.br\/portal\/wp-json\/wp\/v2\/categories?post=918611"},{"taxonomy":"post_tag","embeddable":true,"href":"https:\/\/www.pm.pb.gov.br\/portal\/wp-json\/wp\/v2\/tags?post=918611"}],"curies":[{"name":"wp","href":"https:\/\/api.w.org\/{rel}","templated":true}]}}