{"id":918598,"date":"2023-10-15T03:40:35","date_gmt":"2023-10-15T06:40:35","guid":{"rendered":"https:\/\/www.pm.pb.gov.br\/portal\/?p=918598"},"modified":"2023-10-15T03:48:20","modified_gmt":"2023-10-15T06:48:20","slug":"na-orla-novas-acoes-da-pm-capturam-dois-apenados-que-descumpriam-regime-semiaberto","status":"publish","type":"post","link":"https:\/\/www.pm.pb.gov.br\/portal\/2023\/10\/15\/na-orla-novas-acoes-da-pm-capturam-dois-apenados-que-descumpriam-regime-semiaberto\/","title":{"rendered":"NA ORLA: Novas a\u00e7\u00f5es da PM capturam dois apenados que descumpriram regime semiaberto"},"content":{"rendered":"\n<p>As novas a\u00e7\u00f5es da Pol\u00edcia Militar na orla de Jo\u00e3o Pessoa levaram \u00e0 captura de dois homens procurados pela Justi\u00e7a, que estavam descumprindo medidas do regime semiaberto. As pris\u00f5es ocorreram na noite de s\u00e1bado (14) durante o refor\u00e7o do policiamento (foto acima ilustrativa).<\/p>\n<p>Os apenados foram localizados nos bairros de Tamba\u00fa e Mana\u00edra, a partir de abordagens realizadas pelo Batalh\u00e3o Especializado em Policiamento Tur\u00edstico (BEPTur). De acordo com a unidade, ambos os presos descumpriram medidas do regime semiaberto, como recolhimento noturno. Um dos apenados j\u00e1 respondia por diversos crimes de roubos. Os presos foram apresentados em unidades penitenci\u00e1rias da capital.<\/p>\n<p>O refor\u00e7o do policiamento segue neste domingo. Na grande Jo\u00e3o Pessoa, as a\u00e7\u00f5es s\u00e3o coordenadas pelo pr\u00f3prio comandante-geral da PM, o coronel S\u00e9rgio Fonseca.<\/p>\n\n\n","protected":false},"excerpt":{"rendered":"<p>As novas a\u00e7\u00f5es da Pol\u00edcia Militar na orla de Jo\u00e3o Pessoa levaram \u00e0 captura de dois homens procurados pela Justi\u00e7a,<\/p>\n","protected":false},"author":12,"featured_media":914868,"comment_status":"closed","ping_status":"closed","sticky":false,"template":"","format":"standard","meta":{"_exactmetrics_skip_tracking":false,"_exactmetrics_sitenote_active":false,"_exactmetrics_sitenote_note":"","_exactmetrics_sitenote_category":0,"footnotes":""},"categories":[4],"tags":[],"yoast_head":"<!-- This site is optimized with the Yoast SEO plugin v22.0 - https:\/\/yoast.com\/wordpress\/plugins\/seo\/ -->\n<title>NA ORLA: Novas a\u00e7\u00f5es da PM capturam dois apenados que descumpriram regime semiaberto - Pol\u00edcia Militar da Para\u00edba<\/title>\n<meta name=\"robots\" content=\"index, follow, max-snippet:-1, max-image-preview:large, max-video-preview:-1\" \/>\n<link rel=\"canonical\" href=\"https:\/\/www.pm.pb.gov.br\/portal\/2023\/10\/15\/na-orla-novas-acoes-da-pm-capturam-dois-apenados-que-descumpriam-regime-semiaberto\/\" \/>\n<meta property=\"og:locale\" content=\"pt_BR\" \/>\n<meta property=\"og:type\" content=\"article\" \/>\n<meta property=\"og:title\" content=\"NA ORLA: Novas a\u00e7\u00f5es da PM capturam dois apenados que descumpriram regime semiaberto - Pol\u00edcia Militar da Para\u00edba\" \/>\n<meta property=\"og:description\" content=\"As novas a\u00e7\u00f5es da Pol\u00edcia Militar na orla de Jo\u00e3o Pessoa levaram \u00e0 captura de dois homens procurados pela Justi\u00e7a,\" \/>\n<meta property=\"og:url\" content=\"https:\/\/www.pm.pb.gov.br\/portal\/2023\/10\/15\/na-orla-novas-acoes-da-pm-capturam-dois-apenados-que-descumpriam-regime-semiaberto\/\" \/>\n<meta property=\"og:site_name\" content=\"Pol\u00edcia Militar da Para\u00edba\" \/>\n<meta property=\"article:published_time\" content=\"2023-10-15T06:40:35+00:00\" \/>\n<meta property=\"article:modified_time\" content=\"2023-10-15T06:48:20+00:00\" \/>\n<meta property=\"og:image\" content=\"http:\/\/www.pm.pb.gov.br\/portal\/wp-content\/uploads\/2022\/11\/imagemilustrativabeptur.jpg\" \/>\n\t<meta property=\"og:image:width\" content=\"1080\" \/>\n\t<meta property=\"og:image:height\" content=\"600\" \/>\n\t<meta property=\"og:image:type\" content=\"image\/jpeg\" \/>\n<meta name=\"author\" content=\"Tarcisio Oliveira\" \/>\n<meta name=\"twitter:card\" content=\"summary_large_image\" \/>\n<meta name=\"twitter:label1\" content=\"Escrito por\" \/>\n\t<meta name=\"twitter:data1\" content=\"Tarcisio Oliveira\" \/>\n\t<meta name=\"twitter:label2\" content=\"Est. tempo de leitura\" \/>\n\t<meta name=\"twitter:data2\" content=\"1 minuto\" \/>\n<script type=\"application\/ld+json\" class=\"yoast-schema-graph\">{\"@context\":\"https:\/\/schema.org\",\"@graph\":[{\"@type\":\"Article\",\"@id\":\"https:\/\/www.pm.pb.gov.br\/portal\/2023\/10\/15\/na-orla-novas-acoes-da-pm-capturam-dois-apenados-que-descumpriam-regime-semiaberto\/#article\",\"isPartOf\":{\"@id\":\"https:\/\/www.pm.pb.gov.br\/portal\/2023\/10\/15\/na-orla-novas-acoes-da-pm-capturam-dois-apenados-que-descumpriam-regime-semiaberto\/\"},\"author\":{\"name\":\"Tarcisio Oliveira\",\"@id\":\"https:\/\/www.pm.pb.gov.br\/portal\/#\/schema\/person\/f84f56dcc78ce4357054da888b8247fd\"},\"headline\":\"NA ORLA: Novas a\u00e7\u00f5es da PM capturam dois apenados que descumpriram regime semiaberto\",\"datePublished\":\"2023-10-15T06:40:35+00:00\",\"dateModified\":\"2023-10-15T06:48:20+00:00\",\"mainEntityOfPage\":{\"@id\":\"https:\/\/www.pm.pb.gov.br\/portal\/2023\/10\/15\/na-orla-novas-acoes-da-pm-capturam-dois-apenados-que-descumpriam-regime-semiaberto\/\"},\"wordCount\":153,\"publisher\":{\"@id\":\"https:\/\/www.pm.pb.gov.br\/portal\/#organization\"},\"articleSection\":[\"A\u00e7\u00f5es Policiais\"],\"inLanguage\":\"pt-BR\"},{\"@type\":\"WebPage\",\"@id\":\"https:\/\/www.pm.pb.gov.br\/portal\/2023\/10\/15\/na-orla-novas-acoes-da-pm-capturam-dois-apenados-que-descumpriam-regime-semiaberto\/\",\"url\":\"https:\/\/www.pm.pb.gov.br\/portal\/2023\/10\/15\/na-orla-novas-acoes-da-pm-capturam-dois-apenados-que-descumpriam-regime-semiaberto\/\",\"name\":\"NA ORLA: Novas a\u00e7\u00f5es da PM capturam dois apenados que descumpriram regime semiaberto - Pol\u00edcia Militar da Para\u00edba\",\"isPartOf\":{\"@id\":\"https:\/\/www.pm.pb.gov.br\/portal\/#website\"},\"datePublished\":\"2023-10-15T06:40:35+00:00\",\"dateModified\":\"2023-10-15T06:48:20+00:00\",\"breadcrumb\":{\"@id\":\"https:\/\/www.pm.pb.gov.br\/portal\/2023\/10\/15\/na-orla-novas-acoes-da-pm-capturam-dois-apenados-que-descumpriam-regime-semiaberto\/#breadcrumb\"},\"inLanguage\":\"pt-BR\",\"potentialAction\":[{\"@type\":\"ReadAction\",\"target\":[\"https:\/\/www.pm.pb.gov.br\/portal\/2023\/10\/15\/na-orla-novas-acoes-da-pm-capturam-dois-apenados-que-descumpriam-regime-semiaberto\/\"]}]},{\"@type\":\"BreadcrumbList\",\"@id\":\"https:\/\/www.pm.pb.gov.br\/portal\/2023\/10\/15\/na-orla-novas-acoes-da-pm-capturam-dois-apenados-que-descumpriam-regime-semiaberto\/#breadcrumb\",\"itemListElement\":[{\"@type\":\"ListItem\",\"position\":1,\"name\":\"In\u00edcio\",\"item\":\"https:\/\/www.pm.pb.gov.br\/portal\/\"},{\"@type\":\"ListItem\",\"position\":2,\"name\":\"NA ORLA: Novas a\u00e7\u00f5es da PM capturam dois apenados que descumpriram regime semiaberto\"}]},{\"@type\":\"WebSite\",\"@id\":\"https:\/\/www.pm.pb.gov.br\/portal\/#website\",\"url\":\"https:\/\/www.pm.pb.gov.br\/portal\/\",\"name\":\"Pol\u00edcia Militar da Para\u00edba\",\"description\":\"\",\"publisher\":{\"@id\":\"https:\/\/www.pm.pb.gov.br\/portal\/#organization\"},\"potentialAction\":[{\"@type\":\"SearchAction\",\"target\":{\"@type\":\"EntryPoint\",\"urlTemplate\":\"https:\/\/www.pm.pb.gov.br\/portal\/?s={search_term_string}\"},\"query-input\":\"required name=search_term_string\"}],\"inLanguage\":\"pt-BR\"},{\"@type\":\"Organization\",\"@id\":\"https:\/\/www.pm.pb.gov.br\/portal\/#organization\",\"name\":\"Pol\u00edcia Militar da Para\u00edba\",\"url\":\"https:\/\/www.pm.pb.gov.br\/portal\/\",\"logo\":{\"@type\":\"ImageObject\",\"inLanguage\":\"pt-BR\",\"@id\":\"https:\/\/www.pm.pb.gov.br\/portal\/#\/schema\/logo\/image\/\",\"url\":\"https:\/\/www.pm.pb.gov.br\/portal\/wp-content\/uploads\/2025\/03\/cropped-logo-site-mag2-1.png\",\"contentUrl\":\"https:\/\/www.pm.pb.gov.br\/portal\/wp-content\/uploads\/2025\/03\/cropped-logo-site-mag2-1.png\",\"width\":320,\"height\":90,\"caption\":\"Pol\u00edcia Militar da Para\u00edba\"},\"image\":{\"@id\":\"https:\/\/www.pm.pb.gov.br\/portal\/#\/schema\/logo\/image\/\"}},{\"@type\":\"Person\",\"@id\":\"https:\/\/www.pm.pb.gov.br\/portal\/#\/schema\/person\/f84f56dcc78ce4357054da888b8247fd\",\"name\":\"Tarcisio Oliveira\",\"image\":{\"@type\":\"ImageObject\",\"inLanguage\":\"pt-BR\",\"@id\":\"https:\/\/www.pm.pb.gov.br\/portal\/#\/schema\/person\/image\/\",\"url\":\"https:\/\/secure.gravatar.com\/avatar\/72917b630b69d31cd0297507f34bac97?s=96&d=mm&r=g\",\"contentUrl\":\"https:\/\/secure.gravatar.com\/avatar\/72917b630b69d31cd0297507f34bac97?s=96&d=mm&r=g\",\"caption\":\"Tarcisio Oliveira\"},\"url\":\"https:\/\/www.pm.pb.gov.br\/portal\/author\/tarcisio\/\"}]}<\/script>\n<!-- \/ Yoast SEO plugin. -->","yoast_head_json":{"title":"NA ORLA: Novas a\u00e7\u00f5es da PM capturam dois apenados que descumpriram regime semiaberto - Pol\u00edcia Militar da Para\u00edba","robots":{"index":"index","follow":"follow","max-snippet":"max-snippet:-1","max-image-preview":"max-image-preview:large","max-video-preview":"max-video-preview:-1"},"canonical":"https:\/\/www.pm.pb.gov.br\/portal\/2023\/10\/15\/na-orla-novas-acoes-da-pm-capturam-dois-apenados-que-descumpriam-regime-semiaberto\/","og_locale":"pt_BR","og_type":"article","og_title":"NA ORLA: Novas a\u00e7\u00f5es da PM capturam dois apenados que descumpriram regime semiaberto - Pol\u00edcia Militar da Para\u00edba","og_description":"As novas a\u00e7\u00f5es da Pol\u00edcia Militar na orla de Jo\u00e3o Pessoa levaram \u00e0 captura de dois homens procurados pela Justi\u00e7a,","og_url":"https:\/\/www.pm.pb.gov.br\/portal\/2023\/10\/15\/na-orla-novas-acoes-da-pm-capturam-dois-apenados-que-descumpriam-regime-semiaberto\/","og_site_name":"Pol\u00edcia Militar da Para\u00edba","article_published_time":"2023-10-15T06:40:35+00:00","article_modified_time":"2023-10-15T06:48:20+00:00","og_image":[{"width":1080,"height":600,"url":"http:\/\/www.pm.pb.gov.br\/portal\/wp-content\/uploads\/2022\/11\/imagemilustrativabeptur.jpg","type":"image\/jpeg"}],"author":"Tarcisio Oliveira","twitter_card":"summary_large_image","twitter_misc":{"Escrito por":"Tarcisio Oliveira","Est. tempo de leitura":"1 minuto"},"schema":{"@context":"https:\/\/schema.org","@graph":[{"@type":"Article","@id":"https:\/\/www.pm.pb.gov.br\/portal\/2023\/10\/15\/na-orla-novas-acoes-da-pm-capturam-dois-apenados-que-descumpriam-regime-semiaberto\/#article","isPartOf":{"@id":"https:\/\/www.pm.pb.gov.br\/portal\/2023\/10\/15\/na-orla-novas-acoes-da-pm-capturam-dois-apenados-que-descumpriam-regime-semiaberto\/"},"author":{"name":"Tarcisio Oliveira","@id":"https:\/\/www.pm.pb.gov.br\/portal\/#\/schema\/person\/f84f56dcc78ce4357054da888b8247fd"},"headline":"NA ORLA: Novas a\u00e7\u00f5es da PM capturam dois apenados que descumpriram regime semiaberto","datePublished":"2023-10-15T06:40:35+00:00","dateModified":"2023-10-15T06:48:20+00:00","mainEntityOfPage":{"@id":"https:\/\/www.pm.pb.gov.br\/portal\/2023\/10\/15\/na-orla-novas-acoes-da-pm-capturam-dois-apenados-que-descumpriam-regime-semiaberto\/"},"wordCount":153,"publisher":{"@id":"https:\/\/www.pm.pb.gov.br\/portal\/#organization"},"articleSection":["A\u00e7\u00f5es Policiais"],"inLanguage":"pt-BR"},{"@type":"WebPage","@id":"https:\/\/www.pm.pb.gov.br\/portal\/2023\/10\/15\/na-orla-novas-acoes-da-pm-capturam-dois-apenados-que-descumpriam-regime-semiaberto\/","url":"https:\/\/www.pm.pb.gov.br\/portal\/2023\/10\/15\/na-orla-novas-acoes-da-pm-capturam-dois-apenados-que-descumpriam-regime-semiaberto\/","name":"NA ORLA: Novas a\u00e7\u00f5es da PM capturam dois apenados que descumpriram regime semiaberto - Pol\u00edcia Militar da Para\u00edba","isPartOf":{"@id":"https:\/\/www.pm.pb.gov.br\/portal\/#website"},"datePublished":"2023-10-15T06:40:35+00:00","dateModified":"2023-10-15T06:48:20+00:00","breadcrumb":{"@id":"https:\/\/www.pm.pb.gov.br\/portal\/2023\/10\/15\/na-orla-novas-acoes-da-pm-capturam-dois-apenados-que-descumpriam-regime-semiaberto\/#breadcrumb"},"inLanguage":"pt-BR","potentialAction":[{"@type":"ReadAction","target":["https:\/\/www.pm.pb.gov.br\/portal\/2023\/10\/15\/na-orla-novas-acoes-da-pm-capturam-dois-apenados-que-descumpriam-regime-semiaberto\/"]}]},{"@type":"BreadcrumbList","@id":"https:\/\/www.pm.pb.gov.br\/portal\/2023\/10\/15\/na-orla-novas-acoes-da-pm-capturam-dois-apenados-que-descumpriam-regime-semiaberto\/#breadcrumb","itemListElement":[{"@type":"ListItem","position":1,"name":"In\u00edcio","item":"https:\/\/www.pm.pb.gov.br\/portal\/"},{"@type":"ListItem","position":2,"name":"NA ORLA: Novas a\u00e7\u00f5es da PM capturam dois apenados que descumpriram regime semiaberto"}]},{"@type":"WebSite","@id":"https:\/\/www.pm.pb.gov.br\/portal\/#website","url":"https:\/\/www.pm.pb.gov.br\/portal\/","name":"Pol\u00edcia Militar da Para\u00edba","description":"","publisher":{"@id":"https:\/\/www.pm.pb.gov.br\/portal\/#organization"},"potentialAction":[{"@type":"SearchAction","target":{"@type":"EntryPoint","urlTemplate":"https:\/\/www.pm.pb.gov.br\/portal\/?s={search_term_string}"},"query-input":"required name=search_term_string"}],"inLanguage":"pt-BR"},{"@type":"Organization","@id":"https:\/\/www.pm.pb.gov.br\/portal\/#organization","name":"Pol\u00edcia Militar da Para\u00edba","url":"https:\/\/www.pm.pb.gov.br\/portal\/","logo":{"@type":"ImageObject","inLanguage":"pt-BR","@id":"https:\/\/www.pm.pb.gov.br\/portal\/#\/schema\/logo\/image\/","url":"https:\/\/www.pm.pb.gov.br\/portal\/wp-content\/uploads\/2025\/03\/cropped-logo-site-mag2-1.png","contentUrl":"https:\/\/www.pm.pb.gov.br\/portal\/wp-content\/uploads\/2025\/03\/cropped-logo-site-mag2-1.png","width":320,"height":90,"caption":"Pol\u00edcia Militar da Para\u00edba"},"image":{"@id":"https:\/\/www.pm.pb.gov.br\/portal\/#\/schema\/logo\/image\/"}},{"@type":"Person","@id":"https:\/\/www.pm.pb.gov.br\/portal\/#\/schema\/person\/f84f56dcc78ce4357054da888b8247fd","name":"Tarcisio Oliveira","image":{"@type":"ImageObject","inLanguage":"pt-BR","@id":"https:\/\/www.pm.pb.gov.br\/portal\/#\/schema\/person\/image\/","url":"https:\/\/secure.gravatar.com\/avatar\/72917b630b69d31cd0297507f34bac97?s=96&d=mm&r=g","contentUrl":"https:\/\/secure.gravatar.com\/avatar\/72917b630b69d31cd0297507f34bac97?s=96&d=mm&r=g","caption":"Tarcisio Oliveira"},"url":"https:\/\/www.pm.pb.gov.br\/portal\/author\/tarcisio\/"}]}},"_links":{"self":[{"href":"https:\/\/www.pm.pb.gov.br\/portal\/wp-json\/wp\/v2\/posts\/918598"}],"collection":[{"href":"https:\/\/www.pm.pb.gov.br\/portal\/wp-json\/wp\/v2\/posts"}],"about":[{"href":"https:\/\/www.pm.pb.gov.br\/portal\/wp-json\/wp\/v2\/types\/post"}],"author":[{"embeddable":true,"href":"https:\/\/www.pm.pb.gov.br\/portal\/wp-json\/wp\/v2\/users\/12"}],"replies":[{"embeddable":true,"href":"https:\/\/www.pm.pb.gov.br\/portal\/wp-json\/wp\/v2\/comments?post=918598"}],"version-history":[{"count":3,"href":"https:\/\/www.pm.pb.gov.br\/portal\/wp-json\/wp\/v2\/posts\/918598\/revisions"}],"predecessor-version":[{"id":918601,"href":"https:\/\/www.pm.pb.gov.br\/portal\/wp-json\/wp\/v2\/posts\/918598\/revisions\/918601"}],"wp:featuredmedia":[{"embeddable":true,"href":"https:\/\/www.pm.pb.gov.br\/portal\/wp-json\/wp\/v2\/media\/914868"}],"wp:attachment":[{"href":"https:\/\/www.pm.pb.gov.br\/portal\/wp-json\/wp\/v2\/media?parent=918598"}],"wp:term":[{"taxonomy":"category","embeddable":true,"href":"https:\/\/www.pm.pb.gov.br\/portal\/wp-json\/wp\/v2\/categories?post=918598"},{"taxonomy":"post_tag","embeddable":true,"href":"https:\/\/www.pm.pb.gov.br\/portal\/wp-json\/wp\/v2\/tags?post=918598"}],"curies":[{"name":"wp","href":"https:\/\/api.w.org\/{rel}","templated":true}]}}