{"id":918573,"date":"2023-10-15T11:09:00","date_gmt":"2023-10-15T14:09:00","guid":{"rendered":"https:\/\/www.pm.pb.gov.br\/portal\/?p=918573"},"modified":"2023-10-15T11:14:49","modified_gmt":"2023-10-15T14:14:49","slug":"em-bayeux-procurado-da-justica-e-preso-com-arma-furtada-de-policial-do-rio-grande-do-norte","status":"publish","type":"post","link":"https:\/\/www.pm.pb.gov.br\/portal\/2023\/10\/15\/em-bayeux-procurado-da-justica-e-preso-com-arma-furtada-de-policial-do-rio-grande-do-norte\/","title":{"rendered":"Em Bayeux: Procurado da justi\u00e7a \u00e9 preso com arma furtada de policial do Rio Grande do Norte"},"content":{"rendered":"\n<p>A Pol\u00edcia Militar prendeu, na manh\u00e3 deste domingo (15), na cidade de Bayeux, um procurado da justi\u00e7a que responde pelos crimes de tr\u00e1fico de drogas e porte ilegal de arma. Contra ele, tinha um mandado de pris\u00e3o expedido pela Vara de Execu\u00e7\u00e3o Penal de Jo\u00e3o Pessoa, com validade at\u00e9 o ano de 2029.<br><br>O acusado, de 21 anos, estava com uma pistola calibre 380 que tinha sido furtada de dentro do carro particular de um policial penal do Rio Grande do Norte, no ano de 2020, na praia de Galinhos \u2013 RN. O preso seria integrante de um grupo criminoso com atua\u00e7\u00e3o nos dois Estados (Para\u00edba e Rio Grande do Norte).<br><br>A pris\u00e3o foi realizada durante refor\u00e7o que a 4\u00aa Companhia Independente da PM (4\u00aa CIPM) tem realizado na cidade de Bayeux. O preso e arma foram levados para a 6\u00aa Delegacia Distrital, em Santa Rita.<\/p>\n\n\n\n<p><img loading=\"lazy\" decoding=\"async\" width=\"960\" height=\"1280\" class=\"wp-image-918608\" style=\"width: 800px;\" src=\"http:\/\/www.pm.pb.gov.br\/portal\/wp-content\/uploads\/2023\/10\/WhatsApp-Image-2023-10-15-at-11.19.04-AM.jpeg\" alt=\"\" srcset=\"https:\/\/www.pm.pb.gov.br\/portal\/wp-content\/uploads\/2023\/10\/WhatsApp-Image-2023-10-15-at-11.19.04-AM.jpeg 960w, https:\/\/www.pm.pb.gov.br\/portal\/wp-content\/uploads\/2023\/10\/WhatsApp-Image-2023-10-15-at-11.19.04-AM-334x445.jpeg 334w, https:\/\/www.pm.pb.gov.br\/portal\/wp-content\/uploads\/2023\/10\/WhatsApp-Image-2023-10-15-at-11.19.04-AM-428x570.jpeg 428w, https:\/\/www.pm.pb.gov.br\/portal\/wp-content\/uploads\/2023\/10\/WhatsApp-Image-2023-10-15-at-11.19.04-AM-768x1024.jpeg 768w\" sizes=\"(max-width: 960px) 100vw, 960px\" \/><br><\/p>\n","protected":false},"excerpt":{"rendered":"<p>A Pol\u00edcia Militar prendeu, na manh\u00e3 deste domingo (15), na cidade de Bayeux, um procurado da justi\u00e7a que responde pelos<\/p>\n","protected":false},"author":5,"featured_media":918608,"comment_status":"closed","ping_status":"closed","sticky":false,"template":"","format":"standard","meta":{"_exactmetrics_skip_tracking":false,"_exactmetrics_sitenote_active":false,"_exactmetrics_sitenote_note":"","_exactmetrics_sitenote_category":0,"footnotes":""},"categories":[4],"tags":[],"yoast_head":"<!-- This site is optimized with the Yoast SEO plugin v22.0 - https:\/\/yoast.com\/wordpress\/plugins\/seo\/ -->\n<title>Em Bayeux: Procurado da justi\u00e7a \u00e9 preso com arma furtada de policial do Rio Grande do Norte - Pol\u00edcia Militar da Para\u00edba<\/title>\n<meta name=\"robots\" content=\"index, follow, max-snippet:-1, max-image-preview:large, max-video-preview:-1\" \/>\n<link rel=\"canonical\" href=\"https:\/\/www.pm.pb.gov.br\/portal\/2023\/10\/15\/em-bayeux-procurado-da-justica-e-preso-com-arma-furtada-de-policial-do-rio-grande-do-norte\/\" \/>\n<meta property=\"og:locale\" content=\"pt_BR\" \/>\n<meta property=\"og:type\" content=\"article\" \/>\n<meta property=\"og:title\" content=\"Em Bayeux: Procurado da justi\u00e7a \u00e9 preso com arma furtada de policial do Rio Grande do Norte - Pol\u00edcia Militar da Para\u00edba\" \/>\n<meta property=\"og:description\" content=\"A Pol\u00edcia Militar prendeu, na manh\u00e3 deste domingo (15), na cidade de Bayeux, um procurado da justi\u00e7a que responde pelos\" \/>\n<meta property=\"og:url\" content=\"https:\/\/www.pm.pb.gov.br\/portal\/2023\/10\/15\/em-bayeux-procurado-da-justica-e-preso-com-arma-furtada-de-policial-do-rio-grande-do-norte\/\" \/>\n<meta property=\"og:site_name\" content=\"Pol\u00edcia Militar da Para\u00edba\" \/>\n<meta property=\"article:published_time\" content=\"2023-10-15T14:09:00+00:00\" \/>\n<meta property=\"article:modified_time\" content=\"2023-10-15T14:14:49+00:00\" \/>\n<meta property=\"og:image\" content=\"http:\/\/www.pm.pb.gov.br\/portal\/wp-content\/uploads\/2023\/10\/WhatsApp-Image-2023-10-15-at-11.19.04-AM.jpeg\" \/>\n\t<meta property=\"og:image:width\" content=\"960\" \/>\n\t<meta property=\"og:image:height\" content=\"1280\" \/>\n\t<meta property=\"og:image:type\" content=\"image\/jpeg\" \/>\n<meta name=\"author\" content=\"Assessoria de Imprensa da PMPB\" \/>\n<meta name=\"twitter:card\" content=\"summary_large_image\" \/>\n<meta name=\"twitter:label1\" content=\"Escrito por\" \/>\n\t<meta name=\"twitter:data1\" content=\"Assessoria de Imprensa da PMPB\" \/>\n\t<meta name=\"twitter:label2\" content=\"Est. tempo de leitura\" \/>\n\t<meta name=\"twitter:data2\" content=\"2 minutos\" \/>\n<script type=\"application\/ld+json\" class=\"yoast-schema-graph\">{\"@context\":\"https:\/\/schema.org\",\"@graph\":[{\"@type\":\"Article\",\"@id\":\"https:\/\/www.pm.pb.gov.br\/portal\/2023\/10\/15\/em-bayeux-procurado-da-justica-e-preso-com-arma-furtada-de-policial-do-rio-grande-do-norte\/#article\",\"isPartOf\":{\"@id\":\"https:\/\/www.pm.pb.gov.br\/portal\/2023\/10\/15\/em-bayeux-procurado-da-justica-e-preso-com-arma-furtada-de-policial-do-rio-grande-do-norte\/\"},\"author\":{\"name\":\"Assessoria de Imprensa da PMPB\",\"@id\":\"https:\/\/www.pm.pb.gov.br\/portal\/#\/schema\/person\/e8454f46651c3ecf0e1ba3c1666d9947\"},\"headline\":\"Em Bayeux: Procurado da justi\u00e7a \u00e9 preso com arma furtada de policial do Rio Grande do Norte\",\"datePublished\":\"2023-10-15T14:09:00+00:00\",\"dateModified\":\"2023-10-15T14:14:49+00:00\",\"mainEntityOfPage\":{\"@id\":\"https:\/\/www.pm.pb.gov.br\/portal\/2023\/10\/15\/em-bayeux-procurado-da-justica-e-preso-com-arma-furtada-de-policial-do-rio-grande-do-norte\/\"},\"wordCount\":164,\"publisher\":{\"@id\":\"https:\/\/www.pm.pb.gov.br\/portal\/#organization\"},\"articleSection\":[\"A\u00e7\u00f5es Policiais\"],\"inLanguage\":\"pt-BR\"},{\"@type\":\"WebPage\",\"@id\":\"https:\/\/www.pm.pb.gov.br\/portal\/2023\/10\/15\/em-bayeux-procurado-da-justica-e-preso-com-arma-furtada-de-policial-do-rio-grande-do-norte\/\",\"url\":\"https:\/\/www.pm.pb.gov.br\/portal\/2023\/10\/15\/em-bayeux-procurado-da-justica-e-preso-com-arma-furtada-de-policial-do-rio-grande-do-norte\/\",\"name\":\"Em Bayeux: Procurado da justi\u00e7a \u00e9 preso com arma furtada de policial do Rio Grande do Norte - Pol\u00edcia Militar da Para\u00edba\",\"isPartOf\":{\"@id\":\"https:\/\/www.pm.pb.gov.br\/portal\/#website\"},\"datePublished\":\"2023-10-15T14:09:00+00:00\",\"dateModified\":\"2023-10-15T14:14:49+00:00\",\"breadcrumb\":{\"@id\":\"https:\/\/www.pm.pb.gov.br\/portal\/2023\/10\/15\/em-bayeux-procurado-da-justica-e-preso-com-arma-furtada-de-policial-do-rio-grande-do-norte\/#breadcrumb\"},\"inLanguage\":\"pt-BR\",\"potentialAction\":[{\"@type\":\"ReadAction\",\"target\":[\"https:\/\/www.pm.pb.gov.br\/portal\/2023\/10\/15\/em-bayeux-procurado-da-justica-e-preso-com-arma-furtada-de-policial-do-rio-grande-do-norte\/\"]}]},{\"@type\":\"BreadcrumbList\",\"@id\":\"https:\/\/www.pm.pb.gov.br\/portal\/2023\/10\/15\/em-bayeux-procurado-da-justica-e-preso-com-arma-furtada-de-policial-do-rio-grande-do-norte\/#breadcrumb\",\"itemListElement\":[{\"@type\":\"ListItem\",\"position\":1,\"name\":\"In\u00edcio\",\"item\":\"https:\/\/www.pm.pb.gov.br\/portal\/\"},{\"@type\":\"ListItem\",\"position\":2,\"name\":\"Em Bayeux: Procurado da justi\u00e7a \u00e9 preso com arma furtada de policial do Rio Grande do Norte\"}]},{\"@type\":\"WebSite\",\"@id\":\"https:\/\/www.pm.pb.gov.br\/portal\/#website\",\"url\":\"https:\/\/www.pm.pb.gov.br\/portal\/\",\"name\":\"Pol\u00edcia Militar da Para\u00edba\",\"description\":\"\",\"publisher\":{\"@id\":\"https:\/\/www.pm.pb.gov.br\/portal\/#organization\"},\"potentialAction\":[{\"@type\":\"SearchAction\",\"target\":{\"@type\":\"EntryPoint\",\"urlTemplate\":\"https:\/\/www.pm.pb.gov.br\/portal\/?s={search_term_string}\"},\"query-input\":\"required name=search_term_string\"}],\"inLanguage\":\"pt-BR\"},{\"@type\":\"Organization\",\"@id\":\"https:\/\/www.pm.pb.gov.br\/portal\/#organization\",\"name\":\"Pol\u00edcia Militar da Para\u00edba\",\"url\":\"https:\/\/www.pm.pb.gov.br\/portal\/\",\"logo\":{\"@type\":\"ImageObject\",\"inLanguage\":\"pt-BR\",\"@id\":\"https:\/\/www.pm.pb.gov.br\/portal\/#\/schema\/logo\/image\/\",\"url\":\"https:\/\/www.pm.pb.gov.br\/portal\/wp-content\/uploads\/2025\/03\/cropped-logo-site-mag2-1.png\",\"contentUrl\":\"https:\/\/www.pm.pb.gov.br\/portal\/wp-content\/uploads\/2025\/03\/cropped-logo-site-mag2-1.png\",\"width\":320,\"height\":90,\"caption\":\"Pol\u00edcia Militar da Para\u00edba\"},\"image\":{\"@id\":\"https:\/\/www.pm.pb.gov.br\/portal\/#\/schema\/logo\/image\/\"}},{\"@type\":\"Person\",\"@id\":\"https:\/\/www.pm.pb.gov.br\/portal\/#\/schema\/person\/e8454f46651c3ecf0e1ba3c1666d9947\",\"name\":\"Assessoria de Imprensa da PMPB\",\"image\":{\"@type\":\"ImageObject\",\"inLanguage\":\"pt-BR\",\"@id\":\"https:\/\/www.pm.pb.gov.br\/portal\/#\/schema\/person\/image\/\",\"url\":\"https:\/\/secure.gravatar.com\/avatar\/2efe197438265d1e90bd98c4c8e1acf8?s=96&d=mm&r=g\",\"contentUrl\":\"https:\/\/secure.gravatar.com\/avatar\/2efe197438265d1e90bd98c4c8e1acf8?s=96&d=mm&r=g\",\"caption\":\"Assessoria de Imprensa da PMPB\"},\"url\":\"https:\/\/www.pm.pb.gov.br\/portal\/author\/assessoria\/\"}]}<\/script>\n<!-- \/ Yoast SEO plugin. -->","yoast_head_json":{"title":"Em Bayeux: Procurado da justi\u00e7a \u00e9 preso com arma furtada de policial do Rio Grande do Norte - Pol\u00edcia Militar da Para\u00edba","robots":{"index":"index","follow":"follow","max-snippet":"max-snippet:-1","max-image-preview":"max-image-preview:large","max-video-preview":"max-video-preview:-1"},"canonical":"https:\/\/www.pm.pb.gov.br\/portal\/2023\/10\/15\/em-bayeux-procurado-da-justica-e-preso-com-arma-furtada-de-policial-do-rio-grande-do-norte\/","og_locale":"pt_BR","og_type":"article","og_title":"Em Bayeux: Procurado da justi\u00e7a \u00e9 preso com arma furtada de policial do Rio Grande do Norte - Pol\u00edcia Militar da Para\u00edba","og_description":"A Pol\u00edcia Militar prendeu, na manh\u00e3 deste domingo (15), na cidade de Bayeux, um procurado da justi\u00e7a que responde pelos","og_url":"https:\/\/www.pm.pb.gov.br\/portal\/2023\/10\/15\/em-bayeux-procurado-da-justica-e-preso-com-arma-furtada-de-policial-do-rio-grande-do-norte\/","og_site_name":"Pol\u00edcia Militar da Para\u00edba","article_published_time":"2023-10-15T14:09:00+00:00","article_modified_time":"2023-10-15T14:14:49+00:00","og_image":[{"width":960,"height":1280,"url":"http:\/\/www.pm.pb.gov.br\/portal\/wp-content\/uploads\/2023\/10\/WhatsApp-Image-2023-10-15-at-11.19.04-AM.jpeg","type":"image\/jpeg"}],"author":"Assessoria de Imprensa da PMPB","twitter_card":"summary_large_image","twitter_misc":{"Escrito por":"Assessoria de Imprensa da PMPB","Est. tempo de leitura":"2 minutos"},"schema":{"@context":"https:\/\/schema.org","@graph":[{"@type":"Article","@id":"https:\/\/www.pm.pb.gov.br\/portal\/2023\/10\/15\/em-bayeux-procurado-da-justica-e-preso-com-arma-furtada-de-policial-do-rio-grande-do-norte\/#article","isPartOf":{"@id":"https:\/\/www.pm.pb.gov.br\/portal\/2023\/10\/15\/em-bayeux-procurado-da-justica-e-preso-com-arma-furtada-de-policial-do-rio-grande-do-norte\/"},"author":{"name":"Assessoria de Imprensa da PMPB","@id":"https:\/\/www.pm.pb.gov.br\/portal\/#\/schema\/person\/e8454f46651c3ecf0e1ba3c1666d9947"},"headline":"Em Bayeux: Procurado da justi\u00e7a \u00e9 preso com arma furtada de policial do Rio Grande do Norte","datePublished":"2023-10-15T14:09:00+00:00","dateModified":"2023-10-15T14:14:49+00:00","mainEntityOfPage":{"@id":"https:\/\/www.pm.pb.gov.br\/portal\/2023\/10\/15\/em-bayeux-procurado-da-justica-e-preso-com-arma-furtada-de-policial-do-rio-grande-do-norte\/"},"wordCount":164,"publisher":{"@id":"https:\/\/www.pm.pb.gov.br\/portal\/#organization"},"articleSection":["A\u00e7\u00f5es Policiais"],"inLanguage":"pt-BR"},{"@type":"WebPage","@id":"https:\/\/www.pm.pb.gov.br\/portal\/2023\/10\/15\/em-bayeux-procurado-da-justica-e-preso-com-arma-furtada-de-policial-do-rio-grande-do-norte\/","url":"https:\/\/www.pm.pb.gov.br\/portal\/2023\/10\/15\/em-bayeux-procurado-da-justica-e-preso-com-arma-furtada-de-policial-do-rio-grande-do-norte\/","name":"Em Bayeux: Procurado da justi\u00e7a \u00e9 preso com arma furtada de policial do Rio Grande do Norte - Pol\u00edcia Militar da Para\u00edba","isPartOf":{"@id":"https:\/\/www.pm.pb.gov.br\/portal\/#website"},"datePublished":"2023-10-15T14:09:00+00:00","dateModified":"2023-10-15T14:14:49+00:00","breadcrumb":{"@id":"https:\/\/www.pm.pb.gov.br\/portal\/2023\/10\/15\/em-bayeux-procurado-da-justica-e-preso-com-arma-furtada-de-policial-do-rio-grande-do-norte\/#breadcrumb"},"inLanguage":"pt-BR","potentialAction":[{"@type":"ReadAction","target":["https:\/\/www.pm.pb.gov.br\/portal\/2023\/10\/15\/em-bayeux-procurado-da-justica-e-preso-com-arma-furtada-de-policial-do-rio-grande-do-norte\/"]}]},{"@type":"BreadcrumbList","@id":"https:\/\/www.pm.pb.gov.br\/portal\/2023\/10\/15\/em-bayeux-procurado-da-justica-e-preso-com-arma-furtada-de-policial-do-rio-grande-do-norte\/#breadcrumb","itemListElement":[{"@type":"ListItem","position":1,"name":"In\u00edcio","item":"https:\/\/www.pm.pb.gov.br\/portal\/"},{"@type":"ListItem","position":2,"name":"Em Bayeux: Procurado da justi\u00e7a \u00e9 preso com arma furtada de policial do Rio Grande do Norte"}]},{"@type":"WebSite","@id":"https:\/\/www.pm.pb.gov.br\/portal\/#website","url":"https:\/\/www.pm.pb.gov.br\/portal\/","name":"Pol\u00edcia Militar da Para\u00edba","description":"","publisher":{"@id":"https:\/\/www.pm.pb.gov.br\/portal\/#organization"},"potentialAction":[{"@type":"SearchAction","target":{"@type":"EntryPoint","urlTemplate":"https:\/\/www.pm.pb.gov.br\/portal\/?s={search_term_string}"},"query-input":"required name=search_term_string"}],"inLanguage":"pt-BR"},{"@type":"Organization","@id":"https:\/\/www.pm.pb.gov.br\/portal\/#organization","name":"Pol\u00edcia Militar da Para\u00edba","url":"https:\/\/www.pm.pb.gov.br\/portal\/","logo":{"@type":"ImageObject","inLanguage":"pt-BR","@id":"https:\/\/www.pm.pb.gov.br\/portal\/#\/schema\/logo\/image\/","url":"https:\/\/www.pm.pb.gov.br\/portal\/wp-content\/uploads\/2025\/03\/cropped-logo-site-mag2-1.png","contentUrl":"https:\/\/www.pm.pb.gov.br\/portal\/wp-content\/uploads\/2025\/03\/cropped-logo-site-mag2-1.png","width":320,"height":90,"caption":"Pol\u00edcia Militar da Para\u00edba"},"image":{"@id":"https:\/\/www.pm.pb.gov.br\/portal\/#\/schema\/logo\/image\/"}},{"@type":"Person","@id":"https:\/\/www.pm.pb.gov.br\/portal\/#\/schema\/person\/e8454f46651c3ecf0e1ba3c1666d9947","name":"Assessoria de Imprensa da PMPB","image":{"@type":"ImageObject","inLanguage":"pt-BR","@id":"https:\/\/www.pm.pb.gov.br\/portal\/#\/schema\/person\/image\/","url":"https:\/\/secure.gravatar.com\/avatar\/2efe197438265d1e90bd98c4c8e1acf8?s=96&d=mm&r=g","contentUrl":"https:\/\/secure.gravatar.com\/avatar\/2efe197438265d1e90bd98c4c8e1acf8?s=96&d=mm&r=g","caption":"Assessoria de Imprensa da PMPB"},"url":"https:\/\/www.pm.pb.gov.br\/portal\/author\/assessoria\/"}]}},"_links":{"self":[{"href":"https:\/\/www.pm.pb.gov.br\/portal\/wp-json\/wp\/v2\/posts\/918573"}],"collection":[{"href":"https:\/\/www.pm.pb.gov.br\/portal\/wp-json\/wp\/v2\/posts"}],"about":[{"href":"https:\/\/www.pm.pb.gov.br\/portal\/wp-json\/wp\/v2\/types\/post"}],"author":[{"embeddable":true,"href":"https:\/\/www.pm.pb.gov.br\/portal\/wp-json\/wp\/v2\/users\/5"}],"replies":[{"embeddable":true,"href":"https:\/\/www.pm.pb.gov.br\/portal\/wp-json\/wp\/v2\/comments?post=918573"}],"version-history":[{"count":5,"href":"https:\/\/www.pm.pb.gov.br\/portal\/wp-json\/wp\/v2\/posts\/918573\/revisions"}],"predecessor-version":[{"id":918610,"href":"https:\/\/www.pm.pb.gov.br\/portal\/wp-json\/wp\/v2\/posts\/918573\/revisions\/918610"}],"wp:featuredmedia":[{"embeddable":true,"href":"https:\/\/www.pm.pb.gov.br\/portal\/wp-json\/wp\/v2\/media\/918608"}],"wp:attachment":[{"href":"https:\/\/www.pm.pb.gov.br\/portal\/wp-json\/wp\/v2\/media?parent=918573"}],"wp:term":[{"taxonomy":"category","embeddable":true,"href":"https:\/\/www.pm.pb.gov.br\/portal\/wp-json\/wp\/v2\/categories?post=918573"},{"taxonomy":"post_tag","embeddable":true,"href":"https:\/\/www.pm.pb.gov.br\/portal\/wp-json\/wp\/v2\/tags?post=918573"}],"curies":[{"name":"wp","href":"https:\/\/api.w.org\/{rel}","templated":true}]}}