{"id":918569,"date":"2023-10-13T06:15:35","date_gmt":"2023-10-13T09:15:35","guid":{"rendered":"https:\/\/www.pm.pb.gov.br\/portal\/?p=918569"},"modified":"2023-10-13T06:15:38","modified_gmt":"2023-10-13T09:15:38","slug":"pm-apreendeu-25-armas-e-prendeu-39-suspeitos-de-trafico-na-regiao-metropolitana-de-joao-pessoa","status":"publish","type":"post","link":"https:\/\/www.pm.pb.gov.br\/portal\/2023\/10\/13\/pm-apreendeu-25-armas-e-prendeu-39-suspeitos-de-trafico-na-regiao-metropolitana-de-joao-pessoa\/","title":{"rendered":"PM apreendeu 25 armas e prendeu 39 suspeitos de tr\u00e1fico na Regi\u00e3o Metropolitana de Jo\u00e3o Pessoa"},"content":{"rendered":"\n<p>O m\u00eas de outubro come\u00e7ou com a apreens\u00e3o de 25 armas de fogo e a pris\u00e3o de 39 suspeitos de ter envolvimento no tr\u00e1fico de drogas, entre os dias 1\u00ba e 9 de outubro, nas cidades que fazem parte da Regi\u00e3o Metropolitana de Jo\u00e3o Pessoa. Nas a\u00e7\u00f5es, 8 ve\u00edculos roubados foram recuperados e 18 mandados de pris\u00e3o cumpridos.<br><br>Os dados s\u00e3o da se\u00e7\u00e3o de planejamento do Comando de Policiamento Regional Metropolitano (CPRM). A maior parte das armas foram apreendidas na cidade de Bayeux, que \u00e9 uma localidade que tem recebido refor\u00e7o das a\u00e7\u00f5es para prender integrantes de grupos ligados ao tr\u00e1fico de drogas.<br><br>Um novo balan\u00e7o das a\u00e7\u00f5es, abrangendo as pris\u00f5es e apreens\u00f5es do feriado e fim de semana, deve ser divulgado na pr\u00f3xima segunda-feira (16).<br><\/p>\n","protected":false},"excerpt":{"rendered":"<p>O m\u00eas de outubro come\u00e7ou com a apreens\u00e3o de 25 armas de fogo e a pris\u00e3o de 39 suspeitos de<\/p>\n","protected":false},"author":5,"featured_media":913043,"comment_status":"closed","ping_status":"closed","sticky":false,"template":"","format":"standard","meta":{"_exactmetrics_skip_tracking":false,"_exactmetrics_sitenote_active":false,"_exactmetrics_sitenote_note":"","_exactmetrics_sitenote_category":0,"footnotes":""},"categories":[4],"tags":[],"yoast_head":"<!-- This site is optimized with the Yoast SEO plugin v22.0 - https:\/\/yoast.com\/wordpress\/plugins\/seo\/ -->\n<title>PM apreendeu 25 armas e prendeu 39 suspeitos de tr\u00e1fico na Regi\u00e3o Metropolitana de Jo\u00e3o Pessoa - Pol\u00edcia Militar da Para\u00edba<\/title>\n<meta name=\"robots\" content=\"index, follow, max-snippet:-1, max-image-preview:large, max-video-preview:-1\" \/>\n<link rel=\"canonical\" href=\"https:\/\/www.pm.pb.gov.br\/portal\/2023\/10\/13\/pm-apreendeu-25-armas-e-prendeu-39-suspeitos-de-trafico-na-regiao-metropolitana-de-joao-pessoa\/\" \/>\n<meta property=\"og:locale\" content=\"pt_BR\" \/>\n<meta property=\"og:type\" content=\"article\" \/>\n<meta property=\"og:title\" content=\"PM apreendeu 25 armas e prendeu 39 suspeitos de tr\u00e1fico na Regi\u00e3o Metropolitana de Jo\u00e3o Pessoa - Pol\u00edcia Militar da Para\u00edba\" \/>\n<meta property=\"og:description\" content=\"O m\u00eas de outubro come\u00e7ou com a apreens\u00e3o de 25 armas de fogo e a pris\u00e3o de 39 suspeitos de\" \/>\n<meta property=\"og:url\" content=\"https:\/\/www.pm.pb.gov.br\/portal\/2023\/10\/13\/pm-apreendeu-25-armas-e-prendeu-39-suspeitos-de-trafico-na-regiao-metropolitana-de-joao-pessoa\/\" \/>\n<meta property=\"og:site_name\" content=\"Pol\u00edcia Militar da Para\u00edba\" \/>\n<meta property=\"article:published_time\" content=\"2023-10-13T09:15:35+00:00\" \/>\n<meta property=\"article:modified_time\" content=\"2023-10-13T09:15:38+00:00\" \/>\n<meta property=\"og:image\" content=\"http:\/\/www.pm.pb.gov.br\/portal\/wp-content\/uploads\/2021\/10\/operacao_eternidade.jpeg\" \/>\n\t<meta property=\"og:image:width\" content=\"1280\" \/>\n\t<meta property=\"og:image:height\" content=\"853\" \/>\n\t<meta property=\"og:image:type\" content=\"image\/jpeg\" \/>\n<meta name=\"author\" content=\"Assessoria de Imprensa da PMPB\" \/>\n<meta name=\"twitter:card\" content=\"summary_large_image\" \/>\n<meta name=\"twitter:label1\" content=\"Escrito por\" \/>\n\t<meta name=\"twitter:data1\" content=\"Assessoria de Imprensa da PMPB\" \/>\n\t<meta name=\"twitter:label2\" content=\"Est. tempo de leitura\" \/>\n\t<meta name=\"twitter:data2\" content=\"1 minuto\" \/>\n<script type=\"application\/ld+json\" class=\"yoast-schema-graph\">{\"@context\":\"https:\/\/schema.org\",\"@graph\":[{\"@type\":\"Article\",\"@id\":\"https:\/\/www.pm.pb.gov.br\/portal\/2023\/10\/13\/pm-apreendeu-25-armas-e-prendeu-39-suspeitos-de-trafico-na-regiao-metropolitana-de-joao-pessoa\/#article\",\"isPartOf\":{\"@id\":\"https:\/\/www.pm.pb.gov.br\/portal\/2023\/10\/13\/pm-apreendeu-25-armas-e-prendeu-39-suspeitos-de-trafico-na-regiao-metropolitana-de-joao-pessoa\/\"},\"author\":{\"name\":\"Assessoria de Imprensa da PMPB\",\"@id\":\"https:\/\/www.pm.pb.gov.br\/portal\/#\/schema\/person\/e8454f46651c3ecf0e1ba3c1666d9947\"},\"headline\":\"PM apreendeu 25 armas e prendeu 39 suspeitos de tr\u00e1fico na Regi\u00e3o Metropolitana de Jo\u00e3o Pessoa\",\"datePublished\":\"2023-10-13T09:15:35+00:00\",\"dateModified\":\"2023-10-13T09:15:38+00:00\",\"mainEntityOfPage\":{\"@id\":\"https:\/\/www.pm.pb.gov.br\/portal\/2023\/10\/13\/pm-apreendeu-25-armas-e-prendeu-39-suspeitos-de-trafico-na-regiao-metropolitana-de-joao-pessoa\/\"},\"wordCount\":155,\"publisher\":{\"@id\":\"https:\/\/www.pm.pb.gov.br\/portal\/#organization\"},\"articleSection\":[\"A\u00e7\u00f5es Policiais\"],\"inLanguage\":\"pt-BR\"},{\"@type\":\"WebPage\",\"@id\":\"https:\/\/www.pm.pb.gov.br\/portal\/2023\/10\/13\/pm-apreendeu-25-armas-e-prendeu-39-suspeitos-de-trafico-na-regiao-metropolitana-de-joao-pessoa\/\",\"url\":\"https:\/\/www.pm.pb.gov.br\/portal\/2023\/10\/13\/pm-apreendeu-25-armas-e-prendeu-39-suspeitos-de-trafico-na-regiao-metropolitana-de-joao-pessoa\/\",\"name\":\"PM apreendeu 25 armas e prendeu 39 suspeitos de tr\u00e1fico na Regi\u00e3o Metropolitana de Jo\u00e3o Pessoa - Pol\u00edcia Militar da Para\u00edba\",\"isPartOf\":{\"@id\":\"https:\/\/www.pm.pb.gov.br\/portal\/#website\"},\"datePublished\":\"2023-10-13T09:15:35+00:00\",\"dateModified\":\"2023-10-13T09:15:38+00:00\",\"breadcrumb\":{\"@id\":\"https:\/\/www.pm.pb.gov.br\/portal\/2023\/10\/13\/pm-apreendeu-25-armas-e-prendeu-39-suspeitos-de-trafico-na-regiao-metropolitana-de-joao-pessoa\/#breadcrumb\"},\"inLanguage\":\"pt-BR\",\"potentialAction\":[{\"@type\":\"ReadAction\",\"target\":[\"https:\/\/www.pm.pb.gov.br\/portal\/2023\/10\/13\/pm-apreendeu-25-armas-e-prendeu-39-suspeitos-de-trafico-na-regiao-metropolitana-de-joao-pessoa\/\"]}]},{\"@type\":\"BreadcrumbList\",\"@id\":\"https:\/\/www.pm.pb.gov.br\/portal\/2023\/10\/13\/pm-apreendeu-25-armas-e-prendeu-39-suspeitos-de-trafico-na-regiao-metropolitana-de-joao-pessoa\/#breadcrumb\",\"itemListElement\":[{\"@type\":\"ListItem\",\"position\":1,\"name\":\"In\u00edcio\",\"item\":\"https:\/\/www.pm.pb.gov.br\/portal\/\"},{\"@type\":\"ListItem\",\"position\":2,\"name\":\"PM apreendeu 25 armas e prendeu 39 suspeitos de tr\u00e1fico na Regi\u00e3o Metropolitana de Jo\u00e3o Pessoa\"}]},{\"@type\":\"WebSite\",\"@id\":\"https:\/\/www.pm.pb.gov.br\/portal\/#website\",\"url\":\"https:\/\/www.pm.pb.gov.br\/portal\/\",\"name\":\"Pol\u00edcia Militar da Para\u00edba\",\"description\":\"\",\"publisher\":{\"@id\":\"https:\/\/www.pm.pb.gov.br\/portal\/#organization\"},\"potentialAction\":[{\"@type\":\"SearchAction\",\"target\":{\"@type\":\"EntryPoint\",\"urlTemplate\":\"https:\/\/www.pm.pb.gov.br\/portal\/?s={search_term_string}\"},\"query-input\":\"required name=search_term_string\"}],\"inLanguage\":\"pt-BR\"},{\"@type\":\"Organization\",\"@id\":\"https:\/\/www.pm.pb.gov.br\/portal\/#organization\",\"name\":\"Pol\u00edcia Militar da Para\u00edba\",\"url\":\"https:\/\/www.pm.pb.gov.br\/portal\/\",\"logo\":{\"@type\":\"ImageObject\",\"inLanguage\":\"pt-BR\",\"@id\":\"https:\/\/www.pm.pb.gov.br\/portal\/#\/schema\/logo\/image\/\",\"url\":\"https:\/\/www.pm.pb.gov.br\/portal\/wp-content\/uploads\/2025\/03\/cropped-logo-site-mag2-1.png\",\"contentUrl\":\"https:\/\/www.pm.pb.gov.br\/portal\/wp-content\/uploads\/2025\/03\/cropped-logo-site-mag2-1.png\",\"width\":320,\"height\":90,\"caption\":\"Pol\u00edcia Militar da Para\u00edba\"},\"image\":{\"@id\":\"https:\/\/www.pm.pb.gov.br\/portal\/#\/schema\/logo\/image\/\"}},{\"@type\":\"Person\",\"@id\":\"https:\/\/www.pm.pb.gov.br\/portal\/#\/schema\/person\/e8454f46651c3ecf0e1ba3c1666d9947\",\"name\":\"Assessoria de Imprensa da PMPB\",\"image\":{\"@type\":\"ImageObject\",\"inLanguage\":\"pt-BR\",\"@id\":\"https:\/\/www.pm.pb.gov.br\/portal\/#\/schema\/person\/image\/\",\"url\":\"https:\/\/secure.gravatar.com\/avatar\/2efe197438265d1e90bd98c4c8e1acf8?s=96&d=mm&r=g\",\"contentUrl\":\"https:\/\/secure.gravatar.com\/avatar\/2efe197438265d1e90bd98c4c8e1acf8?s=96&d=mm&r=g\",\"caption\":\"Assessoria de Imprensa da PMPB\"},\"url\":\"https:\/\/www.pm.pb.gov.br\/portal\/author\/assessoria\/\"}]}<\/script>\n<!-- \/ Yoast SEO plugin. -->","yoast_head_json":{"title":"PM apreendeu 25 armas e prendeu 39 suspeitos de tr\u00e1fico na Regi\u00e3o Metropolitana de Jo\u00e3o Pessoa - Pol\u00edcia Militar da Para\u00edba","robots":{"index":"index","follow":"follow","max-snippet":"max-snippet:-1","max-image-preview":"max-image-preview:large","max-video-preview":"max-video-preview:-1"},"canonical":"https:\/\/www.pm.pb.gov.br\/portal\/2023\/10\/13\/pm-apreendeu-25-armas-e-prendeu-39-suspeitos-de-trafico-na-regiao-metropolitana-de-joao-pessoa\/","og_locale":"pt_BR","og_type":"article","og_title":"PM apreendeu 25 armas e prendeu 39 suspeitos de tr\u00e1fico na Regi\u00e3o Metropolitana de Jo\u00e3o Pessoa - Pol\u00edcia Militar da Para\u00edba","og_description":"O m\u00eas de outubro come\u00e7ou com a apreens\u00e3o de 25 armas de fogo e a pris\u00e3o de 39 suspeitos de","og_url":"https:\/\/www.pm.pb.gov.br\/portal\/2023\/10\/13\/pm-apreendeu-25-armas-e-prendeu-39-suspeitos-de-trafico-na-regiao-metropolitana-de-joao-pessoa\/","og_site_name":"Pol\u00edcia Militar da Para\u00edba","article_published_time":"2023-10-13T09:15:35+00:00","article_modified_time":"2023-10-13T09:15:38+00:00","og_image":[{"width":1280,"height":853,"url":"http:\/\/www.pm.pb.gov.br\/portal\/wp-content\/uploads\/2021\/10\/operacao_eternidade.jpeg","type":"image\/jpeg"}],"author":"Assessoria de Imprensa da PMPB","twitter_card":"summary_large_image","twitter_misc":{"Escrito por":"Assessoria de Imprensa da PMPB","Est. tempo de leitura":"1 minuto"},"schema":{"@context":"https:\/\/schema.org","@graph":[{"@type":"Article","@id":"https:\/\/www.pm.pb.gov.br\/portal\/2023\/10\/13\/pm-apreendeu-25-armas-e-prendeu-39-suspeitos-de-trafico-na-regiao-metropolitana-de-joao-pessoa\/#article","isPartOf":{"@id":"https:\/\/www.pm.pb.gov.br\/portal\/2023\/10\/13\/pm-apreendeu-25-armas-e-prendeu-39-suspeitos-de-trafico-na-regiao-metropolitana-de-joao-pessoa\/"},"author":{"name":"Assessoria de Imprensa da PMPB","@id":"https:\/\/www.pm.pb.gov.br\/portal\/#\/schema\/person\/e8454f46651c3ecf0e1ba3c1666d9947"},"headline":"PM apreendeu 25 armas e prendeu 39 suspeitos de tr\u00e1fico na Regi\u00e3o Metropolitana de Jo\u00e3o Pessoa","datePublished":"2023-10-13T09:15:35+00:00","dateModified":"2023-10-13T09:15:38+00:00","mainEntityOfPage":{"@id":"https:\/\/www.pm.pb.gov.br\/portal\/2023\/10\/13\/pm-apreendeu-25-armas-e-prendeu-39-suspeitos-de-trafico-na-regiao-metropolitana-de-joao-pessoa\/"},"wordCount":155,"publisher":{"@id":"https:\/\/www.pm.pb.gov.br\/portal\/#organization"},"articleSection":["A\u00e7\u00f5es Policiais"],"inLanguage":"pt-BR"},{"@type":"WebPage","@id":"https:\/\/www.pm.pb.gov.br\/portal\/2023\/10\/13\/pm-apreendeu-25-armas-e-prendeu-39-suspeitos-de-trafico-na-regiao-metropolitana-de-joao-pessoa\/","url":"https:\/\/www.pm.pb.gov.br\/portal\/2023\/10\/13\/pm-apreendeu-25-armas-e-prendeu-39-suspeitos-de-trafico-na-regiao-metropolitana-de-joao-pessoa\/","name":"PM apreendeu 25 armas e prendeu 39 suspeitos de tr\u00e1fico na Regi\u00e3o Metropolitana de Jo\u00e3o Pessoa - Pol\u00edcia Militar da Para\u00edba","isPartOf":{"@id":"https:\/\/www.pm.pb.gov.br\/portal\/#website"},"datePublished":"2023-10-13T09:15:35+00:00","dateModified":"2023-10-13T09:15:38+00:00","breadcrumb":{"@id":"https:\/\/www.pm.pb.gov.br\/portal\/2023\/10\/13\/pm-apreendeu-25-armas-e-prendeu-39-suspeitos-de-trafico-na-regiao-metropolitana-de-joao-pessoa\/#breadcrumb"},"inLanguage":"pt-BR","potentialAction":[{"@type":"ReadAction","target":["https:\/\/www.pm.pb.gov.br\/portal\/2023\/10\/13\/pm-apreendeu-25-armas-e-prendeu-39-suspeitos-de-trafico-na-regiao-metropolitana-de-joao-pessoa\/"]}]},{"@type":"BreadcrumbList","@id":"https:\/\/www.pm.pb.gov.br\/portal\/2023\/10\/13\/pm-apreendeu-25-armas-e-prendeu-39-suspeitos-de-trafico-na-regiao-metropolitana-de-joao-pessoa\/#breadcrumb","itemListElement":[{"@type":"ListItem","position":1,"name":"In\u00edcio","item":"https:\/\/www.pm.pb.gov.br\/portal\/"},{"@type":"ListItem","position":2,"name":"PM apreendeu 25 armas e prendeu 39 suspeitos de tr\u00e1fico na Regi\u00e3o Metropolitana de Jo\u00e3o Pessoa"}]},{"@type":"WebSite","@id":"https:\/\/www.pm.pb.gov.br\/portal\/#website","url":"https:\/\/www.pm.pb.gov.br\/portal\/","name":"Pol\u00edcia Militar da Para\u00edba","description":"","publisher":{"@id":"https:\/\/www.pm.pb.gov.br\/portal\/#organization"},"potentialAction":[{"@type":"SearchAction","target":{"@type":"EntryPoint","urlTemplate":"https:\/\/www.pm.pb.gov.br\/portal\/?s={search_term_string}"},"query-input":"required name=search_term_string"}],"inLanguage":"pt-BR"},{"@type":"Organization","@id":"https:\/\/www.pm.pb.gov.br\/portal\/#organization","name":"Pol\u00edcia Militar da Para\u00edba","url":"https:\/\/www.pm.pb.gov.br\/portal\/","logo":{"@type":"ImageObject","inLanguage":"pt-BR","@id":"https:\/\/www.pm.pb.gov.br\/portal\/#\/schema\/logo\/image\/","url":"https:\/\/www.pm.pb.gov.br\/portal\/wp-content\/uploads\/2025\/03\/cropped-logo-site-mag2-1.png","contentUrl":"https:\/\/www.pm.pb.gov.br\/portal\/wp-content\/uploads\/2025\/03\/cropped-logo-site-mag2-1.png","width":320,"height":90,"caption":"Pol\u00edcia Militar da Para\u00edba"},"image":{"@id":"https:\/\/www.pm.pb.gov.br\/portal\/#\/schema\/logo\/image\/"}},{"@type":"Person","@id":"https:\/\/www.pm.pb.gov.br\/portal\/#\/schema\/person\/e8454f46651c3ecf0e1ba3c1666d9947","name":"Assessoria de Imprensa da PMPB","image":{"@type":"ImageObject","inLanguage":"pt-BR","@id":"https:\/\/www.pm.pb.gov.br\/portal\/#\/schema\/person\/image\/","url":"https:\/\/secure.gravatar.com\/avatar\/2efe197438265d1e90bd98c4c8e1acf8?s=96&d=mm&r=g","contentUrl":"https:\/\/secure.gravatar.com\/avatar\/2efe197438265d1e90bd98c4c8e1acf8?s=96&d=mm&r=g","caption":"Assessoria de Imprensa da PMPB"},"url":"https:\/\/www.pm.pb.gov.br\/portal\/author\/assessoria\/"}]}},"_links":{"self":[{"href":"https:\/\/www.pm.pb.gov.br\/portal\/wp-json\/wp\/v2\/posts\/918569"}],"collection":[{"href":"https:\/\/www.pm.pb.gov.br\/portal\/wp-json\/wp\/v2\/posts"}],"about":[{"href":"https:\/\/www.pm.pb.gov.br\/portal\/wp-json\/wp\/v2\/types\/post"}],"author":[{"embeddable":true,"href":"https:\/\/www.pm.pb.gov.br\/portal\/wp-json\/wp\/v2\/users\/5"}],"replies":[{"embeddable":true,"href":"https:\/\/www.pm.pb.gov.br\/portal\/wp-json\/wp\/v2\/comments?post=918569"}],"version-history":[{"count":2,"href":"https:\/\/www.pm.pb.gov.br\/portal\/wp-json\/wp\/v2\/posts\/918569\/revisions"}],"predecessor-version":[{"id":918574,"href":"https:\/\/www.pm.pb.gov.br\/portal\/wp-json\/wp\/v2\/posts\/918569\/revisions\/918574"}],"wp:featuredmedia":[{"embeddable":true,"href":"https:\/\/www.pm.pb.gov.br\/portal\/wp-json\/wp\/v2\/media\/913043"}],"wp:attachment":[{"href":"https:\/\/www.pm.pb.gov.br\/portal\/wp-json\/wp\/v2\/media?parent=918569"}],"wp:term":[{"taxonomy":"category","embeddable":true,"href":"https:\/\/www.pm.pb.gov.br\/portal\/wp-json\/wp\/v2\/categories?post=918569"},{"taxonomy":"post_tag","embeddable":true,"href":"https:\/\/www.pm.pb.gov.br\/portal\/wp-json\/wp\/v2\/tags?post=918569"}],"curies":[{"name":"wp","href":"https:\/\/api.w.org\/{rel}","templated":true}]}}