{"id":918556,"date":"2023-10-11T13:14:20","date_gmt":"2023-10-11T16:14:20","guid":{"rendered":"https:\/\/www.pm.pb.gov.br\/portal\/?p=918556"},"modified":"2023-10-11T13:14:22","modified_gmt":"2023-10-11T16:14:22","slug":"forca-tarefa-combate-crimes-contra-criancas-e-adolescentes","status":"publish","type":"post","link":"https:\/\/www.pm.pb.gov.br\/portal\/2023\/10\/11\/forca-tarefa-combate-crimes-contra-criancas-e-adolescentes\/","title":{"rendered":"For\u00e7a-tarefa combate crimes contra crian\u00e7as e adolescentes"},"content":{"rendered":"\n<p>A For\u00e7a Integrada de Combate ao Crime Organizado na Para\u00edba &#8211; \u00a0FICCO\/PB &#8211; \u00a0composta por policiais federais, policiais rodovi\u00e1rios federais, agentes do SENAPPEN, policiais civis, policiais militares e policiais penais do estado da Para\u00edba, \u00a0deflagrou na manh\u00e3 desta quarta-feira,11\/10, a Opera\u00e7\u00e3o AEGIS PUERI (foto acima ilustrativa).<b><\/b><\/p>\n<p>Foram cumpridos aproximadamente 50 mandados de pris\u00e3o que estavam em aberto, todos referentes \u00e0 crimes cometidos contra crian\u00e7as e adolescentes, que v\u00e3o desde estupro de vulner\u00e1vel ao n\u00e3o pagamento de pens\u00e3o aliment\u00edcia. Participaram\u00a0da opera\u00e7\u00e3o 150 policias de todas as for\u00e7as.<\/p>\n<p>A opera\u00e7\u00e3o de hoje teve reflexo em todo o estado, tendo as for\u00e7as de seguran\u00e7a integrantes da FICCO\/PB atuado desde o litoral at\u00e9 as cidades do sert\u00e3o, como Cajazeiras e Catol\u00e9 do Rocha.<\/p>\n<p>As cidades onde houve cumprimento de mandados foram: Jo\u00e3o Pessoa, Santa Rita, Bayeux, Cabedelo, Conde, Alhandra, Pedras de Fogo, Campina Grande, Zabel\u00ea, Pedra Lavrada, Frei Martinho, Cubati, Patos, Cajazeira, Catol\u00e9 do Rocha, Itaporanga, Sousa, Princesa Isabel, Guarabira, Logradouro, Itabaiana, Mamanguape e Sol\u00e2nea.<\/p>\n<p>A a\u00e7\u00e3o das for\u00e7as de seguran\u00e7a visa refor\u00e7ar o combate aos crimes onde figuram como v\u00edtimas aqueles que demandam mais cuidado e prote\u00e7\u00e3o pela sociedade.<\/p>\n<p>Esta \u00e9 uma miss\u00e3o da For\u00e7a Integrada de Combate ao Crime Organizado na Para\u00edba.<\/p>\n<p><em>Fonte: Ascom-PF.<\/em><\/p>\n\n\n","protected":false},"excerpt":{"rendered":"<p>A For\u00e7a Integrada de Combate ao Crime Organizado na Para\u00edba &#8211; \u00a0FICCO\/PB &#8211; \u00a0composta por policiais federais, policiais rodovi\u00e1rios federais,<\/p>\n","protected":false},"author":12,"featured_media":918555,"comment_status":"closed","ping_status":"closed","sticky":false,"template":"","format":"standard","meta":{"_exactmetrics_skip_tracking":false,"_exactmetrics_sitenote_active":false,"_exactmetrics_sitenote_note":"","_exactmetrics_sitenote_category":0,"footnotes":""},"categories":[4],"tags":[],"yoast_head":"<!-- This site is optimized with the Yoast SEO plugin v22.0 - https:\/\/yoast.com\/wordpress\/plugins\/seo\/ -->\n<title>For\u00e7a-tarefa combate crimes contra crian\u00e7as e adolescentes - Pol\u00edcia Militar da Para\u00edba<\/title>\n<meta name=\"robots\" content=\"index, follow, max-snippet:-1, max-image-preview:large, max-video-preview:-1\" \/>\n<link rel=\"canonical\" href=\"https:\/\/www.pm.pb.gov.br\/portal\/2023\/10\/11\/forca-tarefa-combate-crimes-contra-criancas-e-adolescentes\/\" \/>\n<meta property=\"og:locale\" content=\"pt_BR\" \/>\n<meta property=\"og:type\" content=\"article\" \/>\n<meta property=\"og:title\" content=\"For\u00e7a-tarefa combate crimes contra crian\u00e7as e adolescentes - Pol\u00edcia Militar da Para\u00edba\" \/>\n<meta property=\"og:description\" content=\"A For\u00e7a Integrada de Combate ao Crime Organizado na Para\u00edba &#8211; \u00a0FICCO\/PB &#8211; \u00a0composta por policiais federais, policiais rodovi\u00e1rios federais,\" \/>\n<meta property=\"og:url\" content=\"https:\/\/www.pm.pb.gov.br\/portal\/2023\/10\/11\/forca-tarefa-combate-crimes-contra-criancas-e-adolescentes\/\" \/>\n<meta property=\"og:site_name\" content=\"Pol\u00edcia Militar da Para\u00edba\" \/>\n<meta property=\"article:published_time\" content=\"2023-10-11T16:14:20+00:00\" \/>\n<meta property=\"article:modified_time\" content=\"2023-10-11T16:14:22+00:00\" \/>\n<meta property=\"og:image\" content=\"http:\/\/www.pm.pb.gov.br\/portal\/wp-content\/uploads\/2023\/10\/opconjunta.jpeg\" \/>\n\t<meta property=\"og:image:width\" content=\"1280\" \/>\n\t<meta property=\"og:image:height\" content=\"720\" \/>\n\t<meta property=\"og:image:type\" content=\"image\/jpeg\" \/>\n<meta name=\"author\" content=\"Tarcisio Oliveira\" \/>\n<meta name=\"twitter:card\" content=\"summary_large_image\" \/>\n<meta name=\"twitter:label1\" content=\"Escrito por\" \/>\n\t<meta name=\"twitter:data1\" content=\"Tarcisio Oliveira\" \/>\n\t<meta name=\"twitter:label2\" content=\"Est. tempo de leitura\" \/>\n\t<meta name=\"twitter:data2\" content=\"2 minutos\" \/>\n<script type=\"application\/ld+json\" class=\"yoast-schema-graph\">{\"@context\":\"https:\/\/schema.org\",\"@graph\":[{\"@type\":\"Article\",\"@id\":\"https:\/\/www.pm.pb.gov.br\/portal\/2023\/10\/11\/forca-tarefa-combate-crimes-contra-criancas-e-adolescentes\/#article\",\"isPartOf\":{\"@id\":\"https:\/\/www.pm.pb.gov.br\/portal\/2023\/10\/11\/forca-tarefa-combate-crimes-contra-criancas-e-adolescentes\/\"},\"author\":{\"name\":\"Tarcisio Oliveira\",\"@id\":\"https:\/\/www.pm.pb.gov.br\/portal\/#\/schema\/person\/f84f56dcc78ce4357054da888b8247fd\"},\"headline\":\"For\u00e7a-tarefa combate crimes contra crian\u00e7as e adolescentes\",\"datePublished\":\"2023-10-11T16:14:20+00:00\",\"dateModified\":\"2023-10-11T16:14:22+00:00\",\"mainEntityOfPage\":{\"@id\":\"https:\/\/www.pm.pb.gov.br\/portal\/2023\/10\/11\/forca-tarefa-combate-crimes-contra-criancas-e-adolescentes\/\"},\"wordCount\":239,\"publisher\":{\"@id\":\"https:\/\/www.pm.pb.gov.br\/portal\/#organization\"},\"articleSection\":[\"A\u00e7\u00f5es Policiais\"],\"inLanguage\":\"pt-BR\"},{\"@type\":\"WebPage\",\"@id\":\"https:\/\/www.pm.pb.gov.br\/portal\/2023\/10\/11\/forca-tarefa-combate-crimes-contra-criancas-e-adolescentes\/\",\"url\":\"https:\/\/www.pm.pb.gov.br\/portal\/2023\/10\/11\/forca-tarefa-combate-crimes-contra-criancas-e-adolescentes\/\",\"name\":\"For\u00e7a-tarefa combate crimes contra crian\u00e7as e adolescentes - Pol\u00edcia Militar da Para\u00edba\",\"isPartOf\":{\"@id\":\"https:\/\/www.pm.pb.gov.br\/portal\/#website\"},\"datePublished\":\"2023-10-11T16:14:20+00:00\",\"dateModified\":\"2023-10-11T16:14:22+00:00\",\"breadcrumb\":{\"@id\":\"https:\/\/www.pm.pb.gov.br\/portal\/2023\/10\/11\/forca-tarefa-combate-crimes-contra-criancas-e-adolescentes\/#breadcrumb\"},\"inLanguage\":\"pt-BR\",\"potentialAction\":[{\"@type\":\"ReadAction\",\"target\":[\"https:\/\/www.pm.pb.gov.br\/portal\/2023\/10\/11\/forca-tarefa-combate-crimes-contra-criancas-e-adolescentes\/\"]}]},{\"@type\":\"BreadcrumbList\",\"@id\":\"https:\/\/www.pm.pb.gov.br\/portal\/2023\/10\/11\/forca-tarefa-combate-crimes-contra-criancas-e-adolescentes\/#breadcrumb\",\"itemListElement\":[{\"@type\":\"ListItem\",\"position\":1,\"name\":\"In\u00edcio\",\"item\":\"https:\/\/www.pm.pb.gov.br\/portal\/\"},{\"@type\":\"ListItem\",\"position\":2,\"name\":\"For\u00e7a-tarefa combate crimes contra crian\u00e7as e adolescentes\"}]},{\"@type\":\"WebSite\",\"@id\":\"https:\/\/www.pm.pb.gov.br\/portal\/#website\",\"url\":\"https:\/\/www.pm.pb.gov.br\/portal\/\",\"name\":\"Pol\u00edcia Militar da Para\u00edba\",\"description\":\"\",\"publisher\":{\"@id\":\"https:\/\/www.pm.pb.gov.br\/portal\/#organization\"},\"potentialAction\":[{\"@type\":\"SearchAction\",\"target\":{\"@type\":\"EntryPoint\",\"urlTemplate\":\"https:\/\/www.pm.pb.gov.br\/portal\/?s={search_term_string}\"},\"query-input\":\"required name=search_term_string\"}],\"inLanguage\":\"pt-BR\"},{\"@type\":\"Organization\",\"@id\":\"https:\/\/www.pm.pb.gov.br\/portal\/#organization\",\"name\":\"Pol\u00edcia Militar da Para\u00edba\",\"url\":\"https:\/\/www.pm.pb.gov.br\/portal\/\",\"logo\":{\"@type\":\"ImageObject\",\"inLanguage\":\"pt-BR\",\"@id\":\"https:\/\/www.pm.pb.gov.br\/portal\/#\/schema\/logo\/image\/\",\"url\":\"https:\/\/www.pm.pb.gov.br\/portal\/wp-content\/uploads\/2025\/03\/cropped-logo-site-mag2-1.png\",\"contentUrl\":\"https:\/\/www.pm.pb.gov.br\/portal\/wp-content\/uploads\/2025\/03\/cropped-logo-site-mag2-1.png\",\"width\":320,\"height\":90,\"caption\":\"Pol\u00edcia Militar da Para\u00edba\"},\"image\":{\"@id\":\"https:\/\/www.pm.pb.gov.br\/portal\/#\/schema\/logo\/image\/\"}},{\"@type\":\"Person\",\"@id\":\"https:\/\/www.pm.pb.gov.br\/portal\/#\/schema\/person\/f84f56dcc78ce4357054da888b8247fd\",\"name\":\"Tarcisio Oliveira\",\"image\":{\"@type\":\"ImageObject\",\"inLanguage\":\"pt-BR\",\"@id\":\"https:\/\/www.pm.pb.gov.br\/portal\/#\/schema\/person\/image\/\",\"url\":\"https:\/\/secure.gravatar.com\/avatar\/72917b630b69d31cd0297507f34bac97?s=96&d=mm&r=g\",\"contentUrl\":\"https:\/\/secure.gravatar.com\/avatar\/72917b630b69d31cd0297507f34bac97?s=96&d=mm&r=g\",\"caption\":\"Tarcisio Oliveira\"},\"url\":\"https:\/\/www.pm.pb.gov.br\/portal\/author\/tarcisio\/\"}]}<\/script>\n<!-- \/ Yoast SEO plugin. -->","yoast_head_json":{"title":"For\u00e7a-tarefa combate crimes contra crian\u00e7as e adolescentes - Pol\u00edcia Militar da Para\u00edba","robots":{"index":"index","follow":"follow","max-snippet":"max-snippet:-1","max-image-preview":"max-image-preview:large","max-video-preview":"max-video-preview:-1"},"canonical":"https:\/\/www.pm.pb.gov.br\/portal\/2023\/10\/11\/forca-tarefa-combate-crimes-contra-criancas-e-adolescentes\/","og_locale":"pt_BR","og_type":"article","og_title":"For\u00e7a-tarefa combate crimes contra crian\u00e7as e adolescentes - Pol\u00edcia Militar da Para\u00edba","og_description":"A For\u00e7a Integrada de Combate ao Crime Organizado na Para\u00edba &#8211; \u00a0FICCO\/PB &#8211; \u00a0composta por policiais federais, policiais rodovi\u00e1rios federais,","og_url":"https:\/\/www.pm.pb.gov.br\/portal\/2023\/10\/11\/forca-tarefa-combate-crimes-contra-criancas-e-adolescentes\/","og_site_name":"Pol\u00edcia Militar da Para\u00edba","article_published_time":"2023-10-11T16:14:20+00:00","article_modified_time":"2023-10-11T16:14:22+00:00","og_image":[{"width":1280,"height":720,"url":"http:\/\/www.pm.pb.gov.br\/portal\/wp-content\/uploads\/2023\/10\/opconjunta.jpeg","type":"image\/jpeg"}],"author":"Tarcisio Oliveira","twitter_card":"summary_large_image","twitter_misc":{"Escrito por":"Tarcisio Oliveira","Est. tempo de leitura":"2 minutos"},"schema":{"@context":"https:\/\/schema.org","@graph":[{"@type":"Article","@id":"https:\/\/www.pm.pb.gov.br\/portal\/2023\/10\/11\/forca-tarefa-combate-crimes-contra-criancas-e-adolescentes\/#article","isPartOf":{"@id":"https:\/\/www.pm.pb.gov.br\/portal\/2023\/10\/11\/forca-tarefa-combate-crimes-contra-criancas-e-adolescentes\/"},"author":{"name":"Tarcisio Oliveira","@id":"https:\/\/www.pm.pb.gov.br\/portal\/#\/schema\/person\/f84f56dcc78ce4357054da888b8247fd"},"headline":"For\u00e7a-tarefa combate crimes contra crian\u00e7as e adolescentes","datePublished":"2023-10-11T16:14:20+00:00","dateModified":"2023-10-11T16:14:22+00:00","mainEntityOfPage":{"@id":"https:\/\/www.pm.pb.gov.br\/portal\/2023\/10\/11\/forca-tarefa-combate-crimes-contra-criancas-e-adolescentes\/"},"wordCount":239,"publisher":{"@id":"https:\/\/www.pm.pb.gov.br\/portal\/#organization"},"articleSection":["A\u00e7\u00f5es Policiais"],"inLanguage":"pt-BR"},{"@type":"WebPage","@id":"https:\/\/www.pm.pb.gov.br\/portal\/2023\/10\/11\/forca-tarefa-combate-crimes-contra-criancas-e-adolescentes\/","url":"https:\/\/www.pm.pb.gov.br\/portal\/2023\/10\/11\/forca-tarefa-combate-crimes-contra-criancas-e-adolescentes\/","name":"For\u00e7a-tarefa combate crimes contra crian\u00e7as e adolescentes - Pol\u00edcia Militar da Para\u00edba","isPartOf":{"@id":"https:\/\/www.pm.pb.gov.br\/portal\/#website"},"datePublished":"2023-10-11T16:14:20+00:00","dateModified":"2023-10-11T16:14:22+00:00","breadcrumb":{"@id":"https:\/\/www.pm.pb.gov.br\/portal\/2023\/10\/11\/forca-tarefa-combate-crimes-contra-criancas-e-adolescentes\/#breadcrumb"},"inLanguage":"pt-BR","potentialAction":[{"@type":"ReadAction","target":["https:\/\/www.pm.pb.gov.br\/portal\/2023\/10\/11\/forca-tarefa-combate-crimes-contra-criancas-e-adolescentes\/"]}]},{"@type":"BreadcrumbList","@id":"https:\/\/www.pm.pb.gov.br\/portal\/2023\/10\/11\/forca-tarefa-combate-crimes-contra-criancas-e-adolescentes\/#breadcrumb","itemListElement":[{"@type":"ListItem","position":1,"name":"In\u00edcio","item":"https:\/\/www.pm.pb.gov.br\/portal\/"},{"@type":"ListItem","position":2,"name":"For\u00e7a-tarefa combate crimes contra crian\u00e7as e adolescentes"}]},{"@type":"WebSite","@id":"https:\/\/www.pm.pb.gov.br\/portal\/#website","url":"https:\/\/www.pm.pb.gov.br\/portal\/","name":"Pol\u00edcia Militar da Para\u00edba","description":"","publisher":{"@id":"https:\/\/www.pm.pb.gov.br\/portal\/#organization"},"potentialAction":[{"@type":"SearchAction","target":{"@type":"EntryPoint","urlTemplate":"https:\/\/www.pm.pb.gov.br\/portal\/?s={search_term_string}"},"query-input":"required name=search_term_string"}],"inLanguage":"pt-BR"},{"@type":"Organization","@id":"https:\/\/www.pm.pb.gov.br\/portal\/#organization","name":"Pol\u00edcia Militar da Para\u00edba","url":"https:\/\/www.pm.pb.gov.br\/portal\/","logo":{"@type":"ImageObject","inLanguage":"pt-BR","@id":"https:\/\/www.pm.pb.gov.br\/portal\/#\/schema\/logo\/image\/","url":"https:\/\/www.pm.pb.gov.br\/portal\/wp-content\/uploads\/2025\/03\/cropped-logo-site-mag2-1.png","contentUrl":"https:\/\/www.pm.pb.gov.br\/portal\/wp-content\/uploads\/2025\/03\/cropped-logo-site-mag2-1.png","width":320,"height":90,"caption":"Pol\u00edcia Militar da Para\u00edba"},"image":{"@id":"https:\/\/www.pm.pb.gov.br\/portal\/#\/schema\/logo\/image\/"}},{"@type":"Person","@id":"https:\/\/www.pm.pb.gov.br\/portal\/#\/schema\/person\/f84f56dcc78ce4357054da888b8247fd","name":"Tarcisio Oliveira","image":{"@type":"ImageObject","inLanguage":"pt-BR","@id":"https:\/\/www.pm.pb.gov.br\/portal\/#\/schema\/person\/image\/","url":"https:\/\/secure.gravatar.com\/avatar\/72917b630b69d31cd0297507f34bac97?s=96&d=mm&r=g","contentUrl":"https:\/\/secure.gravatar.com\/avatar\/72917b630b69d31cd0297507f34bac97?s=96&d=mm&r=g","caption":"Tarcisio Oliveira"},"url":"https:\/\/www.pm.pb.gov.br\/portal\/author\/tarcisio\/"}]}},"_links":{"self":[{"href":"https:\/\/www.pm.pb.gov.br\/portal\/wp-json\/wp\/v2\/posts\/918556"}],"collection":[{"href":"https:\/\/www.pm.pb.gov.br\/portal\/wp-json\/wp\/v2\/posts"}],"about":[{"href":"https:\/\/www.pm.pb.gov.br\/portal\/wp-json\/wp\/v2\/types\/post"}],"author":[{"embeddable":true,"href":"https:\/\/www.pm.pb.gov.br\/portal\/wp-json\/wp\/v2\/users\/12"}],"replies":[{"embeddable":true,"href":"https:\/\/www.pm.pb.gov.br\/portal\/wp-json\/wp\/v2\/comments?post=918556"}],"version-history":[{"count":1,"href":"https:\/\/www.pm.pb.gov.br\/portal\/wp-json\/wp\/v2\/posts\/918556\/revisions"}],"predecessor-version":[{"id":918557,"href":"https:\/\/www.pm.pb.gov.br\/portal\/wp-json\/wp\/v2\/posts\/918556\/revisions\/918557"}],"wp:featuredmedia":[{"embeddable":true,"href":"https:\/\/www.pm.pb.gov.br\/portal\/wp-json\/wp\/v2\/media\/918555"}],"wp:attachment":[{"href":"https:\/\/www.pm.pb.gov.br\/portal\/wp-json\/wp\/v2\/media?parent=918556"}],"wp:term":[{"taxonomy":"category","embeddable":true,"href":"https:\/\/www.pm.pb.gov.br\/portal\/wp-json\/wp\/v2\/categories?post=918556"},{"taxonomy":"post_tag","embeddable":true,"href":"https:\/\/www.pm.pb.gov.br\/portal\/wp-json\/wp\/v2\/tags?post=918556"}],"curies":[{"name":"wp","href":"https:\/\/api.w.org\/{rel}","templated":true}]}}