{"id":918539,"date":"2023-10-09T06:27:00","date_gmt":"2023-10-09T09:27:00","guid":{"rendered":"https:\/\/www.pm.pb.gov.br\/portal\/?p=918539"},"modified":"2023-10-09T17:31:11","modified_gmt":"2023-10-09T20:31:11","slug":"no-sertao-policia-militar-prende-acusado-de-homicidio-e-apreende-armas-de-fogo-e-drogas-em-teixeira","status":"publish","type":"post","link":"https:\/\/www.pm.pb.gov.br\/portal\/2023\/10\/09\/no-sertao-policia-militar-prende-acusado-de-homicidio-e-apreende-armas-de-fogo-e-drogas-em-teixeira\/","title":{"rendered":"No Sert\u00e3o: Pol\u00edcia Militar prende acusado de homic\u00eddio e apreende armas de fogo e drogas, em Teixeira"},"content":{"rendered":"\n<p style=\"text-align: justify;\">A pris\u00e3o de um homem acusado de homic\u00eddio resultou na apreens\u00e3o de duas armas de fogo, drogas e balan\u00e7as de precis\u00e3o, na cidade de Teixeira, no sert\u00e3o do estado. A a\u00e7\u00e3o foi realizada pela Pol\u00edcia Militar atrav\u00e9s da 4\u00aa Companhia do 3\u00ba Batalh\u00e3o, na noite do \u00faltimo domingo (08).<\/p>\n<p style=\"text-align: justify;\">De acordo com a unidade, a pris\u00e3o do acusado aconteceu logo ap\u00f3s o crime, que resultou em uma pessoa morta. Durante as buscas pelo suspeito, os policiais encontraram uma casa usada pelo acusado durante a fuga e, na resid\u00eancia, apreenderam um rev\u00f3lver calibre 38, por\u00e7\u00f5es an\u00e1logas a coca\u00edna, maconha, crack, balan\u00e7as de precis\u00e3o e dinheiro. Na ocasi\u00e3o, duas pessoas foram presas com os entorpecentes.<\/p>\n<p style=\"text-align: justify;\">Quando o acusado foi localizado e preso, apontou o paradeiro de outra arma de fogo, um rev\u00f3lver que havia sido usado para cometer o crime, bem como outras por\u00e7\u00f5es de drogas. Os materiais apreendidos, o suspeito preso, e as duas pessoas que estavam na casa foram encaminhados para a delegacia para os procedimentos cab\u00edveis.\u00a0<\/p>\n<p>A real motiva\u00e7\u00e3o do homic\u00eddio dever\u00e1 ser investigada.<\/p>\n\n\n","protected":false},"excerpt":{"rendered":"<p>A pris\u00e3o de um homem acusado de homic\u00eddio resultou na apreens\u00e3o de duas armas de fogo, drogas e balan\u00e7as de<\/p>\n","protected":false},"author":12,"featured_media":918540,"comment_status":"closed","ping_status":"closed","sticky":false,"template":"","format":"standard","meta":{"_exactmetrics_skip_tracking":false,"_exactmetrics_sitenote_active":false,"_exactmetrics_sitenote_note":"","_exactmetrics_sitenote_category":0,"footnotes":""},"categories":[4],"tags":[],"yoast_head":"<!-- This site is optimized with the Yoast SEO plugin v22.0 - https:\/\/yoast.com\/wordpress\/plugins\/seo\/ -->\n<title>No Sert\u00e3o: Pol\u00edcia Militar prende acusado de homic\u00eddio e apreende armas de fogo e drogas, em Teixeira - Pol\u00edcia Militar da Para\u00edba<\/title>\n<meta name=\"robots\" content=\"index, follow, max-snippet:-1, max-image-preview:large, max-video-preview:-1\" \/>\n<link rel=\"canonical\" href=\"https:\/\/www.pm.pb.gov.br\/portal\/2023\/10\/09\/no-sertao-policia-militar-prende-acusado-de-homicidio-e-apreende-armas-de-fogo-e-drogas-em-teixeira\/\" \/>\n<meta property=\"og:locale\" content=\"pt_BR\" \/>\n<meta property=\"og:type\" content=\"article\" \/>\n<meta property=\"og:title\" content=\"No Sert\u00e3o: Pol\u00edcia Militar prende acusado de homic\u00eddio e apreende armas de fogo e drogas, em Teixeira - Pol\u00edcia Militar da Para\u00edba\" \/>\n<meta property=\"og:description\" content=\"A pris\u00e3o de um homem acusado de homic\u00eddio resultou na apreens\u00e3o de duas armas de fogo, drogas e balan\u00e7as de\" \/>\n<meta property=\"og:url\" content=\"https:\/\/www.pm.pb.gov.br\/portal\/2023\/10\/09\/no-sertao-policia-militar-prende-acusado-de-homicidio-e-apreende-armas-de-fogo-e-drogas-em-teixeira\/\" \/>\n<meta property=\"og:site_name\" content=\"Pol\u00edcia Militar da Para\u00edba\" \/>\n<meta property=\"article:published_time\" content=\"2023-10-09T09:27:00+00:00\" \/>\n<meta property=\"article:modified_time\" content=\"2023-10-09T20:31:11+00:00\" \/>\n<meta property=\"og:image\" content=\"http:\/\/www.pm.pb.gov.br\/portal\/wp-content\/uploads\/2023\/10\/WhatsApp-Image-2023-10-09-at-15.46.03.jpeg\" \/>\n\t<meta property=\"og:image:width\" content=\"800\" \/>\n\t<meta property=\"og:image:height\" content=\"445\" \/>\n\t<meta property=\"og:image:type\" content=\"image\/jpeg\" \/>\n<meta name=\"author\" content=\"Tarcisio Oliveira\" \/>\n<meta name=\"twitter:card\" content=\"summary_large_image\" \/>\n<meta name=\"twitter:label1\" content=\"Escrito por\" \/>\n\t<meta name=\"twitter:data1\" content=\"Tarcisio Oliveira\" \/>\n\t<meta name=\"twitter:label2\" content=\"Est. tempo de leitura\" \/>\n\t<meta name=\"twitter:data2\" content=\"1 minuto\" \/>\n<script type=\"application\/ld+json\" class=\"yoast-schema-graph\">{\"@context\":\"https:\/\/schema.org\",\"@graph\":[{\"@type\":\"Article\",\"@id\":\"https:\/\/www.pm.pb.gov.br\/portal\/2023\/10\/09\/no-sertao-policia-militar-prende-acusado-de-homicidio-e-apreende-armas-de-fogo-e-drogas-em-teixeira\/#article\",\"isPartOf\":{\"@id\":\"https:\/\/www.pm.pb.gov.br\/portal\/2023\/10\/09\/no-sertao-policia-militar-prende-acusado-de-homicidio-e-apreende-armas-de-fogo-e-drogas-em-teixeira\/\"},\"author\":{\"name\":\"Tarcisio Oliveira\",\"@id\":\"https:\/\/www.pm.pb.gov.br\/portal\/#\/schema\/person\/f84f56dcc78ce4357054da888b8247fd\"},\"headline\":\"No Sert\u00e3o: Pol\u00edcia Militar prende acusado de homic\u00eddio e apreende armas de fogo e drogas, em Teixeira\",\"datePublished\":\"2023-10-09T09:27:00+00:00\",\"dateModified\":\"2023-10-09T20:31:11+00:00\",\"mainEntityOfPage\":{\"@id\":\"https:\/\/www.pm.pb.gov.br\/portal\/2023\/10\/09\/no-sertao-policia-militar-prende-acusado-de-homicidio-e-apreende-armas-de-fogo-e-drogas-em-teixeira\/\"},\"wordCount\":216,\"publisher\":{\"@id\":\"https:\/\/www.pm.pb.gov.br\/portal\/#organization\"},\"articleSection\":[\"A\u00e7\u00f5es Policiais\"],\"inLanguage\":\"pt-BR\"},{\"@type\":\"WebPage\",\"@id\":\"https:\/\/www.pm.pb.gov.br\/portal\/2023\/10\/09\/no-sertao-policia-militar-prende-acusado-de-homicidio-e-apreende-armas-de-fogo-e-drogas-em-teixeira\/\",\"url\":\"https:\/\/www.pm.pb.gov.br\/portal\/2023\/10\/09\/no-sertao-policia-militar-prende-acusado-de-homicidio-e-apreende-armas-de-fogo-e-drogas-em-teixeira\/\",\"name\":\"No Sert\u00e3o: Pol\u00edcia Militar prende acusado de homic\u00eddio e apreende armas de fogo e drogas, em Teixeira - Pol\u00edcia Militar da Para\u00edba\",\"isPartOf\":{\"@id\":\"https:\/\/www.pm.pb.gov.br\/portal\/#website\"},\"datePublished\":\"2023-10-09T09:27:00+00:00\",\"dateModified\":\"2023-10-09T20:31:11+00:00\",\"breadcrumb\":{\"@id\":\"https:\/\/www.pm.pb.gov.br\/portal\/2023\/10\/09\/no-sertao-policia-militar-prende-acusado-de-homicidio-e-apreende-armas-de-fogo-e-drogas-em-teixeira\/#breadcrumb\"},\"inLanguage\":\"pt-BR\",\"potentialAction\":[{\"@type\":\"ReadAction\",\"target\":[\"https:\/\/www.pm.pb.gov.br\/portal\/2023\/10\/09\/no-sertao-policia-militar-prende-acusado-de-homicidio-e-apreende-armas-de-fogo-e-drogas-em-teixeira\/\"]}]},{\"@type\":\"BreadcrumbList\",\"@id\":\"https:\/\/www.pm.pb.gov.br\/portal\/2023\/10\/09\/no-sertao-policia-militar-prende-acusado-de-homicidio-e-apreende-armas-de-fogo-e-drogas-em-teixeira\/#breadcrumb\",\"itemListElement\":[{\"@type\":\"ListItem\",\"position\":1,\"name\":\"In\u00edcio\",\"item\":\"https:\/\/www.pm.pb.gov.br\/portal\/\"},{\"@type\":\"ListItem\",\"position\":2,\"name\":\"No Sert\u00e3o: Pol\u00edcia Militar prende acusado de homic\u00eddio e apreende armas de fogo e drogas, em Teixeira\"}]},{\"@type\":\"WebSite\",\"@id\":\"https:\/\/www.pm.pb.gov.br\/portal\/#website\",\"url\":\"https:\/\/www.pm.pb.gov.br\/portal\/\",\"name\":\"Pol\u00edcia Militar da Para\u00edba\",\"description\":\"\",\"publisher\":{\"@id\":\"https:\/\/www.pm.pb.gov.br\/portal\/#organization\"},\"potentialAction\":[{\"@type\":\"SearchAction\",\"target\":{\"@type\":\"EntryPoint\",\"urlTemplate\":\"https:\/\/www.pm.pb.gov.br\/portal\/?s={search_term_string}\"},\"query-input\":\"required name=search_term_string\"}],\"inLanguage\":\"pt-BR\"},{\"@type\":\"Organization\",\"@id\":\"https:\/\/www.pm.pb.gov.br\/portal\/#organization\",\"name\":\"Pol\u00edcia Militar da Para\u00edba\",\"url\":\"https:\/\/www.pm.pb.gov.br\/portal\/\",\"logo\":{\"@type\":\"ImageObject\",\"inLanguage\":\"pt-BR\",\"@id\":\"https:\/\/www.pm.pb.gov.br\/portal\/#\/schema\/logo\/image\/\",\"url\":\"https:\/\/www.pm.pb.gov.br\/portal\/wp-content\/uploads\/2025\/03\/cropped-logo-site-mag2-1.png\",\"contentUrl\":\"https:\/\/www.pm.pb.gov.br\/portal\/wp-content\/uploads\/2025\/03\/cropped-logo-site-mag2-1.png\",\"width\":320,\"height\":90,\"caption\":\"Pol\u00edcia Militar da Para\u00edba\"},\"image\":{\"@id\":\"https:\/\/www.pm.pb.gov.br\/portal\/#\/schema\/logo\/image\/\"}},{\"@type\":\"Person\",\"@id\":\"https:\/\/www.pm.pb.gov.br\/portal\/#\/schema\/person\/f84f56dcc78ce4357054da888b8247fd\",\"name\":\"Tarcisio Oliveira\",\"image\":{\"@type\":\"ImageObject\",\"inLanguage\":\"pt-BR\",\"@id\":\"https:\/\/www.pm.pb.gov.br\/portal\/#\/schema\/person\/image\/\",\"url\":\"https:\/\/secure.gravatar.com\/avatar\/72917b630b69d31cd0297507f34bac97?s=96&d=mm&r=g\",\"contentUrl\":\"https:\/\/secure.gravatar.com\/avatar\/72917b630b69d31cd0297507f34bac97?s=96&d=mm&r=g\",\"caption\":\"Tarcisio Oliveira\"},\"url\":\"https:\/\/www.pm.pb.gov.br\/portal\/author\/tarcisio\/\"}]}<\/script>\n<!-- \/ Yoast SEO plugin. -->","yoast_head_json":{"title":"No Sert\u00e3o: Pol\u00edcia Militar prende acusado de homic\u00eddio e apreende armas de fogo e drogas, em Teixeira - Pol\u00edcia Militar da Para\u00edba","robots":{"index":"index","follow":"follow","max-snippet":"max-snippet:-1","max-image-preview":"max-image-preview:large","max-video-preview":"max-video-preview:-1"},"canonical":"https:\/\/www.pm.pb.gov.br\/portal\/2023\/10\/09\/no-sertao-policia-militar-prende-acusado-de-homicidio-e-apreende-armas-de-fogo-e-drogas-em-teixeira\/","og_locale":"pt_BR","og_type":"article","og_title":"No Sert\u00e3o: Pol\u00edcia Militar prende acusado de homic\u00eddio e apreende armas de fogo e drogas, em Teixeira - Pol\u00edcia Militar da Para\u00edba","og_description":"A pris\u00e3o de um homem acusado de homic\u00eddio resultou na apreens\u00e3o de duas armas de fogo, drogas e balan\u00e7as de","og_url":"https:\/\/www.pm.pb.gov.br\/portal\/2023\/10\/09\/no-sertao-policia-militar-prende-acusado-de-homicidio-e-apreende-armas-de-fogo-e-drogas-em-teixeira\/","og_site_name":"Pol\u00edcia Militar da Para\u00edba","article_published_time":"2023-10-09T09:27:00+00:00","article_modified_time":"2023-10-09T20:31:11+00:00","og_image":[{"width":800,"height":445,"url":"http:\/\/www.pm.pb.gov.br\/portal\/wp-content\/uploads\/2023\/10\/WhatsApp-Image-2023-10-09-at-15.46.03.jpeg","type":"image\/jpeg"}],"author":"Tarcisio Oliveira","twitter_card":"summary_large_image","twitter_misc":{"Escrito por":"Tarcisio Oliveira","Est. tempo de leitura":"1 minuto"},"schema":{"@context":"https:\/\/schema.org","@graph":[{"@type":"Article","@id":"https:\/\/www.pm.pb.gov.br\/portal\/2023\/10\/09\/no-sertao-policia-militar-prende-acusado-de-homicidio-e-apreende-armas-de-fogo-e-drogas-em-teixeira\/#article","isPartOf":{"@id":"https:\/\/www.pm.pb.gov.br\/portal\/2023\/10\/09\/no-sertao-policia-militar-prende-acusado-de-homicidio-e-apreende-armas-de-fogo-e-drogas-em-teixeira\/"},"author":{"name":"Tarcisio Oliveira","@id":"https:\/\/www.pm.pb.gov.br\/portal\/#\/schema\/person\/f84f56dcc78ce4357054da888b8247fd"},"headline":"No Sert\u00e3o: Pol\u00edcia Militar prende acusado de homic\u00eddio e apreende armas de fogo e drogas, em Teixeira","datePublished":"2023-10-09T09:27:00+00:00","dateModified":"2023-10-09T20:31:11+00:00","mainEntityOfPage":{"@id":"https:\/\/www.pm.pb.gov.br\/portal\/2023\/10\/09\/no-sertao-policia-militar-prende-acusado-de-homicidio-e-apreende-armas-de-fogo-e-drogas-em-teixeira\/"},"wordCount":216,"publisher":{"@id":"https:\/\/www.pm.pb.gov.br\/portal\/#organization"},"articleSection":["A\u00e7\u00f5es Policiais"],"inLanguage":"pt-BR"},{"@type":"WebPage","@id":"https:\/\/www.pm.pb.gov.br\/portal\/2023\/10\/09\/no-sertao-policia-militar-prende-acusado-de-homicidio-e-apreende-armas-de-fogo-e-drogas-em-teixeira\/","url":"https:\/\/www.pm.pb.gov.br\/portal\/2023\/10\/09\/no-sertao-policia-militar-prende-acusado-de-homicidio-e-apreende-armas-de-fogo-e-drogas-em-teixeira\/","name":"No Sert\u00e3o: Pol\u00edcia Militar prende acusado de homic\u00eddio e apreende armas de fogo e drogas, em Teixeira - Pol\u00edcia Militar da Para\u00edba","isPartOf":{"@id":"https:\/\/www.pm.pb.gov.br\/portal\/#website"},"datePublished":"2023-10-09T09:27:00+00:00","dateModified":"2023-10-09T20:31:11+00:00","breadcrumb":{"@id":"https:\/\/www.pm.pb.gov.br\/portal\/2023\/10\/09\/no-sertao-policia-militar-prende-acusado-de-homicidio-e-apreende-armas-de-fogo-e-drogas-em-teixeira\/#breadcrumb"},"inLanguage":"pt-BR","potentialAction":[{"@type":"ReadAction","target":["https:\/\/www.pm.pb.gov.br\/portal\/2023\/10\/09\/no-sertao-policia-militar-prende-acusado-de-homicidio-e-apreende-armas-de-fogo-e-drogas-em-teixeira\/"]}]},{"@type":"BreadcrumbList","@id":"https:\/\/www.pm.pb.gov.br\/portal\/2023\/10\/09\/no-sertao-policia-militar-prende-acusado-de-homicidio-e-apreende-armas-de-fogo-e-drogas-em-teixeira\/#breadcrumb","itemListElement":[{"@type":"ListItem","position":1,"name":"In\u00edcio","item":"https:\/\/www.pm.pb.gov.br\/portal\/"},{"@type":"ListItem","position":2,"name":"No Sert\u00e3o: Pol\u00edcia Militar prende acusado de homic\u00eddio e apreende armas de fogo e drogas, em Teixeira"}]},{"@type":"WebSite","@id":"https:\/\/www.pm.pb.gov.br\/portal\/#website","url":"https:\/\/www.pm.pb.gov.br\/portal\/","name":"Pol\u00edcia Militar da Para\u00edba","description":"","publisher":{"@id":"https:\/\/www.pm.pb.gov.br\/portal\/#organization"},"potentialAction":[{"@type":"SearchAction","target":{"@type":"EntryPoint","urlTemplate":"https:\/\/www.pm.pb.gov.br\/portal\/?s={search_term_string}"},"query-input":"required name=search_term_string"}],"inLanguage":"pt-BR"},{"@type":"Organization","@id":"https:\/\/www.pm.pb.gov.br\/portal\/#organization","name":"Pol\u00edcia Militar da Para\u00edba","url":"https:\/\/www.pm.pb.gov.br\/portal\/","logo":{"@type":"ImageObject","inLanguage":"pt-BR","@id":"https:\/\/www.pm.pb.gov.br\/portal\/#\/schema\/logo\/image\/","url":"https:\/\/www.pm.pb.gov.br\/portal\/wp-content\/uploads\/2025\/03\/cropped-logo-site-mag2-1.png","contentUrl":"https:\/\/www.pm.pb.gov.br\/portal\/wp-content\/uploads\/2025\/03\/cropped-logo-site-mag2-1.png","width":320,"height":90,"caption":"Pol\u00edcia Militar da Para\u00edba"},"image":{"@id":"https:\/\/www.pm.pb.gov.br\/portal\/#\/schema\/logo\/image\/"}},{"@type":"Person","@id":"https:\/\/www.pm.pb.gov.br\/portal\/#\/schema\/person\/f84f56dcc78ce4357054da888b8247fd","name":"Tarcisio Oliveira","image":{"@type":"ImageObject","inLanguage":"pt-BR","@id":"https:\/\/www.pm.pb.gov.br\/portal\/#\/schema\/person\/image\/","url":"https:\/\/secure.gravatar.com\/avatar\/72917b630b69d31cd0297507f34bac97?s=96&d=mm&r=g","contentUrl":"https:\/\/secure.gravatar.com\/avatar\/72917b630b69d31cd0297507f34bac97?s=96&d=mm&r=g","caption":"Tarcisio Oliveira"},"url":"https:\/\/www.pm.pb.gov.br\/portal\/author\/tarcisio\/"}]}},"_links":{"self":[{"href":"https:\/\/www.pm.pb.gov.br\/portal\/wp-json\/wp\/v2\/posts\/918539"}],"collection":[{"href":"https:\/\/www.pm.pb.gov.br\/portal\/wp-json\/wp\/v2\/posts"}],"about":[{"href":"https:\/\/www.pm.pb.gov.br\/portal\/wp-json\/wp\/v2\/types\/post"}],"author":[{"embeddable":true,"href":"https:\/\/www.pm.pb.gov.br\/portal\/wp-json\/wp\/v2\/users\/12"}],"replies":[{"embeddable":true,"href":"https:\/\/www.pm.pb.gov.br\/portal\/wp-json\/wp\/v2\/comments?post=918539"}],"version-history":[{"count":2,"href":"https:\/\/www.pm.pb.gov.br\/portal\/wp-json\/wp\/v2\/posts\/918539\/revisions"}],"predecessor-version":[{"id":918542,"href":"https:\/\/www.pm.pb.gov.br\/portal\/wp-json\/wp\/v2\/posts\/918539\/revisions\/918542"}],"wp:featuredmedia":[{"embeddable":true,"href":"https:\/\/www.pm.pb.gov.br\/portal\/wp-json\/wp\/v2\/media\/918540"}],"wp:attachment":[{"href":"https:\/\/www.pm.pb.gov.br\/portal\/wp-json\/wp\/v2\/media?parent=918539"}],"wp:term":[{"taxonomy":"category","embeddable":true,"href":"https:\/\/www.pm.pb.gov.br\/portal\/wp-json\/wp\/v2\/categories?post=918539"},{"taxonomy":"post_tag","embeddable":true,"href":"https:\/\/www.pm.pb.gov.br\/portal\/wp-json\/wp\/v2\/tags?post=918539"}],"curies":[{"name":"wp","href":"https:\/\/api.w.org\/{rel}","templated":true}]}}