{"id":918529,"date":"2023-10-08T10:15:20","date_gmt":"2023-10-08T13:15:20","guid":{"rendered":"https:\/\/www.pm.pb.gov.br\/portal\/?p=918529"},"modified":"2023-10-08T10:15:21","modified_gmt":"2023-10-08T13:15:21","slug":"policia-militar-desarticula-ponto-de-venda-de-drogas-e-prende-casal-por-trafico-em-bayeux","status":"publish","type":"post","link":"https:\/\/www.pm.pb.gov.br\/portal\/2023\/10\/08\/policia-militar-desarticula-ponto-de-venda-de-drogas-e-prende-casal-por-trafico-em-bayeux\/","title":{"rendered":"Pol\u00edcia Militar desarticula ponto de venda de drogas e prende casal por tr\u00e1fico em Bayeux"},"content":{"rendered":"\n\n\n<p>Na noite deste s\u00e1bado (07), a Pol\u00edcia Militar desarticulou um ponto que servia de com\u00e9rcio ilegal de drogas, em Bayeux. Um homem e uma mulher foram presos e com eles apreendida uma pistola de uso exclusivo das for\u00e7as de seguran\u00e7a.<\/p>\n<p>Os policiais da For\u00e7a T\u00e1tica da 4\u00aa Companhia Independente de Pol\u00edcia Militar receberam informa\u00e7\u00f5es de que em uma localidade no bairro M\u00e1rio Andreazza funcionava um ponto de venda de drogas. Chegando no local, os policiais encontraram um casal suspeito e durante as buscas foram encontrados uma arma de fogo, calibre .40, com muni\u00e7\u00f5es intactas e v\u00e1rias por\u00e7\u00f5es de maconha e crack. Tamb\u00e9m foi encontrada uma balan\u00e7a de precis\u00e3o que serviria para pesagem das drogas.<\/p>\n<p>O casal suspeito foi preso e todo material apreendido foi conduzido \u00e0 6\u00aa Delegacia \u00a0Distrital da cidade de Santa Rita,\u00a0 para os procedimentos cab\u00edveis.<\/p>\n","protected":false},"excerpt":{"rendered":"<p>Na noite deste s\u00e1bado (07), a Pol\u00edcia Militar desarticulou um ponto que servia de com\u00e9rcio ilegal de drogas, em Bayeux.<\/p>\n","protected":false},"author":5,"featured_media":918530,"comment_status":"closed","ping_status":"closed","sticky":false,"template":"","format":"standard","meta":{"_exactmetrics_skip_tracking":false,"_exactmetrics_sitenote_active":false,"_exactmetrics_sitenote_note":"","_exactmetrics_sitenote_category":0,"footnotes":""},"categories":[4],"tags":[],"yoast_head":"<!-- This site is optimized with the Yoast SEO plugin v22.0 - https:\/\/yoast.com\/wordpress\/plugins\/seo\/ -->\n<title>Pol\u00edcia Militar desarticula ponto de venda de drogas e prende casal por tr\u00e1fico em Bayeux - Pol\u00edcia Militar da Para\u00edba<\/title>\n<meta name=\"robots\" content=\"index, follow, max-snippet:-1, max-image-preview:large, max-video-preview:-1\" \/>\n<link rel=\"canonical\" href=\"https:\/\/www.pm.pb.gov.br\/portal\/2023\/10\/08\/policia-militar-desarticula-ponto-de-venda-de-drogas-e-prende-casal-por-trafico-em-bayeux\/\" \/>\n<meta property=\"og:locale\" content=\"pt_BR\" \/>\n<meta property=\"og:type\" content=\"article\" \/>\n<meta property=\"og:title\" content=\"Pol\u00edcia Militar desarticula ponto de venda de drogas e prende casal por tr\u00e1fico em Bayeux - Pol\u00edcia Militar da Para\u00edba\" \/>\n<meta property=\"og:description\" content=\"Na noite deste s\u00e1bado (07), a Pol\u00edcia Militar desarticulou um ponto que servia de com\u00e9rcio ilegal de drogas, em Bayeux.\" \/>\n<meta property=\"og:url\" content=\"https:\/\/www.pm.pb.gov.br\/portal\/2023\/10\/08\/policia-militar-desarticula-ponto-de-venda-de-drogas-e-prende-casal-por-trafico-em-bayeux\/\" \/>\n<meta property=\"og:site_name\" content=\"Pol\u00edcia Militar da Para\u00edba\" \/>\n<meta property=\"article:published_time\" content=\"2023-10-08T13:15:20+00:00\" \/>\n<meta property=\"article:modified_time\" content=\"2023-10-08T13:15:21+00:00\" \/>\n<meta property=\"og:image\" content=\"http:\/\/www.pm.pb.gov.br\/portal\/wp-content\/uploads\/2023\/10\/material-apreendido.jpg\" \/>\n\t<meta property=\"og:image:width\" content=\"2102\" \/>\n\t<meta property=\"og:image:height\" content=\"1169\" \/>\n\t<meta property=\"og:image:type\" content=\"image\/jpeg\" \/>\n<meta name=\"author\" content=\"Assessoria de Imprensa da PMPB\" \/>\n<meta name=\"twitter:card\" content=\"summary_large_image\" \/>\n<meta name=\"twitter:label1\" content=\"Escrito por\" \/>\n\t<meta name=\"twitter:data1\" content=\"Assessoria de Imprensa da PMPB\" \/>\n\t<meta name=\"twitter:label2\" content=\"Est. tempo de leitura\" \/>\n\t<meta name=\"twitter:data2\" content=\"1 minuto\" \/>\n<script type=\"application\/ld+json\" class=\"yoast-schema-graph\">{\"@context\":\"https:\/\/schema.org\",\"@graph\":[{\"@type\":\"Article\",\"@id\":\"https:\/\/www.pm.pb.gov.br\/portal\/2023\/10\/08\/policia-militar-desarticula-ponto-de-venda-de-drogas-e-prende-casal-por-trafico-em-bayeux\/#article\",\"isPartOf\":{\"@id\":\"https:\/\/www.pm.pb.gov.br\/portal\/2023\/10\/08\/policia-militar-desarticula-ponto-de-venda-de-drogas-e-prende-casal-por-trafico-em-bayeux\/\"},\"author\":{\"name\":\"Assessoria de Imprensa da PMPB\",\"@id\":\"https:\/\/www.pm.pb.gov.br\/portal\/#\/schema\/person\/e8454f46651c3ecf0e1ba3c1666d9947\"},\"headline\":\"Pol\u00edcia Militar desarticula ponto de venda de drogas e prende casal por tr\u00e1fico em Bayeux\",\"datePublished\":\"2023-10-08T13:15:20+00:00\",\"dateModified\":\"2023-10-08T13:15:21+00:00\",\"mainEntityOfPage\":{\"@id\":\"https:\/\/www.pm.pb.gov.br\/portal\/2023\/10\/08\/policia-militar-desarticula-ponto-de-venda-de-drogas-e-prende-casal-por-trafico-em-bayeux\/\"},\"wordCount\":167,\"publisher\":{\"@id\":\"https:\/\/www.pm.pb.gov.br\/portal\/#organization\"},\"articleSection\":[\"A\u00e7\u00f5es Policiais\"],\"inLanguage\":\"pt-BR\"},{\"@type\":\"WebPage\",\"@id\":\"https:\/\/www.pm.pb.gov.br\/portal\/2023\/10\/08\/policia-militar-desarticula-ponto-de-venda-de-drogas-e-prende-casal-por-trafico-em-bayeux\/\",\"url\":\"https:\/\/www.pm.pb.gov.br\/portal\/2023\/10\/08\/policia-militar-desarticula-ponto-de-venda-de-drogas-e-prende-casal-por-trafico-em-bayeux\/\",\"name\":\"Pol\u00edcia Militar desarticula ponto de venda de drogas e prende casal por tr\u00e1fico em Bayeux - Pol\u00edcia Militar da Para\u00edba\",\"isPartOf\":{\"@id\":\"https:\/\/www.pm.pb.gov.br\/portal\/#website\"},\"datePublished\":\"2023-10-08T13:15:20+00:00\",\"dateModified\":\"2023-10-08T13:15:21+00:00\",\"breadcrumb\":{\"@id\":\"https:\/\/www.pm.pb.gov.br\/portal\/2023\/10\/08\/policia-militar-desarticula-ponto-de-venda-de-drogas-e-prende-casal-por-trafico-em-bayeux\/#breadcrumb\"},\"inLanguage\":\"pt-BR\",\"potentialAction\":[{\"@type\":\"ReadAction\",\"target\":[\"https:\/\/www.pm.pb.gov.br\/portal\/2023\/10\/08\/policia-militar-desarticula-ponto-de-venda-de-drogas-e-prende-casal-por-trafico-em-bayeux\/\"]}]},{\"@type\":\"BreadcrumbList\",\"@id\":\"https:\/\/www.pm.pb.gov.br\/portal\/2023\/10\/08\/policia-militar-desarticula-ponto-de-venda-de-drogas-e-prende-casal-por-trafico-em-bayeux\/#breadcrumb\",\"itemListElement\":[{\"@type\":\"ListItem\",\"position\":1,\"name\":\"In\u00edcio\",\"item\":\"https:\/\/www.pm.pb.gov.br\/portal\/\"},{\"@type\":\"ListItem\",\"position\":2,\"name\":\"Pol\u00edcia Militar desarticula ponto de venda de drogas e prende casal por tr\u00e1fico em Bayeux\"}]},{\"@type\":\"WebSite\",\"@id\":\"https:\/\/www.pm.pb.gov.br\/portal\/#website\",\"url\":\"https:\/\/www.pm.pb.gov.br\/portal\/\",\"name\":\"Pol\u00edcia Militar da Para\u00edba\",\"description\":\"\",\"publisher\":{\"@id\":\"https:\/\/www.pm.pb.gov.br\/portal\/#organization\"},\"potentialAction\":[{\"@type\":\"SearchAction\",\"target\":{\"@type\":\"EntryPoint\",\"urlTemplate\":\"https:\/\/www.pm.pb.gov.br\/portal\/?s={search_term_string}\"},\"query-input\":\"required name=search_term_string\"}],\"inLanguage\":\"pt-BR\"},{\"@type\":\"Organization\",\"@id\":\"https:\/\/www.pm.pb.gov.br\/portal\/#organization\",\"name\":\"Pol\u00edcia Militar da Para\u00edba\",\"url\":\"https:\/\/www.pm.pb.gov.br\/portal\/\",\"logo\":{\"@type\":\"ImageObject\",\"inLanguage\":\"pt-BR\",\"@id\":\"https:\/\/www.pm.pb.gov.br\/portal\/#\/schema\/logo\/image\/\",\"url\":\"https:\/\/www.pm.pb.gov.br\/portal\/wp-content\/uploads\/2025\/03\/cropped-logo-site-mag2-1.png\",\"contentUrl\":\"https:\/\/www.pm.pb.gov.br\/portal\/wp-content\/uploads\/2025\/03\/cropped-logo-site-mag2-1.png\",\"width\":320,\"height\":90,\"caption\":\"Pol\u00edcia Militar da Para\u00edba\"},\"image\":{\"@id\":\"https:\/\/www.pm.pb.gov.br\/portal\/#\/schema\/logo\/image\/\"}},{\"@type\":\"Person\",\"@id\":\"https:\/\/www.pm.pb.gov.br\/portal\/#\/schema\/person\/e8454f46651c3ecf0e1ba3c1666d9947\",\"name\":\"Assessoria de Imprensa da PMPB\",\"image\":{\"@type\":\"ImageObject\",\"inLanguage\":\"pt-BR\",\"@id\":\"https:\/\/www.pm.pb.gov.br\/portal\/#\/schema\/person\/image\/\",\"url\":\"https:\/\/secure.gravatar.com\/avatar\/2efe197438265d1e90bd98c4c8e1acf8?s=96&d=mm&r=g\",\"contentUrl\":\"https:\/\/secure.gravatar.com\/avatar\/2efe197438265d1e90bd98c4c8e1acf8?s=96&d=mm&r=g\",\"caption\":\"Assessoria de Imprensa da PMPB\"},\"url\":\"https:\/\/www.pm.pb.gov.br\/portal\/author\/assessoria\/\"}]}<\/script>\n<!-- \/ Yoast SEO plugin. -->","yoast_head_json":{"title":"Pol\u00edcia Militar desarticula ponto de venda de drogas e prende casal por tr\u00e1fico em Bayeux - Pol\u00edcia Militar da Para\u00edba","robots":{"index":"index","follow":"follow","max-snippet":"max-snippet:-1","max-image-preview":"max-image-preview:large","max-video-preview":"max-video-preview:-1"},"canonical":"https:\/\/www.pm.pb.gov.br\/portal\/2023\/10\/08\/policia-militar-desarticula-ponto-de-venda-de-drogas-e-prende-casal-por-trafico-em-bayeux\/","og_locale":"pt_BR","og_type":"article","og_title":"Pol\u00edcia Militar desarticula ponto de venda de drogas e prende casal por tr\u00e1fico em Bayeux - Pol\u00edcia Militar da Para\u00edba","og_description":"Na noite deste s\u00e1bado (07), a Pol\u00edcia Militar desarticulou um ponto que servia de com\u00e9rcio ilegal de drogas, em Bayeux.","og_url":"https:\/\/www.pm.pb.gov.br\/portal\/2023\/10\/08\/policia-militar-desarticula-ponto-de-venda-de-drogas-e-prende-casal-por-trafico-em-bayeux\/","og_site_name":"Pol\u00edcia Militar da Para\u00edba","article_published_time":"2023-10-08T13:15:20+00:00","article_modified_time":"2023-10-08T13:15:21+00:00","og_image":[{"width":2102,"height":1169,"url":"http:\/\/www.pm.pb.gov.br\/portal\/wp-content\/uploads\/2023\/10\/material-apreendido.jpg","type":"image\/jpeg"}],"author":"Assessoria de Imprensa da PMPB","twitter_card":"summary_large_image","twitter_misc":{"Escrito por":"Assessoria de Imprensa da PMPB","Est. tempo de leitura":"1 minuto"},"schema":{"@context":"https:\/\/schema.org","@graph":[{"@type":"Article","@id":"https:\/\/www.pm.pb.gov.br\/portal\/2023\/10\/08\/policia-militar-desarticula-ponto-de-venda-de-drogas-e-prende-casal-por-trafico-em-bayeux\/#article","isPartOf":{"@id":"https:\/\/www.pm.pb.gov.br\/portal\/2023\/10\/08\/policia-militar-desarticula-ponto-de-venda-de-drogas-e-prende-casal-por-trafico-em-bayeux\/"},"author":{"name":"Assessoria de Imprensa da PMPB","@id":"https:\/\/www.pm.pb.gov.br\/portal\/#\/schema\/person\/e8454f46651c3ecf0e1ba3c1666d9947"},"headline":"Pol\u00edcia Militar desarticula ponto de venda de drogas e prende casal por tr\u00e1fico em Bayeux","datePublished":"2023-10-08T13:15:20+00:00","dateModified":"2023-10-08T13:15:21+00:00","mainEntityOfPage":{"@id":"https:\/\/www.pm.pb.gov.br\/portal\/2023\/10\/08\/policia-militar-desarticula-ponto-de-venda-de-drogas-e-prende-casal-por-trafico-em-bayeux\/"},"wordCount":167,"publisher":{"@id":"https:\/\/www.pm.pb.gov.br\/portal\/#organization"},"articleSection":["A\u00e7\u00f5es Policiais"],"inLanguage":"pt-BR"},{"@type":"WebPage","@id":"https:\/\/www.pm.pb.gov.br\/portal\/2023\/10\/08\/policia-militar-desarticula-ponto-de-venda-de-drogas-e-prende-casal-por-trafico-em-bayeux\/","url":"https:\/\/www.pm.pb.gov.br\/portal\/2023\/10\/08\/policia-militar-desarticula-ponto-de-venda-de-drogas-e-prende-casal-por-trafico-em-bayeux\/","name":"Pol\u00edcia Militar desarticula ponto de venda de drogas e prende casal por tr\u00e1fico em Bayeux - Pol\u00edcia Militar da Para\u00edba","isPartOf":{"@id":"https:\/\/www.pm.pb.gov.br\/portal\/#website"},"datePublished":"2023-10-08T13:15:20+00:00","dateModified":"2023-10-08T13:15:21+00:00","breadcrumb":{"@id":"https:\/\/www.pm.pb.gov.br\/portal\/2023\/10\/08\/policia-militar-desarticula-ponto-de-venda-de-drogas-e-prende-casal-por-trafico-em-bayeux\/#breadcrumb"},"inLanguage":"pt-BR","potentialAction":[{"@type":"ReadAction","target":["https:\/\/www.pm.pb.gov.br\/portal\/2023\/10\/08\/policia-militar-desarticula-ponto-de-venda-de-drogas-e-prende-casal-por-trafico-em-bayeux\/"]}]},{"@type":"BreadcrumbList","@id":"https:\/\/www.pm.pb.gov.br\/portal\/2023\/10\/08\/policia-militar-desarticula-ponto-de-venda-de-drogas-e-prende-casal-por-trafico-em-bayeux\/#breadcrumb","itemListElement":[{"@type":"ListItem","position":1,"name":"In\u00edcio","item":"https:\/\/www.pm.pb.gov.br\/portal\/"},{"@type":"ListItem","position":2,"name":"Pol\u00edcia Militar desarticula ponto de venda de drogas e prende casal por tr\u00e1fico em Bayeux"}]},{"@type":"WebSite","@id":"https:\/\/www.pm.pb.gov.br\/portal\/#website","url":"https:\/\/www.pm.pb.gov.br\/portal\/","name":"Pol\u00edcia Militar da Para\u00edba","description":"","publisher":{"@id":"https:\/\/www.pm.pb.gov.br\/portal\/#organization"},"potentialAction":[{"@type":"SearchAction","target":{"@type":"EntryPoint","urlTemplate":"https:\/\/www.pm.pb.gov.br\/portal\/?s={search_term_string}"},"query-input":"required name=search_term_string"}],"inLanguage":"pt-BR"},{"@type":"Organization","@id":"https:\/\/www.pm.pb.gov.br\/portal\/#organization","name":"Pol\u00edcia Militar da Para\u00edba","url":"https:\/\/www.pm.pb.gov.br\/portal\/","logo":{"@type":"ImageObject","inLanguage":"pt-BR","@id":"https:\/\/www.pm.pb.gov.br\/portal\/#\/schema\/logo\/image\/","url":"https:\/\/www.pm.pb.gov.br\/portal\/wp-content\/uploads\/2025\/03\/cropped-logo-site-mag2-1.png","contentUrl":"https:\/\/www.pm.pb.gov.br\/portal\/wp-content\/uploads\/2025\/03\/cropped-logo-site-mag2-1.png","width":320,"height":90,"caption":"Pol\u00edcia Militar da Para\u00edba"},"image":{"@id":"https:\/\/www.pm.pb.gov.br\/portal\/#\/schema\/logo\/image\/"}},{"@type":"Person","@id":"https:\/\/www.pm.pb.gov.br\/portal\/#\/schema\/person\/e8454f46651c3ecf0e1ba3c1666d9947","name":"Assessoria de Imprensa da PMPB","image":{"@type":"ImageObject","inLanguage":"pt-BR","@id":"https:\/\/www.pm.pb.gov.br\/portal\/#\/schema\/person\/image\/","url":"https:\/\/secure.gravatar.com\/avatar\/2efe197438265d1e90bd98c4c8e1acf8?s=96&d=mm&r=g","contentUrl":"https:\/\/secure.gravatar.com\/avatar\/2efe197438265d1e90bd98c4c8e1acf8?s=96&d=mm&r=g","caption":"Assessoria de Imprensa da PMPB"},"url":"https:\/\/www.pm.pb.gov.br\/portal\/author\/assessoria\/"}]}},"_links":{"self":[{"href":"https:\/\/www.pm.pb.gov.br\/portal\/wp-json\/wp\/v2\/posts\/918529"}],"collection":[{"href":"https:\/\/www.pm.pb.gov.br\/portal\/wp-json\/wp\/v2\/posts"}],"about":[{"href":"https:\/\/www.pm.pb.gov.br\/portal\/wp-json\/wp\/v2\/types\/post"}],"author":[{"embeddable":true,"href":"https:\/\/www.pm.pb.gov.br\/portal\/wp-json\/wp\/v2\/users\/5"}],"replies":[{"embeddable":true,"href":"https:\/\/www.pm.pb.gov.br\/portal\/wp-json\/wp\/v2\/comments?post=918529"}],"version-history":[{"count":1,"href":"https:\/\/www.pm.pb.gov.br\/portal\/wp-json\/wp\/v2\/posts\/918529\/revisions"}],"predecessor-version":[{"id":918531,"href":"https:\/\/www.pm.pb.gov.br\/portal\/wp-json\/wp\/v2\/posts\/918529\/revisions\/918531"}],"wp:featuredmedia":[{"embeddable":true,"href":"https:\/\/www.pm.pb.gov.br\/portal\/wp-json\/wp\/v2\/media\/918530"}],"wp:attachment":[{"href":"https:\/\/www.pm.pb.gov.br\/portal\/wp-json\/wp\/v2\/media?parent=918529"}],"wp:term":[{"taxonomy":"category","embeddable":true,"href":"https:\/\/www.pm.pb.gov.br\/portal\/wp-json\/wp\/v2\/categories?post=918529"},{"taxonomy":"post_tag","embeddable":true,"href":"https:\/\/www.pm.pb.gov.br\/portal\/wp-json\/wp\/v2\/tags?post=918529"}],"curies":[{"name":"wp","href":"https:\/\/api.w.org\/{rel}","templated":true}]}}