{"id":918527,"date":"2023-10-05T17:44:21","date_gmt":"2023-10-05T20:44:21","guid":{"rendered":"https:\/\/www.pm.pb.gov.br\/portal\/?p=918527"},"modified":"2023-10-05T17:44:23","modified_gmt":"2023-10-05T20:44:23","slug":"policia-militar-prende-acusado-com-mais-de-9-anos-de-condenacao-pelos-crimes-de-roubo-e-corrupcao-de-menores","status":"publish","type":"post","link":"https:\/\/www.pm.pb.gov.br\/portal\/2023\/10\/05\/policia-militar-prende-acusado-com-mais-de-9-anos-de-condenacao-pelos-crimes-de-roubo-e-corrupcao-de-menores\/","title":{"rendered":"Pol\u00edcia Militar prende acusado com mais de 9 anos de condena\u00e7\u00e3o pelos crimes de roubo e corrup\u00e7\u00e3o de menores"},"content":{"rendered":"\n<p style=\"text-align: justify;\"><span style=\"font-size: 14.0pt;\">Um homem foragido da Justi\u00e7a, com nove anos e quatro meses de condena\u00e7\u00e3o pelos crimes de roubo e corrup\u00e7\u00e3o de menores, foi preso pela Pol\u00edcia Militar na tarde desta quinta-feira (05). A captura do acusado aconteceu na cidade de Bayeux, na grande Jo\u00e3o Pessoa (foto acima ilustrativa).<\/span><\/p>\n<p style=\"text-align: justify;\"><span style=\"font-size: 14.0pt;\">O foragido preso tem 50 anos de idade e foi localizado pelos policiais da 4\u00aa Companhia Independente. \u201cO acusado foi abordado pelas nossas guarni\u00e7\u00f5es quando transitava em uma motocicleta na regi\u00e3o do Alto da Boa Vista. Durante a verifica\u00e7\u00e3o do nome do abordado, foi constatado que contra ele havia um mandado de pris\u00e3o em aberto, expedido pela 1\u00aa Vara Mista da cidade, pelos crimes de roubo e corrup\u00e7\u00e3o de menores, previsto no Estatuto da Crian\u00e7a e do Adolescente\u201d, explicou o major Sena, comandante da Unidade.<\/span><\/p>\n<p style=\"text-align: justify;\"><span style=\"font-size: 14.0pt;\">Ainda segundo a 4\u00aa CIPM, a pena apontada pelo mandado era de nove anos e quatro meses de pris\u00e3o em regime fechado. O acusado preso foi encaminhado para a 5\u00aa Delegacia Distrital para os procedimentos cab\u00edveis.<\/span><\/p>\n<p style=\"text-align: justify;\"><b><span style=\"font-size: 14.0pt;\">Outras a\u00e7\u00f5es \u2013 <\/span><\/b><span style=\"font-size: 14.0pt;\">Cerca de 60 pessoas, entre adultos e menores, foram conduzidas \u00e0s delegacias em Bayeux, no \u00faltimo m\u00eas de setembro, por diversos delitos e atos infracionais. Os dados s\u00e3o da 4\u00aa CIPM, que vem intensificando as a\u00e7\u00f5es preventivas e ostensivas na \u00e1rea. As a\u00e7\u00f5es resultaram ainda na apreens\u00e3o de 14 armas de fogo, entre pistolas, rev\u00f3lveres e espingardas que circulavam ilegalmente e eram usadas para crimes.<\/span><\/p>\n\n\n","protected":false},"excerpt":{"rendered":"<p>Um homem foragido da Justi\u00e7a, com nove anos e quatro meses de condena\u00e7\u00e3o pelos crimes de roubo e corrup\u00e7\u00e3o de<\/p>\n","protected":false},"author":12,"featured_media":913089,"comment_status":"closed","ping_status":"closed","sticky":false,"template":"","format":"standard","meta":{"_exactmetrics_skip_tracking":false,"_exactmetrics_sitenote_active":false,"_exactmetrics_sitenote_note":"","_exactmetrics_sitenote_category":0,"footnotes":""},"categories":[4],"tags":[],"yoast_head":"<!-- This site is optimized with the Yoast SEO plugin v22.0 - https:\/\/yoast.com\/wordpress\/plugins\/seo\/ -->\n<title>Pol\u00edcia Militar prende acusado com mais de 9 anos de condena\u00e7\u00e3o pelos crimes de roubo e corrup\u00e7\u00e3o de menores - Pol\u00edcia Militar da Para\u00edba<\/title>\n<meta name=\"robots\" content=\"index, follow, max-snippet:-1, max-image-preview:large, max-video-preview:-1\" \/>\n<link rel=\"canonical\" href=\"https:\/\/www.pm.pb.gov.br\/portal\/2023\/10\/05\/policia-militar-prende-acusado-com-mais-de-9-anos-de-condenacao-pelos-crimes-de-roubo-e-corrupcao-de-menores\/\" \/>\n<meta property=\"og:locale\" content=\"pt_BR\" \/>\n<meta property=\"og:type\" content=\"article\" \/>\n<meta property=\"og:title\" content=\"Pol\u00edcia Militar prende acusado com mais de 9 anos de condena\u00e7\u00e3o pelos crimes de roubo e corrup\u00e7\u00e3o de menores - Pol\u00edcia Militar da Para\u00edba\" \/>\n<meta property=\"og:description\" content=\"Um homem foragido da Justi\u00e7a, com nove anos e quatro meses de condena\u00e7\u00e3o pelos crimes de roubo e corrup\u00e7\u00e3o de\" \/>\n<meta property=\"og:url\" content=\"https:\/\/www.pm.pb.gov.br\/portal\/2023\/10\/05\/policia-militar-prende-acusado-com-mais-de-9-anos-de-condenacao-pelos-crimes-de-roubo-e-corrupcao-de-menores\/\" \/>\n<meta property=\"og:site_name\" content=\"Pol\u00edcia Militar da Para\u00edba\" \/>\n<meta property=\"article:published_time\" content=\"2023-10-05T20:44:21+00:00\" \/>\n<meta property=\"article:modified_time\" content=\"2023-10-05T20:44:23+00:00\" \/>\n<meta property=\"og:image\" content=\"http:\/\/www.pm.pb.gov.br\/portal\/wp-content\/uploads\/2021\/11\/4cipm.jpeg\" \/>\n\t<meta property=\"og:image:width\" content=\"800\" \/>\n\t<meta property=\"og:image:height\" content=\"445\" \/>\n\t<meta property=\"og:image:type\" content=\"image\/jpeg\" \/>\n<meta name=\"author\" content=\"Tarcisio Oliveira\" \/>\n<meta name=\"twitter:card\" content=\"summary_large_image\" \/>\n<meta name=\"twitter:label1\" content=\"Escrito por\" \/>\n\t<meta name=\"twitter:data1\" content=\"Tarcisio Oliveira\" \/>\n\t<meta name=\"twitter:label2\" content=\"Est. tempo de leitura\" \/>\n\t<meta name=\"twitter:data2\" content=\"2 minutos\" \/>\n<script type=\"application\/ld+json\" class=\"yoast-schema-graph\">{\"@context\":\"https:\/\/schema.org\",\"@graph\":[{\"@type\":\"Article\",\"@id\":\"https:\/\/www.pm.pb.gov.br\/portal\/2023\/10\/05\/policia-militar-prende-acusado-com-mais-de-9-anos-de-condenacao-pelos-crimes-de-roubo-e-corrupcao-de-menores\/#article\",\"isPartOf\":{\"@id\":\"https:\/\/www.pm.pb.gov.br\/portal\/2023\/10\/05\/policia-militar-prende-acusado-com-mais-de-9-anos-de-condenacao-pelos-crimes-de-roubo-e-corrupcao-de-menores\/\"},\"author\":{\"name\":\"Tarcisio Oliveira\",\"@id\":\"https:\/\/www.pm.pb.gov.br\/portal\/#\/schema\/person\/f84f56dcc78ce4357054da888b8247fd\"},\"headline\":\"Pol\u00edcia Militar prende acusado com mais de 9 anos de condena\u00e7\u00e3o pelos crimes de roubo e corrup\u00e7\u00e3o de menores\",\"datePublished\":\"2023-10-05T20:44:21+00:00\",\"dateModified\":\"2023-10-05T20:44:23+00:00\",\"mainEntityOfPage\":{\"@id\":\"https:\/\/www.pm.pb.gov.br\/portal\/2023\/10\/05\/policia-militar-prende-acusado-com-mais-de-9-anos-de-condenacao-pelos-crimes-de-roubo-e-corrupcao-de-menores\/\"},\"wordCount\":267,\"publisher\":{\"@id\":\"https:\/\/www.pm.pb.gov.br\/portal\/#organization\"},\"articleSection\":[\"A\u00e7\u00f5es Policiais\"],\"inLanguage\":\"pt-BR\"},{\"@type\":\"WebPage\",\"@id\":\"https:\/\/www.pm.pb.gov.br\/portal\/2023\/10\/05\/policia-militar-prende-acusado-com-mais-de-9-anos-de-condenacao-pelos-crimes-de-roubo-e-corrupcao-de-menores\/\",\"url\":\"https:\/\/www.pm.pb.gov.br\/portal\/2023\/10\/05\/policia-militar-prende-acusado-com-mais-de-9-anos-de-condenacao-pelos-crimes-de-roubo-e-corrupcao-de-menores\/\",\"name\":\"Pol\u00edcia Militar prende acusado com mais de 9 anos de condena\u00e7\u00e3o pelos crimes de roubo e corrup\u00e7\u00e3o de menores - Pol\u00edcia Militar da Para\u00edba\",\"isPartOf\":{\"@id\":\"https:\/\/www.pm.pb.gov.br\/portal\/#website\"},\"datePublished\":\"2023-10-05T20:44:21+00:00\",\"dateModified\":\"2023-10-05T20:44:23+00:00\",\"breadcrumb\":{\"@id\":\"https:\/\/www.pm.pb.gov.br\/portal\/2023\/10\/05\/policia-militar-prende-acusado-com-mais-de-9-anos-de-condenacao-pelos-crimes-de-roubo-e-corrupcao-de-menores\/#breadcrumb\"},\"inLanguage\":\"pt-BR\",\"potentialAction\":[{\"@type\":\"ReadAction\",\"target\":[\"https:\/\/www.pm.pb.gov.br\/portal\/2023\/10\/05\/policia-militar-prende-acusado-com-mais-de-9-anos-de-condenacao-pelos-crimes-de-roubo-e-corrupcao-de-menores\/\"]}]},{\"@type\":\"BreadcrumbList\",\"@id\":\"https:\/\/www.pm.pb.gov.br\/portal\/2023\/10\/05\/policia-militar-prende-acusado-com-mais-de-9-anos-de-condenacao-pelos-crimes-de-roubo-e-corrupcao-de-menores\/#breadcrumb\",\"itemListElement\":[{\"@type\":\"ListItem\",\"position\":1,\"name\":\"In\u00edcio\",\"item\":\"https:\/\/www.pm.pb.gov.br\/portal\/\"},{\"@type\":\"ListItem\",\"position\":2,\"name\":\"Pol\u00edcia Militar prende acusado com mais de 9 anos de condena\u00e7\u00e3o pelos crimes de roubo e corrup\u00e7\u00e3o de menores\"}]},{\"@type\":\"WebSite\",\"@id\":\"https:\/\/www.pm.pb.gov.br\/portal\/#website\",\"url\":\"https:\/\/www.pm.pb.gov.br\/portal\/\",\"name\":\"Pol\u00edcia Militar da Para\u00edba\",\"description\":\"\",\"publisher\":{\"@id\":\"https:\/\/www.pm.pb.gov.br\/portal\/#organization\"},\"potentialAction\":[{\"@type\":\"SearchAction\",\"target\":{\"@type\":\"EntryPoint\",\"urlTemplate\":\"https:\/\/www.pm.pb.gov.br\/portal\/?s={search_term_string}\"},\"query-input\":\"required name=search_term_string\"}],\"inLanguage\":\"pt-BR\"},{\"@type\":\"Organization\",\"@id\":\"https:\/\/www.pm.pb.gov.br\/portal\/#organization\",\"name\":\"Pol\u00edcia Militar da Para\u00edba\",\"url\":\"https:\/\/www.pm.pb.gov.br\/portal\/\",\"logo\":{\"@type\":\"ImageObject\",\"inLanguage\":\"pt-BR\",\"@id\":\"https:\/\/www.pm.pb.gov.br\/portal\/#\/schema\/logo\/image\/\",\"url\":\"https:\/\/www.pm.pb.gov.br\/portal\/wp-content\/uploads\/2025\/03\/cropped-logo-site-mag2-1.png\",\"contentUrl\":\"https:\/\/www.pm.pb.gov.br\/portal\/wp-content\/uploads\/2025\/03\/cropped-logo-site-mag2-1.png\",\"width\":320,\"height\":90,\"caption\":\"Pol\u00edcia Militar da Para\u00edba\"},\"image\":{\"@id\":\"https:\/\/www.pm.pb.gov.br\/portal\/#\/schema\/logo\/image\/\"}},{\"@type\":\"Person\",\"@id\":\"https:\/\/www.pm.pb.gov.br\/portal\/#\/schema\/person\/f84f56dcc78ce4357054da888b8247fd\",\"name\":\"Tarcisio Oliveira\",\"image\":{\"@type\":\"ImageObject\",\"inLanguage\":\"pt-BR\",\"@id\":\"https:\/\/www.pm.pb.gov.br\/portal\/#\/schema\/person\/image\/\",\"url\":\"https:\/\/secure.gravatar.com\/avatar\/72917b630b69d31cd0297507f34bac97?s=96&d=mm&r=g\",\"contentUrl\":\"https:\/\/secure.gravatar.com\/avatar\/72917b630b69d31cd0297507f34bac97?s=96&d=mm&r=g\",\"caption\":\"Tarcisio Oliveira\"},\"url\":\"https:\/\/www.pm.pb.gov.br\/portal\/author\/tarcisio\/\"}]}<\/script>\n<!-- \/ Yoast SEO plugin. -->","yoast_head_json":{"title":"Pol\u00edcia Militar prende acusado com mais de 9 anos de condena\u00e7\u00e3o pelos crimes de roubo e corrup\u00e7\u00e3o de menores - Pol\u00edcia Militar da Para\u00edba","robots":{"index":"index","follow":"follow","max-snippet":"max-snippet:-1","max-image-preview":"max-image-preview:large","max-video-preview":"max-video-preview:-1"},"canonical":"https:\/\/www.pm.pb.gov.br\/portal\/2023\/10\/05\/policia-militar-prende-acusado-com-mais-de-9-anos-de-condenacao-pelos-crimes-de-roubo-e-corrupcao-de-menores\/","og_locale":"pt_BR","og_type":"article","og_title":"Pol\u00edcia Militar prende acusado com mais de 9 anos de condena\u00e7\u00e3o pelos crimes de roubo e corrup\u00e7\u00e3o de menores - Pol\u00edcia Militar da Para\u00edba","og_description":"Um homem foragido da Justi\u00e7a, com nove anos e quatro meses de condena\u00e7\u00e3o pelos crimes de roubo e corrup\u00e7\u00e3o de","og_url":"https:\/\/www.pm.pb.gov.br\/portal\/2023\/10\/05\/policia-militar-prende-acusado-com-mais-de-9-anos-de-condenacao-pelos-crimes-de-roubo-e-corrupcao-de-menores\/","og_site_name":"Pol\u00edcia Militar da Para\u00edba","article_published_time":"2023-10-05T20:44:21+00:00","article_modified_time":"2023-10-05T20:44:23+00:00","og_image":[{"width":800,"height":445,"url":"http:\/\/www.pm.pb.gov.br\/portal\/wp-content\/uploads\/2021\/11\/4cipm.jpeg","type":"image\/jpeg"}],"author":"Tarcisio Oliveira","twitter_card":"summary_large_image","twitter_misc":{"Escrito por":"Tarcisio Oliveira","Est. tempo de leitura":"2 minutos"},"schema":{"@context":"https:\/\/schema.org","@graph":[{"@type":"Article","@id":"https:\/\/www.pm.pb.gov.br\/portal\/2023\/10\/05\/policia-militar-prende-acusado-com-mais-de-9-anos-de-condenacao-pelos-crimes-de-roubo-e-corrupcao-de-menores\/#article","isPartOf":{"@id":"https:\/\/www.pm.pb.gov.br\/portal\/2023\/10\/05\/policia-militar-prende-acusado-com-mais-de-9-anos-de-condenacao-pelos-crimes-de-roubo-e-corrupcao-de-menores\/"},"author":{"name":"Tarcisio Oliveira","@id":"https:\/\/www.pm.pb.gov.br\/portal\/#\/schema\/person\/f84f56dcc78ce4357054da888b8247fd"},"headline":"Pol\u00edcia Militar prende acusado com mais de 9 anos de condena\u00e7\u00e3o pelos crimes de roubo e corrup\u00e7\u00e3o de menores","datePublished":"2023-10-05T20:44:21+00:00","dateModified":"2023-10-05T20:44:23+00:00","mainEntityOfPage":{"@id":"https:\/\/www.pm.pb.gov.br\/portal\/2023\/10\/05\/policia-militar-prende-acusado-com-mais-de-9-anos-de-condenacao-pelos-crimes-de-roubo-e-corrupcao-de-menores\/"},"wordCount":267,"publisher":{"@id":"https:\/\/www.pm.pb.gov.br\/portal\/#organization"},"articleSection":["A\u00e7\u00f5es Policiais"],"inLanguage":"pt-BR"},{"@type":"WebPage","@id":"https:\/\/www.pm.pb.gov.br\/portal\/2023\/10\/05\/policia-militar-prende-acusado-com-mais-de-9-anos-de-condenacao-pelos-crimes-de-roubo-e-corrupcao-de-menores\/","url":"https:\/\/www.pm.pb.gov.br\/portal\/2023\/10\/05\/policia-militar-prende-acusado-com-mais-de-9-anos-de-condenacao-pelos-crimes-de-roubo-e-corrupcao-de-menores\/","name":"Pol\u00edcia Militar prende acusado com mais de 9 anos de condena\u00e7\u00e3o pelos crimes de roubo e corrup\u00e7\u00e3o de menores - Pol\u00edcia Militar da Para\u00edba","isPartOf":{"@id":"https:\/\/www.pm.pb.gov.br\/portal\/#website"},"datePublished":"2023-10-05T20:44:21+00:00","dateModified":"2023-10-05T20:44:23+00:00","breadcrumb":{"@id":"https:\/\/www.pm.pb.gov.br\/portal\/2023\/10\/05\/policia-militar-prende-acusado-com-mais-de-9-anos-de-condenacao-pelos-crimes-de-roubo-e-corrupcao-de-menores\/#breadcrumb"},"inLanguage":"pt-BR","potentialAction":[{"@type":"ReadAction","target":["https:\/\/www.pm.pb.gov.br\/portal\/2023\/10\/05\/policia-militar-prende-acusado-com-mais-de-9-anos-de-condenacao-pelos-crimes-de-roubo-e-corrupcao-de-menores\/"]}]},{"@type":"BreadcrumbList","@id":"https:\/\/www.pm.pb.gov.br\/portal\/2023\/10\/05\/policia-militar-prende-acusado-com-mais-de-9-anos-de-condenacao-pelos-crimes-de-roubo-e-corrupcao-de-menores\/#breadcrumb","itemListElement":[{"@type":"ListItem","position":1,"name":"In\u00edcio","item":"https:\/\/www.pm.pb.gov.br\/portal\/"},{"@type":"ListItem","position":2,"name":"Pol\u00edcia Militar prende acusado com mais de 9 anos de condena\u00e7\u00e3o pelos crimes de roubo e corrup\u00e7\u00e3o de menores"}]},{"@type":"WebSite","@id":"https:\/\/www.pm.pb.gov.br\/portal\/#website","url":"https:\/\/www.pm.pb.gov.br\/portal\/","name":"Pol\u00edcia Militar da Para\u00edba","description":"","publisher":{"@id":"https:\/\/www.pm.pb.gov.br\/portal\/#organization"},"potentialAction":[{"@type":"SearchAction","target":{"@type":"EntryPoint","urlTemplate":"https:\/\/www.pm.pb.gov.br\/portal\/?s={search_term_string}"},"query-input":"required name=search_term_string"}],"inLanguage":"pt-BR"},{"@type":"Organization","@id":"https:\/\/www.pm.pb.gov.br\/portal\/#organization","name":"Pol\u00edcia Militar da Para\u00edba","url":"https:\/\/www.pm.pb.gov.br\/portal\/","logo":{"@type":"ImageObject","inLanguage":"pt-BR","@id":"https:\/\/www.pm.pb.gov.br\/portal\/#\/schema\/logo\/image\/","url":"https:\/\/www.pm.pb.gov.br\/portal\/wp-content\/uploads\/2025\/03\/cropped-logo-site-mag2-1.png","contentUrl":"https:\/\/www.pm.pb.gov.br\/portal\/wp-content\/uploads\/2025\/03\/cropped-logo-site-mag2-1.png","width":320,"height":90,"caption":"Pol\u00edcia Militar da Para\u00edba"},"image":{"@id":"https:\/\/www.pm.pb.gov.br\/portal\/#\/schema\/logo\/image\/"}},{"@type":"Person","@id":"https:\/\/www.pm.pb.gov.br\/portal\/#\/schema\/person\/f84f56dcc78ce4357054da888b8247fd","name":"Tarcisio Oliveira","image":{"@type":"ImageObject","inLanguage":"pt-BR","@id":"https:\/\/www.pm.pb.gov.br\/portal\/#\/schema\/person\/image\/","url":"https:\/\/secure.gravatar.com\/avatar\/72917b630b69d31cd0297507f34bac97?s=96&d=mm&r=g","contentUrl":"https:\/\/secure.gravatar.com\/avatar\/72917b630b69d31cd0297507f34bac97?s=96&d=mm&r=g","caption":"Tarcisio Oliveira"},"url":"https:\/\/www.pm.pb.gov.br\/portal\/author\/tarcisio\/"}]}},"_links":{"self":[{"href":"https:\/\/www.pm.pb.gov.br\/portal\/wp-json\/wp\/v2\/posts\/918527"}],"collection":[{"href":"https:\/\/www.pm.pb.gov.br\/portal\/wp-json\/wp\/v2\/posts"}],"about":[{"href":"https:\/\/www.pm.pb.gov.br\/portal\/wp-json\/wp\/v2\/types\/post"}],"author":[{"embeddable":true,"href":"https:\/\/www.pm.pb.gov.br\/portal\/wp-json\/wp\/v2\/users\/12"}],"replies":[{"embeddable":true,"href":"https:\/\/www.pm.pb.gov.br\/portal\/wp-json\/wp\/v2\/comments?post=918527"}],"version-history":[{"count":1,"href":"https:\/\/www.pm.pb.gov.br\/portal\/wp-json\/wp\/v2\/posts\/918527\/revisions"}],"predecessor-version":[{"id":918528,"href":"https:\/\/www.pm.pb.gov.br\/portal\/wp-json\/wp\/v2\/posts\/918527\/revisions\/918528"}],"wp:featuredmedia":[{"embeddable":true,"href":"https:\/\/www.pm.pb.gov.br\/portal\/wp-json\/wp\/v2\/media\/913089"}],"wp:attachment":[{"href":"https:\/\/www.pm.pb.gov.br\/portal\/wp-json\/wp\/v2\/media?parent=918527"}],"wp:term":[{"taxonomy":"category","embeddable":true,"href":"https:\/\/www.pm.pb.gov.br\/portal\/wp-json\/wp\/v2\/categories?post=918527"},{"taxonomy":"post_tag","embeddable":true,"href":"https:\/\/www.pm.pb.gov.br\/portal\/wp-json\/wp\/v2\/tags?post=918527"}],"curies":[{"name":"wp","href":"https:\/\/api.w.org\/{rel}","templated":true}]}}