{"id":918498,"date":"2023-10-03T20:35:00","date_gmt":"2023-10-03T23:35:00","guid":{"rendered":"https:\/\/www.pm.pb.gov.br\/portal\/?p=918498"},"modified":"2023-10-04T15:37:17","modified_gmt":"2023-10-04T18:37:17","slug":"na-capital-policia-militar-desarticula-ponto-de-trafico-apreende-pistolas-e-vasta-quantidade-de-entorpecentes","status":"publish","type":"post","link":"https:\/\/www.pm.pb.gov.br\/portal\/2023\/10\/03\/na-capital-policia-militar-desarticula-ponto-de-trafico-apreende-pistolas-e-vasta-quantidade-de-entorpecentes\/","title":{"rendered":"Na Capital: Pol\u00edcia Militar desarticula ponto de tr\u00e1fico, apreende pistolas e vasta quantidade de entorpecentes"},"content":{"rendered":"\n<p style=\"text-align: justify;\">Em mais uma a\u00e7\u00e3o de combate ao tr\u00e1fico de drogas, a Pol\u00edcia Militar apreendeu duas pistolas, carregadores, vasta quantidade de drogas, balan\u00e7a de precis\u00e3o, muni\u00e7\u00f5es, e outros objetos usados em pr\u00e1ticas criminosas. A a\u00e7\u00e3o aconteceu na tarde da \u00faltima ter\u00e7a-feira (03), no bairro do Jo\u00e3o Paulo II, na zona sul de Jo\u00e3o Pessoa (foto acima ilustrativa).<\/p>\n<p style=\"text-align: justify;\">A apreens\u00e3o do material foi realizada pela For\u00e7a Regional, e contou com apoio de diversas tropas da \u00e1rea metropolitana. Os materiais estavam com um grupo de criminosos que atirou contra os policiais e que fugiu ao perceber a chegada da PM na regi\u00e3o. Duas pistolas, carregadores, mais de 640 por\u00e7\u00f5es de subst\u00e2ncia semelhante \u00e0 crack e coca\u00edna, seis balan\u00e7as de precis\u00e3o e diversas embalagens para distribui\u00e7\u00e3o de entorpecentes foram localizadas e apreendidas (foto abaixo).<\/p>\n<p><img loading=\"lazy\" decoding=\"async\" class=\" wp-image-918499 aligncenter\" src=\"http:\/\/www.pm.pb.gov.br\/portal\/wp-content\/uploads\/2023\/10\/regional-788x445.jpeg\" alt=\"\" width=\"690\" height=\"390\" srcset=\"https:\/\/www.pm.pb.gov.br\/portal\/wp-content\/uploads\/2023\/10\/regional-788x445.jpeg 788w, https:\/\/www.pm.pb.gov.br\/portal\/wp-content\/uploads\/2023\/10\/regional-1010x570.jpeg 1010w, https:\/\/www.pm.pb.gov.br\/portal\/wp-content\/uploads\/2023\/10\/regional-768x433.jpeg 768w, https:\/\/www.pm.pb.gov.br\/portal\/wp-content\/uploads\/2023\/10\/regional-1536x867.jpeg 1536w, https:\/\/www.pm.pb.gov.br\/portal\/wp-content\/uploads\/2023\/10\/regional.jpeg 1600w\" sizes=\"(max-width: 690px) 100vw, 690px\" \/><\/p>\n<p style=\"text-align: justify;\">Todo o material foi apresentado na Central de Flagrantes para os procedimentos cab\u00edveis. A busca pelos acusados deve continuar na regi\u00e3o.<\/p>\n\n\n","protected":false},"excerpt":{"rendered":"<p>Em mais uma a\u00e7\u00e3o de combate ao tr\u00e1fico de drogas, a Pol\u00edcia Militar apreendeu duas pistolas, carregadores, vasta quantidade de<\/p>\n","protected":false},"author":12,"featured_media":917644,"comment_status":"closed","ping_status":"closed","sticky":false,"template":"","format":"standard","meta":{"_exactmetrics_skip_tracking":false,"_exactmetrics_sitenote_active":false,"_exactmetrics_sitenote_note":"","_exactmetrics_sitenote_category":0,"footnotes":""},"categories":[4],"tags":[],"yoast_head":"<!-- This site is optimized with the Yoast SEO plugin v22.0 - https:\/\/yoast.com\/wordpress\/plugins\/seo\/ -->\n<title>Na Capital: Pol\u00edcia Militar desarticula ponto de tr\u00e1fico, apreende pistolas e vasta quantidade de entorpecentes - Pol\u00edcia Militar da Para\u00edba<\/title>\n<meta name=\"robots\" content=\"index, follow, max-snippet:-1, max-image-preview:large, max-video-preview:-1\" \/>\n<link rel=\"canonical\" href=\"https:\/\/www.pm.pb.gov.br\/portal\/2023\/10\/03\/na-capital-policia-militar-desarticula-ponto-de-trafico-apreende-pistolas-e-vasta-quantidade-de-entorpecentes\/\" \/>\n<meta property=\"og:locale\" content=\"pt_BR\" \/>\n<meta property=\"og:type\" content=\"article\" \/>\n<meta property=\"og:title\" content=\"Na Capital: Pol\u00edcia Militar desarticula ponto de tr\u00e1fico, apreende pistolas e vasta quantidade de entorpecentes - Pol\u00edcia Militar da Para\u00edba\" \/>\n<meta property=\"og:description\" content=\"Em mais uma a\u00e7\u00e3o de combate ao tr\u00e1fico de drogas, a Pol\u00edcia Militar apreendeu duas pistolas, carregadores, vasta quantidade de\" \/>\n<meta property=\"og:url\" content=\"https:\/\/www.pm.pb.gov.br\/portal\/2023\/10\/03\/na-capital-policia-militar-desarticula-ponto-de-trafico-apreende-pistolas-e-vasta-quantidade-de-entorpecentes\/\" \/>\n<meta property=\"og:site_name\" content=\"Pol\u00edcia Militar da Para\u00edba\" \/>\n<meta property=\"article:published_time\" content=\"2023-10-03T23:35:00+00:00\" \/>\n<meta property=\"article:modified_time\" content=\"2023-10-04T18:37:17+00:00\" \/>\n<meta property=\"og:image\" content=\"http:\/\/www.pm.pb.gov.br\/portal\/wp-content\/uploads\/2023\/08\/forcaregional.jpeg\" \/>\n\t<meta property=\"og:image:width\" content=\"800\" \/>\n\t<meta property=\"og:image:height\" content=\"445\" \/>\n\t<meta property=\"og:image:type\" content=\"image\/jpeg\" \/>\n<meta name=\"author\" content=\"Tarcisio Oliveira\" \/>\n<meta name=\"twitter:card\" content=\"summary_large_image\" \/>\n<meta name=\"twitter:label1\" content=\"Escrito por\" \/>\n\t<meta name=\"twitter:data1\" content=\"Tarcisio Oliveira\" \/>\n\t<meta name=\"twitter:label2\" content=\"Est. tempo de leitura\" \/>\n\t<meta name=\"twitter:data2\" content=\"2 minutos\" \/>\n<script type=\"application\/ld+json\" class=\"yoast-schema-graph\">{\"@context\":\"https:\/\/schema.org\",\"@graph\":[{\"@type\":\"Article\",\"@id\":\"https:\/\/www.pm.pb.gov.br\/portal\/2023\/10\/03\/na-capital-policia-militar-desarticula-ponto-de-trafico-apreende-pistolas-e-vasta-quantidade-de-entorpecentes\/#article\",\"isPartOf\":{\"@id\":\"https:\/\/www.pm.pb.gov.br\/portal\/2023\/10\/03\/na-capital-policia-militar-desarticula-ponto-de-trafico-apreende-pistolas-e-vasta-quantidade-de-entorpecentes\/\"},\"author\":{\"name\":\"Tarcisio Oliveira\",\"@id\":\"https:\/\/www.pm.pb.gov.br\/portal\/#\/schema\/person\/f84f56dcc78ce4357054da888b8247fd\"},\"headline\":\"Na Capital: Pol\u00edcia Militar desarticula ponto de tr\u00e1fico, apreende pistolas e vasta quantidade de entorpecentes\",\"datePublished\":\"2023-10-03T23:35:00+00:00\",\"dateModified\":\"2023-10-04T18:37:17+00:00\",\"mainEntityOfPage\":{\"@id\":\"https:\/\/www.pm.pb.gov.br\/portal\/2023\/10\/03\/na-capital-policia-militar-desarticula-ponto-de-trafico-apreende-pistolas-e-vasta-quantidade-de-entorpecentes\/\"},\"wordCount\":187,\"publisher\":{\"@id\":\"https:\/\/www.pm.pb.gov.br\/portal\/#organization\"},\"articleSection\":[\"A\u00e7\u00f5es Policiais\"],\"inLanguage\":\"pt-BR\"},{\"@type\":\"WebPage\",\"@id\":\"https:\/\/www.pm.pb.gov.br\/portal\/2023\/10\/03\/na-capital-policia-militar-desarticula-ponto-de-trafico-apreende-pistolas-e-vasta-quantidade-de-entorpecentes\/\",\"url\":\"https:\/\/www.pm.pb.gov.br\/portal\/2023\/10\/03\/na-capital-policia-militar-desarticula-ponto-de-trafico-apreende-pistolas-e-vasta-quantidade-de-entorpecentes\/\",\"name\":\"Na Capital: Pol\u00edcia Militar desarticula ponto de tr\u00e1fico, apreende pistolas e vasta quantidade de entorpecentes - Pol\u00edcia Militar da Para\u00edba\",\"isPartOf\":{\"@id\":\"https:\/\/www.pm.pb.gov.br\/portal\/#website\"},\"datePublished\":\"2023-10-03T23:35:00+00:00\",\"dateModified\":\"2023-10-04T18:37:17+00:00\",\"breadcrumb\":{\"@id\":\"https:\/\/www.pm.pb.gov.br\/portal\/2023\/10\/03\/na-capital-policia-militar-desarticula-ponto-de-trafico-apreende-pistolas-e-vasta-quantidade-de-entorpecentes\/#breadcrumb\"},\"inLanguage\":\"pt-BR\",\"potentialAction\":[{\"@type\":\"ReadAction\",\"target\":[\"https:\/\/www.pm.pb.gov.br\/portal\/2023\/10\/03\/na-capital-policia-militar-desarticula-ponto-de-trafico-apreende-pistolas-e-vasta-quantidade-de-entorpecentes\/\"]}]},{\"@type\":\"BreadcrumbList\",\"@id\":\"https:\/\/www.pm.pb.gov.br\/portal\/2023\/10\/03\/na-capital-policia-militar-desarticula-ponto-de-trafico-apreende-pistolas-e-vasta-quantidade-de-entorpecentes\/#breadcrumb\",\"itemListElement\":[{\"@type\":\"ListItem\",\"position\":1,\"name\":\"In\u00edcio\",\"item\":\"https:\/\/www.pm.pb.gov.br\/portal\/\"},{\"@type\":\"ListItem\",\"position\":2,\"name\":\"Na Capital: Pol\u00edcia Militar desarticula ponto de tr\u00e1fico, apreende pistolas e vasta quantidade de entorpecentes\"}]},{\"@type\":\"WebSite\",\"@id\":\"https:\/\/www.pm.pb.gov.br\/portal\/#website\",\"url\":\"https:\/\/www.pm.pb.gov.br\/portal\/\",\"name\":\"Pol\u00edcia Militar da Para\u00edba\",\"description\":\"\",\"publisher\":{\"@id\":\"https:\/\/www.pm.pb.gov.br\/portal\/#organization\"},\"potentialAction\":[{\"@type\":\"SearchAction\",\"target\":{\"@type\":\"EntryPoint\",\"urlTemplate\":\"https:\/\/www.pm.pb.gov.br\/portal\/?s={search_term_string}\"},\"query-input\":\"required name=search_term_string\"}],\"inLanguage\":\"pt-BR\"},{\"@type\":\"Organization\",\"@id\":\"https:\/\/www.pm.pb.gov.br\/portal\/#organization\",\"name\":\"Pol\u00edcia Militar da Para\u00edba\",\"url\":\"https:\/\/www.pm.pb.gov.br\/portal\/\",\"logo\":{\"@type\":\"ImageObject\",\"inLanguage\":\"pt-BR\",\"@id\":\"https:\/\/www.pm.pb.gov.br\/portal\/#\/schema\/logo\/image\/\",\"url\":\"https:\/\/www.pm.pb.gov.br\/portal\/wp-content\/uploads\/2025\/03\/cropped-logo-site-mag2-1.png\",\"contentUrl\":\"https:\/\/www.pm.pb.gov.br\/portal\/wp-content\/uploads\/2025\/03\/cropped-logo-site-mag2-1.png\",\"width\":320,\"height\":90,\"caption\":\"Pol\u00edcia Militar da Para\u00edba\"},\"image\":{\"@id\":\"https:\/\/www.pm.pb.gov.br\/portal\/#\/schema\/logo\/image\/\"}},{\"@type\":\"Person\",\"@id\":\"https:\/\/www.pm.pb.gov.br\/portal\/#\/schema\/person\/f84f56dcc78ce4357054da888b8247fd\",\"name\":\"Tarcisio Oliveira\",\"image\":{\"@type\":\"ImageObject\",\"inLanguage\":\"pt-BR\",\"@id\":\"https:\/\/www.pm.pb.gov.br\/portal\/#\/schema\/person\/image\/\",\"url\":\"https:\/\/secure.gravatar.com\/avatar\/72917b630b69d31cd0297507f34bac97?s=96&d=mm&r=g\",\"contentUrl\":\"https:\/\/secure.gravatar.com\/avatar\/72917b630b69d31cd0297507f34bac97?s=96&d=mm&r=g\",\"caption\":\"Tarcisio Oliveira\"},\"url\":\"https:\/\/www.pm.pb.gov.br\/portal\/author\/tarcisio\/\"}]}<\/script>\n<!-- \/ Yoast SEO plugin. -->","yoast_head_json":{"title":"Na Capital: Pol\u00edcia Militar desarticula ponto de tr\u00e1fico, apreende pistolas e vasta quantidade de entorpecentes - Pol\u00edcia Militar da Para\u00edba","robots":{"index":"index","follow":"follow","max-snippet":"max-snippet:-1","max-image-preview":"max-image-preview:large","max-video-preview":"max-video-preview:-1"},"canonical":"https:\/\/www.pm.pb.gov.br\/portal\/2023\/10\/03\/na-capital-policia-militar-desarticula-ponto-de-trafico-apreende-pistolas-e-vasta-quantidade-de-entorpecentes\/","og_locale":"pt_BR","og_type":"article","og_title":"Na Capital: Pol\u00edcia Militar desarticula ponto de tr\u00e1fico, apreende pistolas e vasta quantidade de entorpecentes - Pol\u00edcia Militar da Para\u00edba","og_description":"Em mais uma a\u00e7\u00e3o de combate ao tr\u00e1fico de drogas, a Pol\u00edcia Militar apreendeu duas pistolas, carregadores, vasta quantidade de","og_url":"https:\/\/www.pm.pb.gov.br\/portal\/2023\/10\/03\/na-capital-policia-militar-desarticula-ponto-de-trafico-apreende-pistolas-e-vasta-quantidade-de-entorpecentes\/","og_site_name":"Pol\u00edcia Militar da Para\u00edba","article_published_time":"2023-10-03T23:35:00+00:00","article_modified_time":"2023-10-04T18:37:17+00:00","og_image":[{"width":800,"height":445,"url":"http:\/\/www.pm.pb.gov.br\/portal\/wp-content\/uploads\/2023\/08\/forcaregional.jpeg","type":"image\/jpeg"}],"author":"Tarcisio Oliveira","twitter_card":"summary_large_image","twitter_misc":{"Escrito por":"Tarcisio Oliveira","Est. tempo de leitura":"2 minutos"},"schema":{"@context":"https:\/\/schema.org","@graph":[{"@type":"Article","@id":"https:\/\/www.pm.pb.gov.br\/portal\/2023\/10\/03\/na-capital-policia-militar-desarticula-ponto-de-trafico-apreende-pistolas-e-vasta-quantidade-de-entorpecentes\/#article","isPartOf":{"@id":"https:\/\/www.pm.pb.gov.br\/portal\/2023\/10\/03\/na-capital-policia-militar-desarticula-ponto-de-trafico-apreende-pistolas-e-vasta-quantidade-de-entorpecentes\/"},"author":{"name":"Tarcisio Oliveira","@id":"https:\/\/www.pm.pb.gov.br\/portal\/#\/schema\/person\/f84f56dcc78ce4357054da888b8247fd"},"headline":"Na Capital: Pol\u00edcia Militar desarticula ponto de tr\u00e1fico, apreende pistolas e vasta quantidade de entorpecentes","datePublished":"2023-10-03T23:35:00+00:00","dateModified":"2023-10-04T18:37:17+00:00","mainEntityOfPage":{"@id":"https:\/\/www.pm.pb.gov.br\/portal\/2023\/10\/03\/na-capital-policia-militar-desarticula-ponto-de-trafico-apreende-pistolas-e-vasta-quantidade-de-entorpecentes\/"},"wordCount":187,"publisher":{"@id":"https:\/\/www.pm.pb.gov.br\/portal\/#organization"},"articleSection":["A\u00e7\u00f5es Policiais"],"inLanguage":"pt-BR"},{"@type":"WebPage","@id":"https:\/\/www.pm.pb.gov.br\/portal\/2023\/10\/03\/na-capital-policia-militar-desarticula-ponto-de-trafico-apreende-pistolas-e-vasta-quantidade-de-entorpecentes\/","url":"https:\/\/www.pm.pb.gov.br\/portal\/2023\/10\/03\/na-capital-policia-militar-desarticula-ponto-de-trafico-apreende-pistolas-e-vasta-quantidade-de-entorpecentes\/","name":"Na Capital: Pol\u00edcia Militar desarticula ponto de tr\u00e1fico, apreende pistolas e vasta quantidade de entorpecentes - Pol\u00edcia Militar da Para\u00edba","isPartOf":{"@id":"https:\/\/www.pm.pb.gov.br\/portal\/#website"},"datePublished":"2023-10-03T23:35:00+00:00","dateModified":"2023-10-04T18:37:17+00:00","breadcrumb":{"@id":"https:\/\/www.pm.pb.gov.br\/portal\/2023\/10\/03\/na-capital-policia-militar-desarticula-ponto-de-trafico-apreende-pistolas-e-vasta-quantidade-de-entorpecentes\/#breadcrumb"},"inLanguage":"pt-BR","potentialAction":[{"@type":"ReadAction","target":["https:\/\/www.pm.pb.gov.br\/portal\/2023\/10\/03\/na-capital-policia-militar-desarticula-ponto-de-trafico-apreende-pistolas-e-vasta-quantidade-de-entorpecentes\/"]}]},{"@type":"BreadcrumbList","@id":"https:\/\/www.pm.pb.gov.br\/portal\/2023\/10\/03\/na-capital-policia-militar-desarticula-ponto-de-trafico-apreende-pistolas-e-vasta-quantidade-de-entorpecentes\/#breadcrumb","itemListElement":[{"@type":"ListItem","position":1,"name":"In\u00edcio","item":"https:\/\/www.pm.pb.gov.br\/portal\/"},{"@type":"ListItem","position":2,"name":"Na Capital: Pol\u00edcia Militar desarticula ponto de tr\u00e1fico, apreende pistolas e vasta quantidade de entorpecentes"}]},{"@type":"WebSite","@id":"https:\/\/www.pm.pb.gov.br\/portal\/#website","url":"https:\/\/www.pm.pb.gov.br\/portal\/","name":"Pol\u00edcia Militar da Para\u00edba","description":"","publisher":{"@id":"https:\/\/www.pm.pb.gov.br\/portal\/#organization"},"potentialAction":[{"@type":"SearchAction","target":{"@type":"EntryPoint","urlTemplate":"https:\/\/www.pm.pb.gov.br\/portal\/?s={search_term_string}"},"query-input":"required name=search_term_string"}],"inLanguage":"pt-BR"},{"@type":"Organization","@id":"https:\/\/www.pm.pb.gov.br\/portal\/#organization","name":"Pol\u00edcia Militar da Para\u00edba","url":"https:\/\/www.pm.pb.gov.br\/portal\/","logo":{"@type":"ImageObject","inLanguage":"pt-BR","@id":"https:\/\/www.pm.pb.gov.br\/portal\/#\/schema\/logo\/image\/","url":"https:\/\/www.pm.pb.gov.br\/portal\/wp-content\/uploads\/2025\/03\/cropped-logo-site-mag2-1.png","contentUrl":"https:\/\/www.pm.pb.gov.br\/portal\/wp-content\/uploads\/2025\/03\/cropped-logo-site-mag2-1.png","width":320,"height":90,"caption":"Pol\u00edcia Militar da Para\u00edba"},"image":{"@id":"https:\/\/www.pm.pb.gov.br\/portal\/#\/schema\/logo\/image\/"}},{"@type":"Person","@id":"https:\/\/www.pm.pb.gov.br\/portal\/#\/schema\/person\/f84f56dcc78ce4357054da888b8247fd","name":"Tarcisio Oliveira","image":{"@type":"ImageObject","inLanguage":"pt-BR","@id":"https:\/\/www.pm.pb.gov.br\/portal\/#\/schema\/person\/image\/","url":"https:\/\/secure.gravatar.com\/avatar\/72917b630b69d31cd0297507f34bac97?s=96&d=mm&r=g","contentUrl":"https:\/\/secure.gravatar.com\/avatar\/72917b630b69d31cd0297507f34bac97?s=96&d=mm&r=g","caption":"Tarcisio Oliveira"},"url":"https:\/\/www.pm.pb.gov.br\/portal\/author\/tarcisio\/"}]}},"_links":{"self":[{"href":"https:\/\/www.pm.pb.gov.br\/portal\/wp-json\/wp\/v2\/posts\/918498"}],"collection":[{"href":"https:\/\/www.pm.pb.gov.br\/portal\/wp-json\/wp\/v2\/posts"}],"about":[{"href":"https:\/\/www.pm.pb.gov.br\/portal\/wp-json\/wp\/v2\/types\/post"}],"author":[{"embeddable":true,"href":"https:\/\/www.pm.pb.gov.br\/portal\/wp-json\/wp\/v2\/users\/12"}],"replies":[{"embeddable":true,"href":"https:\/\/www.pm.pb.gov.br\/portal\/wp-json\/wp\/v2\/comments?post=918498"}],"version-history":[{"count":1,"href":"https:\/\/www.pm.pb.gov.br\/portal\/wp-json\/wp\/v2\/posts\/918498\/revisions"}],"predecessor-version":[{"id":918500,"href":"https:\/\/www.pm.pb.gov.br\/portal\/wp-json\/wp\/v2\/posts\/918498\/revisions\/918500"}],"wp:featuredmedia":[{"embeddable":true,"href":"https:\/\/www.pm.pb.gov.br\/portal\/wp-json\/wp\/v2\/media\/917644"}],"wp:attachment":[{"href":"https:\/\/www.pm.pb.gov.br\/portal\/wp-json\/wp\/v2\/media?parent=918498"}],"wp:term":[{"taxonomy":"category","embeddable":true,"href":"https:\/\/www.pm.pb.gov.br\/portal\/wp-json\/wp\/v2\/categories?post=918498"},{"taxonomy":"post_tag","embeddable":true,"href":"https:\/\/www.pm.pb.gov.br\/portal\/wp-json\/wp\/v2\/tags?post=918498"}],"curies":[{"name":"wp","href":"https:\/\/api.w.org\/{rel}","templated":true}]}}