{"id":918491,"date":"2023-10-03T16:33:45","date_gmt":"2023-10-03T19:33:45","guid":{"rendered":"https:\/\/www.pm.pb.gov.br\/portal\/?p=918491"},"modified":"2023-10-03T16:33:48","modified_gmt":"2023-10-03T19:33:48","slug":"condenado-a-mais-de-14-anos-por-estupro-e-roubo-e-preso-na-orla-da-capital","status":"publish","type":"post","link":"https:\/\/www.pm.pb.gov.br\/portal\/2023\/10\/03\/condenado-a-mais-de-14-anos-por-estupro-e-roubo-e-preso-na-orla-da-capital\/","title":{"rendered":"Condenado a mais de 14 anos por estupro e roubo \u00e9 preso na orla da Capital"},"content":{"rendered":"\n<p>Um homem condenado a mais de 14 anos de pris\u00e3o pelos crimes de estupro e roubo foi preso pela Pol\u00edcia Militar, na tarde desta ter\u00e7a-feira (03), em Jo\u00e3o Pessoa. A pris\u00e3o aconteceu no bairro de Tamba\u00fa, durante a\u00e7\u00f5es preventivas e abordagens do Batalh\u00e3o Especializado em Policiamento Tur\u00edstico (BEPTur).<\/p>\n<p>O foragido preso tem 35 anos de idade e, de acordo com o comando do BEPTur, foi localizado na regi\u00e3o do Centro Tur\u00edstico de Tamba\u00fa. \u201cNossos policiais estavam em uma a\u00e7\u00e3o preventiva de combate ao tr\u00e1fico de drogas naquela localidade, quando abordaram e identificaram o foragido da Justi\u00e7a, que tinha um mandado de pris\u00e3o expedido pela Vara de Execu\u00e7\u00e3o Penal de Jo\u00e3o Pessoa pelos crimes de estupro e roubo\u201d, explicou o major Bruno, comandante do BEPTur.<\/p>\n<p>Ainda de acordo com a unidade, a pena trazida pelo mandado de pris\u00e3o era de 14 anos e um m\u00eas em regime fechado. O acusado preso foi encaminhado para a Pol\u00edcia Judici\u00e1ria para os procedimentos cab\u00edveis e o devido cumprimento da pena.<\/p>\n<p><strong>N\u00fameros \u2013 <\/strong>De acordo com o BEPTur, no \u00faltimo m\u00eas de setembro, 21 foragidos da Justi\u00e7a foram presos nas \u00e1reas de atua\u00e7\u00e3o na unidade, nos bairros da orla e regi\u00e3o. Entre os acusados estavam procurados por crimes de roubo, furto, tr\u00e1fico de drogas, porte ilegal de arma de fogo, entre outros delitos. Novas a\u00e7\u00f5es devem acontecer neste m\u00eas de outubro.<\/p>\n\n\n","protected":false},"excerpt":{"rendered":"<p>Um homem condenado a mais de 14 anos de pris\u00e3o pelos crimes de estupro e roubo foi preso pela Pol\u00edcia<\/p>\n","protected":false},"author":12,"featured_media":917312,"comment_status":"closed","ping_status":"closed","sticky":false,"template":"","format":"standard","meta":{"_exactmetrics_skip_tracking":false,"_exactmetrics_sitenote_active":false,"_exactmetrics_sitenote_note":"","_exactmetrics_sitenote_category":0,"footnotes":""},"categories":[4],"tags":[],"yoast_head":"<!-- This site is optimized with the Yoast SEO plugin v22.0 - https:\/\/yoast.com\/wordpress\/plugins\/seo\/ -->\n<title>Condenado a mais de 14 anos por estupro e roubo \u00e9 preso na orla da Capital - Pol\u00edcia Militar da Para\u00edba<\/title>\n<meta name=\"robots\" content=\"index, follow, max-snippet:-1, max-image-preview:large, max-video-preview:-1\" \/>\n<link rel=\"canonical\" href=\"https:\/\/www.pm.pb.gov.br\/portal\/2023\/10\/03\/condenado-a-mais-de-14-anos-por-estupro-e-roubo-e-preso-na-orla-da-capital\/\" \/>\n<meta property=\"og:locale\" content=\"pt_BR\" \/>\n<meta property=\"og:type\" content=\"article\" \/>\n<meta property=\"og:title\" content=\"Condenado a mais de 14 anos por estupro e roubo \u00e9 preso na orla da Capital - Pol\u00edcia Militar da Para\u00edba\" \/>\n<meta property=\"og:description\" content=\"Um homem condenado a mais de 14 anos de pris\u00e3o pelos crimes de estupro e roubo foi preso pela Pol\u00edcia\" \/>\n<meta property=\"og:url\" content=\"https:\/\/www.pm.pb.gov.br\/portal\/2023\/10\/03\/condenado-a-mais-de-14-anos-por-estupro-e-roubo-e-preso-na-orla-da-capital\/\" \/>\n<meta property=\"og:site_name\" content=\"Pol\u00edcia Militar da Para\u00edba\" \/>\n<meta property=\"article:published_time\" content=\"2023-10-03T19:33:45+00:00\" \/>\n<meta property=\"article:modified_time\" content=\"2023-10-03T19:33:48+00:00\" \/>\n<meta property=\"og:image\" content=\"http:\/\/www.pm.pb.gov.br\/portal\/wp-content\/uploads\/2023\/07\/beptur.jpeg\" \/>\n\t<meta property=\"og:image:width\" content=\"800\" \/>\n\t<meta property=\"og:image:height\" content=\"445\" \/>\n\t<meta property=\"og:image:type\" content=\"image\/jpeg\" \/>\n<meta name=\"author\" content=\"Tarcisio Oliveira\" \/>\n<meta name=\"twitter:card\" content=\"summary_large_image\" \/>\n<meta name=\"twitter:label1\" content=\"Escrito por\" \/>\n\t<meta name=\"twitter:data1\" content=\"Tarcisio Oliveira\" \/>\n\t<meta name=\"twitter:label2\" content=\"Est. tempo de leitura\" \/>\n\t<meta name=\"twitter:data2\" content=\"2 minutos\" \/>\n<script type=\"application\/ld+json\" class=\"yoast-schema-graph\">{\"@context\":\"https:\/\/schema.org\",\"@graph\":[{\"@type\":\"Article\",\"@id\":\"https:\/\/www.pm.pb.gov.br\/portal\/2023\/10\/03\/condenado-a-mais-de-14-anos-por-estupro-e-roubo-e-preso-na-orla-da-capital\/#article\",\"isPartOf\":{\"@id\":\"https:\/\/www.pm.pb.gov.br\/portal\/2023\/10\/03\/condenado-a-mais-de-14-anos-por-estupro-e-roubo-e-preso-na-orla-da-capital\/\"},\"author\":{\"name\":\"Tarcisio Oliveira\",\"@id\":\"https:\/\/www.pm.pb.gov.br\/portal\/#\/schema\/person\/f84f56dcc78ce4357054da888b8247fd\"},\"headline\":\"Condenado a mais de 14 anos por estupro e roubo \u00e9 preso na orla da Capital\",\"datePublished\":\"2023-10-03T19:33:45+00:00\",\"dateModified\":\"2023-10-03T19:33:48+00:00\",\"mainEntityOfPage\":{\"@id\":\"https:\/\/www.pm.pb.gov.br\/portal\/2023\/10\/03\/condenado-a-mais-de-14-anos-por-estupro-e-roubo-e-preso-na-orla-da-capital\/\"},\"wordCount\":263,\"publisher\":{\"@id\":\"https:\/\/www.pm.pb.gov.br\/portal\/#organization\"},\"articleSection\":[\"A\u00e7\u00f5es Policiais\"],\"inLanguage\":\"pt-BR\"},{\"@type\":\"WebPage\",\"@id\":\"https:\/\/www.pm.pb.gov.br\/portal\/2023\/10\/03\/condenado-a-mais-de-14-anos-por-estupro-e-roubo-e-preso-na-orla-da-capital\/\",\"url\":\"https:\/\/www.pm.pb.gov.br\/portal\/2023\/10\/03\/condenado-a-mais-de-14-anos-por-estupro-e-roubo-e-preso-na-orla-da-capital\/\",\"name\":\"Condenado a mais de 14 anos por estupro e roubo \u00e9 preso na orla da Capital - Pol\u00edcia Militar da Para\u00edba\",\"isPartOf\":{\"@id\":\"https:\/\/www.pm.pb.gov.br\/portal\/#website\"},\"datePublished\":\"2023-10-03T19:33:45+00:00\",\"dateModified\":\"2023-10-03T19:33:48+00:00\",\"breadcrumb\":{\"@id\":\"https:\/\/www.pm.pb.gov.br\/portal\/2023\/10\/03\/condenado-a-mais-de-14-anos-por-estupro-e-roubo-e-preso-na-orla-da-capital\/#breadcrumb\"},\"inLanguage\":\"pt-BR\",\"potentialAction\":[{\"@type\":\"ReadAction\",\"target\":[\"https:\/\/www.pm.pb.gov.br\/portal\/2023\/10\/03\/condenado-a-mais-de-14-anos-por-estupro-e-roubo-e-preso-na-orla-da-capital\/\"]}]},{\"@type\":\"BreadcrumbList\",\"@id\":\"https:\/\/www.pm.pb.gov.br\/portal\/2023\/10\/03\/condenado-a-mais-de-14-anos-por-estupro-e-roubo-e-preso-na-orla-da-capital\/#breadcrumb\",\"itemListElement\":[{\"@type\":\"ListItem\",\"position\":1,\"name\":\"In\u00edcio\",\"item\":\"https:\/\/www.pm.pb.gov.br\/portal\/\"},{\"@type\":\"ListItem\",\"position\":2,\"name\":\"Condenado a mais de 14 anos por estupro e roubo \u00e9 preso na orla da Capital\"}]},{\"@type\":\"WebSite\",\"@id\":\"https:\/\/www.pm.pb.gov.br\/portal\/#website\",\"url\":\"https:\/\/www.pm.pb.gov.br\/portal\/\",\"name\":\"Pol\u00edcia Militar da Para\u00edba\",\"description\":\"\",\"publisher\":{\"@id\":\"https:\/\/www.pm.pb.gov.br\/portal\/#organization\"},\"potentialAction\":[{\"@type\":\"SearchAction\",\"target\":{\"@type\":\"EntryPoint\",\"urlTemplate\":\"https:\/\/www.pm.pb.gov.br\/portal\/?s={search_term_string}\"},\"query-input\":\"required name=search_term_string\"}],\"inLanguage\":\"pt-BR\"},{\"@type\":\"Organization\",\"@id\":\"https:\/\/www.pm.pb.gov.br\/portal\/#organization\",\"name\":\"Pol\u00edcia Militar da Para\u00edba\",\"url\":\"https:\/\/www.pm.pb.gov.br\/portal\/\",\"logo\":{\"@type\":\"ImageObject\",\"inLanguage\":\"pt-BR\",\"@id\":\"https:\/\/www.pm.pb.gov.br\/portal\/#\/schema\/logo\/image\/\",\"url\":\"https:\/\/www.pm.pb.gov.br\/portal\/wp-content\/uploads\/2025\/03\/cropped-logo-site-mag2-1.png\",\"contentUrl\":\"https:\/\/www.pm.pb.gov.br\/portal\/wp-content\/uploads\/2025\/03\/cropped-logo-site-mag2-1.png\",\"width\":320,\"height\":90,\"caption\":\"Pol\u00edcia Militar da Para\u00edba\"},\"image\":{\"@id\":\"https:\/\/www.pm.pb.gov.br\/portal\/#\/schema\/logo\/image\/\"}},{\"@type\":\"Person\",\"@id\":\"https:\/\/www.pm.pb.gov.br\/portal\/#\/schema\/person\/f84f56dcc78ce4357054da888b8247fd\",\"name\":\"Tarcisio Oliveira\",\"image\":{\"@type\":\"ImageObject\",\"inLanguage\":\"pt-BR\",\"@id\":\"https:\/\/www.pm.pb.gov.br\/portal\/#\/schema\/person\/image\/\",\"url\":\"https:\/\/secure.gravatar.com\/avatar\/72917b630b69d31cd0297507f34bac97?s=96&d=mm&r=g\",\"contentUrl\":\"https:\/\/secure.gravatar.com\/avatar\/72917b630b69d31cd0297507f34bac97?s=96&d=mm&r=g\",\"caption\":\"Tarcisio Oliveira\"},\"url\":\"https:\/\/www.pm.pb.gov.br\/portal\/author\/tarcisio\/\"}]}<\/script>\n<!-- \/ Yoast SEO plugin. -->","yoast_head_json":{"title":"Condenado a mais de 14 anos por estupro e roubo \u00e9 preso na orla da Capital - Pol\u00edcia Militar da Para\u00edba","robots":{"index":"index","follow":"follow","max-snippet":"max-snippet:-1","max-image-preview":"max-image-preview:large","max-video-preview":"max-video-preview:-1"},"canonical":"https:\/\/www.pm.pb.gov.br\/portal\/2023\/10\/03\/condenado-a-mais-de-14-anos-por-estupro-e-roubo-e-preso-na-orla-da-capital\/","og_locale":"pt_BR","og_type":"article","og_title":"Condenado a mais de 14 anos por estupro e roubo \u00e9 preso na orla da Capital - Pol\u00edcia Militar da Para\u00edba","og_description":"Um homem condenado a mais de 14 anos de pris\u00e3o pelos crimes de estupro e roubo foi preso pela Pol\u00edcia","og_url":"https:\/\/www.pm.pb.gov.br\/portal\/2023\/10\/03\/condenado-a-mais-de-14-anos-por-estupro-e-roubo-e-preso-na-orla-da-capital\/","og_site_name":"Pol\u00edcia Militar da Para\u00edba","article_published_time":"2023-10-03T19:33:45+00:00","article_modified_time":"2023-10-03T19:33:48+00:00","og_image":[{"width":800,"height":445,"url":"http:\/\/www.pm.pb.gov.br\/portal\/wp-content\/uploads\/2023\/07\/beptur.jpeg","type":"image\/jpeg"}],"author":"Tarcisio Oliveira","twitter_card":"summary_large_image","twitter_misc":{"Escrito por":"Tarcisio Oliveira","Est. tempo de leitura":"2 minutos"},"schema":{"@context":"https:\/\/schema.org","@graph":[{"@type":"Article","@id":"https:\/\/www.pm.pb.gov.br\/portal\/2023\/10\/03\/condenado-a-mais-de-14-anos-por-estupro-e-roubo-e-preso-na-orla-da-capital\/#article","isPartOf":{"@id":"https:\/\/www.pm.pb.gov.br\/portal\/2023\/10\/03\/condenado-a-mais-de-14-anos-por-estupro-e-roubo-e-preso-na-orla-da-capital\/"},"author":{"name":"Tarcisio Oliveira","@id":"https:\/\/www.pm.pb.gov.br\/portal\/#\/schema\/person\/f84f56dcc78ce4357054da888b8247fd"},"headline":"Condenado a mais de 14 anos por estupro e roubo \u00e9 preso na orla da Capital","datePublished":"2023-10-03T19:33:45+00:00","dateModified":"2023-10-03T19:33:48+00:00","mainEntityOfPage":{"@id":"https:\/\/www.pm.pb.gov.br\/portal\/2023\/10\/03\/condenado-a-mais-de-14-anos-por-estupro-e-roubo-e-preso-na-orla-da-capital\/"},"wordCount":263,"publisher":{"@id":"https:\/\/www.pm.pb.gov.br\/portal\/#organization"},"articleSection":["A\u00e7\u00f5es Policiais"],"inLanguage":"pt-BR"},{"@type":"WebPage","@id":"https:\/\/www.pm.pb.gov.br\/portal\/2023\/10\/03\/condenado-a-mais-de-14-anos-por-estupro-e-roubo-e-preso-na-orla-da-capital\/","url":"https:\/\/www.pm.pb.gov.br\/portal\/2023\/10\/03\/condenado-a-mais-de-14-anos-por-estupro-e-roubo-e-preso-na-orla-da-capital\/","name":"Condenado a mais de 14 anos por estupro e roubo \u00e9 preso na orla da Capital - Pol\u00edcia Militar da Para\u00edba","isPartOf":{"@id":"https:\/\/www.pm.pb.gov.br\/portal\/#website"},"datePublished":"2023-10-03T19:33:45+00:00","dateModified":"2023-10-03T19:33:48+00:00","breadcrumb":{"@id":"https:\/\/www.pm.pb.gov.br\/portal\/2023\/10\/03\/condenado-a-mais-de-14-anos-por-estupro-e-roubo-e-preso-na-orla-da-capital\/#breadcrumb"},"inLanguage":"pt-BR","potentialAction":[{"@type":"ReadAction","target":["https:\/\/www.pm.pb.gov.br\/portal\/2023\/10\/03\/condenado-a-mais-de-14-anos-por-estupro-e-roubo-e-preso-na-orla-da-capital\/"]}]},{"@type":"BreadcrumbList","@id":"https:\/\/www.pm.pb.gov.br\/portal\/2023\/10\/03\/condenado-a-mais-de-14-anos-por-estupro-e-roubo-e-preso-na-orla-da-capital\/#breadcrumb","itemListElement":[{"@type":"ListItem","position":1,"name":"In\u00edcio","item":"https:\/\/www.pm.pb.gov.br\/portal\/"},{"@type":"ListItem","position":2,"name":"Condenado a mais de 14 anos por estupro e roubo \u00e9 preso na orla da Capital"}]},{"@type":"WebSite","@id":"https:\/\/www.pm.pb.gov.br\/portal\/#website","url":"https:\/\/www.pm.pb.gov.br\/portal\/","name":"Pol\u00edcia Militar da Para\u00edba","description":"","publisher":{"@id":"https:\/\/www.pm.pb.gov.br\/portal\/#organization"},"potentialAction":[{"@type":"SearchAction","target":{"@type":"EntryPoint","urlTemplate":"https:\/\/www.pm.pb.gov.br\/portal\/?s={search_term_string}"},"query-input":"required name=search_term_string"}],"inLanguage":"pt-BR"},{"@type":"Organization","@id":"https:\/\/www.pm.pb.gov.br\/portal\/#organization","name":"Pol\u00edcia Militar da Para\u00edba","url":"https:\/\/www.pm.pb.gov.br\/portal\/","logo":{"@type":"ImageObject","inLanguage":"pt-BR","@id":"https:\/\/www.pm.pb.gov.br\/portal\/#\/schema\/logo\/image\/","url":"https:\/\/www.pm.pb.gov.br\/portal\/wp-content\/uploads\/2025\/03\/cropped-logo-site-mag2-1.png","contentUrl":"https:\/\/www.pm.pb.gov.br\/portal\/wp-content\/uploads\/2025\/03\/cropped-logo-site-mag2-1.png","width":320,"height":90,"caption":"Pol\u00edcia Militar da Para\u00edba"},"image":{"@id":"https:\/\/www.pm.pb.gov.br\/portal\/#\/schema\/logo\/image\/"}},{"@type":"Person","@id":"https:\/\/www.pm.pb.gov.br\/portal\/#\/schema\/person\/f84f56dcc78ce4357054da888b8247fd","name":"Tarcisio Oliveira","image":{"@type":"ImageObject","inLanguage":"pt-BR","@id":"https:\/\/www.pm.pb.gov.br\/portal\/#\/schema\/person\/image\/","url":"https:\/\/secure.gravatar.com\/avatar\/72917b630b69d31cd0297507f34bac97?s=96&d=mm&r=g","contentUrl":"https:\/\/secure.gravatar.com\/avatar\/72917b630b69d31cd0297507f34bac97?s=96&d=mm&r=g","caption":"Tarcisio Oliveira"},"url":"https:\/\/www.pm.pb.gov.br\/portal\/author\/tarcisio\/"}]}},"_links":{"self":[{"href":"https:\/\/www.pm.pb.gov.br\/portal\/wp-json\/wp\/v2\/posts\/918491"}],"collection":[{"href":"https:\/\/www.pm.pb.gov.br\/portal\/wp-json\/wp\/v2\/posts"}],"about":[{"href":"https:\/\/www.pm.pb.gov.br\/portal\/wp-json\/wp\/v2\/types\/post"}],"author":[{"embeddable":true,"href":"https:\/\/www.pm.pb.gov.br\/portal\/wp-json\/wp\/v2\/users\/12"}],"replies":[{"embeddable":true,"href":"https:\/\/www.pm.pb.gov.br\/portal\/wp-json\/wp\/v2\/comments?post=918491"}],"version-history":[{"count":1,"href":"https:\/\/www.pm.pb.gov.br\/portal\/wp-json\/wp\/v2\/posts\/918491\/revisions"}],"predecessor-version":[{"id":918492,"href":"https:\/\/www.pm.pb.gov.br\/portal\/wp-json\/wp\/v2\/posts\/918491\/revisions\/918492"}],"wp:featuredmedia":[{"embeddable":true,"href":"https:\/\/www.pm.pb.gov.br\/portal\/wp-json\/wp\/v2\/media\/917312"}],"wp:attachment":[{"href":"https:\/\/www.pm.pb.gov.br\/portal\/wp-json\/wp\/v2\/media?parent=918491"}],"wp:term":[{"taxonomy":"category","embeddable":true,"href":"https:\/\/www.pm.pb.gov.br\/portal\/wp-json\/wp\/v2\/categories?post=918491"},{"taxonomy":"post_tag","embeddable":true,"href":"https:\/\/www.pm.pb.gov.br\/portal\/wp-json\/wp\/v2\/tags?post=918491"}],"curies":[{"name":"wp","href":"https:\/\/api.w.org\/{rel}","templated":true}]}}