{"id":918429,"date":"2023-09-26T14:46:00","date_gmt":"2023-09-26T17:46:00","guid":{"rendered":"https:\/\/www.pm.pb.gov.br\/portal\/?p=918429"},"modified":"2023-09-26T14:46:02","modified_gmt":"2023-09-26T17:46:02","slug":"policia-militar-prende-cinco-acusados-por-crimes-patrimoniais-na-orla-de-joao-pessoa","status":"publish","type":"post","link":"https:\/\/www.pm.pb.gov.br\/portal\/2023\/09\/26\/policia-militar-prende-cinco-acusados-por-crimes-patrimoniais-na-orla-de-joao-pessoa\/","title":{"rendered":"Pol\u00edcia Militar prende cinco acusados por crimes patrimoniais na orla de Jo\u00e3o Pessoa"},"content":{"rendered":"\n\n\n<p style=\"text-align: justify;\">Cinco pessoas j\u00e1 foram presas pela Pol\u00edcia Militar por crimes patrimoniais na regi\u00e3o da orla de Jo\u00e3o Pessoa, entre a \u00faltima segunda-feira e a tarde desta ter\u00e7a-feira (26). Um dos acusados j\u00e1 respondia por outros delitos, mas havia sa\u00eddo do pres\u00eddio h\u00e1 cerca de 10 dias com alvar\u00e1 de soltura (foto acima ilustrativa). As pris\u00f5es s\u00e3o resultado das a\u00e7\u00f5es preventivas do Batalh\u00e3o Especializado em Policiamento Tur\u00edstico (BEPTur).<\/p>\n<p style=\"text-align: justify;\">As \u00faltimas pris\u00f5es ocorreram na noite de segunda e manh\u00e3 de hoje. \u201cDurante a noite de ontem, frustramos um assalto contra uma mulher, no bairro de Mana\u00edra, onde o acusado usava um simulacro de pistola para cometer o crime (foto abaixo). Esse mesmo acusado j\u00e1 estava preso pelo cometimento de outros crimes, mas h\u00e1 dez dias havia sido colocado em liberdade com um alvar\u00e1 de soltura\u201d, explicou o major Bruno, comandante do BEPTur.<\/p>\n<p><img loading=\"lazy\" decoding=\"async\" class=\" wp-image-918430 aligncenter\" src=\"http:\/\/www.pm.pb.gov.br\/portal\/wp-content\/uploads\/2023\/09\/simulacro_manaira-454x445.jpeg\" alt=\"\" width=\"384\" height=\"376\" srcset=\"https:\/\/www.pm.pb.gov.br\/portal\/wp-content\/uploads\/2023\/09\/simulacro_manaira-454x445.jpeg 454w, https:\/\/www.pm.pb.gov.br\/portal\/wp-content\/uploads\/2023\/09\/simulacro_manaira-582x570.jpeg 582w, https:\/\/www.pm.pb.gov.br\/portal\/wp-content\/uploads\/2023\/09\/simulacro_manaira-768x752.jpeg 768w, https:\/\/www.pm.pb.gov.br\/portal\/wp-content\/uploads\/2023\/09\/simulacro_manaira.jpeg 1200w\" sizes=\"(max-width: 384px) 100vw, 384px\" \/><\/p>\n<p style=\"text-align: justify;\">Nesta ter\u00e7a, uma motocicleta roubada foi recuperada, e o suspeito que estava com o ve\u00edculo foi autuado por recepta\u00e7\u00e3o. Outras duas pris\u00f5es e uma apreens\u00e3o de adolescente ocorreram na segunda, contra um homem procurado pela Justi\u00e7a por um crime de roubo, em Tamba\u00fa, e uma dupla que tentou assaltar na praia do Bessa, tendo o delito sido frustrado pelos policiais, e os pertences devolvidos \u00e0 v\u00edtima. Novas a\u00e7\u00f5es preventivas devem ocorrer.<\/p>\n","protected":false},"excerpt":{"rendered":"<p>Cinco pessoas j\u00e1 foram presas pela Pol\u00edcia Militar por crimes patrimoniais na regi\u00e3o da orla de Jo\u00e3o Pessoa, entre a<\/p>\n","protected":false},"author":12,"featured_media":917312,"comment_status":"closed","ping_status":"closed","sticky":false,"template":"","format":"standard","meta":{"_exactmetrics_skip_tracking":false,"_exactmetrics_sitenote_active":false,"_exactmetrics_sitenote_note":"","_exactmetrics_sitenote_category":0,"footnotes":""},"categories":[4],"tags":[],"yoast_head":"<!-- This site is optimized with the Yoast SEO plugin v22.0 - https:\/\/yoast.com\/wordpress\/plugins\/seo\/ -->\n<title>Pol\u00edcia Militar prende cinco acusados por crimes patrimoniais na orla de Jo\u00e3o Pessoa - Pol\u00edcia Militar da Para\u00edba<\/title>\n<meta name=\"robots\" content=\"index, follow, max-snippet:-1, max-image-preview:large, max-video-preview:-1\" \/>\n<link rel=\"canonical\" href=\"https:\/\/www.pm.pb.gov.br\/portal\/2023\/09\/26\/policia-militar-prende-cinco-acusados-por-crimes-patrimoniais-na-orla-de-joao-pessoa\/\" \/>\n<meta property=\"og:locale\" content=\"pt_BR\" \/>\n<meta property=\"og:type\" content=\"article\" \/>\n<meta property=\"og:title\" content=\"Pol\u00edcia Militar prende cinco acusados por crimes patrimoniais na orla de Jo\u00e3o Pessoa - Pol\u00edcia Militar da Para\u00edba\" \/>\n<meta property=\"og:description\" content=\"Cinco pessoas j\u00e1 foram presas pela Pol\u00edcia Militar por crimes patrimoniais na regi\u00e3o da orla de Jo\u00e3o Pessoa, entre a\" \/>\n<meta property=\"og:url\" content=\"https:\/\/www.pm.pb.gov.br\/portal\/2023\/09\/26\/policia-militar-prende-cinco-acusados-por-crimes-patrimoniais-na-orla-de-joao-pessoa\/\" \/>\n<meta property=\"og:site_name\" content=\"Pol\u00edcia Militar da Para\u00edba\" \/>\n<meta property=\"article:published_time\" content=\"2023-09-26T17:46:00+00:00\" \/>\n<meta property=\"article:modified_time\" content=\"2023-09-26T17:46:02+00:00\" \/>\n<meta property=\"og:image\" content=\"http:\/\/www.pm.pb.gov.br\/portal\/wp-content\/uploads\/2023\/07\/beptur.jpeg\" \/>\n\t<meta property=\"og:image:width\" content=\"800\" \/>\n\t<meta property=\"og:image:height\" content=\"445\" \/>\n\t<meta property=\"og:image:type\" content=\"image\/jpeg\" \/>\n<meta name=\"author\" content=\"Tarcisio Oliveira\" \/>\n<meta name=\"twitter:card\" content=\"summary_large_image\" \/>\n<meta name=\"twitter:label1\" content=\"Escrito por\" \/>\n\t<meta name=\"twitter:data1\" content=\"Tarcisio Oliveira\" \/>\n\t<meta name=\"twitter:label2\" content=\"Est. tempo de leitura\" \/>\n\t<meta name=\"twitter:data2\" content=\"2 minutos\" \/>\n<script type=\"application\/ld+json\" class=\"yoast-schema-graph\">{\"@context\":\"https:\/\/schema.org\",\"@graph\":[{\"@type\":\"Article\",\"@id\":\"https:\/\/www.pm.pb.gov.br\/portal\/2023\/09\/26\/policia-militar-prende-cinco-acusados-por-crimes-patrimoniais-na-orla-de-joao-pessoa\/#article\",\"isPartOf\":{\"@id\":\"https:\/\/www.pm.pb.gov.br\/portal\/2023\/09\/26\/policia-militar-prende-cinco-acusados-por-crimes-patrimoniais-na-orla-de-joao-pessoa\/\"},\"author\":{\"name\":\"Tarcisio Oliveira\",\"@id\":\"https:\/\/www.pm.pb.gov.br\/portal\/#\/schema\/person\/f84f56dcc78ce4357054da888b8247fd\"},\"headline\":\"Pol\u00edcia Militar prende cinco acusados por crimes patrimoniais na orla de Jo\u00e3o Pessoa\",\"datePublished\":\"2023-09-26T17:46:00+00:00\",\"dateModified\":\"2023-09-26T17:46:02+00:00\",\"mainEntityOfPage\":{\"@id\":\"https:\/\/www.pm.pb.gov.br\/portal\/2023\/09\/26\/policia-militar-prende-cinco-acusados-por-crimes-patrimoniais-na-orla-de-joao-pessoa\/\"},\"wordCount\":244,\"publisher\":{\"@id\":\"https:\/\/www.pm.pb.gov.br\/portal\/#organization\"},\"articleSection\":[\"A\u00e7\u00f5es Policiais\"],\"inLanguage\":\"pt-BR\"},{\"@type\":\"WebPage\",\"@id\":\"https:\/\/www.pm.pb.gov.br\/portal\/2023\/09\/26\/policia-militar-prende-cinco-acusados-por-crimes-patrimoniais-na-orla-de-joao-pessoa\/\",\"url\":\"https:\/\/www.pm.pb.gov.br\/portal\/2023\/09\/26\/policia-militar-prende-cinco-acusados-por-crimes-patrimoniais-na-orla-de-joao-pessoa\/\",\"name\":\"Pol\u00edcia Militar prende cinco acusados por crimes patrimoniais na orla de Jo\u00e3o Pessoa - Pol\u00edcia Militar da Para\u00edba\",\"isPartOf\":{\"@id\":\"https:\/\/www.pm.pb.gov.br\/portal\/#website\"},\"datePublished\":\"2023-09-26T17:46:00+00:00\",\"dateModified\":\"2023-09-26T17:46:02+00:00\",\"breadcrumb\":{\"@id\":\"https:\/\/www.pm.pb.gov.br\/portal\/2023\/09\/26\/policia-militar-prende-cinco-acusados-por-crimes-patrimoniais-na-orla-de-joao-pessoa\/#breadcrumb\"},\"inLanguage\":\"pt-BR\",\"potentialAction\":[{\"@type\":\"ReadAction\",\"target\":[\"https:\/\/www.pm.pb.gov.br\/portal\/2023\/09\/26\/policia-militar-prende-cinco-acusados-por-crimes-patrimoniais-na-orla-de-joao-pessoa\/\"]}]},{\"@type\":\"BreadcrumbList\",\"@id\":\"https:\/\/www.pm.pb.gov.br\/portal\/2023\/09\/26\/policia-militar-prende-cinco-acusados-por-crimes-patrimoniais-na-orla-de-joao-pessoa\/#breadcrumb\",\"itemListElement\":[{\"@type\":\"ListItem\",\"position\":1,\"name\":\"In\u00edcio\",\"item\":\"https:\/\/www.pm.pb.gov.br\/portal\/\"},{\"@type\":\"ListItem\",\"position\":2,\"name\":\"Pol\u00edcia Militar prende cinco acusados por crimes patrimoniais na orla de Jo\u00e3o Pessoa\"}]},{\"@type\":\"WebSite\",\"@id\":\"https:\/\/www.pm.pb.gov.br\/portal\/#website\",\"url\":\"https:\/\/www.pm.pb.gov.br\/portal\/\",\"name\":\"Pol\u00edcia Militar da Para\u00edba\",\"description\":\"\",\"publisher\":{\"@id\":\"https:\/\/www.pm.pb.gov.br\/portal\/#organization\"},\"potentialAction\":[{\"@type\":\"SearchAction\",\"target\":{\"@type\":\"EntryPoint\",\"urlTemplate\":\"https:\/\/www.pm.pb.gov.br\/portal\/?s={search_term_string}\"},\"query-input\":\"required name=search_term_string\"}],\"inLanguage\":\"pt-BR\"},{\"@type\":\"Organization\",\"@id\":\"https:\/\/www.pm.pb.gov.br\/portal\/#organization\",\"name\":\"Pol\u00edcia Militar da Para\u00edba\",\"url\":\"https:\/\/www.pm.pb.gov.br\/portal\/\",\"logo\":{\"@type\":\"ImageObject\",\"inLanguage\":\"pt-BR\",\"@id\":\"https:\/\/www.pm.pb.gov.br\/portal\/#\/schema\/logo\/image\/\",\"url\":\"https:\/\/www.pm.pb.gov.br\/portal\/wp-content\/uploads\/2025\/03\/cropped-logo-site-mag2-1.png\",\"contentUrl\":\"https:\/\/www.pm.pb.gov.br\/portal\/wp-content\/uploads\/2025\/03\/cropped-logo-site-mag2-1.png\",\"width\":320,\"height\":90,\"caption\":\"Pol\u00edcia Militar da Para\u00edba\"},\"image\":{\"@id\":\"https:\/\/www.pm.pb.gov.br\/portal\/#\/schema\/logo\/image\/\"}},{\"@type\":\"Person\",\"@id\":\"https:\/\/www.pm.pb.gov.br\/portal\/#\/schema\/person\/f84f56dcc78ce4357054da888b8247fd\",\"name\":\"Tarcisio Oliveira\",\"image\":{\"@type\":\"ImageObject\",\"inLanguage\":\"pt-BR\",\"@id\":\"https:\/\/www.pm.pb.gov.br\/portal\/#\/schema\/person\/image\/\",\"url\":\"https:\/\/secure.gravatar.com\/avatar\/72917b630b69d31cd0297507f34bac97?s=96&d=mm&r=g\",\"contentUrl\":\"https:\/\/secure.gravatar.com\/avatar\/72917b630b69d31cd0297507f34bac97?s=96&d=mm&r=g\",\"caption\":\"Tarcisio Oliveira\"},\"url\":\"https:\/\/www.pm.pb.gov.br\/portal\/author\/tarcisio\/\"}]}<\/script>\n<!-- \/ Yoast SEO plugin. -->","yoast_head_json":{"title":"Pol\u00edcia Militar prende cinco acusados por crimes patrimoniais na orla de Jo\u00e3o Pessoa - Pol\u00edcia Militar da Para\u00edba","robots":{"index":"index","follow":"follow","max-snippet":"max-snippet:-1","max-image-preview":"max-image-preview:large","max-video-preview":"max-video-preview:-1"},"canonical":"https:\/\/www.pm.pb.gov.br\/portal\/2023\/09\/26\/policia-militar-prende-cinco-acusados-por-crimes-patrimoniais-na-orla-de-joao-pessoa\/","og_locale":"pt_BR","og_type":"article","og_title":"Pol\u00edcia Militar prende cinco acusados por crimes patrimoniais na orla de Jo\u00e3o Pessoa - Pol\u00edcia Militar da Para\u00edba","og_description":"Cinco pessoas j\u00e1 foram presas pela Pol\u00edcia Militar por crimes patrimoniais na regi\u00e3o da orla de Jo\u00e3o Pessoa, entre a","og_url":"https:\/\/www.pm.pb.gov.br\/portal\/2023\/09\/26\/policia-militar-prende-cinco-acusados-por-crimes-patrimoniais-na-orla-de-joao-pessoa\/","og_site_name":"Pol\u00edcia Militar da Para\u00edba","article_published_time":"2023-09-26T17:46:00+00:00","article_modified_time":"2023-09-26T17:46:02+00:00","og_image":[{"width":800,"height":445,"url":"http:\/\/www.pm.pb.gov.br\/portal\/wp-content\/uploads\/2023\/07\/beptur.jpeg","type":"image\/jpeg"}],"author":"Tarcisio Oliveira","twitter_card":"summary_large_image","twitter_misc":{"Escrito por":"Tarcisio Oliveira","Est. tempo de leitura":"2 minutos"},"schema":{"@context":"https:\/\/schema.org","@graph":[{"@type":"Article","@id":"https:\/\/www.pm.pb.gov.br\/portal\/2023\/09\/26\/policia-militar-prende-cinco-acusados-por-crimes-patrimoniais-na-orla-de-joao-pessoa\/#article","isPartOf":{"@id":"https:\/\/www.pm.pb.gov.br\/portal\/2023\/09\/26\/policia-militar-prende-cinco-acusados-por-crimes-patrimoniais-na-orla-de-joao-pessoa\/"},"author":{"name":"Tarcisio Oliveira","@id":"https:\/\/www.pm.pb.gov.br\/portal\/#\/schema\/person\/f84f56dcc78ce4357054da888b8247fd"},"headline":"Pol\u00edcia Militar prende cinco acusados por crimes patrimoniais na orla de Jo\u00e3o Pessoa","datePublished":"2023-09-26T17:46:00+00:00","dateModified":"2023-09-26T17:46:02+00:00","mainEntityOfPage":{"@id":"https:\/\/www.pm.pb.gov.br\/portal\/2023\/09\/26\/policia-militar-prende-cinco-acusados-por-crimes-patrimoniais-na-orla-de-joao-pessoa\/"},"wordCount":244,"publisher":{"@id":"https:\/\/www.pm.pb.gov.br\/portal\/#organization"},"articleSection":["A\u00e7\u00f5es Policiais"],"inLanguage":"pt-BR"},{"@type":"WebPage","@id":"https:\/\/www.pm.pb.gov.br\/portal\/2023\/09\/26\/policia-militar-prende-cinco-acusados-por-crimes-patrimoniais-na-orla-de-joao-pessoa\/","url":"https:\/\/www.pm.pb.gov.br\/portal\/2023\/09\/26\/policia-militar-prende-cinco-acusados-por-crimes-patrimoniais-na-orla-de-joao-pessoa\/","name":"Pol\u00edcia Militar prende cinco acusados por crimes patrimoniais na orla de Jo\u00e3o Pessoa - Pol\u00edcia Militar da Para\u00edba","isPartOf":{"@id":"https:\/\/www.pm.pb.gov.br\/portal\/#website"},"datePublished":"2023-09-26T17:46:00+00:00","dateModified":"2023-09-26T17:46:02+00:00","breadcrumb":{"@id":"https:\/\/www.pm.pb.gov.br\/portal\/2023\/09\/26\/policia-militar-prende-cinco-acusados-por-crimes-patrimoniais-na-orla-de-joao-pessoa\/#breadcrumb"},"inLanguage":"pt-BR","potentialAction":[{"@type":"ReadAction","target":["https:\/\/www.pm.pb.gov.br\/portal\/2023\/09\/26\/policia-militar-prende-cinco-acusados-por-crimes-patrimoniais-na-orla-de-joao-pessoa\/"]}]},{"@type":"BreadcrumbList","@id":"https:\/\/www.pm.pb.gov.br\/portal\/2023\/09\/26\/policia-militar-prende-cinco-acusados-por-crimes-patrimoniais-na-orla-de-joao-pessoa\/#breadcrumb","itemListElement":[{"@type":"ListItem","position":1,"name":"In\u00edcio","item":"https:\/\/www.pm.pb.gov.br\/portal\/"},{"@type":"ListItem","position":2,"name":"Pol\u00edcia Militar prende cinco acusados por crimes patrimoniais na orla de Jo\u00e3o Pessoa"}]},{"@type":"WebSite","@id":"https:\/\/www.pm.pb.gov.br\/portal\/#website","url":"https:\/\/www.pm.pb.gov.br\/portal\/","name":"Pol\u00edcia Militar da Para\u00edba","description":"","publisher":{"@id":"https:\/\/www.pm.pb.gov.br\/portal\/#organization"},"potentialAction":[{"@type":"SearchAction","target":{"@type":"EntryPoint","urlTemplate":"https:\/\/www.pm.pb.gov.br\/portal\/?s={search_term_string}"},"query-input":"required name=search_term_string"}],"inLanguage":"pt-BR"},{"@type":"Organization","@id":"https:\/\/www.pm.pb.gov.br\/portal\/#organization","name":"Pol\u00edcia Militar da Para\u00edba","url":"https:\/\/www.pm.pb.gov.br\/portal\/","logo":{"@type":"ImageObject","inLanguage":"pt-BR","@id":"https:\/\/www.pm.pb.gov.br\/portal\/#\/schema\/logo\/image\/","url":"https:\/\/www.pm.pb.gov.br\/portal\/wp-content\/uploads\/2025\/03\/cropped-logo-site-mag2-1.png","contentUrl":"https:\/\/www.pm.pb.gov.br\/portal\/wp-content\/uploads\/2025\/03\/cropped-logo-site-mag2-1.png","width":320,"height":90,"caption":"Pol\u00edcia Militar da Para\u00edba"},"image":{"@id":"https:\/\/www.pm.pb.gov.br\/portal\/#\/schema\/logo\/image\/"}},{"@type":"Person","@id":"https:\/\/www.pm.pb.gov.br\/portal\/#\/schema\/person\/f84f56dcc78ce4357054da888b8247fd","name":"Tarcisio Oliveira","image":{"@type":"ImageObject","inLanguage":"pt-BR","@id":"https:\/\/www.pm.pb.gov.br\/portal\/#\/schema\/person\/image\/","url":"https:\/\/secure.gravatar.com\/avatar\/72917b630b69d31cd0297507f34bac97?s=96&d=mm&r=g","contentUrl":"https:\/\/secure.gravatar.com\/avatar\/72917b630b69d31cd0297507f34bac97?s=96&d=mm&r=g","caption":"Tarcisio Oliveira"},"url":"https:\/\/www.pm.pb.gov.br\/portal\/author\/tarcisio\/"}]}},"_links":{"self":[{"href":"https:\/\/www.pm.pb.gov.br\/portal\/wp-json\/wp\/v2\/posts\/918429"}],"collection":[{"href":"https:\/\/www.pm.pb.gov.br\/portal\/wp-json\/wp\/v2\/posts"}],"about":[{"href":"https:\/\/www.pm.pb.gov.br\/portal\/wp-json\/wp\/v2\/types\/post"}],"author":[{"embeddable":true,"href":"https:\/\/www.pm.pb.gov.br\/portal\/wp-json\/wp\/v2\/users\/12"}],"replies":[{"embeddable":true,"href":"https:\/\/www.pm.pb.gov.br\/portal\/wp-json\/wp\/v2\/comments?post=918429"}],"version-history":[{"count":1,"href":"https:\/\/www.pm.pb.gov.br\/portal\/wp-json\/wp\/v2\/posts\/918429\/revisions"}],"predecessor-version":[{"id":918431,"href":"https:\/\/www.pm.pb.gov.br\/portal\/wp-json\/wp\/v2\/posts\/918429\/revisions\/918431"}],"wp:featuredmedia":[{"embeddable":true,"href":"https:\/\/www.pm.pb.gov.br\/portal\/wp-json\/wp\/v2\/media\/917312"}],"wp:attachment":[{"href":"https:\/\/www.pm.pb.gov.br\/portal\/wp-json\/wp\/v2\/media?parent=918429"}],"wp:term":[{"taxonomy":"category","embeddable":true,"href":"https:\/\/www.pm.pb.gov.br\/portal\/wp-json\/wp\/v2\/categories?post=918429"},{"taxonomy":"post_tag","embeddable":true,"href":"https:\/\/www.pm.pb.gov.br\/portal\/wp-json\/wp\/v2\/tags?post=918429"}],"curies":[{"name":"wp","href":"https:\/\/api.w.org\/{rel}","templated":true}]}}