{"id":918400,"date":"2023-09-24T09:49:10","date_gmt":"2023-09-24T12:49:10","guid":{"rendered":"https:\/\/www.pm.pb.gov.br\/portal\/?p=918400"},"modified":"2023-09-24T09:49:11","modified_gmt":"2023-09-24T12:49:11","slug":"policia-militar-detem-tres-suspeitos-por-porte-ilegal-de-arma-de-fogo-na-regiao-metropolitana-de-joao-pessoa","status":"publish","type":"post","link":"https:\/\/www.pm.pb.gov.br\/portal\/2023\/09\/24\/policia-militar-detem-tres-suspeitos-por-porte-ilegal-de-arma-de-fogo-na-regiao-metropolitana-de-joao-pessoa\/","title":{"rendered":"Pol\u00edcia Militar det\u00eam tr\u00eas suspeitos por porte ilegal de arma de fogo na regi\u00e3o metropolitana de Jo\u00e3o Pessoa"},"content":{"rendered":"\n<p>Na manh\u00e3 e fim da tarde deste s\u00e1bado (23), a Pol\u00edcia Militar prendeu dois suspeitos e apreendeu um adolescente que portavam ilegalmente armas de fogo, em a\u00e7\u00f5es realizadas nos munic\u00edpios de Santa Rita e Bayeux.<\/p>\n<p>Durante a manh\u00e3, equipes do 7\u00ba Batalh\u00e3o realizavam o policiamento preventivo em Tibiri e averiguaram uma den\u00fancia de que indiv\u00edduos em um ve\u00edculo teriam efetuado disparos de arma de fogo naquela regi\u00e3o. Nas dilig\u00eancias, os policiais avistaram um autom\u00f3vel compat\u00edvel com as informa\u00e7\u00f5es repassadas e, ao perceberem a presen\u00e7a policial, os ocupantes do carro empreenderam fuga, mas dois deles foram alcan\u00e7ados e abordados. Com eles, durante a busca, foram encontradas duas armas de fogo, sendo um rev\u00f3lver e uma pistola, al\u00e9m de algumas por\u00e7\u00f5es de entorpecentes, uma capa de colete e embalagens pl\u00e1sticas (foto em destaque). Suspeito e material apreendido foram apresentados na Delegacia de Pol\u00edcia Civil.<\/p>\n<p><img loading=\"lazy\" decoding=\"async\" class=\"wp-image-918401 alignleft\" src=\"http:\/\/www.pm.pb.gov.br\/portal\/wp-content\/uploads\/2023\/09\/Bayeux-4cipm-334x445.jpeg\" alt=\"\" width=\"237\" height=\"315\" srcset=\"https:\/\/www.pm.pb.gov.br\/portal\/wp-content\/uploads\/2023\/09\/Bayeux-4cipm-334x445.jpeg 334w, https:\/\/www.pm.pb.gov.br\/portal\/wp-content\/uploads\/2023\/09\/Bayeux-4cipm-428x570.jpeg 428w, https:\/\/www.pm.pb.gov.br\/portal\/wp-content\/uploads\/2023\/09\/Bayeux-4cipm-768x1024.jpeg 768w, https:\/\/www.pm.pb.gov.br\/portal\/wp-content\/uploads\/2023\/09\/Bayeux-4cipm-1152x1536.jpeg 1152w, https:\/\/www.pm.pb.gov.br\/portal\/wp-content\/uploads\/2023\/09\/Bayeux-4cipm.jpeg 1200w\" sizes=\"(max-width: 237px) 100vw, 237px\" \/>J\u00e1 em Bayeux, no per\u00edodo da tarde, policiais militares da For\u00e7a T\u00e1tica da 4\u00aa Companhia Independente realizavam rondas no centro da cidade, quando receberam a informa\u00e7\u00e3o de que um adolescente, que j\u00e1 teria sido apreendido anteriormente, estaria armado e traficando entorpecentes na localidade conhecida como \u201cBeco da morte\u201d.<\/p>\n<p>Prontamente, as equipes deslocaram-se ao local e realizaram o cerco do rapaz, que correu tentando evadir-se dos militares, mas foi capturado, sendo encontrado com ele um rev\u00f3lver calibre .38, dezesseis muni\u00e7\u00f5es, tr\u00eas aparelhos celulares, onze papelotes de maconha, sete saquinhos com coca\u00edna, sete pedras de crack e quatro reais e oitenta e cinco centavos em dinheiro trocado (foto \u00e0 esquerda). O rapaz foi apreendido e conduzido \u00e0 6\u00aa Delegacia Distrital, em Santa Rita. A m\u00e3e do adolescente tamb\u00e9m foi conduzida por desacato.<\/p>\n<p>\u00a0<\/p>\n","protected":false},"excerpt":{"rendered":"<p>Na manh\u00e3 e fim da tarde deste s\u00e1bado (23), a Pol\u00edcia Militar prendeu dois suspeitos e apreendeu um adolescente que<\/p>\n","protected":false},"author":5,"featured_media":918404,"comment_status":"closed","ping_status":"closed","sticky":false,"template":"","format":"standard","meta":{"_exactmetrics_skip_tracking":false,"_exactmetrics_sitenote_active":false,"_exactmetrics_sitenote_note":"","_exactmetrics_sitenote_category":0,"footnotes":""},"categories":[4],"tags":[],"yoast_head":"<!-- This site is optimized with the Yoast SEO plugin v22.0 - https:\/\/yoast.com\/wordpress\/plugins\/seo\/ -->\n<title>Pol\u00edcia Militar det\u00eam tr\u00eas suspeitos por porte ilegal de arma de fogo na regi\u00e3o metropolitana de Jo\u00e3o Pessoa - Pol\u00edcia Militar da Para\u00edba<\/title>\n<meta name=\"robots\" content=\"index, follow, max-snippet:-1, max-image-preview:large, max-video-preview:-1\" \/>\n<link rel=\"canonical\" href=\"https:\/\/www.pm.pb.gov.br\/portal\/2023\/09\/24\/policia-militar-detem-tres-suspeitos-por-porte-ilegal-de-arma-de-fogo-na-regiao-metropolitana-de-joao-pessoa\/\" \/>\n<meta property=\"og:locale\" content=\"pt_BR\" \/>\n<meta property=\"og:type\" content=\"article\" \/>\n<meta property=\"og:title\" content=\"Pol\u00edcia Militar det\u00eam tr\u00eas suspeitos por porte ilegal de arma de fogo na regi\u00e3o metropolitana de Jo\u00e3o Pessoa - Pol\u00edcia Militar da Para\u00edba\" \/>\n<meta property=\"og:description\" content=\"Na manh\u00e3 e fim da tarde deste s\u00e1bado (23), a Pol\u00edcia Militar prendeu dois suspeitos e apreendeu um adolescente que\" \/>\n<meta property=\"og:url\" content=\"https:\/\/www.pm.pb.gov.br\/portal\/2023\/09\/24\/policia-militar-detem-tres-suspeitos-por-porte-ilegal-de-arma-de-fogo-na-regiao-metropolitana-de-joao-pessoa\/\" \/>\n<meta property=\"og:site_name\" content=\"Pol\u00edcia Militar da Para\u00edba\" \/>\n<meta property=\"article:published_time\" content=\"2023-09-24T12:49:10+00:00\" \/>\n<meta property=\"article:modified_time\" content=\"2023-09-24T12:49:11+00:00\" \/>\n<meta property=\"og:image\" content=\"http:\/\/www.pm.pb.gov.br\/portal\/wp-content\/uploads\/2023\/09\/7bpm.jpeg\" \/>\n\t<meta property=\"og:image:width\" content=\"1024\" \/>\n\t<meta property=\"og:image:height\" content=\"576\" \/>\n\t<meta property=\"og:image:type\" content=\"image\/jpeg\" \/>\n<meta name=\"author\" content=\"Assessoria de Imprensa da PMPB\" \/>\n<meta name=\"twitter:card\" content=\"summary_large_image\" \/>\n<meta name=\"twitter:label1\" content=\"Escrito por\" \/>\n\t<meta name=\"twitter:data1\" content=\"Assessoria de Imprensa da PMPB\" \/>\n\t<meta name=\"twitter:label2\" content=\"Est. tempo de leitura\" \/>\n\t<meta name=\"twitter:data2\" content=\"2 minutos\" \/>\n<script type=\"application\/ld+json\" class=\"yoast-schema-graph\">{\"@context\":\"https:\/\/schema.org\",\"@graph\":[{\"@type\":\"Article\",\"@id\":\"https:\/\/www.pm.pb.gov.br\/portal\/2023\/09\/24\/policia-militar-detem-tres-suspeitos-por-porte-ilegal-de-arma-de-fogo-na-regiao-metropolitana-de-joao-pessoa\/#article\",\"isPartOf\":{\"@id\":\"https:\/\/www.pm.pb.gov.br\/portal\/2023\/09\/24\/policia-militar-detem-tres-suspeitos-por-porte-ilegal-de-arma-de-fogo-na-regiao-metropolitana-de-joao-pessoa\/\"},\"author\":{\"name\":\"Assessoria de Imprensa da PMPB\",\"@id\":\"https:\/\/www.pm.pb.gov.br\/portal\/#\/schema\/person\/e8454f46651c3ecf0e1ba3c1666d9947\"},\"headline\":\"Pol\u00edcia Militar det\u00eam tr\u00eas suspeitos por porte ilegal de arma de fogo na regi\u00e3o metropolitana de Jo\u00e3o Pessoa\",\"datePublished\":\"2023-09-24T12:49:10+00:00\",\"dateModified\":\"2023-09-24T12:49:11+00:00\",\"mainEntityOfPage\":{\"@id\":\"https:\/\/www.pm.pb.gov.br\/portal\/2023\/09\/24\/policia-militar-detem-tres-suspeitos-por-porte-ilegal-de-arma-de-fogo-na-regiao-metropolitana-de-joao-pessoa\/\"},\"wordCount\":318,\"publisher\":{\"@id\":\"https:\/\/www.pm.pb.gov.br\/portal\/#organization\"},\"articleSection\":[\"A\u00e7\u00f5es Policiais\"],\"inLanguage\":\"pt-BR\"},{\"@type\":\"WebPage\",\"@id\":\"https:\/\/www.pm.pb.gov.br\/portal\/2023\/09\/24\/policia-militar-detem-tres-suspeitos-por-porte-ilegal-de-arma-de-fogo-na-regiao-metropolitana-de-joao-pessoa\/\",\"url\":\"https:\/\/www.pm.pb.gov.br\/portal\/2023\/09\/24\/policia-militar-detem-tres-suspeitos-por-porte-ilegal-de-arma-de-fogo-na-regiao-metropolitana-de-joao-pessoa\/\",\"name\":\"Pol\u00edcia Militar det\u00eam tr\u00eas suspeitos por porte ilegal de arma de fogo na regi\u00e3o metropolitana de Jo\u00e3o Pessoa - Pol\u00edcia Militar da Para\u00edba\",\"isPartOf\":{\"@id\":\"https:\/\/www.pm.pb.gov.br\/portal\/#website\"},\"datePublished\":\"2023-09-24T12:49:10+00:00\",\"dateModified\":\"2023-09-24T12:49:11+00:00\",\"breadcrumb\":{\"@id\":\"https:\/\/www.pm.pb.gov.br\/portal\/2023\/09\/24\/policia-militar-detem-tres-suspeitos-por-porte-ilegal-de-arma-de-fogo-na-regiao-metropolitana-de-joao-pessoa\/#breadcrumb\"},\"inLanguage\":\"pt-BR\",\"potentialAction\":[{\"@type\":\"ReadAction\",\"target\":[\"https:\/\/www.pm.pb.gov.br\/portal\/2023\/09\/24\/policia-militar-detem-tres-suspeitos-por-porte-ilegal-de-arma-de-fogo-na-regiao-metropolitana-de-joao-pessoa\/\"]}]},{\"@type\":\"BreadcrumbList\",\"@id\":\"https:\/\/www.pm.pb.gov.br\/portal\/2023\/09\/24\/policia-militar-detem-tres-suspeitos-por-porte-ilegal-de-arma-de-fogo-na-regiao-metropolitana-de-joao-pessoa\/#breadcrumb\",\"itemListElement\":[{\"@type\":\"ListItem\",\"position\":1,\"name\":\"In\u00edcio\",\"item\":\"https:\/\/www.pm.pb.gov.br\/portal\/\"},{\"@type\":\"ListItem\",\"position\":2,\"name\":\"Pol\u00edcia Militar det\u00eam tr\u00eas suspeitos por porte ilegal de arma de fogo na regi\u00e3o metropolitana de Jo\u00e3o Pessoa\"}]},{\"@type\":\"WebSite\",\"@id\":\"https:\/\/www.pm.pb.gov.br\/portal\/#website\",\"url\":\"https:\/\/www.pm.pb.gov.br\/portal\/\",\"name\":\"Pol\u00edcia Militar da Para\u00edba\",\"description\":\"\",\"publisher\":{\"@id\":\"https:\/\/www.pm.pb.gov.br\/portal\/#organization\"},\"potentialAction\":[{\"@type\":\"SearchAction\",\"target\":{\"@type\":\"EntryPoint\",\"urlTemplate\":\"https:\/\/www.pm.pb.gov.br\/portal\/?s={search_term_string}\"},\"query-input\":\"required name=search_term_string\"}],\"inLanguage\":\"pt-BR\"},{\"@type\":\"Organization\",\"@id\":\"https:\/\/www.pm.pb.gov.br\/portal\/#organization\",\"name\":\"Pol\u00edcia Militar da Para\u00edba\",\"url\":\"https:\/\/www.pm.pb.gov.br\/portal\/\",\"logo\":{\"@type\":\"ImageObject\",\"inLanguage\":\"pt-BR\",\"@id\":\"https:\/\/www.pm.pb.gov.br\/portal\/#\/schema\/logo\/image\/\",\"url\":\"https:\/\/www.pm.pb.gov.br\/portal\/wp-content\/uploads\/2025\/03\/cropped-logo-site-mag2-1.png\",\"contentUrl\":\"https:\/\/www.pm.pb.gov.br\/portal\/wp-content\/uploads\/2025\/03\/cropped-logo-site-mag2-1.png\",\"width\":320,\"height\":90,\"caption\":\"Pol\u00edcia Militar da Para\u00edba\"},\"image\":{\"@id\":\"https:\/\/www.pm.pb.gov.br\/portal\/#\/schema\/logo\/image\/\"}},{\"@type\":\"Person\",\"@id\":\"https:\/\/www.pm.pb.gov.br\/portal\/#\/schema\/person\/e8454f46651c3ecf0e1ba3c1666d9947\",\"name\":\"Assessoria de Imprensa da PMPB\",\"image\":{\"@type\":\"ImageObject\",\"inLanguage\":\"pt-BR\",\"@id\":\"https:\/\/www.pm.pb.gov.br\/portal\/#\/schema\/person\/image\/\",\"url\":\"https:\/\/secure.gravatar.com\/avatar\/2efe197438265d1e90bd98c4c8e1acf8?s=96&d=mm&r=g\",\"contentUrl\":\"https:\/\/secure.gravatar.com\/avatar\/2efe197438265d1e90bd98c4c8e1acf8?s=96&d=mm&r=g\",\"caption\":\"Assessoria de Imprensa da PMPB\"},\"url\":\"https:\/\/www.pm.pb.gov.br\/portal\/author\/assessoria\/\"}]}<\/script>\n<!-- \/ Yoast SEO plugin. -->","yoast_head_json":{"title":"Pol\u00edcia Militar det\u00eam tr\u00eas suspeitos por porte ilegal de arma de fogo na regi\u00e3o metropolitana de Jo\u00e3o Pessoa - Pol\u00edcia Militar da Para\u00edba","robots":{"index":"index","follow":"follow","max-snippet":"max-snippet:-1","max-image-preview":"max-image-preview:large","max-video-preview":"max-video-preview:-1"},"canonical":"https:\/\/www.pm.pb.gov.br\/portal\/2023\/09\/24\/policia-militar-detem-tres-suspeitos-por-porte-ilegal-de-arma-de-fogo-na-regiao-metropolitana-de-joao-pessoa\/","og_locale":"pt_BR","og_type":"article","og_title":"Pol\u00edcia Militar det\u00eam tr\u00eas suspeitos por porte ilegal de arma de fogo na regi\u00e3o metropolitana de Jo\u00e3o Pessoa - Pol\u00edcia Militar da Para\u00edba","og_description":"Na manh\u00e3 e fim da tarde deste s\u00e1bado (23), a Pol\u00edcia Militar prendeu dois suspeitos e apreendeu um adolescente que","og_url":"https:\/\/www.pm.pb.gov.br\/portal\/2023\/09\/24\/policia-militar-detem-tres-suspeitos-por-porte-ilegal-de-arma-de-fogo-na-regiao-metropolitana-de-joao-pessoa\/","og_site_name":"Pol\u00edcia Militar da Para\u00edba","article_published_time":"2023-09-24T12:49:10+00:00","article_modified_time":"2023-09-24T12:49:11+00:00","og_image":[{"width":1024,"height":576,"url":"http:\/\/www.pm.pb.gov.br\/portal\/wp-content\/uploads\/2023\/09\/7bpm.jpeg","type":"image\/jpeg"}],"author":"Assessoria de Imprensa da PMPB","twitter_card":"summary_large_image","twitter_misc":{"Escrito por":"Assessoria de Imprensa da PMPB","Est. tempo de leitura":"2 minutos"},"schema":{"@context":"https:\/\/schema.org","@graph":[{"@type":"Article","@id":"https:\/\/www.pm.pb.gov.br\/portal\/2023\/09\/24\/policia-militar-detem-tres-suspeitos-por-porte-ilegal-de-arma-de-fogo-na-regiao-metropolitana-de-joao-pessoa\/#article","isPartOf":{"@id":"https:\/\/www.pm.pb.gov.br\/portal\/2023\/09\/24\/policia-militar-detem-tres-suspeitos-por-porte-ilegal-de-arma-de-fogo-na-regiao-metropolitana-de-joao-pessoa\/"},"author":{"name":"Assessoria de Imprensa da PMPB","@id":"https:\/\/www.pm.pb.gov.br\/portal\/#\/schema\/person\/e8454f46651c3ecf0e1ba3c1666d9947"},"headline":"Pol\u00edcia Militar det\u00eam tr\u00eas suspeitos por porte ilegal de arma de fogo na regi\u00e3o metropolitana de Jo\u00e3o Pessoa","datePublished":"2023-09-24T12:49:10+00:00","dateModified":"2023-09-24T12:49:11+00:00","mainEntityOfPage":{"@id":"https:\/\/www.pm.pb.gov.br\/portal\/2023\/09\/24\/policia-militar-detem-tres-suspeitos-por-porte-ilegal-de-arma-de-fogo-na-regiao-metropolitana-de-joao-pessoa\/"},"wordCount":318,"publisher":{"@id":"https:\/\/www.pm.pb.gov.br\/portal\/#organization"},"articleSection":["A\u00e7\u00f5es Policiais"],"inLanguage":"pt-BR"},{"@type":"WebPage","@id":"https:\/\/www.pm.pb.gov.br\/portal\/2023\/09\/24\/policia-militar-detem-tres-suspeitos-por-porte-ilegal-de-arma-de-fogo-na-regiao-metropolitana-de-joao-pessoa\/","url":"https:\/\/www.pm.pb.gov.br\/portal\/2023\/09\/24\/policia-militar-detem-tres-suspeitos-por-porte-ilegal-de-arma-de-fogo-na-regiao-metropolitana-de-joao-pessoa\/","name":"Pol\u00edcia Militar det\u00eam tr\u00eas suspeitos por porte ilegal de arma de fogo na regi\u00e3o metropolitana de Jo\u00e3o Pessoa - Pol\u00edcia Militar da Para\u00edba","isPartOf":{"@id":"https:\/\/www.pm.pb.gov.br\/portal\/#website"},"datePublished":"2023-09-24T12:49:10+00:00","dateModified":"2023-09-24T12:49:11+00:00","breadcrumb":{"@id":"https:\/\/www.pm.pb.gov.br\/portal\/2023\/09\/24\/policia-militar-detem-tres-suspeitos-por-porte-ilegal-de-arma-de-fogo-na-regiao-metropolitana-de-joao-pessoa\/#breadcrumb"},"inLanguage":"pt-BR","potentialAction":[{"@type":"ReadAction","target":["https:\/\/www.pm.pb.gov.br\/portal\/2023\/09\/24\/policia-militar-detem-tres-suspeitos-por-porte-ilegal-de-arma-de-fogo-na-regiao-metropolitana-de-joao-pessoa\/"]}]},{"@type":"BreadcrumbList","@id":"https:\/\/www.pm.pb.gov.br\/portal\/2023\/09\/24\/policia-militar-detem-tres-suspeitos-por-porte-ilegal-de-arma-de-fogo-na-regiao-metropolitana-de-joao-pessoa\/#breadcrumb","itemListElement":[{"@type":"ListItem","position":1,"name":"In\u00edcio","item":"https:\/\/www.pm.pb.gov.br\/portal\/"},{"@type":"ListItem","position":2,"name":"Pol\u00edcia Militar det\u00eam tr\u00eas suspeitos por porte ilegal de arma de fogo na regi\u00e3o metropolitana de Jo\u00e3o Pessoa"}]},{"@type":"WebSite","@id":"https:\/\/www.pm.pb.gov.br\/portal\/#website","url":"https:\/\/www.pm.pb.gov.br\/portal\/","name":"Pol\u00edcia Militar da Para\u00edba","description":"","publisher":{"@id":"https:\/\/www.pm.pb.gov.br\/portal\/#organization"},"potentialAction":[{"@type":"SearchAction","target":{"@type":"EntryPoint","urlTemplate":"https:\/\/www.pm.pb.gov.br\/portal\/?s={search_term_string}"},"query-input":"required name=search_term_string"}],"inLanguage":"pt-BR"},{"@type":"Organization","@id":"https:\/\/www.pm.pb.gov.br\/portal\/#organization","name":"Pol\u00edcia Militar da Para\u00edba","url":"https:\/\/www.pm.pb.gov.br\/portal\/","logo":{"@type":"ImageObject","inLanguage":"pt-BR","@id":"https:\/\/www.pm.pb.gov.br\/portal\/#\/schema\/logo\/image\/","url":"https:\/\/www.pm.pb.gov.br\/portal\/wp-content\/uploads\/2025\/03\/cropped-logo-site-mag2-1.png","contentUrl":"https:\/\/www.pm.pb.gov.br\/portal\/wp-content\/uploads\/2025\/03\/cropped-logo-site-mag2-1.png","width":320,"height":90,"caption":"Pol\u00edcia Militar da Para\u00edba"},"image":{"@id":"https:\/\/www.pm.pb.gov.br\/portal\/#\/schema\/logo\/image\/"}},{"@type":"Person","@id":"https:\/\/www.pm.pb.gov.br\/portal\/#\/schema\/person\/e8454f46651c3ecf0e1ba3c1666d9947","name":"Assessoria de Imprensa da PMPB","image":{"@type":"ImageObject","inLanguage":"pt-BR","@id":"https:\/\/www.pm.pb.gov.br\/portal\/#\/schema\/person\/image\/","url":"https:\/\/secure.gravatar.com\/avatar\/2efe197438265d1e90bd98c4c8e1acf8?s=96&d=mm&r=g","contentUrl":"https:\/\/secure.gravatar.com\/avatar\/2efe197438265d1e90bd98c4c8e1acf8?s=96&d=mm&r=g","caption":"Assessoria de Imprensa da PMPB"},"url":"https:\/\/www.pm.pb.gov.br\/portal\/author\/assessoria\/"}]}},"_links":{"self":[{"href":"https:\/\/www.pm.pb.gov.br\/portal\/wp-json\/wp\/v2\/posts\/918400"}],"collection":[{"href":"https:\/\/www.pm.pb.gov.br\/portal\/wp-json\/wp\/v2\/posts"}],"about":[{"href":"https:\/\/www.pm.pb.gov.br\/portal\/wp-json\/wp\/v2\/types\/post"}],"author":[{"embeddable":true,"href":"https:\/\/www.pm.pb.gov.br\/portal\/wp-json\/wp\/v2\/users\/5"}],"replies":[{"embeddable":true,"href":"https:\/\/www.pm.pb.gov.br\/portal\/wp-json\/wp\/v2\/comments?post=918400"}],"version-history":[{"count":5,"href":"https:\/\/www.pm.pb.gov.br\/portal\/wp-json\/wp\/v2\/posts\/918400\/revisions"}],"predecessor-version":[{"id":918409,"href":"https:\/\/www.pm.pb.gov.br\/portal\/wp-json\/wp\/v2\/posts\/918400\/revisions\/918409"}],"wp:featuredmedia":[{"embeddable":true,"href":"https:\/\/www.pm.pb.gov.br\/portal\/wp-json\/wp\/v2\/media\/918404"}],"wp:attachment":[{"href":"https:\/\/www.pm.pb.gov.br\/portal\/wp-json\/wp\/v2\/media?parent=918400"}],"wp:term":[{"taxonomy":"category","embeddable":true,"href":"https:\/\/www.pm.pb.gov.br\/portal\/wp-json\/wp\/v2\/categories?post=918400"},{"taxonomy":"post_tag","embeddable":true,"href":"https:\/\/www.pm.pb.gov.br\/portal\/wp-json\/wp\/v2\/tags?post=918400"}],"curies":[{"name":"wp","href":"https:\/\/api.w.org\/{rel}","templated":true}]}}