{"id":918387,"date":"2023-09-23T15:06:38","date_gmt":"2023-09-23T18:06:38","guid":{"rendered":"https:\/\/www.pm.pb.gov.br\/portal\/?p=918387"},"modified":"2023-09-23T15:06:41","modified_gmt":"2023-09-23T18:06:41","slug":"policia-militar-apreende-tres-armas-de-fogo-e-prende-dois-suspeitos-em-acoes-no-interior-da-paraiba","status":"publish","type":"post","link":"https:\/\/www.pm.pb.gov.br\/portal\/2023\/09\/23\/policia-militar-apreende-tres-armas-de-fogo-e-prende-dois-suspeitos-em-acoes-no-interior-da-paraiba\/","title":{"rendered":"Pol\u00edcia Militar apreende tr\u00eas armas de fogo e prende dois suspeitos em a\u00e7\u00f5es no interior da Para\u00edba"},"content":{"rendered":"\n<p><\/p>\n\n\n\n<p>A Pol\u00edcia Militar apreendeu, entre a noite desta sexta (22) e a manh\u00e3 deste s\u00e1bado (23), tr\u00eas armas de fogo nos munic\u00edpios de Itaporanga, Paulista e S\u00e3o Francisco. Nas a\u00e7\u00f5es, dois suspeitos foram detidos.<\/p>\n<p><img loading=\"lazy\" decoding=\"async\" class=\"wp-image-918392 alignleft\" src=\"http:\/\/www.pm.pb.gov.br\/portal\/wp-content\/uploads\/2023\/09\/WhatsApp-Image-2023-09-23-at-15.15.08-413x445.jpeg\" alt=\"\" width=\"190\" height=\"204\" srcset=\"https:\/\/www.pm.pb.gov.br\/portal\/wp-content\/uploads\/2023\/09\/WhatsApp-Image-2023-09-23-at-15.15.08-413x445.jpeg 413w, https:\/\/www.pm.pb.gov.br\/portal\/wp-content\/uploads\/2023\/09\/WhatsApp-Image-2023-09-23-at-15.15.08-529x570.jpeg 529w, https:\/\/www.pm.pb.gov.br\/portal\/wp-content\/uploads\/2023\/09\/WhatsApp-Image-2023-09-23-at-15.15.08.jpeg 720w\" sizes=\"(max-width: 190px) 100vw, 190px\" \/>A primeira arma de fogo foi retirada das ruas na noite desta sexta-feira, quando policiais militares do 13\u00ba Batalh\u00e3o foram acionados para averiguarem uma den\u00fancia de que tr\u00eas indiv\u00edduos armados estariam rondando em um ve\u00edculo no centro da cidade. No local, os suspeitos empreenderam fuga a p\u00e9, ao visualizarem os policiais, e adentraram uma resid\u00eancia. Dois suspeitos lograram \u00eaxito na fuga, mas um terceiro foi detido portando um rev\u00f3lver calibre 32 com seis muni\u00e7\u00f5es (foto \u00e0 esquerda). Ele e a arma de fogo foram conduzidos \u00e0 Delegacia de Pol\u00edcia Civil.<\/p>\n<p><img loading=\"lazy\" decoding=\"async\" class=\"wp-image-918393 alignright\" src=\"http:\/\/www.pm.pb.gov.br\/portal\/wp-content\/uploads\/2023\/09\/WhatsApp-Image-2023-09-23-at-15.15.08-1-489x445.jpeg\" alt=\"\" width=\"250\" height=\"227\" srcset=\"https:\/\/www.pm.pb.gov.br\/portal\/wp-content\/uploads\/2023\/09\/WhatsApp-Image-2023-09-23-at-15.15.08-1-489x445.jpeg 489w, https:\/\/www.pm.pb.gov.br\/portal\/wp-content\/uploads\/2023\/09\/WhatsApp-Image-2023-09-23-at-15.15.08-1.jpeg 592w\" sizes=\"(max-width: 250px) 100vw, 250px\" \/>J\u00e1 em S\u00e3o Francisco, na madrugada deste s\u00e1bado, policiais militares do 14\u00ba Batalh\u00e3o prenderam um indiv\u00edduo por porte ilegal de arma de fogo, durante policiamento em um evento festivo. A pris\u00e3o aconteceu ap\u00f3s um tumulto entre alguns participantes da festa, onde um dos indiv\u00edduos, em atitude suspeita, discutia com outras pessoas. Os policiais intervieram na confus\u00e3o e procederam a busca pessoal nos envolvidos, sendo localizado com um deles um rev\u00f3lver calibre .38 e cinco muni\u00e7\u00f5es (foto \u00e1 direita). O homem foi preso em flagrante e conduzido para \u00e0 Delegacia.<\/p>\n<p>Por fim, na zona rural de Paulista, na rodovia BR-427, policiais militares do 12\u00ba Batalh\u00e3o apreenderam, na manh\u00e3 deste s\u00e1bado, um rev\u00f3lver calibre .38 com cinco muni\u00e7\u00f5es (foto em destaque). A apreens\u00e3o ocorreu em continuidade \u00e0s dilig\u00eancias iniciadas na noite anterior, quando um indiv\u00edduo foi preso em flagrante na Para\u00edba, ap\u00f3s roubar uma moto em Serra Negra do Norte, no Rio Grande do Norte. A arma, que foi usada pelo suspeito para praticar o roubo, foi encontrada nas proximidades de onde ocorreu a pris\u00e3o, e foi levada para a delegacia de Pol\u00edcia Civil de S\u00e3o Bento.<\/p>\n","protected":false},"excerpt":{"rendered":"<p>A Pol\u00edcia Militar apreendeu, entre a noite desta sexta (22) e a manh\u00e3 deste s\u00e1bado (23), tr\u00eas armas de fogo<\/p>\n","protected":false},"author":5,"featured_media":918388,"comment_status":"closed","ping_status":"closed","sticky":false,"template":"","format":"standard","meta":{"_exactmetrics_skip_tracking":false,"_exactmetrics_sitenote_active":false,"_exactmetrics_sitenote_note":"","_exactmetrics_sitenote_category":0,"footnotes":""},"categories":[4],"tags":[],"yoast_head":"<!-- This site is optimized with the Yoast SEO plugin v22.0 - https:\/\/yoast.com\/wordpress\/plugins\/seo\/ -->\n<title>Pol\u00edcia Militar apreende tr\u00eas armas de fogo e prende dois suspeitos em a\u00e7\u00f5es no interior da Para\u00edba - Pol\u00edcia Militar da Para\u00edba<\/title>\n<meta name=\"robots\" content=\"index, follow, max-snippet:-1, max-image-preview:large, max-video-preview:-1\" \/>\n<link rel=\"canonical\" href=\"https:\/\/www.pm.pb.gov.br\/portal\/2023\/09\/23\/policia-militar-apreende-tres-armas-de-fogo-e-prende-dois-suspeitos-em-acoes-no-interior-da-paraiba\/\" \/>\n<meta property=\"og:locale\" content=\"pt_BR\" \/>\n<meta property=\"og:type\" content=\"article\" \/>\n<meta property=\"og:title\" content=\"Pol\u00edcia Militar apreende tr\u00eas armas de fogo e prende dois suspeitos em a\u00e7\u00f5es no interior da Para\u00edba - Pol\u00edcia Militar da Para\u00edba\" \/>\n<meta property=\"og:description\" content=\"A Pol\u00edcia Militar apreendeu, entre a noite desta sexta (22) e a manh\u00e3 deste s\u00e1bado (23), tr\u00eas armas de fogo\" \/>\n<meta property=\"og:url\" content=\"https:\/\/www.pm.pb.gov.br\/portal\/2023\/09\/23\/policia-militar-apreende-tres-armas-de-fogo-e-prende-dois-suspeitos-em-acoes-no-interior-da-paraiba\/\" \/>\n<meta property=\"og:site_name\" content=\"Pol\u00edcia Militar da Para\u00edba\" \/>\n<meta property=\"article:published_time\" content=\"2023-09-23T18:06:38+00:00\" \/>\n<meta property=\"article:modified_time\" content=\"2023-09-23T18:06:41+00:00\" \/>\n<meta property=\"og:image\" content=\"http:\/\/www.pm.pb.gov.br\/portal\/wp-content\/uploads\/2023\/09\/12bpm.jpeg\" \/>\n\t<meta property=\"og:image:width\" content=\"738\" \/>\n\t<meta property=\"og:image:height\" content=\"881\" \/>\n\t<meta property=\"og:image:type\" content=\"image\/jpeg\" \/>\n<meta name=\"author\" content=\"Assessoria de Imprensa da PMPB\" \/>\n<meta name=\"twitter:card\" content=\"summary_large_image\" \/>\n<meta name=\"twitter:label1\" content=\"Escrito por\" \/>\n\t<meta name=\"twitter:data1\" content=\"Assessoria de Imprensa da PMPB\" \/>\n\t<meta name=\"twitter:label2\" content=\"Est. tempo de leitura\" \/>\n\t<meta name=\"twitter:data2\" content=\"3 minutos\" \/>\n<script type=\"application\/ld+json\" class=\"yoast-schema-graph\">{\"@context\":\"https:\/\/schema.org\",\"@graph\":[{\"@type\":\"Article\",\"@id\":\"https:\/\/www.pm.pb.gov.br\/portal\/2023\/09\/23\/policia-militar-apreende-tres-armas-de-fogo-e-prende-dois-suspeitos-em-acoes-no-interior-da-paraiba\/#article\",\"isPartOf\":{\"@id\":\"https:\/\/www.pm.pb.gov.br\/portal\/2023\/09\/23\/policia-militar-apreende-tres-armas-de-fogo-e-prende-dois-suspeitos-em-acoes-no-interior-da-paraiba\/\"},\"author\":{\"name\":\"Assessoria de Imprensa da PMPB\",\"@id\":\"https:\/\/www.pm.pb.gov.br\/portal\/#\/schema\/person\/e8454f46651c3ecf0e1ba3c1666d9947\"},\"headline\":\"Pol\u00edcia Militar apreende tr\u00eas armas de fogo e prende dois suspeitos em a\u00e7\u00f5es no interior da Para\u00edba\",\"datePublished\":\"2023-09-23T18:06:38+00:00\",\"dateModified\":\"2023-09-23T18:06:41+00:00\",\"mainEntityOfPage\":{\"@id\":\"https:\/\/www.pm.pb.gov.br\/portal\/2023\/09\/23\/policia-militar-apreende-tres-armas-de-fogo-e-prende-dois-suspeitos-em-acoes-no-interior-da-paraiba\/\"},\"wordCount\":355,\"publisher\":{\"@id\":\"https:\/\/www.pm.pb.gov.br\/portal\/#organization\"},\"articleSection\":[\"A\u00e7\u00f5es Policiais\"],\"inLanguage\":\"pt-BR\"},{\"@type\":\"WebPage\",\"@id\":\"https:\/\/www.pm.pb.gov.br\/portal\/2023\/09\/23\/policia-militar-apreende-tres-armas-de-fogo-e-prende-dois-suspeitos-em-acoes-no-interior-da-paraiba\/\",\"url\":\"https:\/\/www.pm.pb.gov.br\/portal\/2023\/09\/23\/policia-militar-apreende-tres-armas-de-fogo-e-prende-dois-suspeitos-em-acoes-no-interior-da-paraiba\/\",\"name\":\"Pol\u00edcia Militar apreende tr\u00eas armas de fogo e prende dois suspeitos em a\u00e7\u00f5es no interior da Para\u00edba - Pol\u00edcia Militar da Para\u00edba\",\"isPartOf\":{\"@id\":\"https:\/\/www.pm.pb.gov.br\/portal\/#website\"},\"datePublished\":\"2023-09-23T18:06:38+00:00\",\"dateModified\":\"2023-09-23T18:06:41+00:00\",\"breadcrumb\":{\"@id\":\"https:\/\/www.pm.pb.gov.br\/portal\/2023\/09\/23\/policia-militar-apreende-tres-armas-de-fogo-e-prende-dois-suspeitos-em-acoes-no-interior-da-paraiba\/#breadcrumb\"},\"inLanguage\":\"pt-BR\",\"potentialAction\":[{\"@type\":\"ReadAction\",\"target\":[\"https:\/\/www.pm.pb.gov.br\/portal\/2023\/09\/23\/policia-militar-apreende-tres-armas-de-fogo-e-prende-dois-suspeitos-em-acoes-no-interior-da-paraiba\/\"]}]},{\"@type\":\"BreadcrumbList\",\"@id\":\"https:\/\/www.pm.pb.gov.br\/portal\/2023\/09\/23\/policia-militar-apreende-tres-armas-de-fogo-e-prende-dois-suspeitos-em-acoes-no-interior-da-paraiba\/#breadcrumb\",\"itemListElement\":[{\"@type\":\"ListItem\",\"position\":1,\"name\":\"In\u00edcio\",\"item\":\"https:\/\/www.pm.pb.gov.br\/portal\/\"},{\"@type\":\"ListItem\",\"position\":2,\"name\":\"Pol\u00edcia Militar apreende tr\u00eas armas de fogo e prende dois suspeitos em a\u00e7\u00f5es no interior da Para\u00edba\"}]},{\"@type\":\"WebSite\",\"@id\":\"https:\/\/www.pm.pb.gov.br\/portal\/#website\",\"url\":\"https:\/\/www.pm.pb.gov.br\/portal\/\",\"name\":\"Pol\u00edcia Militar da Para\u00edba\",\"description\":\"\",\"publisher\":{\"@id\":\"https:\/\/www.pm.pb.gov.br\/portal\/#organization\"},\"potentialAction\":[{\"@type\":\"SearchAction\",\"target\":{\"@type\":\"EntryPoint\",\"urlTemplate\":\"https:\/\/www.pm.pb.gov.br\/portal\/?s={search_term_string}\"},\"query-input\":\"required name=search_term_string\"}],\"inLanguage\":\"pt-BR\"},{\"@type\":\"Organization\",\"@id\":\"https:\/\/www.pm.pb.gov.br\/portal\/#organization\",\"name\":\"Pol\u00edcia Militar da Para\u00edba\",\"url\":\"https:\/\/www.pm.pb.gov.br\/portal\/\",\"logo\":{\"@type\":\"ImageObject\",\"inLanguage\":\"pt-BR\",\"@id\":\"https:\/\/www.pm.pb.gov.br\/portal\/#\/schema\/logo\/image\/\",\"url\":\"https:\/\/www.pm.pb.gov.br\/portal\/wp-content\/uploads\/2025\/03\/cropped-logo-site-mag2-1.png\",\"contentUrl\":\"https:\/\/www.pm.pb.gov.br\/portal\/wp-content\/uploads\/2025\/03\/cropped-logo-site-mag2-1.png\",\"width\":320,\"height\":90,\"caption\":\"Pol\u00edcia Militar da Para\u00edba\"},\"image\":{\"@id\":\"https:\/\/www.pm.pb.gov.br\/portal\/#\/schema\/logo\/image\/\"}},{\"@type\":\"Person\",\"@id\":\"https:\/\/www.pm.pb.gov.br\/portal\/#\/schema\/person\/e8454f46651c3ecf0e1ba3c1666d9947\",\"name\":\"Assessoria de Imprensa da PMPB\",\"image\":{\"@type\":\"ImageObject\",\"inLanguage\":\"pt-BR\",\"@id\":\"https:\/\/www.pm.pb.gov.br\/portal\/#\/schema\/person\/image\/\",\"url\":\"https:\/\/secure.gravatar.com\/avatar\/2efe197438265d1e90bd98c4c8e1acf8?s=96&d=mm&r=g\",\"contentUrl\":\"https:\/\/secure.gravatar.com\/avatar\/2efe197438265d1e90bd98c4c8e1acf8?s=96&d=mm&r=g\",\"caption\":\"Assessoria de Imprensa da PMPB\"},\"url\":\"https:\/\/www.pm.pb.gov.br\/portal\/author\/assessoria\/\"}]}<\/script>\n<!-- \/ Yoast SEO plugin. -->","yoast_head_json":{"title":"Pol\u00edcia Militar apreende tr\u00eas armas de fogo e prende dois suspeitos em a\u00e7\u00f5es no interior da Para\u00edba - Pol\u00edcia Militar da Para\u00edba","robots":{"index":"index","follow":"follow","max-snippet":"max-snippet:-1","max-image-preview":"max-image-preview:large","max-video-preview":"max-video-preview:-1"},"canonical":"https:\/\/www.pm.pb.gov.br\/portal\/2023\/09\/23\/policia-militar-apreende-tres-armas-de-fogo-e-prende-dois-suspeitos-em-acoes-no-interior-da-paraiba\/","og_locale":"pt_BR","og_type":"article","og_title":"Pol\u00edcia Militar apreende tr\u00eas armas de fogo e prende dois suspeitos em a\u00e7\u00f5es no interior da Para\u00edba - Pol\u00edcia Militar da Para\u00edba","og_description":"A Pol\u00edcia Militar apreendeu, entre a noite desta sexta (22) e a manh\u00e3 deste s\u00e1bado (23), tr\u00eas armas de fogo","og_url":"https:\/\/www.pm.pb.gov.br\/portal\/2023\/09\/23\/policia-militar-apreende-tres-armas-de-fogo-e-prende-dois-suspeitos-em-acoes-no-interior-da-paraiba\/","og_site_name":"Pol\u00edcia Militar da Para\u00edba","article_published_time":"2023-09-23T18:06:38+00:00","article_modified_time":"2023-09-23T18:06:41+00:00","og_image":[{"width":738,"height":881,"url":"http:\/\/www.pm.pb.gov.br\/portal\/wp-content\/uploads\/2023\/09\/12bpm.jpeg","type":"image\/jpeg"}],"author":"Assessoria de Imprensa da PMPB","twitter_card":"summary_large_image","twitter_misc":{"Escrito por":"Assessoria de Imprensa da PMPB","Est. tempo de leitura":"3 minutos"},"schema":{"@context":"https:\/\/schema.org","@graph":[{"@type":"Article","@id":"https:\/\/www.pm.pb.gov.br\/portal\/2023\/09\/23\/policia-militar-apreende-tres-armas-de-fogo-e-prende-dois-suspeitos-em-acoes-no-interior-da-paraiba\/#article","isPartOf":{"@id":"https:\/\/www.pm.pb.gov.br\/portal\/2023\/09\/23\/policia-militar-apreende-tres-armas-de-fogo-e-prende-dois-suspeitos-em-acoes-no-interior-da-paraiba\/"},"author":{"name":"Assessoria de Imprensa da PMPB","@id":"https:\/\/www.pm.pb.gov.br\/portal\/#\/schema\/person\/e8454f46651c3ecf0e1ba3c1666d9947"},"headline":"Pol\u00edcia Militar apreende tr\u00eas armas de fogo e prende dois suspeitos em a\u00e7\u00f5es no interior da Para\u00edba","datePublished":"2023-09-23T18:06:38+00:00","dateModified":"2023-09-23T18:06:41+00:00","mainEntityOfPage":{"@id":"https:\/\/www.pm.pb.gov.br\/portal\/2023\/09\/23\/policia-militar-apreende-tres-armas-de-fogo-e-prende-dois-suspeitos-em-acoes-no-interior-da-paraiba\/"},"wordCount":355,"publisher":{"@id":"https:\/\/www.pm.pb.gov.br\/portal\/#organization"},"articleSection":["A\u00e7\u00f5es Policiais"],"inLanguage":"pt-BR"},{"@type":"WebPage","@id":"https:\/\/www.pm.pb.gov.br\/portal\/2023\/09\/23\/policia-militar-apreende-tres-armas-de-fogo-e-prende-dois-suspeitos-em-acoes-no-interior-da-paraiba\/","url":"https:\/\/www.pm.pb.gov.br\/portal\/2023\/09\/23\/policia-militar-apreende-tres-armas-de-fogo-e-prende-dois-suspeitos-em-acoes-no-interior-da-paraiba\/","name":"Pol\u00edcia Militar apreende tr\u00eas armas de fogo e prende dois suspeitos em a\u00e7\u00f5es no interior da Para\u00edba - Pol\u00edcia Militar da Para\u00edba","isPartOf":{"@id":"https:\/\/www.pm.pb.gov.br\/portal\/#website"},"datePublished":"2023-09-23T18:06:38+00:00","dateModified":"2023-09-23T18:06:41+00:00","breadcrumb":{"@id":"https:\/\/www.pm.pb.gov.br\/portal\/2023\/09\/23\/policia-militar-apreende-tres-armas-de-fogo-e-prende-dois-suspeitos-em-acoes-no-interior-da-paraiba\/#breadcrumb"},"inLanguage":"pt-BR","potentialAction":[{"@type":"ReadAction","target":["https:\/\/www.pm.pb.gov.br\/portal\/2023\/09\/23\/policia-militar-apreende-tres-armas-de-fogo-e-prende-dois-suspeitos-em-acoes-no-interior-da-paraiba\/"]}]},{"@type":"BreadcrumbList","@id":"https:\/\/www.pm.pb.gov.br\/portal\/2023\/09\/23\/policia-militar-apreende-tres-armas-de-fogo-e-prende-dois-suspeitos-em-acoes-no-interior-da-paraiba\/#breadcrumb","itemListElement":[{"@type":"ListItem","position":1,"name":"In\u00edcio","item":"https:\/\/www.pm.pb.gov.br\/portal\/"},{"@type":"ListItem","position":2,"name":"Pol\u00edcia Militar apreende tr\u00eas armas de fogo e prende dois suspeitos em a\u00e7\u00f5es no interior da Para\u00edba"}]},{"@type":"WebSite","@id":"https:\/\/www.pm.pb.gov.br\/portal\/#website","url":"https:\/\/www.pm.pb.gov.br\/portal\/","name":"Pol\u00edcia Militar da Para\u00edba","description":"","publisher":{"@id":"https:\/\/www.pm.pb.gov.br\/portal\/#organization"},"potentialAction":[{"@type":"SearchAction","target":{"@type":"EntryPoint","urlTemplate":"https:\/\/www.pm.pb.gov.br\/portal\/?s={search_term_string}"},"query-input":"required name=search_term_string"}],"inLanguage":"pt-BR"},{"@type":"Organization","@id":"https:\/\/www.pm.pb.gov.br\/portal\/#organization","name":"Pol\u00edcia Militar da Para\u00edba","url":"https:\/\/www.pm.pb.gov.br\/portal\/","logo":{"@type":"ImageObject","inLanguage":"pt-BR","@id":"https:\/\/www.pm.pb.gov.br\/portal\/#\/schema\/logo\/image\/","url":"https:\/\/www.pm.pb.gov.br\/portal\/wp-content\/uploads\/2025\/03\/cropped-logo-site-mag2-1.png","contentUrl":"https:\/\/www.pm.pb.gov.br\/portal\/wp-content\/uploads\/2025\/03\/cropped-logo-site-mag2-1.png","width":320,"height":90,"caption":"Pol\u00edcia Militar da Para\u00edba"},"image":{"@id":"https:\/\/www.pm.pb.gov.br\/portal\/#\/schema\/logo\/image\/"}},{"@type":"Person","@id":"https:\/\/www.pm.pb.gov.br\/portal\/#\/schema\/person\/e8454f46651c3ecf0e1ba3c1666d9947","name":"Assessoria de Imprensa da PMPB","image":{"@type":"ImageObject","inLanguage":"pt-BR","@id":"https:\/\/www.pm.pb.gov.br\/portal\/#\/schema\/person\/image\/","url":"https:\/\/secure.gravatar.com\/avatar\/2efe197438265d1e90bd98c4c8e1acf8?s=96&d=mm&r=g","contentUrl":"https:\/\/secure.gravatar.com\/avatar\/2efe197438265d1e90bd98c4c8e1acf8?s=96&d=mm&r=g","caption":"Assessoria de Imprensa da PMPB"},"url":"https:\/\/www.pm.pb.gov.br\/portal\/author\/assessoria\/"}]}},"_links":{"self":[{"href":"https:\/\/www.pm.pb.gov.br\/portal\/wp-json\/wp\/v2\/posts\/918387"}],"collection":[{"href":"https:\/\/www.pm.pb.gov.br\/portal\/wp-json\/wp\/v2\/posts"}],"about":[{"href":"https:\/\/www.pm.pb.gov.br\/portal\/wp-json\/wp\/v2\/types\/post"}],"author":[{"embeddable":true,"href":"https:\/\/www.pm.pb.gov.br\/portal\/wp-json\/wp\/v2\/users\/5"}],"replies":[{"embeddable":true,"href":"https:\/\/www.pm.pb.gov.br\/portal\/wp-json\/wp\/v2\/comments?post=918387"}],"version-history":[{"count":5,"href":"https:\/\/www.pm.pb.gov.br\/portal\/wp-json\/wp\/v2\/posts\/918387\/revisions"}],"predecessor-version":[{"id":918399,"href":"https:\/\/www.pm.pb.gov.br\/portal\/wp-json\/wp\/v2\/posts\/918387\/revisions\/918399"}],"wp:featuredmedia":[{"embeddable":true,"href":"https:\/\/www.pm.pb.gov.br\/portal\/wp-json\/wp\/v2\/media\/918388"}],"wp:attachment":[{"href":"https:\/\/www.pm.pb.gov.br\/portal\/wp-json\/wp\/v2\/media?parent=918387"}],"wp:term":[{"taxonomy":"category","embeddable":true,"href":"https:\/\/www.pm.pb.gov.br\/portal\/wp-json\/wp\/v2\/categories?post=918387"},{"taxonomy":"post_tag","embeddable":true,"href":"https:\/\/www.pm.pb.gov.br\/portal\/wp-json\/wp\/v2\/tags?post=918387"}],"curies":[{"name":"wp","href":"https:\/\/api.w.org\/{rel}","templated":true}]}}