{"id":918357,"date":"2023-09-21T15:35:20","date_gmt":"2023-09-21T18:35:20","guid":{"rendered":"https:\/\/www.pm.pb.gov.br\/portal\/?p=918357"},"modified":"2023-09-21T15:45:49","modified_gmt":"2023-09-21T18:45:49","slug":"acoes-preventivas-da-pm-levam-a-captura-de-12o-foragido-da-justica-na-regiao-da-orla-da-capital-neste-mes","status":"publish","type":"post","link":"https:\/\/www.pm.pb.gov.br\/portal\/2023\/09\/21\/acoes-preventivas-da-pm-levam-a-captura-de-12o-foragido-da-justica-na-regiao-da-orla-da-capital-neste-mes\/","title":{"rendered":"A\u00e7\u00f5es preventivas da PM levam a captura do 12\u00ba foragido da Justi\u00e7a na regi\u00e3o da orla da Capital, neste m\u00eas"},"content":{"rendered":"\n<p>As a\u00e7\u00f5es policiais preventivas em pontos estrat\u00e9gicos na orla de Jo\u00e3o Pessoa j\u00e1 levaram \u00e0 captura de 12 foragidos da Justi\u00e7a somente neste m\u00eas de setembro. Os acusados estavam com mandados de pris\u00e3o em aberto, pelo cometimento de diversos delitos como tr\u00e1fico de drogas, roubo, furto, entre outros. A \u00faltima pris\u00e3o realizada pela Pol\u00edcia Militar ocorreu na tarde desta quinta-feira (21), no bairro de Tamba\u00fa (foto acima ilustrativa).<\/p>\n<p>De acordo com o Batalh\u00e3o Especializado em Policiamento Tur\u00edstico (BEPTur), unidade que fez a captura, a acusada presa tem 25 anos de idade e estava sendo procurada por um crime de furto, com um mandado de pris\u00e3o preventiva em aberto expedido pela 1\u00aa Vara Mista de Cabedelo. Ela foi localizada em uma abordagem em Tamba\u00fa, quando os policiais constataram a restri\u00e7\u00e3o. O caso foi apresentado na delegacia.<\/p>\n<p>\u201cTemos alcan\u00e7ado esse resultado a partir da intensifica\u00e7\u00e3o do trabalho de rondas e abordagens nas regi\u00f5es do Centro Tur\u00edstico, Tamba\u00fa, Cabo Branco, Mana\u00edra, combatendo diretamente o tr\u00e1fico de drogas e delitos de todas as naturezas\u201d, explicou o major Bruno, comandante da unidade. Al\u00e9m dessas 12 pris\u00f5es por for\u00e7a de mandado, outras pris\u00f5es ocorreram no per\u00edodo como flagrantes por delitos patrimoniais. \u00a0<\/p>\n\n\n","protected":false},"excerpt":{"rendered":"<p>As a\u00e7\u00f5es policiais preventivas em pontos estrat\u00e9gicos na orla de Jo\u00e3o Pessoa j\u00e1 levaram \u00e0 captura de 12 foragidos da<\/p>\n","protected":false},"author":12,"featured_media":918359,"comment_status":"closed","ping_status":"closed","sticky":false,"template":"","format":"standard","meta":{"_exactmetrics_skip_tracking":false,"_exactmetrics_sitenote_active":false,"_exactmetrics_sitenote_note":"","_exactmetrics_sitenote_category":0,"footnotes":""},"categories":[4],"tags":[],"yoast_head":"<!-- This site is optimized with the Yoast SEO plugin v22.0 - https:\/\/yoast.com\/wordpress\/plugins\/seo\/ -->\n<title>A\u00e7\u00f5es preventivas da PM levam a captura do 12\u00ba foragido da Justi\u00e7a na regi\u00e3o da orla da Capital, neste m\u00eas - Pol\u00edcia Militar da Para\u00edba<\/title>\n<meta name=\"robots\" content=\"index, follow, max-snippet:-1, max-image-preview:large, max-video-preview:-1\" \/>\n<link rel=\"canonical\" href=\"https:\/\/www.pm.pb.gov.br\/portal\/2023\/09\/21\/acoes-preventivas-da-pm-levam-a-captura-de-12o-foragido-da-justica-na-regiao-da-orla-da-capital-neste-mes\/\" \/>\n<meta property=\"og:locale\" content=\"pt_BR\" \/>\n<meta property=\"og:type\" content=\"article\" \/>\n<meta property=\"og:title\" content=\"A\u00e7\u00f5es preventivas da PM levam a captura do 12\u00ba foragido da Justi\u00e7a na regi\u00e3o da orla da Capital, neste m\u00eas - Pol\u00edcia Militar da Para\u00edba\" \/>\n<meta property=\"og:description\" content=\"As a\u00e7\u00f5es policiais preventivas em pontos estrat\u00e9gicos na orla de Jo\u00e3o Pessoa j\u00e1 levaram \u00e0 captura de 12 foragidos da\" \/>\n<meta property=\"og:url\" content=\"https:\/\/www.pm.pb.gov.br\/portal\/2023\/09\/21\/acoes-preventivas-da-pm-levam-a-captura-de-12o-foragido-da-justica-na-regiao-da-orla-da-capital-neste-mes\/\" \/>\n<meta property=\"og:site_name\" content=\"Pol\u00edcia Militar da Para\u00edba\" \/>\n<meta property=\"article:published_time\" content=\"2023-09-21T18:35:20+00:00\" \/>\n<meta property=\"article:modified_time\" content=\"2023-09-21T18:45:49+00:00\" \/>\n<meta property=\"og:image\" content=\"http:\/\/www.pm.pb.gov.br\/portal\/wp-content\/uploads\/2023\/09\/beptur_ilustrativa.jpeg\" \/>\n\t<meta property=\"og:image:width\" content=\"800\" \/>\n\t<meta property=\"og:image:height\" content=\"445\" \/>\n\t<meta property=\"og:image:type\" content=\"image\/jpeg\" \/>\n<meta name=\"author\" content=\"Tarcisio Oliveira\" \/>\n<meta name=\"twitter:card\" content=\"summary_large_image\" \/>\n<meta name=\"twitter:label1\" content=\"Escrito por\" \/>\n\t<meta name=\"twitter:data1\" content=\"Tarcisio Oliveira\" \/>\n\t<meta name=\"twitter:label2\" content=\"Est. tempo de leitura\" \/>\n\t<meta name=\"twitter:data2\" content=\"2 minutos\" \/>\n<script type=\"application\/ld+json\" class=\"yoast-schema-graph\">{\"@context\":\"https:\/\/schema.org\",\"@graph\":[{\"@type\":\"Article\",\"@id\":\"https:\/\/www.pm.pb.gov.br\/portal\/2023\/09\/21\/acoes-preventivas-da-pm-levam-a-captura-de-12o-foragido-da-justica-na-regiao-da-orla-da-capital-neste-mes\/#article\",\"isPartOf\":{\"@id\":\"https:\/\/www.pm.pb.gov.br\/portal\/2023\/09\/21\/acoes-preventivas-da-pm-levam-a-captura-de-12o-foragido-da-justica-na-regiao-da-orla-da-capital-neste-mes\/\"},\"author\":{\"name\":\"Tarcisio Oliveira\",\"@id\":\"https:\/\/www.pm.pb.gov.br\/portal\/#\/schema\/person\/f84f56dcc78ce4357054da888b8247fd\"},\"headline\":\"A\u00e7\u00f5es preventivas da PM levam a captura do 12\u00ba foragido da Justi\u00e7a na regi\u00e3o da orla da Capital, neste m\u00eas\",\"datePublished\":\"2023-09-21T18:35:20+00:00\",\"dateModified\":\"2023-09-21T18:45:49+00:00\",\"mainEntityOfPage\":{\"@id\":\"https:\/\/www.pm.pb.gov.br\/portal\/2023\/09\/21\/acoes-preventivas-da-pm-levam-a-captura-de-12o-foragido-da-justica-na-regiao-da-orla-da-capital-neste-mes\/\"},\"wordCount\":236,\"publisher\":{\"@id\":\"https:\/\/www.pm.pb.gov.br\/portal\/#organization\"},\"articleSection\":[\"A\u00e7\u00f5es Policiais\"],\"inLanguage\":\"pt-BR\"},{\"@type\":\"WebPage\",\"@id\":\"https:\/\/www.pm.pb.gov.br\/portal\/2023\/09\/21\/acoes-preventivas-da-pm-levam-a-captura-de-12o-foragido-da-justica-na-regiao-da-orla-da-capital-neste-mes\/\",\"url\":\"https:\/\/www.pm.pb.gov.br\/portal\/2023\/09\/21\/acoes-preventivas-da-pm-levam-a-captura-de-12o-foragido-da-justica-na-regiao-da-orla-da-capital-neste-mes\/\",\"name\":\"A\u00e7\u00f5es preventivas da PM levam a captura do 12\u00ba foragido da Justi\u00e7a na regi\u00e3o da orla da Capital, neste m\u00eas - Pol\u00edcia Militar da Para\u00edba\",\"isPartOf\":{\"@id\":\"https:\/\/www.pm.pb.gov.br\/portal\/#website\"},\"datePublished\":\"2023-09-21T18:35:20+00:00\",\"dateModified\":\"2023-09-21T18:45:49+00:00\",\"breadcrumb\":{\"@id\":\"https:\/\/www.pm.pb.gov.br\/portal\/2023\/09\/21\/acoes-preventivas-da-pm-levam-a-captura-de-12o-foragido-da-justica-na-regiao-da-orla-da-capital-neste-mes\/#breadcrumb\"},\"inLanguage\":\"pt-BR\",\"potentialAction\":[{\"@type\":\"ReadAction\",\"target\":[\"https:\/\/www.pm.pb.gov.br\/portal\/2023\/09\/21\/acoes-preventivas-da-pm-levam-a-captura-de-12o-foragido-da-justica-na-regiao-da-orla-da-capital-neste-mes\/\"]}]},{\"@type\":\"BreadcrumbList\",\"@id\":\"https:\/\/www.pm.pb.gov.br\/portal\/2023\/09\/21\/acoes-preventivas-da-pm-levam-a-captura-de-12o-foragido-da-justica-na-regiao-da-orla-da-capital-neste-mes\/#breadcrumb\",\"itemListElement\":[{\"@type\":\"ListItem\",\"position\":1,\"name\":\"In\u00edcio\",\"item\":\"https:\/\/www.pm.pb.gov.br\/portal\/\"},{\"@type\":\"ListItem\",\"position\":2,\"name\":\"A\u00e7\u00f5es preventivas da PM levam a captura do 12\u00ba foragido da Justi\u00e7a na regi\u00e3o da orla da Capital, neste m\u00eas\"}]},{\"@type\":\"WebSite\",\"@id\":\"https:\/\/www.pm.pb.gov.br\/portal\/#website\",\"url\":\"https:\/\/www.pm.pb.gov.br\/portal\/\",\"name\":\"Pol\u00edcia Militar da Para\u00edba\",\"description\":\"\",\"publisher\":{\"@id\":\"https:\/\/www.pm.pb.gov.br\/portal\/#organization\"},\"potentialAction\":[{\"@type\":\"SearchAction\",\"target\":{\"@type\":\"EntryPoint\",\"urlTemplate\":\"https:\/\/www.pm.pb.gov.br\/portal\/?s={search_term_string}\"},\"query-input\":\"required name=search_term_string\"}],\"inLanguage\":\"pt-BR\"},{\"@type\":\"Organization\",\"@id\":\"https:\/\/www.pm.pb.gov.br\/portal\/#organization\",\"name\":\"Pol\u00edcia Militar da Para\u00edba\",\"url\":\"https:\/\/www.pm.pb.gov.br\/portal\/\",\"logo\":{\"@type\":\"ImageObject\",\"inLanguage\":\"pt-BR\",\"@id\":\"https:\/\/www.pm.pb.gov.br\/portal\/#\/schema\/logo\/image\/\",\"url\":\"https:\/\/www.pm.pb.gov.br\/portal\/wp-content\/uploads\/2025\/03\/cropped-logo-site-mag2-1.png\",\"contentUrl\":\"https:\/\/www.pm.pb.gov.br\/portal\/wp-content\/uploads\/2025\/03\/cropped-logo-site-mag2-1.png\",\"width\":320,\"height\":90,\"caption\":\"Pol\u00edcia Militar da Para\u00edba\"},\"image\":{\"@id\":\"https:\/\/www.pm.pb.gov.br\/portal\/#\/schema\/logo\/image\/\"}},{\"@type\":\"Person\",\"@id\":\"https:\/\/www.pm.pb.gov.br\/portal\/#\/schema\/person\/f84f56dcc78ce4357054da888b8247fd\",\"name\":\"Tarcisio Oliveira\",\"image\":{\"@type\":\"ImageObject\",\"inLanguage\":\"pt-BR\",\"@id\":\"https:\/\/www.pm.pb.gov.br\/portal\/#\/schema\/person\/image\/\",\"url\":\"https:\/\/secure.gravatar.com\/avatar\/72917b630b69d31cd0297507f34bac97?s=96&d=mm&r=g\",\"contentUrl\":\"https:\/\/secure.gravatar.com\/avatar\/72917b630b69d31cd0297507f34bac97?s=96&d=mm&r=g\",\"caption\":\"Tarcisio Oliveira\"},\"url\":\"https:\/\/www.pm.pb.gov.br\/portal\/author\/tarcisio\/\"}]}<\/script>\n<!-- \/ Yoast SEO plugin. -->","yoast_head_json":{"title":"A\u00e7\u00f5es preventivas da PM levam a captura do 12\u00ba foragido da Justi\u00e7a na regi\u00e3o da orla da Capital, neste m\u00eas - Pol\u00edcia Militar da Para\u00edba","robots":{"index":"index","follow":"follow","max-snippet":"max-snippet:-1","max-image-preview":"max-image-preview:large","max-video-preview":"max-video-preview:-1"},"canonical":"https:\/\/www.pm.pb.gov.br\/portal\/2023\/09\/21\/acoes-preventivas-da-pm-levam-a-captura-de-12o-foragido-da-justica-na-regiao-da-orla-da-capital-neste-mes\/","og_locale":"pt_BR","og_type":"article","og_title":"A\u00e7\u00f5es preventivas da PM levam a captura do 12\u00ba foragido da Justi\u00e7a na regi\u00e3o da orla da Capital, neste m\u00eas - Pol\u00edcia Militar da Para\u00edba","og_description":"As a\u00e7\u00f5es policiais preventivas em pontos estrat\u00e9gicos na orla de Jo\u00e3o Pessoa j\u00e1 levaram \u00e0 captura de 12 foragidos da","og_url":"https:\/\/www.pm.pb.gov.br\/portal\/2023\/09\/21\/acoes-preventivas-da-pm-levam-a-captura-de-12o-foragido-da-justica-na-regiao-da-orla-da-capital-neste-mes\/","og_site_name":"Pol\u00edcia Militar da Para\u00edba","article_published_time":"2023-09-21T18:35:20+00:00","article_modified_time":"2023-09-21T18:45:49+00:00","og_image":[{"width":800,"height":445,"url":"http:\/\/www.pm.pb.gov.br\/portal\/wp-content\/uploads\/2023\/09\/beptur_ilustrativa.jpeg","type":"image\/jpeg"}],"author":"Tarcisio Oliveira","twitter_card":"summary_large_image","twitter_misc":{"Escrito por":"Tarcisio Oliveira","Est. tempo de leitura":"2 minutos"},"schema":{"@context":"https:\/\/schema.org","@graph":[{"@type":"Article","@id":"https:\/\/www.pm.pb.gov.br\/portal\/2023\/09\/21\/acoes-preventivas-da-pm-levam-a-captura-de-12o-foragido-da-justica-na-regiao-da-orla-da-capital-neste-mes\/#article","isPartOf":{"@id":"https:\/\/www.pm.pb.gov.br\/portal\/2023\/09\/21\/acoes-preventivas-da-pm-levam-a-captura-de-12o-foragido-da-justica-na-regiao-da-orla-da-capital-neste-mes\/"},"author":{"name":"Tarcisio Oliveira","@id":"https:\/\/www.pm.pb.gov.br\/portal\/#\/schema\/person\/f84f56dcc78ce4357054da888b8247fd"},"headline":"A\u00e7\u00f5es preventivas da PM levam a captura do 12\u00ba foragido da Justi\u00e7a na regi\u00e3o da orla da Capital, neste m\u00eas","datePublished":"2023-09-21T18:35:20+00:00","dateModified":"2023-09-21T18:45:49+00:00","mainEntityOfPage":{"@id":"https:\/\/www.pm.pb.gov.br\/portal\/2023\/09\/21\/acoes-preventivas-da-pm-levam-a-captura-de-12o-foragido-da-justica-na-regiao-da-orla-da-capital-neste-mes\/"},"wordCount":236,"publisher":{"@id":"https:\/\/www.pm.pb.gov.br\/portal\/#organization"},"articleSection":["A\u00e7\u00f5es Policiais"],"inLanguage":"pt-BR"},{"@type":"WebPage","@id":"https:\/\/www.pm.pb.gov.br\/portal\/2023\/09\/21\/acoes-preventivas-da-pm-levam-a-captura-de-12o-foragido-da-justica-na-regiao-da-orla-da-capital-neste-mes\/","url":"https:\/\/www.pm.pb.gov.br\/portal\/2023\/09\/21\/acoes-preventivas-da-pm-levam-a-captura-de-12o-foragido-da-justica-na-regiao-da-orla-da-capital-neste-mes\/","name":"A\u00e7\u00f5es preventivas da PM levam a captura do 12\u00ba foragido da Justi\u00e7a na regi\u00e3o da orla da Capital, neste m\u00eas - Pol\u00edcia Militar da Para\u00edba","isPartOf":{"@id":"https:\/\/www.pm.pb.gov.br\/portal\/#website"},"datePublished":"2023-09-21T18:35:20+00:00","dateModified":"2023-09-21T18:45:49+00:00","breadcrumb":{"@id":"https:\/\/www.pm.pb.gov.br\/portal\/2023\/09\/21\/acoes-preventivas-da-pm-levam-a-captura-de-12o-foragido-da-justica-na-regiao-da-orla-da-capital-neste-mes\/#breadcrumb"},"inLanguage":"pt-BR","potentialAction":[{"@type":"ReadAction","target":["https:\/\/www.pm.pb.gov.br\/portal\/2023\/09\/21\/acoes-preventivas-da-pm-levam-a-captura-de-12o-foragido-da-justica-na-regiao-da-orla-da-capital-neste-mes\/"]}]},{"@type":"BreadcrumbList","@id":"https:\/\/www.pm.pb.gov.br\/portal\/2023\/09\/21\/acoes-preventivas-da-pm-levam-a-captura-de-12o-foragido-da-justica-na-regiao-da-orla-da-capital-neste-mes\/#breadcrumb","itemListElement":[{"@type":"ListItem","position":1,"name":"In\u00edcio","item":"https:\/\/www.pm.pb.gov.br\/portal\/"},{"@type":"ListItem","position":2,"name":"A\u00e7\u00f5es preventivas da PM levam a captura do 12\u00ba foragido da Justi\u00e7a na regi\u00e3o da orla da Capital, neste m\u00eas"}]},{"@type":"WebSite","@id":"https:\/\/www.pm.pb.gov.br\/portal\/#website","url":"https:\/\/www.pm.pb.gov.br\/portal\/","name":"Pol\u00edcia Militar da Para\u00edba","description":"","publisher":{"@id":"https:\/\/www.pm.pb.gov.br\/portal\/#organization"},"potentialAction":[{"@type":"SearchAction","target":{"@type":"EntryPoint","urlTemplate":"https:\/\/www.pm.pb.gov.br\/portal\/?s={search_term_string}"},"query-input":"required name=search_term_string"}],"inLanguage":"pt-BR"},{"@type":"Organization","@id":"https:\/\/www.pm.pb.gov.br\/portal\/#organization","name":"Pol\u00edcia Militar da Para\u00edba","url":"https:\/\/www.pm.pb.gov.br\/portal\/","logo":{"@type":"ImageObject","inLanguage":"pt-BR","@id":"https:\/\/www.pm.pb.gov.br\/portal\/#\/schema\/logo\/image\/","url":"https:\/\/www.pm.pb.gov.br\/portal\/wp-content\/uploads\/2025\/03\/cropped-logo-site-mag2-1.png","contentUrl":"https:\/\/www.pm.pb.gov.br\/portal\/wp-content\/uploads\/2025\/03\/cropped-logo-site-mag2-1.png","width":320,"height":90,"caption":"Pol\u00edcia Militar da Para\u00edba"},"image":{"@id":"https:\/\/www.pm.pb.gov.br\/portal\/#\/schema\/logo\/image\/"}},{"@type":"Person","@id":"https:\/\/www.pm.pb.gov.br\/portal\/#\/schema\/person\/f84f56dcc78ce4357054da888b8247fd","name":"Tarcisio Oliveira","image":{"@type":"ImageObject","inLanguage":"pt-BR","@id":"https:\/\/www.pm.pb.gov.br\/portal\/#\/schema\/person\/image\/","url":"https:\/\/secure.gravatar.com\/avatar\/72917b630b69d31cd0297507f34bac97?s=96&d=mm&r=g","contentUrl":"https:\/\/secure.gravatar.com\/avatar\/72917b630b69d31cd0297507f34bac97?s=96&d=mm&r=g","caption":"Tarcisio Oliveira"},"url":"https:\/\/www.pm.pb.gov.br\/portal\/author\/tarcisio\/"}]}},"_links":{"self":[{"href":"https:\/\/www.pm.pb.gov.br\/portal\/wp-json\/wp\/v2\/posts\/918357"}],"collection":[{"href":"https:\/\/www.pm.pb.gov.br\/portal\/wp-json\/wp\/v2\/posts"}],"about":[{"href":"https:\/\/www.pm.pb.gov.br\/portal\/wp-json\/wp\/v2\/types\/post"}],"author":[{"embeddable":true,"href":"https:\/\/www.pm.pb.gov.br\/portal\/wp-json\/wp\/v2\/users\/12"}],"replies":[{"embeddable":true,"href":"https:\/\/www.pm.pb.gov.br\/portal\/wp-json\/wp\/v2\/comments?post=918357"}],"version-history":[{"count":3,"href":"https:\/\/www.pm.pb.gov.br\/portal\/wp-json\/wp\/v2\/posts\/918357\/revisions"}],"predecessor-version":[{"id":918361,"href":"https:\/\/www.pm.pb.gov.br\/portal\/wp-json\/wp\/v2\/posts\/918357\/revisions\/918361"}],"wp:featuredmedia":[{"embeddable":true,"href":"https:\/\/www.pm.pb.gov.br\/portal\/wp-json\/wp\/v2\/media\/918359"}],"wp:attachment":[{"href":"https:\/\/www.pm.pb.gov.br\/portal\/wp-json\/wp\/v2\/media?parent=918357"}],"wp:term":[{"taxonomy":"category","embeddable":true,"href":"https:\/\/www.pm.pb.gov.br\/portal\/wp-json\/wp\/v2\/categories?post=918357"},{"taxonomy":"post_tag","embeddable":true,"href":"https:\/\/www.pm.pb.gov.br\/portal\/wp-json\/wp\/v2\/tags?post=918357"}],"curies":[{"name":"wp","href":"https:\/\/api.w.org\/{rel}","templated":true}]}}