{"id":918347,"date":"2023-09-27T06:22:52","date_gmt":"2023-09-27T09:22:52","guid":{"rendered":"https:\/\/www.pm.pb.gov.br\/portal\/?p=918347"},"modified":"2023-09-27T06:22:54","modified_gmt":"2023-09-27T09:22:54","slug":"policia-militar-e-corpo-de-bombeiros-acabam-festa-irregular-que-tinha-presenca-de-menores-em-jacuma","status":"publish","type":"post","link":"https:\/\/www.pm.pb.gov.br\/portal\/2023\/09\/27\/policia-militar-e-corpo-de-bombeiros-acabam-festa-irregular-que-tinha-presenca-de-menores-em-jacuma\/","title":{"rendered":"Pol\u00edcia Militar e Corpo de Bombeiros acabam festa irregular que tinha presen\u00e7a de menores em Jacum\u00e3"},"content":{"rendered":"\n<p>A Pol\u00edcia Militar e o Corpo de Bombeiros Militar encerram uma festa irregular que acontecia com a presen\u00e7a de menores de idade, na madrugada desta quarta-feira (27), na praia de Jacum\u00e3, na cidade do Conde, litoral sul da Para\u00edba. O evento estava sendo realizado em uma casa e o dono do im\u00f3vel foi notificado. No local, um homem foi preso com maconha.<br><br>Ao todo, 49 participantes foram abordados e notificados, sendo mais da metade menores de idade. Os dados ser\u00e3o remetidos ao Minist\u00e9rio P\u00fablico. Um som automotivo usado na festa foi apreendido. <br><br>A a\u00e7\u00e3o contou com 80 militares do Comando de Policiamento Regional Metropolitano (CPRM), Batalh\u00e3o de Opera\u00e7\u00f5es Especiais (BOPE), 1\u00aa Companhia Independente de Pol\u00edcia Militar (1\u00aa CIPM), Batalh\u00e3o de Pol\u00edcia Ambiental (BPAmb), Batalh\u00e3o de Policiamento de Tr\u00e2nsito (BPTran), ROTAM e Corpo de Bombeiros Militar.<br><br>O preso com a droga foi levado para a Delegacia de Pol\u00edcia, em Alhandra. <\/p>\n\n\n\n<p><img loading=\"lazy\" decoding=\"async\" width=\"1280\" height=\"960\" class=\"wp-image-918437\" style=\"width: 800px;\" src=\"http:\/\/www.pm.pb.gov.br\/portal\/wp-content\/uploads\/2023\/09\/WhatsApp-Image-2023-09-27-at-5.52.32-AM-1.jpeg\" alt=\"\" srcset=\"https:\/\/www.pm.pb.gov.br\/portal\/wp-content\/uploads\/2023\/09\/WhatsApp-Image-2023-09-27-at-5.52.32-AM-1.jpeg 1280w, https:\/\/www.pm.pb.gov.br\/portal\/wp-content\/uploads\/2023\/09\/WhatsApp-Image-2023-09-27-at-5.52.32-AM-1-593x445.jpeg 593w, https:\/\/www.pm.pb.gov.br\/portal\/wp-content\/uploads\/2023\/09\/WhatsApp-Image-2023-09-27-at-5.52.32-AM-1-760x570.jpeg 760w, https:\/\/www.pm.pb.gov.br\/portal\/wp-content\/uploads\/2023\/09\/WhatsApp-Image-2023-09-27-at-5.52.32-AM-1-768x576.jpeg 768w\" sizes=\"(max-width: 1280px) 100vw, 1280px\" \/><\/p>\n\n\n\n<p><img loading=\"lazy\" decoding=\"async\" width=\"1200\" height=\"1600\" class=\"wp-image-918438\" style=\"width: 800px;\" src=\"http:\/\/www.pm.pb.gov.br\/portal\/wp-content\/uploads\/2023\/09\/WhatsApp-Image-2023-09-27-at-5.52.44-AM.jpeg\" alt=\"\" srcset=\"https:\/\/www.pm.pb.gov.br\/portal\/wp-content\/uploads\/2023\/09\/WhatsApp-Image-2023-09-27-at-5.52.44-AM.jpeg 1200w, https:\/\/www.pm.pb.gov.br\/portal\/wp-content\/uploads\/2023\/09\/WhatsApp-Image-2023-09-27-at-5.52.44-AM-334x445.jpeg 334w, https:\/\/www.pm.pb.gov.br\/portal\/wp-content\/uploads\/2023\/09\/WhatsApp-Image-2023-09-27-at-5.52.44-AM-428x570.jpeg 428w, https:\/\/www.pm.pb.gov.br\/portal\/wp-content\/uploads\/2023\/09\/WhatsApp-Image-2023-09-27-at-5.52.44-AM-768x1024.jpeg 768w, https:\/\/www.pm.pb.gov.br\/portal\/wp-content\/uploads\/2023\/09\/WhatsApp-Image-2023-09-27-at-5.52.44-AM-1152x1536.jpeg 1152w\" sizes=\"(max-width: 1200px) 100vw, 1200px\" \/><\/p>\n\n\n\n<p><img loading=\"lazy\" decoding=\"async\" width=\"1280\" height=\"960\" class=\"wp-image-918439\" style=\"width: 800px;\" src=\"http:\/\/www.pm.pb.gov.br\/portal\/wp-content\/uploads\/2023\/09\/WhatsApp-Image-2023-09-27-at-5.52.32-AM.jpeg\" alt=\"\" srcset=\"https:\/\/www.pm.pb.gov.br\/portal\/wp-content\/uploads\/2023\/09\/WhatsApp-Image-2023-09-27-at-5.52.32-AM.jpeg 1280w, https:\/\/www.pm.pb.gov.br\/portal\/wp-content\/uploads\/2023\/09\/WhatsApp-Image-2023-09-27-at-5.52.32-AM-593x445.jpeg 593w, https:\/\/www.pm.pb.gov.br\/portal\/wp-content\/uploads\/2023\/09\/WhatsApp-Image-2023-09-27-at-5.52.32-AM-760x570.jpeg 760w, https:\/\/www.pm.pb.gov.br\/portal\/wp-content\/uploads\/2023\/09\/WhatsApp-Image-2023-09-27-at-5.52.32-AM-768x576.jpeg 768w\" sizes=\"(max-width: 1280px) 100vw, 1280px\" \/><br><br><\/p>\n","protected":false},"excerpt":{"rendered":"<p>A Pol\u00edcia Militar e o Corpo de Bombeiros Militar encerram uma festa irregular que acontecia com a presen\u00e7a de menores<\/p>\n","protected":false},"author":5,"featured_media":918436,"comment_status":"closed","ping_status":"closed","sticky":false,"template":"","format":"standard","meta":{"_exactmetrics_skip_tracking":false,"_exactmetrics_sitenote_active":false,"_exactmetrics_sitenote_note":"","_exactmetrics_sitenote_category":0,"footnotes":""},"categories":[4],"tags":[],"yoast_head":"<!-- This site is optimized with the Yoast SEO plugin v22.0 - https:\/\/yoast.com\/wordpress\/plugins\/seo\/ -->\n<title>Pol\u00edcia Militar e Corpo de Bombeiros acabam festa irregular que tinha presen\u00e7a de menores em Jacum\u00e3 - Pol\u00edcia Militar da Para\u00edba<\/title>\n<meta name=\"robots\" content=\"index, follow, max-snippet:-1, max-image-preview:large, max-video-preview:-1\" \/>\n<link rel=\"canonical\" href=\"https:\/\/www.pm.pb.gov.br\/portal\/2023\/09\/27\/policia-militar-e-corpo-de-bombeiros-acabam-festa-irregular-que-tinha-presenca-de-menores-em-jacuma\/\" \/>\n<meta property=\"og:locale\" content=\"pt_BR\" \/>\n<meta property=\"og:type\" content=\"article\" \/>\n<meta property=\"og:title\" content=\"Pol\u00edcia Militar e Corpo de Bombeiros acabam festa irregular que tinha presen\u00e7a de menores em Jacum\u00e3 - Pol\u00edcia Militar da Para\u00edba\" \/>\n<meta property=\"og:description\" content=\"A Pol\u00edcia Militar e o Corpo de Bombeiros Militar encerram uma festa irregular que acontecia com a presen\u00e7a de menores\" \/>\n<meta property=\"og:url\" content=\"https:\/\/www.pm.pb.gov.br\/portal\/2023\/09\/27\/policia-militar-e-corpo-de-bombeiros-acabam-festa-irregular-que-tinha-presenca-de-menores-em-jacuma\/\" \/>\n<meta property=\"og:site_name\" content=\"Pol\u00edcia Militar da Para\u00edba\" \/>\n<meta property=\"article:published_time\" content=\"2023-09-27T09:22:52+00:00\" \/>\n<meta property=\"article:modified_time\" content=\"2023-09-27T09:22:54+00:00\" \/>\n<meta property=\"og:image\" content=\"http:\/\/www.pm.pb.gov.br\/portal\/wp-content\/uploads\/2023\/09\/WhatsApp-Image-2023-09-27-at-5.52.32-AM-2.jpeg\" \/>\n\t<meta property=\"og:image:width\" content=\"1280\" \/>\n\t<meta property=\"og:image:height\" content=\"960\" \/>\n\t<meta property=\"og:image:type\" content=\"image\/jpeg\" \/>\n<meta name=\"author\" content=\"Assessoria de Imprensa da PMPB\" \/>\n<meta name=\"twitter:card\" content=\"summary_large_image\" \/>\n<meta name=\"twitter:label1\" content=\"Escrito por\" \/>\n\t<meta name=\"twitter:data1\" content=\"Assessoria de Imprensa da PMPB\" \/>\n\t<meta name=\"twitter:label2\" content=\"Est. tempo de leitura\" \/>\n\t<meta name=\"twitter:data2\" content=\"2 minutos\" \/>\n<script type=\"application\/ld+json\" class=\"yoast-schema-graph\">{\"@context\":\"https:\/\/schema.org\",\"@graph\":[{\"@type\":\"Article\",\"@id\":\"https:\/\/www.pm.pb.gov.br\/portal\/2023\/09\/27\/policia-militar-e-corpo-de-bombeiros-acabam-festa-irregular-que-tinha-presenca-de-menores-em-jacuma\/#article\",\"isPartOf\":{\"@id\":\"https:\/\/www.pm.pb.gov.br\/portal\/2023\/09\/27\/policia-militar-e-corpo-de-bombeiros-acabam-festa-irregular-que-tinha-presenca-de-menores-em-jacuma\/\"},\"author\":{\"name\":\"Assessoria de Imprensa da PMPB\",\"@id\":\"https:\/\/www.pm.pb.gov.br\/portal\/#\/schema\/person\/e8454f46651c3ecf0e1ba3c1666d9947\"},\"headline\":\"Pol\u00edcia Militar e Corpo de Bombeiros acabam festa irregular que tinha presen\u00e7a de menores em Jacum\u00e3\",\"datePublished\":\"2023-09-27T09:22:52+00:00\",\"dateModified\":\"2023-09-27T09:22:54+00:00\",\"mainEntityOfPage\":{\"@id\":\"https:\/\/www.pm.pb.gov.br\/portal\/2023\/09\/27\/policia-militar-e-corpo-de-bombeiros-acabam-festa-irregular-que-tinha-presenca-de-menores-em-jacuma\/\"},\"wordCount\":178,\"publisher\":{\"@id\":\"https:\/\/www.pm.pb.gov.br\/portal\/#organization\"},\"articleSection\":[\"A\u00e7\u00f5es Policiais\"],\"inLanguage\":\"pt-BR\"},{\"@type\":\"WebPage\",\"@id\":\"https:\/\/www.pm.pb.gov.br\/portal\/2023\/09\/27\/policia-militar-e-corpo-de-bombeiros-acabam-festa-irregular-que-tinha-presenca-de-menores-em-jacuma\/\",\"url\":\"https:\/\/www.pm.pb.gov.br\/portal\/2023\/09\/27\/policia-militar-e-corpo-de-bombeiros-acabam-festa-irregular-que-tinha-presenca-de-menores-em-jacuma\/\",\"name\":\"Pol\u00edcia Militar e Corpo de Bombeiros acabam festa irregular que tinha presen\u00e7a de menores em Jacum\u00e3 - Pol\u00edcia Militar da Para\u00edba\",\"isPartOf\":{\"@id\":\"https:\/\/www.pm.pb.gov.br\/portal\/#website\"},\"datePublished\":\"2023-09-27T09:22:52+00:00\",\"dateModified\":\"2023-09-27T09:22:54+00:00\",\"breadcrumb\":{\"@id\":\"https:\/\/www.pm.pb.gov.br\/portal\/2023\/09\/27\/policia-militar-e-corpo-de-bombeiros-acabam-festa-irregular-que-tinha-presenca-de-menores-em-jacuma\/#breadcrumb\"},\"inLanguage\":\"pt-BR\",\"potentialAction\":[{\"@type\":\"ReadAction\",\"target\":[\"https:\/\/www.pm.pb.gov.br\/portal\/2023\/09\/27\/policia-militar-e-corpo-de-bombeiros-acabam-festa-irregular-que-tinha-presenca-de-menores-em-jacuma\/\"]}]},{\"@type\":\"BreadcrumbList\",\"@id\":\"https:\/\/www.pm.pb.gov.br\/portal\/2023\/09\/27\/policia-militar-e-corpo-de-bombeiros-acabam-festa-irregular-que-tinha-presenca-de-menores-em-jacuma\/#breadcrumb\",\"itemListElement\":[{\"@type\":\"ListItem\",\"position\":1,\"name\":\"In\u00edcio\",\"item\":\"https:\/\/www.pm.pb.gov.br\/portal\/\"},{\"@type\":\"ListItem\",\"position\":2,\"name\":\"Pol\u00edcia Militar e Corpo de Bombeiros acabam festa irregular que tinha presen\u00e7a de menores em Jacum\u00e3\"}]},{\"@type\":\"WebSite\",\"@id\":\"https:\/\/www.pm.pb.gov.br\/portal\/#website\",\"url\":\"https:\/\/www.pm.pb.gov.br\/portal\/\",\"name\":\"Pol\u00edcia Militar da Para\u00edba\",\"description\":\"\",\"publisher\":{\"@id\":\"https:\/\/www.pm.pb.gov.br\/portal\/#organization\"},\"potentialAction\":[{\"@type\":\"SearchAction\",\"target\":{\"@type\":\"EntryPoint\",\"urlTemplate\":\"https:\/\/www.pm.pb.gov.br\/portal\/?s={search_term_string}\"},\"query-input\":\"required name=search_term_string\"}],\"inLanguage\":\"pt-BR\"},{\"@type\":\"Organization\",\"@id\":\"https:\/\/www.pm.pb.gov.br\/portal\/#organization\",\"name\":\"Pol\u00edcia Militar da Para\u00edba\",\"url\":\"https:\/\/www.pm.pb.gov.br\/portal\/\",\"logo\":{\"@type\":\"ImageObject\",\"inLanguage\":\"pt-BR\",\"@id\":\"https:\/\/www.pm.pb.gov.br\/portal\/#\/schema\/logo\/image\/\",\"url\":\"https:\/\/www.pm.pb.gov.br\/portal\/wp-content\/uploads\/2025\/03\/cropped-logo-site-mag2-1.png\",\"contentUrl\":\"https:\/\/www.pm.pb.gov.br\/portal\/wp-content\/uploads\/2025\/03\/cropped-logo-site-mag2-1.png\",\"width\":320,\"height\":90,\"caption\":\"Pol\u00edcia Militar da Para\u00edba\"},\"image\":{\"@id\":\"https:\/\/www.pm.pb.gov.br\/portal\/#\/schema\/logo\/image\/\"}},{\"@type\":\"Person\",\"@id\":\"https:\/\/www.pm.pb.gov.br\/portal\/#\/schema\/person\/e8454f46651c3ecf0e1ba3c1666d9947\",\"name\":\"Assessoria de Imprensa da PMPB\",\"image\":{\"@type\":\"ImageObject\",\"inLanguage\":\"pt-BR\",\"@id\":\"https:\/\/www.pm.pb.gov.br\/portal\/#\/schema\/person\/image\/\",\"url\":\"https:\/\/secure.gravatar.com\/avatar\/2efe197438265d1e90bd98c4c8e1acf8?s=96&d=mm&r=g\",\"contentUrl\":\"https:\/\/secure.gravatar.com\/avatar\/2efe197438265d1e90bd98c4c8e1acf8?s=96&d=mm&r=g\",\"caption\":\"Assessoria de Imprensa da PMPB\"},\"url\":\"https:\/\/www.pm.pb.gov.br\/portal\/author\/assessoria\/\"}]}<\/script>\n<!-- \/ Yoast SEO plugin. -->","yoast_head_json":{"title":"Pol\u00edcia Militar e Corpo de Bombeiros acabam festa irregular que tinha presen\u00e7a de menores em Jacum\u00e3 - Pol\u00edcia Militar da Para\u00edba","robots":{"index":"index","follow":"follow","max-snippet":"max-snippet:-1","max-image-preview":"max-image-preview:large","max-video-preview":"max-video-preview:-1"},"canonical":"https:\/\/www.pm.pb.gov.br\/portal\/2023\/09\/27\/policia-militar-e-corpo-de-bombeiros-acabam-festa-irregular-que-tinha-presenca-de-menores-em-jacuma\/","og_locale":"pt_BR","og_type":"article","og_title":"Pol\u00edcia Militar e Corpo de Bombeiros acabam festa irregular que tinha presen\u00e7a de menores em Jacum\u00e3 - Pol\u00edcia Militar da Para\u00edba","og_description":"A Pol\u00edcia Militar e o Corpo de Bombeiros Militar encerram uma festa irregular que acontecia com a presen\u00e7a de menores","og_url":"https:\/\/www.pm.pb.gov.br\/portal\/2023\/09\/27\/policia-militar-e-corpo-de-bombeiros-acabam-festa-irregular-que-tinha-presenca-de-menores-em-jacuma\/","og_site_name":"Pol\u00edcia Militar da Para\u00edba","article_published_time":"2023-09-27T09:22:52+00:00","article_modified_time":"2023-09-27T09:22:54+00:00","og_image":[{"width":1280,"height":960,"url":"http:\/\/www.pm.pb.gov.br\/portal\/wp-content\/uploads\/2023\/09\/WhatsApp-Image-2023-09-27-at-5.52.32-AM-2.jpeg","type":"image\/jpeg"}],"author":"Assessoria de Imprensa da PMPB","twitter_card":"summary_large_image","twitter_misc":{"Escrito por":"Assessoria de Imprensa da PMPB","Est. tempo de leitura":"2 minutos"},"schema":{"@context":"https:\/\/schema.org","@graph":[{"@type":"Article","@id":"https:\/\/www.pm.pb.gov.br\/portal\/2023\/09\/27\/policia-militar-e-corpo-de-bombeiros-acabam-festa-irregular-que-tinha-presenca-de-menores-em-jacuma\/#article","isPartOf":{"@id":"https:\/\/www.pm.pb.gov.br\/portal\/2023\/09\/27\/policia-militar-e-corpo-de-bombeiros-acabam-festa-irregular-que-tinha-presenca-de-menores-em-jacuma\/"},"author":{"name":"Assessoria de Imprensa da PMPB","@id":"https:\/\/www.pm.pb.gov.br\/portal\/#\/schema\/person\/e8454f46651c3ecf0e1ba3c1666d9947"},"headline":"Pol\u00edcia Militar e Corpo de Bombeiros acabam festa irregular que tinha presen\u00e7a de menores em Jacum\u00e3","datePublished":"2023-09-27T09:22:52+00:00","dateModified":"2023-09-27T09:22:54+00:00","mainEntityOfPage":{"@id":"https:\/\/www.pm.pb.gov.br\/portal\/2023\/09\/27\/policia-militar-e-corpo-de-bombeiros-acabam-festa-irregular-que-tinha-presenca-de-menores-em-jacuma\/"},"wordCount":178,"publisher":{"@id":"https:\/\/www.pm.pb.gov.br\/portal\/#organization"},"articleSection":["A\u00e7\u00f5es Policiais"],"inLanguage":"pt-BR"},{"@type":"WebPage","@id":"https:\/\/www.pm.pb.gov.br\/portal\/2023\/09\/27\/policia-militar-e-corpo-de-bombeiros-acabam-festa-irregular-que-tinha-presenca-de-menores-em-jacuma\/","url":"https:\/\/www.pm.pb.gov.br\/portal\/2023\/09\/27\/policia-militar-e-corpo-de-bombeiros-acabam-festa-irregular-que-tinha-presenca-de-menores-em-jacuma\/","name":"Pol\u00edcia Militar e Corpo de Bombeiros acabam festa irregular que tinha presen\u00e7a de menores em Jacum\u00e3 - Pol\u00edcia Militar da Para\u00edba","isPartOf":{"@id":"https:\/\/www.pm.pb.gov.br\/portal\/#website"},"datePublished":"2023-09-27T09:22:52+00:00","dateModified":"2023-09-27T09:22:54+00:00","breadcrumb":{"@id":"https:\/\/www.pm.pb.gov.br\/portal\/2023\/09\/27\/policia-militar-e-corpo-de-bombeiros-acabam-festa-irregular-que-tinha-presenca-de-menores-em-jacuma\/#breadcrumb"},"inLanguage":"pt-BR","potentialAction":[{"@type":"ReadAction","target":["https:\/\/www.pm.pb.gov.br\/portal\/2023\/09\/27\/policia-militar-e-corpo-de-bombeiros-acabam-festa-irregular-que-tinha-presenca-de-menores-em-jacuma\/"]}]},{"@type":"BreadcrumbList","@id":"https:\/\/www.pm.pb.gov.br\/portal\/2023\/09\/27\/policia-militar-e-corpo-de-bombeiros-acabam-festa-irregular-que-tinha-presenca-de-menores-em-jacuma\/#breadcrumb","itemListElement":[{"@type":"ListItem","position":1,"name":"In\u00edcio","item":"https:\/\/www.pm.pb.gov.br\/portal\/"},{"@type":"ListItem","position":2,"name":"Pol\u00edcia Militar e Corpo de Bombeiros acabam festa irregular que tinha presen\u00e7a de menores em Jacum\u00e3"}]},{"@type":"WebSite","@id":"https:\/\/www.pm.pb.gov.br\/portal\/#website","url":"https:\/\/www.pm.pb.gov.br\/portal\/","name":"Pol\u00edcia Militar da Para\u00edba","description":"","publisher":{"@id":"https:\/\/www.pm.pb.gov.br\/portal\/#organization"},"potentialAction":[{"@type":"SearchAction","target":{"@type":"EntryPoint","urlTemplate":"https:\/\/www.pm.pb.gov.br\/portal\/?s={search_term_string}"},"query-input":"required name=search_term_string"}],"inLanguage":"pt-BR"},{"@type":"Organization","@id":"https:\/\/www.pm.pb.gov.br\/portal\/#organization","name":"Pol\u00edcia Militar da Para\u00edba","url":"https:\/\/www.pm.pb.gov.br\/portal\/","logo":{"@type":"ImageObject","inLanguage":"pt-BR","@id":"https:\/\/www.pm.pb.gov.br\/portal\/#\/schema\/logo\/image\/","url":"https:\/\/www.pm.pb.gov.br\/portal\/wp-content\/uploads\/2025\/03\/cropped-logo-site-mag2-1.png","contentUrl":"https:\/\/www.pm.pb.gov.br\/portal\/wp-content\/uploads\/2025\/03\/cropped-logo-site-mag2-1.png","width":320,"height":90,"caption":"Pol\u00edcia Militar da Para\u00edba"},"image":{"@id":"https:\/\/www.pm.pb.gov.br\/portal\/#\/schema\/logo\/image\/"}},{"@type":"Person","@id":"https:\/\/www.pm.pb.gov.br\/portal\/#\/schema\/person\/e8454f46651c3ecf0e1ba3c1666d9947","name":"Assessoria de Imprensa da PMPB","image":{"@type":"ImageObject","inLanguage":"pt-BR","@id":"https:\/\/www.pm.pb.gov.br\/portal\/#\/schema\/person\/image\/","url":"https:\/\/secure.gravatar.com\/avatar\/2efe197438265d1e90bd98c4c8e1acf8?s=96&d=mm&r=g","contentUrl":"https:\/\/secure.gravatar.com\/avatar\/2efe197438265d1e90bd98c4c8e1acf8?s=96&d=mm&r=g","caption":"Assessoria de Imprensa da PMPB"},"url":"https:\/\/www.pm.pb.gov.br\/portal\/author\/assessoria\/"}]}},"_links":{"self":[{"href":"https:\/\/www.pm.pb.gov.br\/portal\/wp-json\/wp\/v2\/posts\/918347"}],"collection":[{"href":"https:\/\/www.pm.pb.gov.br\/portal\/wp-json\/wp\/v2\/posts"}],"about":[{"href":"https:\/\/www.pm.pb.gov.br\/portal\/wp-json\/wp\/v2\/types\/post"}],"author":[{"embeddable":true,"href":"https:\/\/www.pm.pb.gov.br\/portal\/wp-json\/wp\/v2\/users\/5"}],"replies":[{"embeddable":true,"href":"https:\/\/www.pm.pb.gov.br\/portal\/wp-json\/wp\/v2\/comments?post=918347"}],"version-history":[{"count":2,"href":"https:\/\/www.pm.pb.gov.br\/portal\/wp-json\/wp\/v2\/posts\/918347\/revisions"}],"predecessor-version":[{"id":918440,"href":"https:\/\/www.pm.pb.gov.br\/portal\/wp-json\/wp\/v2\/posts\/918347\/revisions\/918440"}],"wp:featuredmedia":[{"embeddable":true,"href":"https:\/\/www.pm.pb.gov.br\/portal\/wp-json\/wp\/v2\/media\/918436"}],"wp:attachment":[{"href":"https:\/\/www.pm.pb.gov.br\/portal\/wp-json\/wp\/v2\/media?parent=918347"}],"wp:term":[{"taxonomy":"category","embeddable":true,"href":"https:\/\/www.pm.pb.gov.br\/portal\/wp-json\/wp\/v2\/categories?post=918347"},{"taxonomy":"post_tag","embeddable":true,"href":"https:\/\/www.pm.pb.gov.br\/portal\/wp-json\/wp\/v2\/tags?post=918347"}],"curies":[{"name":"wp","href":"https:\/\/api.w.org\/{rel}","templated":true}]}}