{"id":918220,"date":"2023-09-14T10:39:30","date_gmt":"2023-09-14T13:39:30","guid":{"rendered":"https:\/\/www.pm.pb.gov.br\/portal\/?p=918220"},"modified":"2023-09-14T10:39:31","modified_gmt":"2023-09-14T13:39:31","slug":"sabado-caminhada-solidaria-deve-reunir-mais-de-300-idosos-para-celebrar-saude-e-arrecadar-alimentos","status":"publish","type":"post","link":"https:\/\/www.pm.pb.gov.br\/portal\/2023\/09\/14\/sabado-caminhada-solidaria-deve-reunir-mais-de-300-idosos-para-celebrar-saude-e-arrecadar-alimentos\/","title":{"rendered":"S\u00e1bado: Caminhada Solid\u00e1ria deve reunir mais de 300 idosos para celebrar sa\u00fade e arrecadar alimentos"},"content":{"rendered":"\n<p>Mais de 300 pessoas da melhor idade devem participar da Caminhada Solid\u00e1ria, no come\u00e7o da manh\u00e3 deste s\u00e1bado (16), \u00e0s 6h, no Busto de Tamandar\u00e9, em Jo\u00e3o Pessoa. O evento tem os objetivos de arrecadar alimentos para serem doados \u00e0s institui\u00e7\u00f5es que cuidam de idosos e divulgar o programa de atividades f\u00edsicas gratuito que \u00e9 oferecido pela Pol\u00edcia Militar da Para\u00edba, que tem atividades em cinco localidades:  Busto de Tamandar\u00e9, Espa\u00e7o Cultural Jos\u00e9 Lins do R\u00eago, Centro de Jo\u00e3o Pessoa, gin\u00e1sio O Ronald\u00e3o e em V\u00e1rzea Nova (Santa Rita).<br><br>A caminhada tem 3,6 km e vai contar com a participa\u00e7\u00e3o de pessoas atendidas pelo programa, de apoiadores e de futuros alunos das aulas de dan\u00e7a e funcional, que s\u00e3o gratuitas e continuam abertas ao p\u00fablico.<br><br>O programa Caminhar com Sa\u00fade e Seguran\u00e7a tem 26 anos de exist\u00eancia, oferecendo servi\u00e7os de orienta\u00e7\u00e3o em educa\u00e7\u00e3o f\u00edsica e sa\u00fade, com caminhadas, din\u00e2micas, verifica\u00e7\u00e3o de press\u00e3o arterial e de peso, entre outras a\u00e7\u00f5es. Diariamente, s\u00e3o atendidas mais de 500 pessoas pelo programa, a maioria com idade superior aos 60 anos.<br><br>Como participar &#8211; As atividades s\u00e3o realizadas de segunda a sexta-feira, em dois hor\u00e1rios. \u00c0s 6h, no Busto de Tamandar\u00e9, no Espa\u00e7o Cultural Jos\u00e9 Lins do R\u00eago e no Parque da Lagoa; E \u00e0s 17h, na parte externa do gin\u00e1sio O Ronald\u00e3o e no bairro de V\u00e1rzea Nova, Santa Rita.<br><br><\/p>\n","protected":false},"excerpt":{"rendered":"<p>Mais de 300 pessoas da melhor idade devem participar da Caminhada Solid\u00e1ria, no come\u00e7o da manh\u00e3 deste s\u00e1bado (16), \u00e0s<\/p>\n","protected":false},"author":5,"featured_media":918240,"comment_status":"closed","ping_status":"closed","sticky":false,"template":"","format":"standard","meta":{"_exactmetrics_skip_tracking":false,"_exactmetrics_sitenote_active":false,"_exactmetrics_sitenote_note":"","_exactmetrics_sitenote_category":0,"footnotes":""},"categories":[4],"tags":[],"yoast_head":"<!-- This site is optimized with the Yoast SEO plugin v22.0 - https:\/\/yoast.com\/wordpress\/plugins\/seo\/ -->\n<title>S\u00e1bado: Caminhada Solid\u00e1ria deve reunir mais de 300 idosos para celebrar sa\u00fade e arrecadar alimentos - Pol\u00edcia Militar da Para\u00edba<\/title>\n<meta name=\"robots\" content=\"index, follow, max-snippet:-1, max-image-preview:large, max-video-preview:-1\" \/>\n<link rel=\"canonical\" href=\"https:\/\/www.pm.pb.gov.br\/portal\/2023\/09\/14\/sabado-caminhada-solidaria-deve-reunir-mais-de-300-idosos-para-celebrar-saude-e-arrecadar-alimentos\/\" \/>\n<meta property=\"og:locale\" content=\"pt_BR\" \/>\n<meta property=\"og:type\" content=\"article\" \/>\n<meta property=\"og:title\" content=\"S\u00e1bado: Caminhada Solid\u00e1ria deve reunir mais de 300 idosos para celebrar sa\u00fade e arrecadar alimentos - Pol\u00edcia Militar da Para\u00edba\" \/>\n<meta property=\"og:description\" content=\"Mais de 300 pessoas da melhor idade devem participar da Caminhada Solid\u00e1ria, no come\u00e7o da manh\u00e3 deste s\u00e1bado (16), \u00e0s\" \/>\n<meta property=\"og:url\" content=\"https:\/\/www.pm.pb.gov.br\/portal\/2023\/09\/14\/sabado-caminhada-solidaria-deve-reunir-mais-de-300-idosos-para-celebrar-saude-e-arrecadar-alimentos\/\" \/>\n<meta property=\"og:site_name\" content=\"Pol\u00edcia Militar da Para\u00edba\" \/>\n<meta property=\"article:published_time\" content=\"2023-09-14T13:39:30+00:00\" \/>\n<meta property=\"article:modified_time\" content=\"2023-09-14T13:39:31+00:00\" \/>\n<meta property=\"og:image\" content=\"http:\/\/www.pm.pb.gov.br\/portal\/wp-content\/uploads\/2023\/09\/WhatsApp-Image-2023-09-14-at-10.50.57-AM.jpeg\" \/>\n\t<meta property=\"og:image:width\" content=\"1600\" \/>\n\t<meta property=\"og:image:height\" content=\"1066\" \/>\n\t<meta property=\"og:image:type\" content=\"image\/jpeg\" \/>\n<meta name=\"author\" content=\"Assessoria de Imprensa da PMPB\" \/>\n<meta name=\"twitter:card\" content=\"summary_large_image\" \/>\n<meta name=\"twitter:label1\" content=\"Escrito por\" \/>\n\t<meta name=\"twitter:data1\" content=\"Assessoria de Imprensa da PMPB\" \/>\n\t<meta name=\"twitter:label2\" content=\"Est. tempo de leitura\" \/>\n\t<meta name=\"twitter:data2\" content=\"2 minutos\" \/>\n<script type=\"application\/ld+json\" class=\"yoast-schema-graph\">{\"@context\":\"https:\/\/schema.org\",\"@graph\":[{\"@type\":\"Article\",\"@id\":\"https:\/\/www.pm.pb.gov.br\/portal\/2023\/09\/14\/sabado-caminhada-solidaria-deve-reunir-mais-de-300-idosos-para-celebrar-saude-e-arrecadar-alimentos\/#article\",\"isPartOf\":{\"@id\":\"https:\/\/www.pm.pb.gov.br\/portal\/2023\/09\/14\/sabado-caminhada-solidaria-deve-reunir-mais-de-300-idosos-para-celebrar-saude-e-arrecadar-alimentos\/\"},\"author\":{\"name\":\"Assessoria de Imprensa da PMPB\",\"@id\":\"https:\/\/www.pm.pb.gov.br\/portal\/#\/schema\/person\/e8454f46651c3ecf0e1ba3c1666d9947\"},\"headline\":\"S\u00e1bado: Caminhada Solid\u00e1ria deve reunir mais de 300 idosos para celebrar sa\u00fade e arrecadar alimentos\",\"datePublished\":\"2023-09-14T13:39:30+00:00\",\"dateModified\":\"2023-09-14T13:39:31+00:00\",\"mainEntityOfPage\":{\"@id\":\"https:\/\/www.pm.pb.gov.br\/portal\/2023\/09\/14\/sabado-caminhada-solidaria-deve-reunir-mais-de-300-idosos-para-celebrar-saude-e-arrecadar-alimentos\/\"},\"wordCount\":274,\"publisher\":{\"@id\":\"https:\/\/www.pm.pb.gov.br\/portal\/#organization\"},\"articleSection\":[\"A\u00e7\u00f5es Policiais\"],\"inLanguage\":\"pt-BR\"},{\"@type\":\"WebPage\",\"@id\":\"https:\/\/www.pm.pb.gov.br\/portal\/2023\/09\/14\/sabado-caminhada-solidaria-deve-reunir-mais-de-300-idosos-para-celebrar-saude-e-arrecadar-alimentos\/\",\"url\":\"https:\/\/www.pm.pb.gov.br\/portal\/2023\/09\/14\/sabado-caminhada-solidaria-deve-reunir-mais-de-300-idosos-para-celebrar-saude-e-arrecadar-alimentos\/\",\"name\":\"S\u00e1bado: Caminhada Solid\u00e1ria deve reunir mais de 300 idosos para celebrar sa\u00fade e arrecadar alimentos - Pol\u00edcia Militar da Para\u00edba\",\"isPartOf\":{\"@id\":\"https:\/\/www.pm.pb.gov.br\/portal\/#website\"},\"datePublished\":\"2023-09-14T13:39:30+00:00\",\"dateModified\":\"2023-09-14T13:39:31+00:00\",\"breadcrumb\":{\"@id\":\"https:\/\/www.pm.pb.gov.br\/portal\/2023\/09\/14\/sabado-caminhada-solidaria-deve-reunir-mais-de-300-idosos-para-celebrar-saude-e-arrecadar-alimentos\/#breadcrumb\"},\"inLanguage\":\"pt-BR\",\"potentialAction\":[{\"@type\":\"ReadAction\",\"target\":[\"https:\/\/www.pm.pb.gov.br\/portal\/2023\/09\/14\/sabado-caminhada-solidaria-deve-reunir-mais-de-300-idosos-para-celebrar-saude-e-arrecadar-alimentos\/\"]}]},{\"@type\":\"BreadcrumbList\",\"@id\":\"https:\/\/www.pm.pb.gov.br\/portal\/2023\/09\/14\/sabado-caminhada-solidaria-deve-reunir-mais-de-300-idosos-para-celebrar-saude-e-arrecadar-alimentos\/#breadcrumb\",\"itemListElement\":[{\"@type\":\"ListItem\",\"position\":1,\"name\":\"In\u00edcio\",\"item\":\"https:\/\/www.pm.pb.gov.br\/portal\/\"},{\"@type\":\"ListItem\",\"position\":2,\"name\":\"S\u00e1bado: Caminhada Solid\u00e1ria deve reunir mais de 300 idosos para celebrar sa\u00fade e arrecadar alimentos\"}]},{\"@type\":\"WebSite\",\"@id\":\"https:\/\/www.pm.pb.gov.br\/portal\/#website\",\"url\":\"https:\/\/www.pm.pb.gov.br\/portal\/\",\"name\":\"Pol\u00edcia Militar da Para\u00edba\",\"description\":\"\",\"publisher\":{\"@id\":\"https:\/\/www.pm.pb.gov.br\/portal\/#organization\"},\"potentialAction\":[{\"@type\":\"SearchAction\",\"target\":{\"@type\":\"EntryPoint\",\"urlTemplate\":\"https:\/\/www.pm.pb.gov.br\/portal\/?s={search_term_string}\"},\"query-input\":\"required name=search_term_string\"}],\"inLanguage\":\"pt-BR\"},{\"@type\":\"Organization\",\"@id\":\"https:\/\/www.pm.pb.gov.br\/portal\/#organization\",\"name\":\"Pol\u00edcia Militar da Para\u00edba\",\"url\":\"https:\/\/www.pm.pb.gov.br\/portal\/\",\"logo\":{\"@type\":\"ImageObject\",\"inLanguage\":\"pt-BR\",\"@id\":\"https:\/\/www.pm.pb.gov.br\/portal\/#\/schema\/logo\/image\/\",\"url\":\"https:\/\/www.pm.pb.gov.br\/portal\/wp-content\/uploads\/2025\/03\/cropped-logo-site-mag2-1.png\",\"contentUrl\":\"https:\/\/www.pm.pb.gov.br\/portal\/wp-content\/uploads\/2025\/03\/cropped-logo-site-mag2-1.png\",\"width\":320,\"height\":90,\"caption\":\"Pol\u00edcia Militar da Para\u00edba\"},\"image\":{\"@id\":\"https:\/\/www.pm.pb.gov.br\/portal\/#\/schema\/logo\/image\/\"}},{\"@type\":\"Person\",\"@id\":\"https:\/\/www.pm.pb.gov.br\/portal\/#\/schema\/person\/e8454f46651c3ecf0e1ba3c1666d9947\",\"name\":\"Assessoria de Imprensa da PMPB\",\"image\":{\"@type\":\"ImageObject\",\"inLanguage\":\"pt-BR\",\"@id\":\"https:\/\/www.pm.pb.gov.br\/portal\/#\/schema\/person\/image\/\",\"url\":\"https:\/\/secure.gravatar.com\/avatar\/2efe197438265d1e90bd98c4c8e1acf8?s=96&d=mm&r=g\",\"contentUrl\":\"https:\/\/secure.gravatar.com\/avatar\/2efe197438265d1e90bd98c4c8e1acf8?s=96&d=mm&r=g\",\"caption\":\"Assessoria de Imprensa da PMPB\"},\"url\":\"https:\/\/www.pm.pb.gov.br\/portal\/author\/assessoria\/\"}]}<\/script>\n<!-- \/ Yoast SEO plugin. -->","yoast_head_json":{"title":"S\u00e1bado: Caminhada Solid\u00e1ria deve reunir mais de 300 idosos para celebrar sa\u00fade e arrecadar alimentos - Pol\u00edcia Militar da Para\u00edba","robots":{"index":"index","follow":"follow","max-snippet":"max-snippet:-1","max-image-preview":"max-image-preview:large","max-video-preview":"max-video-preview:-1"},"canonical":"https:\/\/www.pm.pb.gov.br\/portal\/2023\/09\/14\/sabado-caminhada-solidaria-deve-reunir-mais-de-300-idosos-para-celebrar-saude-e-arrecadar-alimentos\/","og_locale":"pt_BR","og_type":"article","og_title":"S\u00e1bado: Caminhada Solid\u00e1ria deve reunir mais de 300 idosos para celebrar sa\u00fade e arrecadar alimentos - Pol\u00edcia Militar da Para\u00edba","og_description":"Mais de 300 pessoas da melhor idade devem participar da Caminhada Solid\u00e1ria, no come\u00e7o da manh\u00e3 deste s\u00e1bado (16), \u00e0s","og_url":"https:\/\/www.pm.pb.gov.br\/portal\/2023\/09\/14\/sabado-caminhada-solidaria-deve-reunir-mais-de-300-idosos-para-celebrar-saude-e-arrecadar-alimentos\/","og_site_name":"Pol\u00edcia Militar da Para\u00edba","article_published_time":"2023-09-14T13:39:30+00:00","article_modified_time":"2023-09-14T13:39:31+00:00","og_image":[{"width":1600,"height":1066,"url":"http:\/\/www.pm.pb.gov.br\/portal\/wp-content\/uploads\/2023\/09\/WhatsApp-Image-2023-09-14-at-10.50.57-AM.jpeg","type":"image\/jpeg"}],"author":"Assessoria de Imprensa da PMPB","twitter_card":"summary_large_image","twitter_misc":{"Escrito por":"Assessoria de Imprensa da PMPB","Est. tempo de leitura":"2 minutos"},"schema":{"@context":"https:\/\/schema.org","@graph":[{"@type":"Article","@id":"https:\/\/www.pm.pb.gov.br\/portal\/2023\/09\/14\/sabado-caminhada-solidaria-deve-reunir-mais-de-300-idosos-para-celebrar-saude-e-arrecadar-alimentos\/#article","isPartOf":{"@id":"https:\/\/www.pm.pb.gov.br\/portal\/2023\/09\/14\/sabado-caminhada-solidaria-deve-reunir-mais-de-300-idosos-para-celebrar-saude-e-arrecadar-alimentos\/"},"author":{"name":"Assessoria de Imprensa da PMPB","@id":"https:\/\/www.pm.pb.gov.br\/portal\/#\/schema\/person\/e8454f46651c3ecf0e1ba3c1666d9947"},"headline":"S\u00e1bado: Caminhada Solid\u00e1ria deve reunir mais de 300 idosos para celebrar sa\u00fade e arrecadar alimentos","datePublished":"2023-09-14T13:39:30+00:00","dateModified":"2023-09-14T13:39:31+00:00","mainEntityOfPage":{"@id":"https:\/\/www.pm.pb.gov.br\/portal\/2023\/09\/14\/sabado-caminhada-solidaria-deve-reunir-mais-de-300-idosos-para-celebrar-saude-e-arrecadar-alimentos\/"},"wordCount":274,"publisher":{"@id":"https:\/\/www.pm.pb.gov.br\/portal\/#organization"},"articleSection":["A\u00e7\u00f5es Policiais"],"inLanguage":"pt-BR"},{"@type":"WebPage","@id":"https:\/\/www.pm.pb.gov.br\/portal\/2023\/09\/14\/sabado-caminhada-solidaria-deve-reunir-mais-de-300-idosos-para-celebrar-saude-e-arrecadar-alimentos\/","url":"https:\/\/www.pm.pb.gov.br\/portal\/2023\/09\/14\/sabado-caminhada-solidaria-deve-reunir-mais-de-300-idosos-para-celebrar-saude-e-arrecadar-alimentos\/","name":"S\u00e1bado: Caminhada Solid\u00e1ria deve reunir mais de 300 idosos para celebrar sa\u00fade e arrecadar alimentos - Pol\u00edcia Militar da Para\u00edba","isPartOf":{"@id":"https:\/\/www.pm.pb.gov.br\/portal\/#website"},"datePublished":"2023-09-14T13:39:30+00:00","dateModified":"2023-09-14T13:39:31+00:00","breadcrumb":{"@id":"https:\/\/www.pm.pb.gov.br\/portal\/2023\/09\/14\/sabado-caminhada-solidaria-deve-reunir-mais-de-300-idosos-para-celebrar-saude-e-arrecadar-alimentos\/#breadcrumb"},"inLanguage":"pt-BR","potentialAction":[{"@type":"ReadAction","target":["https:\/\/www.pm.pb.gov.br\/portal\/2023\/09\/14\/sabado-caminhada-solidaria-deve-reunir-mais-de-300-idosos-para-celebrar-saude-e-arrecadar-alimentos\/"]}]},{"@type":"BreadcrumbList","@id":"https:\/\/www.pm.pb.gov.br\/portal\/2023\/09\/14\/sabado-caminhada-solidaria-deve-reunir-mais-de-300-idosos-para-celebrar-saude-e-arrecadar-alimentos\/#breadcrumb","itemListElement":[{"@type":"ListItem","position":1,"name":"In\u00edcio","item":"https:\/\/www.pm.pb.gov.br\/portal\/"},{"@type":"ListItem","position":2,"name":"S\u00e1bado: Caminhada Solid\u00e1ria deve reunir mais de 300 idosos para celebrar sa\u00fade e arrecadar alimentos"}]},{"@type":"WebSite","@id":"https:\/\/www.pm.pb.gov.br\/portal\/#website","url":"https:\/\/www.pm.pb.gov.br\/portal\/","name":"Pol\u00edcia Militar da Para\u00edba","description":"","publisher":{"@id":"https:\/\/www.pm.pb.gov.br\/portal\/#organization"},"potentialAction":[{"@type":"SearchAction","target":{"@type":"EntryPoint","urlTemplate":"https:\/\/www.pm.pb.gov.br\/portal\/?s={search_term_string}"},"query-input":"required name=search_term_string"}],"inLanguage":"pt-BR"},{"@type":"Organization","@id":"https:\/\/www.pm.pb.gov.br\/portal\/#organization","name":"Pol\u00edcia Militar da Para\u00edba","url":"https:\/\/www.pm.pb.gov.br\/portal\/","logo":{"@type":"ImageObject","inLanguage":"pt-BR","@id":"https:\/\/www.pm.pb.gov.br\/portal\/#\/schema\/logo\/image\/","url":"https:\/\/www.pm.pb.gov.br\/portal\/wp-content\/uploads\/2025\/03\/cropped-logo-site-mag2-1.png","contentUrl":"https:\/\/www.pm.pb.gov.br\/portal\/wp-content\/uploads\/2025\/03\/cropped-logo-site-mag2-1.png","width":320,"height":90,"caption":"Pol\u00edcia Militar da Para\u00edba"},"image":{"@id":"https:\/\/www.pm.pb.gov.br\/portal\/#\/schema\/logo\/image\/"}},{"@type":"Person","@id":"https:\/\/www.pm.pb.gov.br\/portal\/#\/schema\/person\/e8454f46651c3ecf0e1ba3c1666d9947","name":"Assessoria de Imprensa da PMPB","image":{"@type":"ImageObject","inLanguage":"pt-BR","@id":"https:\/\/www.pm.pb.gov.br\/portal\/#\/schema\/person\/image\/","url":"https:\/\/secure.gravatar.com\/avatar\/2efe197438265d1e90bd98c4c8e1acf8?s=96&d=mm&r=g","contentUrl":"https:\/\/secure.gravatar.com\/avatar\/2efe197438265d1e90bd98c4c8e1acf8?s=96&d=mm&r=g","caption":"Assessoria de Imprensa da PMPB"},"url":"https:\/\/www.pm.pb.gov.br\/portal\/author\/assessoria\/"}]}},"_links":{"self":[{"href":"https:\/\/www.pm.pb.gov.br\/portal\/wp-json\/wp\/v2\/posts\/918220"}],"collection":[{"href":"https:\/\/www.pm.pb.gov.br\/portal\/wp-json\/wp\/v2\/posts"}],"about":[{"href":"https:\/\/www.pm.pb.gov.br\/portal\/wp-json\/wp\/v2\/types\/post"}],"author":[{"embeddable":true,"href":"https:\/\/www.pm.pb.gov.br\/portal\/wp-json\/wp\/v2\/users\/5"}],"replies":[{"embeddable":true,"href":"https:\/\/www.pm.pb.gov.br\/portal\/wp-json\/wp\/v2\/comments?post=918220"}],"version-history":[{"count":3,"href":"https:\/\/www.pm.pb.gov.br\/portal\/wp-json\/wp\/v2\/posts\/918220\/revisions"}],"predecessor-version":[{"id":918242,"href":"https:\/\/www.pm.pb.gov.br\/portal\/wp-json\/wp\/v2\/posts\/918220\/revisions\/918242"}],"wp:featuredmedia":[{"embeddable":true,"href":"https:\/\/www.pm.pb.gov.br\/portal\/wp-json\/wp\/v2\/media\/918240"}],"wp:attachment":[{"href":"https:\/\/www.pm.pb.gov.br\/portal\/wp-json\/wp\/v2\/media?parent=918220"}],"wp:term":[{"taxonomy":"category","embeddable":true,"href":"https:\/\/www.pm.pb.gov.br\/portal\/wp-json\/wp\/v2\/categories?post=918220"},{"taxonomy":"post_tag","embeddable":true,"href":"https:\/\/www.pm.pb.gov.br\/portal\/wp-json\/wp\/v2\/tags?post=918220"}],"curies":[{"name":"wp","href":"https:\/\/api.w.org\/{rel}","templated":true}]}}