{"id":918218,"date":"2023-09-13T09:55:10","date_gmt":"2023-09-13T12:55:10","guid":{"rendered":"https:\/\/www.pm.pb.gov.br\/portal\/?p=918218"},"modified":"2023-09-13T09:55:13","modified_gmt":"2023-09-13T12:55:13","slug":"policia-militar-prende-dupla-suspeita-de-assalto-no-bairro-do-bessa-e-recupera-celular-da-vitima","status":"publish","type":"post","link":"https:\/\/www.pm.pb.gov.br\/portal\/2023\/09\/13\/policia-militar-prende-dupla-suspeita-de-assalto-no-bairro-do-bessa-e-recupera-celular-da-vitima\/","title":{"rendered":"Pol\u00edcia Militar prende dupla suspeita de assalto no bairro do Bessa e recupera celular da v\u00edtima"},"content":{"rendered":"\n<p>Equipes da 6\u00aa Companhia Independente da Pol\u00edcia Militar (6\u00aa CIPM) interceptaram no bairro de Intermares, em Cabedelo, uma dupla de moto que tinha acabado de tomar um celular por assalto, na manh\u00e3 desta quarta-feira (13), no bairro do Bessa, em Jo\u00e3o Pessoa. Os suspeitos tem 33 e 42 anos.<br><br>Com eles, foi recuperado o celular da v\u00edtima. A pris\u00e3o aconteceu ap\u00f3s troca de informa\u00e7\u00f5es entre policiais da 6\u00aa CIPM e Batalh\u00e3o Especializado em Apoio ao Turista (BEPTur). Os presos foram reconhecidos por outras v\u00edtimas de assaltos. Eles foram levados para a Central de Pol\u00edcia, em Jo\u00e3o Pessoa.<br><\/p>\n","protected":false},"excerpt":{"rendered":"<p>Equipes da 6\u00aa Companhia Independente da Pol\u00edcia Militar (6\u00aa CIPM) interceptaram no bairro de Intermares, em Cabedelo, uma dupla de<\/p>\n","protected":false},"author":5,"featured_media":918223,"comment_status":"closed","ping_status":"closed","sticky":false,"template":"","format":"standard","meta":{"_exactmetrics_skip_tracking":false,"_exactmetrics_sitenote_active":false,"_exactmetrics_sitenote_note":"","_exactmetrics_sitenote_category":0,"footnotes":""},"categories":[4],"tags":[],"yoast_head":"<!-- This site is optimized with the Yoast SEO plugin v22.0 - https:\/\/yoast.com\/wordpress\/plugins\/seo\/ -->\n<title>Pol\u00edcia Militar prende dupla suspeita de assalto no bairro do Bessa e recupera celular da v\u00edtima - Pol\u00edcia Militar da Para\u00edba<\/title>\n<meta name=\"robots\" content=\"index, follow, max-snippet:-1, max-image-preview:large, max-video-preview:-1\" \/>\n<link rel=\"canonical\" href=\"https:\/\/www.pm.pb.gov.br\/portal\/2023\/09\/13\/policia-militar-prende-dupla-suspeita-de-assalto-no-bairro-do-bessa-e-recupera-celular-da-vitima\/\" \/>\n<meta property=\"og:locale\" content=\"pt_BR\" \/>\n<meta property=\"og:type\" content=\"article\" \/>\n<meta property=\"og:title\" content=\"Pol\u00edcia Militar prende dupla suspeita de assalto no bairro do Bessa e recupera celular da v\u00edtima - Pol\u00edcia Militar da Para\u00edba\" \/>\n<meta property=\"og:description\" content=\"Equipes da 6\u00aa Companhia Independente da Pol\u00edcia Militar (6\u00aa CIPM) interceptaram no bairro de Intermares, em Cabedelo, uma dupla de\" \/>\n<meta property=\"og:url\" content=\"https:\/\/www.pm.pb.gov.br\/portal\/2023\/09\/13\/policia-militar-prende-dupla-suspeita-de-assalto-no-bairro-do-bessa-e-recupera-celular-da-vitima\/\" \/>\n<meta property=\"og:site_name\" content=\"Pol\u00edcia Militar da Para\u00edba\" \/>\n<meta property=\"article:published_time\" content=\"2023-09-13T12:55:10+00:00\" \/>\n<meta property=\"article:modified_time\" content=\"2023-09-13T12:55:13+00:00\" \/>\n<meta property=\"og:image\" content=\"http:\/\/www.pm.pb.gov.br\/portal\/wp-content\/uploads\/2023\/09\/WhatsApp-Image-2023-09-13-at-10.13.15-AM.jpeg\" \/>\n\t<meta property=\"og:image:width\" content=\"1140\" \/>\n\t<meta property=\"og:image:height\" content=\"667\" \/>\n\t<meta property=\"og:image:type\" content=\"image\/jpeg\" \/>\n<meta name=\"author\" content=\"Assessoria de Imprensa da PMPB\" \/>\n<meta name=\"twitter:card\" content=\"summary_large_image\" \/>\n<meta name=\"twitter:label1\" content=\"Escrito por\" \/>\n\t<meta name=\"twitter:data1\" content=\"Assessoria de Imprensa da PMPB\" \/>\n\t<meta name=\"twitter:label2\" content=\"Est. tempo de leitura\" \/>\n\t<meta name=\"twitter:data2\" content=\"1 minuto\" \/>\n<script type=\"application\/ld+json\" class=\"yoast-schema-graph\">{\"@context\":\"https:\/\/schema.org\",\"@graph\":[{\"@type\":\"Article\",\"@id\":\"https:\/\/www.pm.pb.gov.br\/portal\/2023\/09\/13\/policia-militar-prende-dupla-suspeita-de-assalto-no-bairro-do-bessa-e-recupera-celular-da-vitima\/#article\",\"isPartOf\":{\"@id\":\"https:\/\/www.pm.pb.gov.br\/portal\/2023\/09\/13\/policia-militar-prende-dupla-suspeita-de-assalto-no-bairro-do-bessa-e-recupera-celular-da-vitima\/\"},\"author\":{\"name\":\"Assessoria de Imprensa da PMPB\",\"@id\":\"https:\/\/www.pm.pb.gov.br\/portal\/#\/schema\/person\/e8454f46651c3ecf0e1ba3c1666d9947\"},\"headline\":\"Pol\u00edcia Militar prende dupla suspeita de assalto no bairro do Bessa e recupera celular da v\u00edtima\",\"datePublished\":\"2023-09-13T12:55:10+00:00\",\"dateModified\":\"2023-09-13T12:55:13+00:00\",\"mainEntityOfPage\":{\"@id\":\"https:\/\/www.pm.pb.gov.br\/portal\/2023\/09\/13\/policia-militar-prende-dupla-suspeita-de-assalto-no-bairro-do-bessa-e-recupera-celular-da-vitima\/\"},\"wordCount\":119,\"publisher\":{\"@id\":\"https:\/\/www.pm.pb.gov.br\/portal\/#organization\"},\"articleSection\":[\"A\u00e7\u00f5es Policiais\"],\"inLanguage\":\"pt-BR\"},{\"@type\":\"WebPage\",\"@id\":\"https:\/\/www.pm.pb.gov.br\/portal\/2023\/09\/13\/policia-militar-prende-dupla-suspeita-de-assalto-no-bairro-do-bessa-e-recupera-celular-da-vitima\/\",\"url\":\"https:\/\/www.pm.pb.gov.br\/portal\/2023\/09\/13\/policia-militar-prende-dupla-suspeita-de-assalto-no-bairro-do-bessa-e-recupera-celular-da-vitima\/\",\"name\":\"Pol\u00edcia Militar prende dupla suspeita de assalto no bairro do Bessa e recupera celular da v\u00edtima - Pol\u00edcia Militar da Para\u00edba\",\"isPartOf\":{\"@id\":\"https:\/\/www.pm.pb.gov.br\/portal\/#website\"},\"datePublished\":\"2023-09-13T12:55:10+00:00\",\"dateModified\":\"2023-09-13T12:55:13+00:00\",\"breadcrumb\":{\"@id\":\"https:\/\/www.pm.pb.gov.br\/portal\/2023\/09\/13\/policia-militar-prende-dupla-suspeita-de-assalto-no-bairro-do-bessa-e-recupera-celular-da-vitima\/#breadcrumb\"},\"inLanguage\":\"pt-BR\",\"potentialAction\":[{\"@type\":\"ReadAction\",\"target\":[\"https:\/\/www.pm.pb.gov.br\/portal\/2023\/09\/13\/policia-militar-prende-dupla-suspeita-de-assalto-no-bairro-do-bessa-e-recupera-celular-da-vitima\/\"]}]},{\"@type\":\"BreadcrumbList\",\"@id\":\"https:\/\/www.pm.pb.gov.br\/portal\/2023\/09\/13\/policia-militar-prende-dupla-suspeita-de-assalto-no-bairro-do-bessa-e-recupera-celular-da-vitima\/#breadcrumb\",\"itemListElement\":[{\"@type\":\"ListItem\",\"position\":1,\"name\":\"In\u00edcio\",\"item\":\"https:\/\/www.pm.pb.gov.br\/portal\/\"},{\"@type\":\"ListItem\",\"position\":2,\"name\":\"Pol\u00edcia Militar prende dupla suspeita de assalto no bairro do Bessa e recupera celular da v\u00edtima\"}]},{\"@type\":\"WebSite\",\"@id\":\"https:\/\/www.pm.pb.gov.br\/portal\/#website\",\"url\":\"https:\/\/www.pm.pb.gov.br\/portal\/\",\"name\":\"Pol\u00edcia Militar da Para\u00edba\",\"description\":\"\",\"publisher\":{\"@id\":\"https:\/\/www.pm.pb.gov.br\/portal\/#organization\"},\"potentialAction\":[{\"@type\":\"SearchAction\",\"target\":{\"@type\":\"EntryPoint\",\"urlTemplate\":\"https:\/\/www.pm.pb.gov.br\/portal\/?s={search_term_string}\"},\"query-input\":\"required name=search_term_string\"}],\"inLanguage\":\"pt-BR\"},{\"@type\":\"Organization\",\"@id\":\"https:\/\/www.pm.pb.gov.br\/portal\/#organization\",\"name\":\"Pol\u00edcia Militar da Para\u00edba\",\"url\":\"https:\/\/www.pm.pb.gov.br\/portal\/\",\"logo\":{\"@type\":\"ImageObject\",\"inLanguage\":\"pt-BR\",\"@id\":\"https:\/\/www.pm.pb.gov.br\/portal\/#\/schema\/logo\/image\/\",\"url\":\"https:\/\/www.pm.pb.gov.br\/portal\/wp-content\/uploads\/2025\/03\/cropped-logo-site-mag2-1.png\",\"contentUrl\":\"https:\/\/www.pm.pb.gov.br\/portal\/wp-content\/uploads\/2025\/03\/cropped-logo-site-mag2-1.png\",\"width\":320,\"height\":90,\"caption\":\"Pol\u00edcia Militar da Para\u00edba\"},\"image\":{\"@id\":\"https:\/\/www.pm.pb.gov.br\/portal\/#\/schema\/logo\/image\/\"}},{\"@type\":\"Person\",\"@id\":\"https:\/\/www.pm.pb.gov.br\/portal\/#\/schema\/person\/e8454f46651c3ecf0e1ba3c1666d9947\",\"name\":\"Assessoria de Imprensa da PMPB\",\"image\":{\"@type\":\"ImageObject\",\"inLanguage\":\"pt-BR\",\"@id\":\"https:\/\/www.pm.pb.gov.br\/portal\/#\/schema\/person\/image\/\",\"url\":\"https:\/\/secure.gravatar.com\/avatar\/2efe197438265d1e90bd98c4c8e1acf8?s=96&d=mm&r=g\",\"contentUrl\":\"https:\/\/secure.gravatar.com\/avatar\/2efe197438265d1e90bd98c4c8e1acf8?s=96&d=mm&r=g\",\"caption\":\"Assessoria de Imprensa da PMPB\"},\"url\":\"https:\/\/www.pm.pb.gov.br\/portal\/author\/assessoria\/\"}]}<\/script>\n<!-- \/ Yoast SEO plugin. -->","yoast_head_json":{"title":"Pol\u00edcia Militar prende dupla suspeita de assalto no bairro do Bessa e recupera celular da v\u00edtima - Pol\u00edcia Militar da Para\u00edba","robots":{"index":"index","follow":"follow","max-snippet":"max-snippet:-1","max-image-preview":"max-image-preview:large","max-video-preview":"max-video-preview:-1"},"canonical":"https:\/\/www.pm.pb.gov.br\/portal\/2023\/09\/13\/policia-militar-prende-dupla-suspeita-de-assalto-no-bairro-do-bessa-e-recupera-celular-da-vitima\/","og_locale":"pt_BR","og_type":"article","og_title":"Pol\u00edcia Militar prende dupla suspeita de assalto no bairro do Bessa e recupera celular da v\u00edtima - Pol\u00edcia Militar da Para\u00edba","og_description":"Equipes da 6\u00aa Companhia Independente da Pol\u00edcia Militar (6\u00aa CIPM) interceptaram no bairro de Intermares, em Cabedelo, uma dupla de","og_url":"https:\/\/www.pm.pb.gov.br\/portal\/2023\/09\/13\/policia-militar-prende-dupla-suspeita-de-assalto-no-bairro-do-bessa-e-recupera-celular-da-vitima\/","og_site_name":"Pol\u00edcia Militar da Para\u00edba","article_published_time":"2023-09-13T12:55:10+00:00","article_modified_time":"2023-09-13T12:55:13+00:00","og_image":[{"width":1140,"height":667,"url":"http:\/\/www.pm.pb.gov.br\/portal\/wp-content\/uploads\/2023\/09\/WhatsApp-Image-2023-09-13-at-10.13.15-AM.jpeg","type":"image\/jpeg"}],"author":"Assessoria de Imprensa da PMPB","twitter_card":"summary_large_image","twitter_misc":{"Escrito por":"Assessoria de Imprensa da PMPB","Est. tempo de leitura":"1 minuto"},"schema":{"@context":"https:\/\/schema.org","@graph":[{"@type":"Article","@id":"https:\/\/www.pm.pb.gov.br\/portal\/2023\/09\/13\/policia-militar-prende-dupla-suspeita-de-assalto-no-bairro-do-bessa-e-recupera-celular-da-vitima\/#article","isPartOf":{"@id":"https:\/\/www.pm.pb.gov.br\/portal\/2023\/09\/13\/policia-militar-prende-dupla-suspeita-de-assalto-no-bairro-do-bessa-e-recupera-celular-da-vitima\/"},"author":{"name":"Assessoria de Imprensa da PMPB","@id":"https:\/\/www.pm.pb.gov.br\/portal\/#\/schema\/person\/e8454f46651c3ecf0e1ba3c1666d9947"},"headline":"Pol\u00edcia Militar prende dupla suspeita de assalto no bairro do Bessa e recupera celular da v\u00edtima","datePublished":"2023-09-13T12:55:10+00:00","dateModified":"2023-09-13T12:55:13+00:00","mainEntityOfPage":{"@id":"https:\/\/www.pm.pb.gov.br\/portal\/2023\/09\/13\/policia-militar-prende-dupla-suspeita-de-assalto-no-bairro-do-bessa-e-recupera-celular-da-vitima\/"},"wordCount":119,"publisher":{"@id":"https:\/\/www.pm.pb.gov.br\/portal\/#organization"},"articleSection":["A\u00e7\u00f5es Policiais"],"inLanguage":"pt-BR"},{"@type":"WebPage","@id":"https:\/\/www.pm.pb.gov.br\/portal\/2023\/09\/13\/policia-militar-prende-dupla-suspeita-de-assalto-no-bairro-do-bessa-e-recupera-celular-da-vitima\/","url":"https:\/\/www.pm.pb.gov.br\/portal\/2023\/09\/13\/policia-militar-prende-dupla-suspeita-de-assalto-no-bairro-do-bessa-e-recupera-celular-da-vitima\/","name":"Pol\u00edcia Militar prende dupla suspeita de assalto no bairro do Bessa e recupera celular da v\u00edtima - Pol\u00edcia Militar da Para\u00edba","isPartOf":{"@id":"https:\/\/www.pm.pb.gov.br\/portal\/#website"},"datePublished":"2023-09-13T12:55:10+00:00","dateModified":"2023-09-13T12:55:13+00:00","breadcrumb":{"@id":"https:\/\/www.pm.pb.gov.br\/portal\/2023\/09\/13\/policia-militar-prende-dupla-suspeita-de-assalto-no-bairro-do-bessa-e-recupera-celular-da-vitima\/#breadcrumb"},"inLanguage":"pt-BR","potentialAction":[{"@type":"ReadAction","target":["https:\/\/www.pm.pb.gov.br\/portal\/2023\/09\/13\/policia-militar-prende-dupla-suspeita-de-assalto-no-bairro-do-bessa-e-recupera-celular-da-vitima\/"]}]},{"@type":"BreadcrumbList","@id":"https:\/\/www.pm.pb.gov.br\/portal\/2023\/09\/13\/policia-militar-prende-dupla-suspeita-de-assalto-no-bairro-do-bessa-e-recupera-celular-da-vitima\/#breadcrumb","itemListElement":[{"@type":"ListItem","position":1,"name":"In\u00edcio","item":"https:\/\/www.pm.pb.gov.br\/portal\/"},{"@type":"ListItem","position":2,"name":"Pol\u00edcia Militar prende dupla suspeita de assalto no bairro do Bessa e recupera celular da v\u00edtima"}]},{"@type":"WebSite","@id":"https:\/\/www.pm.pb.gov.br\/portal\/#website","url":"https:\/\/www.pm.pb.gov.br\/portal\/","name":"Pol\u00edcia Militar da Para\u00edba","description":"","publisher":{"@id":"https:\/\/www.pm.pb.gov.br\/portal\/#organization"},"potentialAction":[{"@type":"SearchAction","target":{"@type":"EntryPoint","urlTemplate":"https:\/\/www.pm.pb.gov.br\/portal\/?s={search_term_string}"},"query-input":"required name=search_term_string"}],"inLanguage":"pt-BR"},{"@type":"Organization","@id":"https:\/\/www.pm.pb.gov.br\/portal\/#organization","name":"Pol\u00edcia Militar da Para\u00edba","url":"https:\/\/www.pm.pb.gov.br\/portal\/","logo":{"@type":"ImageObject","inLanguage":"pt-BR","@id":"https:\/\/www.pm.pb.gov.br\/portal\/#\/schema\/logo\/image\/","url":"https:\/\/www.pm.pb.gov.br\/portal\/wp-content\/uploads\/2025\/03\/cropped-logo-site-mag2-1.png","contentUrl":"https:\/\/www.pm.pb.gov.br\/portal\/wp-content\/uploads\/2025\/03\/cropped-logo-site-mag2-1.png","width":320,"height":90,"caption":"Pol\u00edcia Militar da Para\u00edba"},"image":{"@id":"https:\/\/www.pm.pb.gov.br\/portal\/#\/schema\/logo\/image\/"}},{"@type":"Person","@id":"https:\/\/www.pm.pb.gov.br\/portal\/#\/schema\/person\/e8454f46651c3ecf0e1ba3c1666d9947","name":"Assessoria de Imprensa da PMPB","image":{"@type":"ImageObject","inLanguage":"pt-BR","@id":"https:\/\/www.pm.pb.gov.br\/portal\/#\/schema\/person\/image\/","url":"https:\/\/secure.gravatar.com\/avatar\/2efe197438265d1e90bd98c4c8e1acf8?s=96&d=mm&r=g","contentUrl":"https:\/\/secure.gravatar.com\/avatar\/2efe197438265d1e90bd98c4c8e1acf8?s=96&d=mm&r=g","caption":"Assessoria de Imprensa da PMPB"},"url":"https:\/\/www.pm.pb.gov.br\/portal\/author\/assessoria\/"}]}},"_links":{"self":[{"href":"https:\/\/www.pm.pb.gov.br\/portal\/wp-json\/wp\/v2\/posts\/918218"}],"collection":[{"href":"https:\/\/www.pm.pb.gov.br\/portal\/wp-json\/wp\/v2\/posts"}],"about":[{"href":"https:\/\/www.pm.pb.gov.br\/portal\/wp-json\/wp\/v2\/types\/post"}],"author":[{"embeddable":true,"href":"https:\/\/www.pm.pb.gov.br\/portal\/wp-json\/wp\/v2\/users\/5"}],"replies":[{"embeddable":true,"href":"https:\/\/www.pm.pb.gov.br\/portal\/wp-json\/wp\/v2\/comments?post=918218"}],"version-history":[{"count":2,"href":"https:\/\/www.pm.pb.gov.br\/portal\/wp-json\/wp\/v2\/posts\/918218\/revisions"}],"predecessor-version":[{"id":918224,"href":"https:\/\/www.pm.pb.gov.br\/portal\/wp-json\/wp\/v2\/posts\/918218\/revisions\/918224"}],"wp:featuredmedia":[{"embeddable":true,"href":"https:\/\/www.pm.pb.gov.br\/portal\/wp-json\/wp\/v2\/media\/918223"}],"wp:attachment":[{"href":"https:\/\/www.pm.pb.gov.br\/portal\/wp-json\/wp\/v2\/media?parent=918218"}],"wp:term":[{"taxonomy":"category","embeddable":true,"href":"https:\/\/www.pm.pb.gov.br\/portal\/wp-json\/wp\/v2\/categories?post=918218"},{"taxonomy":"post_tag","embeddable":true,"href":"https:\/\/www.pm.pb.gov.br\/portal\/wp-json\/wp\/v2\/tags?post=918218"}],"curies":[{"name":"wp","href":"https:\/\/api.w.org\/{rel}","templated":true}]}}