{"id":918191,"date":"2023-09-11T21:37:06","date_gmt":"2023-09-12T00:37:06","guid":{"rendered":"https:\/\/www.pm.pb.gov.br\/portal\/?p=918191"},"modified":"2023-09-11T21:37:08","modified_gmt":"2023-09-12T00:37:08","slug":"apos-denuncia-de-violencia-domestica-policia-militar-prende-acusado-com-duas-armas-e-drogas-na-grande-joao-pessoa","status":"publish","type":"post","link":"https:\/\/www.pm.pb.gov.br\/portal\/2023\/09\/11\/apos-denuncia-de-violencia-domestica-policia-militar-prende-acusado-com-duas-armas-e-drogas-na-grande-joao-pessoa\/","title":{"rendered":"Ap\u00f3s den\u00fancia de viol\u00eancia dom\u00e9stica, Pol\u00edcia Militar prende acusado com duas armas e drogas na Grande Jo\u00e3o Pessoa"},"content":{"rendered":"\n\n\n<p>Ap\u00f3s atender uma den\u00fancia de viol\u00eancia dom\u00e9stica, a Pol\u00edcia Militar prendeu o agressor e apreendeu, com ele, armas de fogo, drogas, facas e muni\u00e7\u00f5es. A a\u00e7\u00e3o da PM ocorreu no munic\u00edpio do Conde, na grande Jo\u00e3o Pessoa, na tarde desta \u00faltima segunda-feira (11). O acusado j\u00e1 tinha passagem pela Pol\u00edcia.<\/p>\n<p>O acusado, de 57 anos de idade, foi preso pelos policiais da 1\u00aa Companhia Independente, logo ap\u00f3s ser denunciado pela companheira que pediu ajuda \u00e0 PM. De acordo com a unidade, a v\u00edtima, que estava com seu filho de apenas sete anos de idade, procurou os policiais na rodovia estadual PB 018. \u201cEla relatou que havia sido agredida verbalmente e amea\u00e7ada com arma de fogo, juntamente com seu filho, pelo companheiro\u201d, explicou o major Alberto, comandante da 1\u00aa CIPM.<\/p>\n<p><img loading=\"lazy\" decoding=\"async\" class=\"size-medium wp-image-918193 aligncenter\" src=\"http:\/\/www.pm.pb.gov.br\/portal\/wp-content\/uploads\/2023\/09\/WhatsApp-Image-2023-09-11-at-18.00.17-250x445.jpeg\" alt=\"\" width=\"250\" height=\"445\" srcset=\"https:\/\/www.pm.pb.gov.br\/portal\/wp-content\/uploads\/2023\/09\/WhatsApp-Image-2023-09-11-at-18.00.17-250x445.jpeg 250w, https:\/\/www.pm.pb.gov.br\/portal\/wp-content\/uploads\/2023\/09\/WhatsApp-Image-2023-09-11-at-18.00.17-321x570.jpeg 321w, https:\/\/www.pm.pb.gov.br\/portal\/wp-content\/uploads\/2023\/09\/WhatsApp-Image-2023-09-11-at-18.00.17-768x1365.jpeg 768w, https:\/\/www.pm.pb.gov.br\/portal\/wp-content\/uploads\/2023\/09\/WhatsApp-Image-2023-09-11-at-18.00.17-864x1536.jpeg 864w, https:\/\/www.pm.pb.gov.br\/portal\/wp-content\/uploads\/2023\/09\/WhatsApp-Image-2023-09-11-at-18.00.17.jpeg 900w\" sizes=\"(max-width: 250px) 100vw, 250px\" \/><\/p>\n<p>\u201cImediatamente realizamos as buscas e conseguimos encontrar o acusado em uma propriedade rural, tentando se desfazer de alguns objetos il\u00edcitos, algo que foi frustrado pela a\u00e7\u00e3o da PM. O agressor estava com dois rev\u00f3lveres, muni\u00e7\u00f5es, fac\u00f5es, canivetes, por\u00e7\u00f5es de drogas e at\u00e9 uma espingarda de press\u00e3o\u201d (fotos acima), relatou o comandante. Ainda segundo o oficial, o acusado j\u00e1 havia respondido na Justi\u00e7a pelo crime de porte ilegal de arma de fogo.<\/p>\n<p>O acusado foi preso em flagrante e apresentado na Delegacia do Conde para os procedimentos cab\u00edveis.<\/p>\n","protected":false},"excerpt":{"rendered":"<p>Ap\u00f3s atender uma den\u00fancia de viol\u00eancia dom\u00e9stica, a Pol\u00edcia Militar prendeu o agressor e apreendeu, com ele, armas de fogo,<\/p>\n","protected":false},"author":12,"featured_media":918192,"comment_status":"closed","ping_status":"closed","sticky":false,"template":"","format":"standard","meta":{"_exactmetrics_skip_tracking":false,"_exactmetrics_sitenote_active":false,"_exactmetrics_sitenote_note":"","_exactmetrics_sitenote_category":0,"footnotes":""},"categories":[4],"tags":[],"yoast_head":"<!-- This site is optimized with the Yoast SEO plugin v22.0 - https:\/\/yoast.com\/wordpress\/plugins\/seo\/ -->\n<title>Ap\u00f3s den\u00fancia de viol\u00eancia dom\u00e9stica, Pol\u00edcia Militar prende acusado com duas armas e drogas na Grande Jo\u00e3o Pessoa - Pol\u00edcia Militar da Para\u00edba<\/title>\n<meta name=\"robots\" content=\"index, follow, max-snippet:-1, max-image-preview:large, max-video-preview:-1\" \/>\n<link rel=\"canonical\" href=\"https:\/\/www.pm.pb.gov.br\/portal\/2023\/09\/11\/apos-denuncia-de-violencia-domestica-policia-militar-prende-acusado-com-duas-armas-e-drogas-na-grande-joao-pessoa\/\" \/>\n<meta property=\"og:locale\" content=\"pt_BR\" \/>\n<meta property=\"og:type\" content=\"article\" \/>\n<meta property=\"og:title\" content=\"Ap\u00f3s den\u00fancia de viol\u00eancia dom\u00e9stica, Pol\u00edcia Militar prende acusado com duas armas e drogas na Grande Jo\u00e3o Pessoa - Pol\u00edcia Militar da Para\u00edba\" \/>\n<meta property=\"og:description\" content=\"Ap\u00f3s atender uma den\u00fancia de viol\u00eancia dom\u00e9stica, a Pol\u00edcia Militar prendeu o agressor e apreendeu, com ele, armas de fogo,\" \/>\n<meta property=\"og:url\" content=\"https:\/\/www.pm.pb.gov.br\/portal\/2023\/09\/11\/apos-denuncia-de-violencia-domestica-policia-militar-prende-acusado-com-duas-armas-e-drogas-na-grande-joao-pessoa\/\" \/>\n<meta property=\"og:site_name\" content=\"Pol\u00edcia Militar da Para\u00edba\" \/>\n<meta property=\"article:published_time\" content=\"2023-09-12T00:37:06+00:00\" \/>\n<meta property=\"article:modified_time\" content=\"2023-09-12T00:37:08+00:00\" \/>\n<meta property=\"og:image\" content=\"http:\/\/www.pm.pb.gov.br\/portal\/wp-content\/uploads\/2023\/09\/WhatsApp-Image-2023-09-11-at-18.00.16.jpeg\" \/>\n\t<meta property=\"og:image:width\" content=\"800\" \/>\n\t<meta property=\"og:image:height\" content=\"445\" \/>\n\t<meta property=\"og:image:type\" content=\"image\/jpeg\" \/>\n<meta name=\"author\" content=\"Tarcisio Oliveira\" \/>\n<meta name=\"twitter:card\" content=\"summary_large_image\" \/>\n<meta name=\"twitter:label1\" content=\"Escrito por\" \/>\n\t<meta name=\"twitter:data1\" content=\"Tarcisio Oliveira\" \/>\n\t<meta name=\"twitter:label2\" content=\"Est. tempo de leitura\" \/>\n\t<meta name=\"twitter:data2\" content=\"2 minutos\" \/>\n<script type=\"application\/ld+json\" class=\"yoast-schema-graph\">{\"@context\":\"https:\/\/schema.org\",\"@graph\":[{\"@type\":\"Article\",\"@id\":\"https:\/\/www.pm.pb.gov.br\/portal\/2023\/09\/11\/apos-denuncia-de-violencia-domestica-policia-militar-prende-acusado-com-duas-armas-e-drogas-na-grande-joao-pessoa\/#article\",\"isPartOf\":{\"@id\":\"https:\/\/www.pm.pb.gov.br\/portal\/2023\/09\/11\/apos-denuncia-de-violencia-domestica-policia-militar-prende-acusado-com-duas-armas-e-drogas-na-grande-joao-pessoa\/\"},\"author\":{\"name\":\"Tarcisio Oliveira\",\"@id\":\"https:\/\/www.pm.pb.gov.br\/portal\/#\/schema\/person\/f84f56dcc78ce4357054da888b8247fd\"},\"headline\":\"Ap\u00f3s den\u00fancia de viol\u00eancia dom\u00e9stica, Pol\u00edcia Militar prende acusado com duas armas e drogas na Grande Jo\u00e3o Pessoa\",\"datePublished\":\"2023-09-12T00:37:06+00:00\",\"dateModified\":\"2023-09-12T00:37:08+00:00\",\"mainEntityOfPage\":{\"@id\":\"https:\/\/www.pm.pb.gov.br\/portal\/2023\/09\/11\/apos-denuncia-de-violencia-domestica-policia-militar-prende-acusado-com-duas-armas-e-drogas-na-grande-joao-pessoa\/\"},\"wordCount\":256,\"publisher\":{\"@id\":\"https:\/\/www.pm.pb.gov.br\/portal\/#organization\"},\"articleSection\":[\"A\u00e7\u00f5es Policiais\"],\"inLanguage\":\"pt-BR\"},{\"@type\":\"WebPage\",\"@id\":\"https:\/\/www.pm.pb.gov.br\/portal\/2023\/09\/11\/apos-denuncia-de-violencia-domestica-policia-militar-prende-acusado-com-duas-armas-e-drogas-na-grande-joao-pessoa\/\",\"url\":\"https:\/\/www.pm.pb.gov.br\/portal\/2023\/09\/11\/apos-denuncia-de-violencia-domestica-policia-militar-prende-acusado-com-duas-armas-e-drogas-na-grande-joao-pessoa\/\",\"name\":\"Ap\u00f3s den\u00fancia de viol\u00eancia dom\u00e9stica, Pol\u00edcia Militar prende acusado com duas armas e drogas na Grande Jo\u00e3o Pessoa - Pol\u00edcia Militar da Para\u00edba\",\"isPartOf\":{\"@id\":\"https:\/\/www.pm.pb.gov.br\/portal\/#website\"},\"datePublished\":\"2023-09-12T00:37:06+00:00\",\"dateModified\":\"2023-09-12T00:37:08+00:00\",\"breadcrumb\":{\"@id\":\"https:\/\/www.pm.pb.gov.br\/portal\/2023\/09\/11\/apos-denuncia-de-violencia-domestica-policia-militar-prende-acusado-com-duas-armas-e-drogas-na-grande-joao-pessoa\/#breadcrumb\"},\"inLanguage\":\"pt-BR\",\"potentialAction\":[{\"@type\":\"ReadAction\",\"target\":[\"https:\/\/www.pm.pb.gov.br\/portal\/2023\/09\/11\/apos-denuncia-de-violencia-domestica-policia-militar-prende-acusado-com-duas-armas-e-drogas-na-grande-joao-pessoa\/\"]}]},{\"@type\":\"BreadcrumbList\",\"@id\":\"https:\/\/www.pm.pb.gov.br\/portal\/2023\/09\/11\/apos-denuncia-de-violencia-domestica-policia-militar-prende-acusado-com-duas-armas-e-drogas-na-grande-joao-pessoa\/#breadcrumb\",\"itemListElement\":[{\"@type\":\"ListItem\",\"position\":1,\"name\":\"In\u00edcio\",\"item\":\"https:\/\/www.pm.pb.gov.br\/portal\/\"},{\"@type\":\"ListItem\",\"position\":2,\"name\":\"Ap\u00f3s den\u00fancia de viol\u00eancia dom\u00e9stica, Pol\u00edcia Militar prende acusado com duas armas e drogas na Grande Jo\u00e3o Pessoa\"}]},{\"@type\":\"WebSite\",\"@id\":\"https:\/\/www.pm.pb.gov.br\/portal\/#website\",\"url\":\"https:\/\/www.pm.pb.gov.br\/portal\/\",\"name\":\"Pol\u00edcia Militar da Para\u00edba\",\"description\":\"\",\"publisher\":{\"@id\":\"https:\/\/www.pm.pb.gov.br\/portal\/#organization\"},\"potentialAction\":[{\"@type\":\"SearchAction\",\"target\":{\"@type\":\"EntryPoint\",\"urlTemplate\":\"https:\/\/www.pm.pb.gov.br\/portal\/?s={search_term_string}\"},\"query-input\":\"required name=search_term_string\"}],\"inLanguage\":\"pt-BR\"},{\"@type\":\"Organization\",\"@id\":\"https:\/\/www.pm.pb.gov.br\/portal\/#organization\",\"name\":\"Pol\u00edcia Militar da Para\u00edba\",\"url\":\"https:\/\/www.pm.pb.gov.br\/portal\/\",\"logo\":{\"@type\":\"ImageObject\",\"inLanguage\":\"pt-BR\",\"@id\":\"https:\/\/www.pm.pb.gov.br\/portal\/#\/schema\/logo\/image\/\",\"url\":\"https:\/\/www.pm.pb.gov.br\/portal\/wp-content\/uploads\/2025\/03\/cropped-logo-site-mag2-1.png\",\"contentUrl\":\"https:\/\/www.pm.pb.gov.br\/portal\/wp-content\/uploads\/2025\/03\/cropped-logo-site-mag2-1.png\",\"width\":320,\"height\":90,\"caption\":\"Pol\u00edcia Militar da Para\u00edba\"},\"image\":{\"@id\":\"https:\/\/www.pm.pb.gov.br\/portal\/#\/schema\/logo\/image\/\"}},{\"@type\":\"Person\",\"@id\":\"https:\/\/www.pm.pb.gov.br\/portal\/#\/schema\/person\/f84f56dcc78ce4357054da888b8247fd\",\"name\":\"Tarcisio Oliveira\",\"image\":{\"@type\":\"ImageObject\",\"inLanguage\":\"pt-BR\",\"@id\":\"https:\/\/www.pm.pb.gov.br\/portal\/#\/schema\/person\/image\/\",\"url\":\"https:\/\/secure.gravatar.com\/avatar\/72917b630b69d31cd0297507f34bac97?s=96&d=mm&r=g\",\"contentUrl\":\"https:\/\/secure.gravatar.com\/avatar\/72917b630b69d31cd0297507f34bac97?s=96&d=mm&r=g\",\"caption\":\"Tarcisio Oliveira\"},\"url\":\"https:\/\/www.pm.pb.gov.br\/portal\/author\/tarcisio\/\"}]}<\/script>\n<!-- \/ Yoast SEO plugin. -->","yoast_head_json":{"title":"Ap\u00f3s den\u00fancia de viol\u00eancia dom\u00e9stica, Pol\u00edcia Militar prende acusado com duas armas e drogas na Grande Jo\u00e3o Pessoa - Pol\u00edcia Militar da Para\u00edba","robots":{"index":"index","follow":"follow","max-snippet":"max-snippet:-1","max-image-preview":"max-image-preview:large","max-video-preview":"max-video-preview:-1"},"canonical":"https:\/\/www.pm.pb.gov.br\/portal\/2023\/09\/11\/apos-denuncia-de-violencia-domestica-policia-militar-prende-acusado-com-duas-armas-e-drogas-na-grande-joao-pessoa\/","og_locale":"pt_BR","og_type":"article","og_title":"Ap\u00f3s den\u00fancia de viol\u00eancia dom\u00e9stica, Pol\u00edcia Militar prende acusado com duas armas e drogas na Grande Jo\u00e3o Pessoa - Pol\u00edcia Militar da Para\u00edba","og_description":"Ap\u00f3s atender uma den\u00fancia de viol\u00eancia dom\u00e9stica, a Pol\u00edcia Militar prendeu o agressor e apreendeu, com ele, armas de fogo,","og_url":"https:\/\/www.pm.pb.gov.br\/portal\/2023\/09\/11\/apos-denuncia-de-violencia-domestica-policia-militar-prende-acusado-com-duas-armas-e-drogas-na-grande-joao-pessoa\/","og_site_name":"Pol\u00edcia Militar da Para\u00edba","article_published_time":"2023-09-12T00:37:06+00:00","article_modified_time":"2023-09-12T00:37:08+00:00","og_image":[{"width":800,"height":445,"url":"http:\/\/www.pm.pb.gov.br\/portal\/wp-content\/uploads\/2023\/09\/WhatsApp-Image-2023-09-11-at-18.00.16.jpeg","type":"image\/jpeg"}],"author":"Tarcisio Oliveira","twitter_card":"summary_large_image","twitter_misc":{"Escrito por":"Tarcisio Oliveira","Est. tempo de leitura":"2 minutos"},"schema":{"@context":"https:\/\/schema.org","@graph":[{"@type":"Article","@id":"https:\/\/www.pm.pb.gov.br\/portal\/2023\/09\/11\/apos-denuncia-de-violencia-domestica-policia-militar-prende-acusado-com-duas-armas-e-drogas-na-grande-joao-pessoa\/#article","isPartOf":{"@id":"https:\/\/www.pm.pb.gov.br\/portal\/2023\/09\/11\/apos-denuncia-de-violencia-domestica-policia-militar-prende-acusado-com-duas-armas-e-drogas-na-grande-joao-pessoa\/"},"author":{"name":"Tarcisio Oliveira","@id":"https:\/\/www.pm.pb.gov.br\/portal\/#\/schema\/person\/f84f56dcc78ce4357054da888b8247fd"},"headline":"Ap\u00f3s den\u00fancia de viol\u00eancia dom\u00e9stica, Pol\u00edcia Militar prende acusado com duas armas e drogas na Grande Jo\u00e3o Pessoa","datePublished":"2023-09-12T00:37:06+00:00","dateModified":"2023-09-12T00:37:08+00:00","mainEntityOfPage":{"@id":"https:\/\/www.pm.pb.gov.br\/portal\/2023\/09\/11\/apos-denuncia-de-violencia-domestica-policia-militar-prende-acusado-com-duas-armas-e-drogas-na-grande-joao-pessoa\/"},"wordCount":256,"publisher":{"@id":"https:\/\/www.pm.pb.gov.br\/portal\/#organization"},"articleSection":["A\u00e7\u00f5es Policiais"],"inLanguage":"pt-BR"},{"@type":"WebPage","@id":"https:\/\/www.pm.pb.gov.br\/portal\/2023\/09\/11\/apos-denuncia-de-violencia-domestica-policia-militar-prende-acusado-com-duas-armas-e-drogas-na-grande-joao-pessoa\/","url":"https:\/\/www.pm.pb.gov.br\/portal\/2023\/09\/11\/apos-denuncia-de-violencia-domestica-policia-militar-prende-acusado-com-duas-armas-e-drogas-na-grande-joao-pessoa\/","name":"Ap\u00f3s den\u00fancia de viol\u00eancia dom\u00e9stica, Pol\u00edcia Militar prende acusado com duas armas e drogas na Grande Jo\u00e3o Pessoa - Pol\u00edcia Militar da Para\u00edba","isPartOf":{"@id":"https:\/\/www.pm.pb.gov.br\/portal\/#website"},"datePublished":"2023-09-12T00:37:06+00:00","dateModified":"2023-09-12T00:37:08+00:00","breadcrumb":{"@id":"https:\/\/www.pm.pb.gov.br\/portal\/2023\/09\/11\/apos-denuncia-de-violencia-domestica-policia-militar-prende-acusado-com-duas-armas-e-drogas-na-grande-joao-pessoa\/#breadcrumb"},"inLanguage":"pt-BR","potentialAction":[{"@type":"ReadAction","target":["https:\/\/www.pm.pb.gov.br\/portal\/2023\/09\/11\/apos-denuncia-de-violencia-domestica-policia-militar-prende-acusado-com-duas-armas-e-drogas-na-grande-joao-pessoa\/"]}]},{"@type":"BreadcrumbList","@id":"https:\/\/www.pm.pb.gov.br\/portal\/2023\/09\/11\/apos-denuncia-de-violencia-domestica-policia-militar-prende-acusado-com-duas-armas-e-drogas-na-grande-joao-pessoa\/#breadcrumb","itemListElement":[{"@type":"ListItem","position":1,"name":"In\u00edcio","item":"https:\/\/www.pm.pb.gov.br\/portal\/"},{"@type":"ListItem","position":2,"name":"Ap\u00f3s den\u00fancia de viol\u00eancia dom\u00e9stica, Pol\u00edcia Militar prende acusado com duas armas e drogas na Grande Jo\u00e3o Pessoa"}]},{"@type":"WebSite","@id":"https:\/\/www.pm.pb.gov.br\/portal\/#website","url":"https:\/\/www.pm.pb.gov.br\/portal\/","name":"Pol\u00edcia Militar da Para\u00edba","description":"","publisher":{"@id":"https:\/\/www.pm.pb.gov.br\/portal\/#organization"},"potentialAction":[{"@type":"SearchAction","target":{"@type":"EntryPoint","urlTemplate":"https:\/\/www.pm.pb.gov.br\/portal\/?s={search_term_string}"},"query-input":"required name=search_term_string"}],"inLanguage":"pt-BR"},{"@type":"Organization","@id":"https:\/\/www.pm.pb.gov.br\/portal\/#organization","name":"Pol\u00edcia Militar da Para\u00edba","url":"https:\/\/www.pm.pb.gov.br\/portal\/","logo":{"@type":"ImageObject","inLanguage":"pt-BR","@id":"https:\/\/www.pm.pb.gov.br\/portal\/#\/schema\/logo\/image\/","url":"https:\/\/www.pm.pb.gov.br\/portal\/wp-content\/uploads\/2025\/03\/cropped-logo-site-mag2-1.png","contentUrl":"https:\/\/www.pm.pb.gov.br\/portal\/wp-content\/uploads\/2025\/03\/cropped-logo-site-mag2-1.png","width":320,"height":90,"caption":"Pol\u00edcia Militar da Para\u00edba"},"image":{"@id":"https:\/\/www.pm.pb.gov.br\/portal\/#\/schema\/logo\/image\/"}},{"@type":"Person","@id":"https:\/\/www.pm.pb.gov.br\/portal\/#\/schema\/person\/f84f56dcc78ce4357054da888b8247fd","name":"Tarcisio Oliveira","image":{"@type":"ImageObject","inLanguage":"pt-BR","@id":"https:\/\/www.pm.pb.gov.br\/portal\/#\/schema\/person\/image\/","url":"https:\/\/secure.gravatar.com\/avatar\/72917b630b69d31cd0297507f34bac97?s=96&d=mm&r=g","contentUrl":"https:\/\/secure.gravatar.com\/avatar\/72917b630b69d31cd0297507f34bac97?s=96&d=mm&r=g","caption":"Tarcisio Oliveira"},"url":"https:\/\/www.pm.pb.gov.br\/portal\/author\/tarcisio\/"}]}},"_links":{"self":[{"href":"https:\/\/www.pm.pb.gov.br\/portal\/wp-json\/wp\/v2\/posts\/918191"}],"collection":[{"href":"https:\/\/www.pm.pb.gov.br\/portal\/wp-json\/wp\/v2\/posts"}],"about":[{"href":"https:\/\/www.pm.pb.gov.br\/portal\/wp-json\/wp\/v2\/types\/post"}],"author":[{"embeddable":true,"href":"https:\/\/www.pm.pb.gov.br\/portal\/wp-json\/wp\/v2\/users\/12"}],"replies":[{"embeddable":true,"href":"https:\/\/www.pm.pb.gov.br\/portal\/wp-json\/wp\/v2\/comments?post=918191"}],"version-history":[{"count":1,"href":"https:\/\/www.pm.pb.gov.br\/portal\/wp-json\/wp\/v2\/posts\/918191\/revisions"}],"predecessor-version":[{"id":918194,"href":"https:\/\/www.pm.pb.gov.br\/portal\/wp-json\/wp\/v2\/posts\/918191\/revisions\/918194"}],"wp:featuredmedia":[{"embeddable":true,"href":"https:\/\/www.pm.pb.gov.br\/portal\/wp-json\/wp\/v2\/media\/918192"}],"wp:attachment":[{"href":"https:\/\/www.pm.pb.gov.br\/portal\/wp-json\/wp\/v2\/media?parent=918191"}],"wp:term":[{"taxonomy":"category","embeddable":true,"href":"https:\/\/www.pm.pb.gov.br\/portal\/wp-json\/wp\/v2\/categories?post=918191"},{"taxonomy":"post_tag","embeddable":true,"href":"https:\/\/www.pm.pb.gov.br\/portal\/wp-json\/wp\/v2\/tags?post=918191"}],"curies":[{"name":"wp","href":"https:\/\/api.w.org\/{rel}","templated":true}]}}