{"id":918183,"date":"2023-09-10T06:42:00","date_gmt":"2023-09-10T09:42:00","guid":{"rendered":"https:\/\/www.pm.pb.gov.br\/portal\/?p=918183"},"modified":"2023-09-10T09:45:28","modified_gmt":"2023-09-10T12:45:28","slug":"durante-operacao-policia-militar-frustra-assalto-prende-suspeito-e-apreende-menor-com-arma-de-fogo-na-grande-joao-pessoa","status":"publish","type":"post","link":"https:\/\/www.pm.pb.gov.br\/portal\/2023\/09\/10\/durante-operacao-policia-militar-frustra-assalto-prende-suspeito-e-apreende-menor-com-arma-de-fogo-na-grande-joao-pessoa\/","title":{"rendered":"Durante Opera\u00e7\u00e3o, Pol\u00edcia Militar frustra assalto, prende suspeito e apreende menor com arma de fogo na grande Jo\u00e3o Pessoa"},"content":{"rendered":"\n\n\n<p>A Pol\u00edcia Militar frustrou um assalto, prendeu um suspeito e apreendeu um adolescente, no fim da tarde do \u00faltimo s\u00e1bado (09), na praia de Intermares, em Cabedelo (foto acima ilustrativa). A a\u00e7\u00e3o faz parte da Opera\u00e7\u00e3o Independ\u00eancia, resultando tamb\u00e9m na apreens\u00e3o da arma de fogo usada para o delito (foto abaixo).<\/p>\n<p>A dupla foi flagrada pelos policiais da 6\u00aa Companhia Independente, logo ap\u00f3s tomarem objetos pessoais e amea\u00e7arem cerca de quatro v\u00edtimas na faixa de areia da praia. De acordo com a unidade, entre os acusados est\u00e1 um homem de 18 anos de idade que j\u00e1 tinha passagem pela pol\u00edcia por ato infracional quando era menor. J\u00e1 o adolescente apreendido tinha 16 anos.<\/p>\n<p><img loading=\"lazy\" decoding=\"async\" class=\" wp-image-918184 aligncenter\" src=\"http:\/\/www.pm.pb.gov.br\/portal\/wp-content\/uploads\/2023\/09\/intermares-593x445.jpeg\" alt=\"\" width=\"500\" height=\"375\" srcset=\"https:\/\/www.pm.pb.gov.br\/portal\/wp-content\/uploads\/2023\/09\/intermares-593x445.jpeg 593w, https:\/\/www.pm.pb.gov.br\/portal\/wp-content\/uploads\/2023\/09\/intermares-760x570.jpeg 760w, https:\/\/www.pm.pb.gov.br\/portal\/wp-content\/uploads\/2023\/09\/intermares-768x576.jpeg 768w, https:\/\/www.pm.pb.gov.br\/portal\/wp-content\/uploads\/2023\/09\/intermares-1536x1152.jpeg 1536w, https:\/\/www.pm.pb.gov.br\/portal\/wp-content\/uploads\/2023\/09\/intermares.jpeg 1600w\" sizes=\"(max-width: 500px) 100vw, 500px\" \/><\/p>\n<p>A dupla foi reconhecida pelas v\u00edtimas, que tiveram seus pertences recuperados e devolvidos. Toda ocorr\u00eancia foi apresentada na Central de Pol\u00edcia, e onde o rev\u00f3lver ficou apreendido.<\/p>\n<p><strong>Independ\u00eancia \u2013<\/strong>Mais de 20 pessoas j\u00e1 foram presas ou apreendidas na Para\u00edba pela Opera\u00e7\u00e3o Independ\u00eancia. Os acusados foram presos por diversos crimes graves e atos infracionais, desde delitos patrimoniais, crimes contra a vida, tr\u00e1fico de drogas, porte ilegal de arma e atrav\u00e9s de mandados de pris\u00e3o. 12 armas de fogo j\u00e1 foram retiradas das ruas pela PMPB.<\/p>\n<p>As a\u00e7\u00f5es aconteceram nos munic\u00edpios de Jo\u00e3o Pessoa, Conde, Cabedelo, Lucena, Pedras de Fogo, Sap\u00e9, Guarabira, Itaporanga, Pombal, Santa Luzia e Junco do Serid\u00f3.<\/p>\n","protected":false},"excerpt":{"rendered":"<p>A Pol\u00edcia Militar frustrou um assalto, prendeu um suspeito e apreendeu um adolescente, no fim da tarde do \u00faltimo s\u00e1bado<\/p>\n","protected":false},"author":12,"featured_media":903434,"comment_status":"closed","ping_status":"closed","sticky":false,"template":"","format":"standard","meta":{"_exactmetrics_skip_tracking":false,"_exactmetrics_sitenote_active":false,"_exactmetrics_sitenote_note":"","_exactmetrics_sitenote_category":0,"footnotes":""},"categories":[4],"tags":[],"yoast_head":"<!-- This site is optimized with the Yoast SEO plugin v22.0 - https:\/\/yoast.com\/wordpress\/plugins\/seo\/ -->\n<title>Durante Opera\u00e7\u00e3o, Pol\u00edcia Militar frustra assalto, prende suspeito e apreende menor com arma de fogo na grande Jo\u00e3o Pessoa - Pol\u00edcia Militar da Para\u00edba<\/title>\n<meta name=\"robots\" content=\"index, follow, max-snippet:-1, max-image-preview:large, max-video-preview:-1\" \/>\n<link rel=\"canonical\" href=\"https:\/\/www.pm.pb.gov.br\/portal\/2023\/09\/10\/durante-operacao-policia-militar-frustra-assalto-prende-suspeito-e-apreende-menor-com-arma-de-fogo-na-grande-joao-pessoa\/\" \/>\n<meta property=\"og:locale\" content=\"pt_BR\" \/>\n<meta property=\"og:type\" content=\"article\" \/>\n<meta property=\"og:title\" content=\"Durante Opera\u00e7\u00e3o, Pol\u00edcia Militar frustra assalto, prende suspeito e apreende menor com arma de fogo na grande Jo\u00e3o Pessoa - Pol\u00edcia Militar da Para\u00edba\" \/>\n<meta property=\"og:description\" content=\"A Pol\u00edcia Militar frustrou um assalto, prendeu um suspeito e apreendeu um adolescente, no fim da tarde do \u00faltimo s\u00e1bado\" \/>\n<meta property=\"og:url\" content=\"https:\/\/www.pm.pb.gov.br\/portal\/2023\/09\/10\/durante-operacao-policia-militar-frustra-assalto-prende-suspeito-e-apreende-menor-com-arma-de-fogo-na-grande-joao-pessoa\/\" \/>\n<meta property=\"og:site_name\" content=\"Pol\u00edcia Militar da Para\u00edba\" \/>\n<meta property=\"article:published_time\" content=\"2023-09-10T09:42:00+00:00\" \/>\n<meta property=\"article:modified_time\" content=\"2023-09-10T12:45:28+00:00\" \/>\n<meta property=\"og:image\" content=\"http:\/\/www.pm.pb.gov.br\/portal\/wp-content\/uploads\/2020\/01\/Ilustrativaintermares1.jpeg\" \/>\n\t<meta property=\"og:image:width\" content=\"800\" \/>\n\t<meta property=\"og:image:height\" content=\"445\" \/>\n\t<meta property=\"og:image:type\" content=\"image\/jpeg\" \/>\n<meta name=\"author\" content=\"Tarcisio Oliveira\" \/>\n<meta name=\"twitter:card\" content=\"summary_large_image\" \/>\n<meta name=\"twitter:label1\" content=\"Escrito por\" \/>\n\t<meta name=\"twitter:data1\" content=\"Tarcisio Oliveira\" \/>\n\t<meta name=\"twitter:label2\" content=\"Est. tempo de leitura\" \/>\n\t<meta name=\"twitter:data2\" content=\"2 minutos\" \/>\n<script type=\"application\/ld+json\" class=\"yoast-schema-graph\">{\"@context\":\"https:\/\/schema.org\",\"@graph\":[{\"@type\":\"Article\",\"@id\":\"https:\/\/www.pm.pb.gov.br\/portal\/2023\/09\/10\/durante-operacao-policia-militar-frustra-assalto-prende-suspeito-e-apreende-menor-com-arma-de-fogo-na-grande-joao-pessoa\/#article\",\"isPartOf\":{\"@id\":\"https:\/\/www.pm.pb.gov.br\/portal\/2023\/09\/10\/durante-operacao-policia-militar-frustra-assalto-prende-suspeito-e-apreende-menor-com-arma-de-fogo-na-grande-joao-pessoa\/\"},\"author\":{\"name\":\"Tarcisio Oliveira\",\"@id\":\"https:\/\/www.pm.pb.gov.br\/portal\/#\/schema\/person\/f84f56dcc78ce4357054da888b8247fd\"},\"headline\":\"Durante Opera\u00e7\u00e3o, Pol\u00edcia Militar frustra assalto, prende suspeito e apreende menor com arma de fogo na grande Jo\u00e3o Pessoa\",\"datePublished\":\"2023-09-10T09:42:00+00:00\",\"dateModified\":\"2023-09-10T12:45:28+00:00\",\"mainEntityOfPage\":{\"@id\":\"https:\/\/www.pm.pb.gov.br\/portal\/2023\/09\/10\/durante-operacao-policia-militar-frustra-assalto-prende-suspeito-e-apreende-menor-com-arma-de-fogo-na-grande-joao-pessoa\/\"},\"wordCount\":262,\"publisher\":{\"@id\":\"https:\/\/www.pm.pb.gov.br\/portal\/#organization\"},\"articleSection\":[\"A\u00e7\u00f5es Policiais\"],\"inLanguage\":\"pt-BR\"},{\"@type\":\"WebPage\",\"@id\":\"https:\/\/www.pm.pb.gov.br\/portal\/2023\/09\/10\/durante-operacao-policia-militar-frustra-assalto-prende-suspeito-e-apreende-menor-com-arma-de-fogo-na-grande-joao-pessoa\/\",\"url\":\"https:\/\/www.pm.pb.gov.br\/portal\/2023\/09\/10\/durante-operacao-policia-militar-frustra-assalto-prende-suspeito-e-apreende-menor-com-arma-de-fogo-na-grande-joao-pessoa\/\",\"name\":\"Durante Opera\u00e7\u00e3o, Pol\u00edcia Militar frustra assalto, prende suspeito e apreende menor com arma de fogo na grande Jo\u00e3o Pessoa - Pol\u00edcia Militar da Para\u00edba\",\"isPartOf\":{\"@id\":\"https:\/\/www.pm.pb.gov.br\/portal\/#website\"},\"datePublished\":\"2023-09-10T09:42:00+00:00\",\"dateModified\":\"2023-09-10T12:45:28+00:00\",\"breadcrumb\":{\"@id\":\"https:\/\/www.pm.pb.gov.br\/portal\/2023\/09\/10\/durante-operacao-policia-militar-frustra-assalto-prende-suspeito-e-apreende-menor-com-arma-de-fogo-na-grande-joao-pessoa\/#breadcrumb\"},\"inLanguage\":\"pt-BR\",\"potentialAction\":[{\"@type\":\"ReadAction\",\"target\":[\"https:\/\/www.pm.pb.gov.br\/portal\/2023\/09\/10\/durante-operacao-policia-militar-frustra-assalto-prende-suspeito-e-apreende-menor-com-arma-de-fogo-na-grande-joao-pessoa\/\"]}]},{\"@type\":\"BreadcrumbList\",\"@id\":\"https:\/\/www.pm.pb.gov.br\/portal\/2023\/09\/10\/durante-operacao-policia-militar-frustra-assalto-prende-suspeito-e-apreende-menor-com-arma-de-fogo-na-grande-joao-pessoa\/#breadcrumb\",\"itemListElement\":[{\"@type\":\"ListItem\",\"position\":1,\"name\":\"In\u00edcio\",\"item\":\"https:\/\/www.pm.pb.gov.br\/portal\/\"},{\"@type\":\"ListItem\",\"position\":2,\"name\":\"Durante Opera\u00e7\u00e3o, Pol\u00edcia Militar frustra assalto, prende suspeito e apreende menor com arma de fogo na grande Jo\u00e3o Pessoa\"}]},{\"@type\":\"WebSite\",\"@id\":\"https:\/\/www.pm.pb.gov.br\/portal\/#website\",\"url\":\"https:\/\/www.pm.pb.gov.br\/portal\/\",\"name\":\"Pol\u00edcia Militar da Para\u00edba\",\"description\":\"\",\"publisher\":{\"@id\":\"https:\/\/www.pm.pb.gov.br\/portal\/#organization\"},\"potentialAction\":[{\"@type\":\"SearchAction\",\"target\":{\"@type\":\"EntryPoint\",\"urlTemplate\":\"https:\/\/www.pm.pb.gov.br\/portal\/?s={search_term_string}\"},\"query-input\":\"required name=search_term_string\"}],\"inLanguage\":\"pt-BR\"},{\"@type\":\"Organization\",\"@id\":\"https:\/\/www.pm.pb.gov.br\/portal\/#organization\",\"name\":\"Pol\u00edcia Militar da Para\u00edba\",\"url\":\"https:\/\/www.pm.pb.gov.br\/portal\/\",\"logo\":{\"@type\":\"ImageObject\",\"inLanguage\":\"pt-BR\",\"@id\":\"https:\/\/www.pm.pb.gov.br\/portal\/#\/schema\/logo\/image\/\",\"url\":\"https:\/\/www.pm.pb.gov.br\/portal\/wp-content\/uploads\/2025\/03\/cropped-logo-site-mag2-1.png\",\"contentUrl\":\"https:\/\/www.pm.pb.gov.br\/portal\/wp-content\/uploads\/2025\/03\/cropped-logo-site-mag2-1.png\",\"width\":320,\"height\":90,\"caption\":\"Pol\u00edcia Militar da Para\u00edba\"},\"image\":{\"@id\":\"https:\/\/www.pm.pb.gov.br\/portal\/#\/schema\/logo\/image\/\"}},{\"@type\":\"Person\",\"@id\":\"https:\/\/www.pm.pb.gov.br\/portal\/#\/schema\/person\/f84f56dcc78ce4357054da888b8247fd\",\"name\":\"Tarcisio Oliveira\",\"image\":{\"@type\":\"ImageObject\",\"inLanguage\":\"pt-BR\",\"@id\":\"https:\/\/www.pm.pb.gov.br\/portal\/#\/schema\/person\/image\/\",\"url\":\"https:\/\/secure.gravatar.com\/avatar\/72917b630b69d31cd0297507f34bac97?s=96&d=mm&r=g\",\"contentUrl\":\"https:\/\/secure.gravatar.com\/avatar\/72917b630b69d31cd0297507f34bac97?s=96&d=mm&r=g\",\"caption\":\"Tarcisio Oliveira\"},\"url\":\"https:\/\/www.pm.pb.gov.br\/portal\/author\/tarcisio\/\"}]}<\/script>\n<!-- \/ Yoast SEO plugin. -->","yoast_head_json":{"title":"Durante Opera\u00e7\u00e3o, Pol\u00edcia Militar frustra assalto, prende suspeito e apreende menor com arma de fogo na grande Jo\u00e3o Pessoa - Pol\u00edcia Militar da Para\u00edba","robots":{"index":"index","follow":"follow","max-snippet":"max-snippet:-1","max-image-preview":"max-image-preview:large","max-video-preview":"max-video-preview:-1"},"canonical":"https:\/\/www.pm.pb.gov.br\/portal\/2023\/09\/10\/durante-operacao-policia-militar-frustra-assalto-prende-suspeito-e-apreende-menor-com-arma-de-fogo-na-grande-joao-pessoa\/","og_locale":"pt_BR","og_type":"article","og_title":"Durante Opera\u00e7\u00e3o, Pol\u00edcia Militar frustra assalto, prende suspeito e apreende menor com arma de fogo na grande Jo\u00e3o Pessoa - Pol\u00edcia Militar da Para\u00edba","og_description":"A Pol\u00edcia Militar frustrou um assalto, prendeu um suspeito e apreendeu um adolescente, no fim da tarde do \u00faltimo s\u00e1bado","og_url":"https:\/\/www.pm.pb.gov.br\/portal\/2023\/09\/10\/durante-operacao-policia-militar-frustra-assalto-prende-suspeito-e-apreende-menor-com-arma-de-fogo-na-grande-joao-pessoa\/","og_site_name":"Pol\u00edcia Militar da Para\u00edba","article_published_time":"2023-09-10T09:42:00+00:00","article_modified_time":"2023-09-10T12:45:28+00:00","og_image":[{"width":800,"height":445,"url":"http:\/\/www.pm.pb.gov.br\/portal\/wp-content\/uploads\/2020\/01\/Ilustrativaintermares1.jpeg","type":"image\/jpeg"}],"author":"Tarcisio Oliveira","twitter_card":"summary_large_image","twitter_misc":{"Escrito por":"Tarcisio Oliveira","Est. tempo de leitura":"2 minutos"},"schema":{"@context":"https:\/\/schema.org","@graph":[{"@type":"Article","@id":"https:\/\/www.pm.pb.gov.br\/portal\/2023\/09\/10\/durante-operacao-policia-militar-frustra-assalto-prende-suspeito-e-apreende-menor-com-arma-de-fogo-na-grande-joao-pessoa\/#article","isPartOf":{"@id":"https:\/\/www.pm.pb.gov.br\/portal\/2023\/09\/10\/durante-operacao-policia-militar-frustra-assalto-prende-suspeito-e-apreende-menor-com-arma-de-fogo-na-grande-joao-pessoa\/"},"author":{"name":"Tarcisio Oliveira","@id":"https:\/\/www.pm.pb.gov.br\/portal\/#\/schema\/person\/f84f56dcc78ce4357054da888b8247fd"},"headline":"Durante Opera\u00e7\u00e3o, Pol\u00edcia Militar frustra assalto, prende suspeito e apreende menor com arma de fogo na grande Jo\u00e3o Pessoa","datePublished":"2023-09-10T09:42:00+00:00","dateModified":"2023-09-10T12:45:28+00:00","mainEntityOfPage":{"@id":"https:\/\/www.pm.pb.gov.br\/portal\/2023\/09\/10\/durante-operacao-policia-militar-frustra-assalto-prende-suspeito-e-apreende-menor-com-arma-de-fogo-na-grande-joao-pessoa\/"},"wordCount":262,"publisher":{"@id":"https:\/\/www.pm.pb.gov.br\/portal\/#organization"},"articleSection":["A\u00e7\u00f5es Policiais"],"inLanguage":"pt-BR"},{"@type":"WebPage","@id":"https:\/\/www.pm.pb.gov.br\/portal\/2023\/09\/10\/durante-operacao-policia-militar-frustra-assalto-prende-suspeito-e-apreende-menor-com-arma-de-fogo-na-grande-joao-pessoa\/","url":"https:\/\/www.pm.pb.gov.br\/portal\/2023\/09\/10\/durante-operacao-policia-militar-frustra-assalto-prende-suspeito-e-apreende-menor-com-arma-de-fogo-na-grande-joao-pessoa\/","name":"Durante Opera\u00e7\u00e3o, Pol\u00edcia Militar frustra assalto, prende suspeito e apreende menor com arma de fogo na grande Jo\u00e3o Pessoa - Pol\u00edcia Militar da Para\u00edba","isPartOf":{"@id":"https:\/\/www.pm.pb.gov.br\/portal\/#website"},"datePublished":"2023-09-10T09:42:00+00:00","dateModified":"2023-09-10T12:45:28+00:00","breadcrumb":{"@id":"https:\/\/www.pm.pb.gov.br\/portal\/2023\/09\/10\/durante-operacao-policia-militar-frustra-assalto-prende-suspeito-e-apreende-menor-com-arma-de-fogo-na-grande-joao-pessoa\/#breadcrumb"},"inLanguage":"pt-BR","potentialAction":[{"@type":"ReadAction","target":["https:\/\/www.pm.pb.gov.br\/portal\/2023\/09\/10\/durante-operacao-policia-militar-frustra-assalto-prende-suspeito-e-apreende-menor-com-arma-de-fogo-na-grande-joao-pessoa\/"]}]},{"@type":"BreadcrumbList","@id":"https:\/\/www.pm.pb.gov.br\/portal\/2023\/09\/10\/durante-operacao-policia-militar-frustra-assalto-prende-suspeito-e-apreende-menor-com-arma-de-fogo-na-grande-joao-pessoa\/#breadcrumb","itemListElement":[{"@type":"ListItem","position":1,"name":"In\u00edcio","item":"https:\/\/www.pm.pb.gov.br\/portal\/"},{"@type":"ListItem","position":2,"name":"Durante Opera\u00e7\u00e3o, Pol\u00edcia Militar frustra assalto, prende suspeito e apreende menor com arma de fogo na grande Jo\u00e3o Pessoa"}]},{"@type":"WebSite","@id":"https:\/\/www.pm.pb.gov.br\/portal\/#website","url":"https:\/\/www.pm.pb.gov.br\/portal\/","name":"Pol\u00edcia Militar da Para\u00edba","description":"","publisher":{"@id":"https:\/\/www.pm.pb.gov.br\/portal\/#organization"},"potentialAction":[{"@type":"SearchAction","target":{"@type":"EntryPoint","urlTemplate":"https:\/\/www.pm.pb.gov.br\/portal\/?s={search_term_string}"},"query-input":"required name=search_term_string"}],"inLanguage":"pt-BR"},{"@type":"Organization","@id":"https:\/\/www.pm.pb.gov.br\/portal\/#organization","name":"Pol\u00edcia Militar da Para\u00edba","url":"https:\/\/www.pm.pb.gov.br\/portal\/","logo":{"@type":"ImageObject","inLanguage":"pt-BR","@id":"https:\/\/www.pm.pb.gov.br\/portal\/#\/schema\/logo\/image\/","url":"https:\/\/www.pm.pb.gov.br\/portal\/wp-content\/uploads\/2025\/03\/cropped-logo-site-mag2-1.png","contentUrl":"https:\/\/www.pm.pb.gov.br\/portal\/wp-content\/uploads\/2025\/03\/cropped-logo-site-mag2-1.png","width":320,"height":90,"caption":"Pol\u00edcia Militar da Para\u00edba"},"image":{"@id":"https:\/\/www.pm.pb.gov.br\/portal\/#\/schema\/logo\/image\/"}},{"@type":"Person","@id":"https:\/\/www.pm.pb.gov.br\/portal\/#\/schema\/person\/f84f56dcc78ce4357054da888b8247fd","name":"Tarcisio Oliveira","image":{"@type":"ImageObject","inLanguage":"pt-BR","@id":"https:\/\/www.pm.pb.gov.br\/portal\/#\/schema\/person\/image\/","url":"https:\/\/secure.gravatar.com\/avatar\/72917b630b69d31cd0297507f34bac97?s=96&d=mm&r=g","contentUrl":"https:\/\/secure.gravatar.com\/avatar\/72917b630b69d31cd0297507f34bac97?s=96&d=mm&r=g","caption":"Tarcisio Oliveira"},"url":"https:\/\/www.pm.pb.gov.br\/portal\/author\/tarcisio\/"}]}},"_links":{"self":[{"href":"https:\/\/www.pm.pb.gov.br\/portal\/wp-json\/wp\/v2\/posts\/918183"}],"collection":[{"href":"https:\/\/www.pm.pb.gov.br\/portal\/wp-json\/wp\/v2\/posts"}],"about":[{"href":"https:\/\/www.pm.pb.gov.br\/portal\/wp-json\/wp\/v2\/types\/post"}],"author":[{"embeddable":true,"href":"https:\/\/www.pm.pb.gov.br\/portal\/wp-json\/wp\/v2\/users\/12"}],"replies":[{"embeddable":true,"href":"https:\/\/www.pm.pb.gov.br\/portal\/wp-json\/wp\/v2\/comments?post=918183"}],"version-history":[{"count":1,"href":"https:\/\/www.pm.pb.gov.br\/portal\/wp-json\/wp\/v2\/posts\/918183\/revisions"}],"predecessor-version":[{"id":918185,"href":"https:\/\/www.pm.pb.gov.br\/portal\/wp-json\/wp\/v2\/posts\/918183\/revisions\/918185"}],"wp:featuredmedia":[{"embeddable":true,"href":"https:\/\/www.pm.pb.gov.br\/portal\/wp-json\/wp\/v2\/media\/903434"}],"wp:attachment":[{"href":"https:\/\/www.pm.pb.gov.br\/portal\/wp-json\/wp\/v2\/media?parent=918183"}],"wp:term":[{"taxonomy":"category","embeddable":true,"href":"https:\/\/www.pm.pb.gov.br\/portal\/wp-json\/wp\/v2\/categories?post=918183"},{"taxonomy":"post_tag","embeddable":true,"href":"https:\/\/www.pm.pb.gov.br\/portal\/wp-json\/wp\/v2\/tags?post=918183"}],"curies":[{"name":"wp","href":"https:\/\/api.w.org\/{rel}","templated":true}]}}