{"id":918181,"date":"2023-09-06T01:42:00","date_gmt":"2023-09-06T04:42:00","guid":{"rendered":"https:\/\/www.pm.pb.gov.br\/portal\/?p=918181"},"modified":"2023-09-09T14:43:53","modified_gmt":"2023-09-09T17:43:53","slug":"policia-militar-prende-acusados-estelionato-e-crimes-patrimoniais-na-orla-da-capital","status":"publish","type":"post","link":"https:\/\/www.pm.pb.gov.br\/portal\/2023\/09\/06\/policia-militar-prende-acusados-estelionato-e-crimes-patrimoniais-na-orla-da-capital\/","title":{"rendered":"Pol\u00edcia Militar prende acusados estelionato e crimes patrimoniais na orla da Capital"},"content":{"rendered":"\n\n\n<p>A Pol\u00edcia Militar prendeu quatro pessoas que estavam sendo procuradas por estelionato e crimes patrimoniais como roubos e furtos (foto acima ilustrativa). As a\u00e7\u00f5es aconteceram na noite da \u00faltima ter\u00e7a-feira (05) nos bairros da orla de Jo\u00e3o Pessoa, e foram realizadas pelo Batalh\u00e3o Especializado em Policiamento Tur\u00edstico (BEPTur).<\/p>\n<p>Entre os presos est\u00e1 um homem de 35 anos de idade e que responde a mais de 20 processos por fraudes em negocia\u00e7\u00f5es de ve\u00edculos, emiss\u00e3o de cheques e transa\u00e7\u00f5es banc\u00e1rias fraudulentas. De acordo com o BEPTur, o acusado j\u00e1 foi preso diversas vezes pelas For\u00e7as Policiais e nesta ter\u00e7a havia tentando se hospedar em um hotel com documento falsificado, algo que foi frustrado.<\/p>\n<p>Durante a tentativa de hospedagem e a abordagem da PM, que aconteceu no bairro de Mana\u00edra, foi constatado que contra o nome verdadeiro dele havia um mandado de pris\u00e3o em aberto por estelionato, expedido pela Vara de Execu\u00e7\u00e3o Penal de Jo\u00e3o Pessoa.<\/p>\n<p>Outras duas pris\u00f5es aconteceram no bairro de Tamba\u00fa, quando dois foragidos da Justi\u00e7a, de 28 e 22 anos de idade, foram flagrados em um ponto de tr\u00e1fico de drogas. Segundo do BEPTur, os acusados estavam com mandados de pris\u00e3o em aberto, algo que foi identificado durante abordagem dos policiais.<\/p>\n<p>J\u00e1 no Cabo Branco, uma mulher foi presa logo ap\u00f3s cometer um assalto. Ela estava com um estilete, usado para amea\u00e7ar as v\u00edtimas, e um celular.<\/p>\n<p>\u00a0<\/p>\n<p>As ocorr\u00eancias foram apresentadas na Central de Flagrantes e nos pres\u00eddios para o respectivo cumprimento da pena dos foragidos.<\/p>\n","protected":false},"excerpt":{"rendered":"<p>A Pol\u00edcia Militar prendeu quatro pessoas que estavam sendo procuradas por estelionato e crimes patrimoniais como roubos e furtos (foto<\/p>\n","protected":false},"author":12,"featured_media":905174,"comment_status":"closed","ping_status":"closed","sticky":false,"template":"","format":"standard","meta":{"_exactmetrics_skip_tracking":false,"_exactmetrics_sitenote_active":false,"_exactmetrics_sitenote_note":"","_exactmetrics_sitenote_category":0,"footnotes":""},"categories":[4],"tags":[],"yoast_head":"<!-- This site is optimized with the Yoast SEO plugin v22.0 - https:\/\/yoast.com\/wordpress\/plugins\/seo\/ -->\n<title>Pol\u00edcia Militar prende acusados estelionato e crimes patrimoniais na orla da Capital - Pol\u00edcia Militar da Para\u00edba<\/title>\n<meta name=\"robots\" content=\"index, follow, max-snippet:-1, max-image-preview:large, max-video-preview:-1\" \/>\n<link rel=\"canonical\" href=\"https:\/\/www.pm.pb.gov.br\/portal\/2023\/09\/06\/policia-militar-prende-acusados-estelionato-e-crimes-patrimoniais-na-orla-da-capital\/\" \/>\n<meta property=\"og:locale\" content=\"pt_BR\" \/>\n<meta property=\"og:type\" content=\"article\" \/>\n<meta property=\"og:title\" content=\"Pol\u00edcia Militar prende acusados estelionato e crimes patrimoniais na orla da Capital - Pol\u00edcia Militar da Para\u00edba\" \/>\n<meta property=\"og:description\" content=\"A Pol\u00edcia Militar prendeu quatro pessoas que estavam sendo procuradas por estelionato e crimes patrimoniais como roubos e furtos (foto\" \/>\n<meta property=\"og:url\" content=\"https:\/\/www.pm.pb.gov.br\/portal\/2023\/09\/06\/policia-militar-prende-acusados-estelionato-e-crimes-patrimoniais-na-orla-da-capital\/\" \/>\n<meta property=\"og:site_name\" content=\"Pol\u00edcia Militar da Para\u00edba\" \/>\n<meta property=\"article:published_time\" content=\"2023-09-06T04:42:00+00:00\" \/>\n<meta property=\"article:modified_time\" content=\"2023-09-09T17:43:53+00:00\" \/>\n<meta property=\"og:image\" content=\"http:\/\/www.pm.pb.gov.br\/portal\/wp-content\/uploads\/2020\/05\/ceatur-1.jpeg\" \/>\n\t<meta property=\"og:image:width\" content=\"800\" \/>\n\t<meta property=\"og:image:height\" content=\"445\" \/>\n\t<meta property=\"og:image:type\" content=\"image\/jpeg\" \/>\n<meta name=\"author\" content=\"Tarcisio Oliveira\" \/>\n<meta name=\"twitter:card\" content=\"summary_large_image\" \/>\n<meta name=\"twitter:label1\" content=\"Escrito por\" \/>\n\t<meta name=\"twitter:data1\" content=\"Tarcisio Oliveira\" \/>\n\t<meta name=\"twitter:label2\" content=\"Est. tempo de leitura\" \/>\n\t<meta name=\"twitter:data2\" content=\"2 minutos\" \/>\n<script type=\"application\/ld+json\" class=\"yoast-schema-graph\">{\"@context\":\"https:\/\/schema.org\",\"@graph\":[{\"@type\":\"Article\",\"@id\":\"https:\/\/www.pm.pb.gov.br\/portal\/2023\/09\/06\/policia-militar-prende-acusados-estelionato-e-crimes-patrimoniais-na-orla-da-capital\/#article\",\"isPartOf\":{\"@id\":\"https:\/\/www.pm.pb.gov.br\/portal\/2023\/09\/06\/policia-militar-prende-acusados-estelionato-e-crimes-patrimoniais-na-orla-da-capital\/\"},\"author\":{\"name\":\"Tarcisio Oliveira\",\"@id\":\"https:\/\/www.pm.pb.gov.br\/portal\/#\/schema\/person\/f84f56dcc78ce4357054da888b8247fd\"},\"headline\":\"Pol\u00edcia Militar prende acusados estelionato e crimes patrimoniais na orla da Capital\",\"datePublished\":\"2023-09-06T04:42:00+00:00\",\"dateModified\":\"2023-09-09T17:43:53+00:00\",\"mainEntityOfPage\":{\"@id\":\"https:\/\/www.pm.pb.gov.br\/portal\/2023\/09\/06\/policia-militar-prende-acusados-estelionato-e-crimes-patrimoniais-na-orla-da-capital\/\"},\"wordCount\":282,\"publisher\":{\"@id\":\"https:\/\/www.pm.pb.gov.br\/portal\/#organization\"},\"articleSection\":[\"A\u00e7\u00f5es Policiais\"],\"inLanguage\":\"pt-BR\"},{\"@type\":\"WebPage\",\"@id\":\"https:\/\/www.pm.pb.gov.br\/portal\/2023\/09\/06\/policia-militar-prende-acusados-estelionato-e-crimes-patrimoniais-na-orla-da-capital\/\",\"url\":\"https:\/\/www.pm.pb.gov.br\/portal\/2023\/09\/06\/policia-militar-prende-acusados-estelionato-e-crimes-patrimoniais-na-orla-da-capital\/\",\"name\":\"Pol\u00edcia Militar prende acusados estelionato e crimes patrimoniais na orla da Capital - Pol\u00edcia Militar da Para\u00edba\",\"isPartOf\":{\"@id\":\"https:\/\/www.pm.pb.gov.br\/portal\/#website\"},\"datePublished\":\"2023-09-06T04:42:00+00:00\",\"dateModified\":\"2023-09-09T17:43:53+00:00\",\"breadcrumb\":{\"@id\":\"https:\/\/www.pm.pb.gov.br\/portal\/2023\/09\/06\/policia-militar-prende-acusados-estelionato-e-crimes-patrimoniais-na-orla-da-capital\/#breadcrumb\"},\"inLanguage\":\"pt-BR\",\"potentialAction\":[{\"@type\":\"ReadAction\",\"target\":[\"https:\/\/www.pm.pb.gov.br\/portal\/2023\/09\/06\/policia-militar-prende-acusados-estelionato-e-crimes-patrimoniais-na-orla-da-capital\/\"]}]},{\"@type\":\"BreadcrumbList\",\"@id\":\"https:\/\/www.pm.pb.gov.br\/portal\/2023\/09\/06\/policia-militar-prende-acusados-estelionato-e-crimes-patrimoniais-na-orla-da-capital\/#breadcrumb\",\"itemListElement\":[{\"@type\":\"ListItem\",\"position\":1,\"name\":\"In\u00edcio\",\"item\":\"https:\/\/www.pm.pb.gov.br\/portal\/\"},{\"@type\":\"ListItem\",\"position\":2,\"name\":\"Pol\u00edcia Militar prende acusados estelionato e crimes patrimoniais na orla da Capital\"}]},{\"@type\":\"WebSite\",\"@id\":\"https:\/\/www.pm.pb.gov.br\/portal\/#website\",\"url\":\"https:\/\/www.pm.pb.gov.br\/portal\/\",\"name\":\"Pol\u00edcia Militar da Para\u00edba\",\"description\":\"\",\"publisher\":{\"@id\":\"https:\/\/www.pm.pb.gov.br\/portal\/#organization\"},\"potentialAction\":[{\"@type\":\"SearchAction\",\"target\":{\"@type\":\"EntryPoint\",\"urlTemplate\":\"https:\/\/www.pm.pb.gov.br\/portal\/?s={search_term_string}\"},\"query-input\":\"required name=search_term_string\"}],\"inLanguage\":\"pt-BR\"},{\"@type\":\"Organization\",\"@id\":\"https:\/\/www.pm.pb.gov.br\/portal\/#organization\",\"name\":\"Pol\u00edcia Militar da Para\u00edba\",\"url\":\"https:\/\/www.pm.pb.gov.br\/portal\/\",\"logo\":{\"@type\":\"ImageObject\",\"inLanguage\":\"pt-BR\",\"@id\":\"https:\/\/www.pm.pb.gov.br\/portal\/#\/schema\/logo\/image\/\",\"url\":\"https:\/\/www.pm.pb.gov.br\/portal\/wp-content\/uploads\/2025\/03\/cropped-logo-site-mag2-1.png\",\"contentUrl\":\"https:\/\/www.pm.pb.gov.br\/portal\/wp-content\/uploads\/2025\/03\/cropped-logo-site-mag2-1.png\",\"width\":320,\"height\":90,\"caption\":\"Pol\u00edcia Militar da Para\u00edba\"},\"image\":{\"@id\":\"https:\/\/www.pm.pb.gov.br\/portal\/#\/schema\/logo\/image\/\"}},{\"@type\":\"Person\",\"@id\":\"https:\/\/www.pm.pb.gov.br\/portal\/#\/schema\/person\/f84f56dcc78ce4357054da888b8247fd\",\"name\":\"Tarcisio Oliveira\",\"image\":{\"@type\":\"ImageObject\",\"inLanguage\":\"pt-BR\",\"@id\":\"https:\/\/www.pm.pb.gov.br\/portal\/#\/schema\/person\/image\/\",\"url\":\"https:\/\/secure.gravatar.com\/avatar\/72917b630b69d31cd0297507f34bac97?s=96&d=mm&r=g\",\"contentUrl\":\"https:\/\/secure.gravatar.com\/avatar\/72917b630b69d31cd0297507f34bac97?s=96&d=mm&r=g\",\"caption\":\"Tarcisio Oliveira\"},\"url\":\"https:\/\/www.pm.pb.gov.br\/portal\/author\/tarcisio\/\"}]}<\/script>\n<!-- \/ Yoast SEO plugin. -->","yoast_head_json":{"title":"Pol\u00edcia Militar prende acusados estelionato e crimes patrimoniais na orla da Capital - Pol\u00edcia Militar da Para\u00edba","robots":{"index":"index","follow":"follow","max-snippet":"max-snippet:-1","max-image-preview":"max-image-preview:large","max-video-preview":"max-video-preview:-1"},"canonical":"https:\/\/www.pm.pb.gov.br\/portal\/2023\/09\/06\/policia-militar-prende-acusados-estelionato-e-crimes-patrimoniais-na-orla-da-capital\/","og_locale":"pt_BR","og_type":"article","og_title":"Pol\u00edcia Militar prende acusados estelionato e crimes patrimoniais na orla da Capital - Pol\u00edcia Militar da Para\u00edba","og_description":"A Pol\u00edcia Militar prendeu quatro pessoas que estavam sendo procuradas por estelionato e crimes patrimoniais como roubos e furtos (foto","og_url":"https:\/\/www.pm.pb.gov.br\/portal\/2023\/09\/06\/policia-militar-prende-acusados-estelionato-e-crimes-patrimoniais-na-orla-da-capital\/","og_site_name":"Pol\u00edcia Militar da Para\u00edba","article_published_time":"2023-09-06T04:42:00+00:00","article_modified_time":"2023-09-09T17:43:53+00:00","og_image":[{"width":800,"height":445,"url":"http:\/\/www.pm.pb.gov.br\/portal\/wp-content\/uploads\/2020\/05\/ceatur-1.jpeg","type":"image\/jpeg"}],"author":"Tarcisio Oliveira","twitter_card":"summary_large_image","twitter_misc":{"Escrito por":"Tarcisio Oliveira","Est. tempo de leitura":"2 minutos"},"schema":{"@context":"https:\/\/schema.org","@graph":[{"@type":"Article","@id":"https:\/\/www.pm.pb.gov.br\/portal\/2023\/09\/06\/policia-militar-prende-acusados-estelionato-e-crimes-patrimoniais-na-orla-da-capital\/#article","isPartOf":{"@id":"https:\/\/www.pm.pb.gov.br\/portal\/2023\/09\/06\/policia-militar-prende-acusados-estelionato-e-crimes-patrimoniais-na-orla-da-capital\/"},"author":{"name":"Tarcisio Oliveira","@id":"https:\/\/www.pm.pb.gov.br\/portal\/#\/schema\/person\/f84f56dcc78ce4357054da888b8247fd"},"headline":"Pol\u00edcia Militar prende acusados estelionato e crimes patrimoniais na orla da Capital","datePublished":"2023-09-06T04:42:00+00:00","dateModified":"2023-09-09T17:43:53+00:00","mainEntityOfPage":{"@id":"https:\/\/www.pm.pb.gov.br\/portal\/2023\/09\/06\/policia-militar-prende-acusados-estelionato-e-crimes-patrimoniais-na-orla-da-capital\/"},"wordCount":282,"publisher":{"@id":"https:\/\/www.pm.pb.gov.br\/portal\/#organization"},"articleSection":["A\u00e7\u00f5es Policiais"],"inLanguage":"pt-BR"},{"@type":"WebPage","@id":"https:\/\/www.pm.pb.gov.br\/portal\/2023\/09\/06\/policia-militar-prende-acusados-estelionato-e-crimes-patrimoniais-na-orla-da-capital\/","url":"https:\/\/www.pm.pb.gov.br\/portal\/2023\/09\/06\/policia-militar-prende-acusados-estelionato-e-crimes-patrimoniais-na-orla-da-capital\/","name":"Pol\u00edcia Militar prende acusados estelionato e crimes patrimoniais na orla da Capital - Pol\u00edcia Militar da Para\u00edba","isPartOf":{"@id":"https:\/\/www.pm.pb.gov.br\/portal\/#website"},"datePublished":"2023-09-06T04:42:00+00:00","dateModified":"2023-09-09T17:43:53+00:00","breadcrumb":{"@id":"https:\/\/www.pm.pb.gov.br\/portal\/2023\/09\/06\/policia-militar-prende-acusados-estelionato-e-crimes-patrimoniais-na-orla-da-capital\/#breadcrumb"},"inLanguage":"pt-BR","potentialAction":[{"@type":"ReadAction","target":["https:\/\/www.pm.pb.gov.br\/portal\/2023\/09\/06\/policia-militar-prende-acusados-estelionato-e-crimes-patrimoniais-na-orla-da-capital\/"]}]},{"@type":"BreadcrumbList","@id":"https:\/\/www.pm.pb.gov.br\/portal\/2023\/09\/06\/policia-militar-prende-acusados-estelionato-e-crimes-patrimoniais-na-orla-da-capital\/#breadcrumb","itemListElement":[{"@type":"ListItem","position":1,"name":"In\u00edcio","item":"https:\/\/www.pm.pb.gov.br\/portal\/"},{"@type":"ListItem","position":2,"name":"Pol\u00edcia Militar prende acusados estelionato e crimes patrimoniais na orla da Capital"}]},{"@type":"WebSite","@id":"https:\/\/www.pm.pb.gov.br\/portal\/#website","url":"https:\/\/www.pm.pb.gov.br\/portal\/","name":"Pol\u00edcia Militar da Para\u00edba","description":"","publisher":{"@id":"https:\/\/www.pm.pb.gov.br\/portal\/#organization"},"potentialAction":[{"@type":"SearchAction","target":{"@type":"EntryPoint","urlTemplate":"https:\/\/www.pm.pb.gov.br\/portal\/?s={search_term_string}"},"query-input":"required name=search_term_string"}],"inLanguage":"pt-BR"},{"@type":"Organization","@id":"https:\/\/www.pm.pb.gov.br\/portal\/#organization","name":"Pol\u00edcia Militar da Para\u00edba","url":"https:\/\/www.pm.pb.gov.br\/portal\/","logo":{"@type":"ImageObject","inLanguage":"pt-BR","@id":"https:\/\/www.pm.pb.gov.br\/portal\/#\/schema\/logo\/image\/","url":"https:\/\/www.pm.pb.gov.br\/portal\/wp-content\/uploads\/2025\/03\/cropped-logo-site-mag2-1.png","contentUrl":"https:\/\/www.pm.pb.gov.br\/portal\/wp-content\/uploads\/2025\/03\/cropped-logo-site-mag2-1.png","width":320,"height":90,"caption":"Pol\u00edcia Militar da Para\u00edba"},"image":{"@id":"https:\/\/www.pm.pb.gov.br\/portal\/#\/schema\/logo\/image\/"}},{"@type":"Person","@id":"https:\/\/www.pm.pb.gov.br\/portal\/#\/schema\/person\/f84f56dcc78ce4357054da888b8247fd","name":"Tarcisio Oliveira","image":{"@type":"ImageObject","inLanguage":"pt-BR","@id":"https:\/\/www.pm.pb.gov.br\/portal\/#\/schema\/person\/image\/","url":"https:\/\/secure.gravatar.com\/avatar\/72917b630b69d31cd0297507f34bac97?s=96&d=mm&r=g","contentUrl":"https:\/\/secure.gravatar.com\/avatar\/72917b630b69d31cd0297507f34bac97?s=96&d=mm&r=g","caption":"Tarcisio Oliveira"},"url":"https:\/\/www.pm.pb.gov.br\/portal\/author\/tarcisio\/"}]}},"_links":{"self":[{"href":"https:\/\/www.pm.pb.gov.br\/portal\/wp-json\/wp\/v2\/posts\/918181"}],"collection":[{"href":"https:\/\/www.pm.pb.gov.br\/portal\/wp-json\/wp\/v2\/posts"}],"about":[{"href":"https:\/\/www.pm.pb.gov.br\/portal\/wp-json\/wp\/v2\/types\/post"}],"author":[{"embeddable":true,"href":"https:\/\/www.pm.pb.gov.br\/portal\/wp-json\/wp\/v2\/users\/12"}],"replies":[{"embeddable":true,"href":"https:\/\/www.pm.pb.gov.br\/portal\/wp-json\/wp\/v2\/comments?post=918181"}],"version-history":[{"count":1,"href":"https:\/\/www.pm.pb.gov.br\/portal\/wp-json\/wp\/v2\/posts\/918181\/revisions"}],"predecessor-version":[{"id":918182,"href":"https:\/\/www.pm.pb.gov.br\/portal\/wp-json\/wp\/v2\/posts\/918181\/revisions\/918182"}],"wp:featuredmedia":[{"embeddable":true,"href":"https:\/\/www.pm.pb.gov.br\/portal\/wp-json\/wp\/v2\/media\/905174"}],"wp:attachment":[{"href":"https:\/\/www.pm.pb.gov.br\/portal\/wp-json\/wp\/v2\/media?parent=918181"}],"wp:term":[{"taxonomy":"category","embeddable":true,"href":"https:\/\/www.pm.pb.gov.br\/portal\/wp-json\/wp\/v2\/categories?post=918181"},{"taxonomy":"post_tag","embeddable":true,"href":"https:\/\/www.pm.pb.gov.br\/portal\/wp-json\/wp\/v2\/tags?post=918181"}],"curies":[{"name":"wp","href":"https:\/\/api.w.org\/{rel}","templated":true}]}}