{"id":918155,"date":"2023-09-08T19:46:00","date_gmt":"2023-09-08T22:46:00","guid":{"rendered":"https:\/\/www.pm.pb.gov.br\/portal\/?p=918155"},"modified":"2023-09-09T08:49:53","modified_gmt":"2023-09-09T11:49:53","slug":"operacao-independencia-foragido-da-justica-de-minas-gerais-e-acusado-de-trafico-sao-presos-no-sertao","status":"publish","type":"post","link":"https:\/\/www.pm.pb.gov.br\/portal\/2023\/09\/08\/operacao-independencia-foragido-da-justica-de-minas-gerais-e-acusado-de-trafico-sao-presos-no-sertao\/","title":{"rendered":"OPERA\u00c7\u00c3O INDEPEND\u00caNCIA: Foragido da Justi\u00e7a de Minas Gerais e acusado de tr\u00e1fico s\u00e3o presos no Sert\u00e3o"},"content":{"rendered":"\n\n\n<p>Um foragido da Justi\u00e7a de Minas Gerais e um homem acusado de tr\u00e1fico de drogas foram presos pela Pol\u00edcia Militar, no sert\u00e3o, durante as a\u00e7\u00f5es da Opera\u00e7\u00e3o Independ\u00eancias. As ocorr\u00eancias foram registradas nesta \u00faltima sexta-feira (08).<\/p>\n<p>Em Santa Luzia, policiais da 3\u00aa Companhia do 3\u00ba Batalh\u00e3o identificaram um homem que tinha um mandado de pris\u00e3o preventiva em aberto, pelo crime de tr\u00e1fico de drogas, expedido pela Vara \u00danica de Camanducaia. De acordo com os policias, o pr\u00f3prio acusado procurou a PM para denunciar um furto de dinheiro que havia sofrido.<\/p>\n<p>De acordo com a unidade, a hist\u00f3ria relatada pelo homem, de 29 anos de idade e que era caminhoneiro, tinha o intuito de apenas enganar o pr\u00f3prio patr\u00e3o do acusado, j\u00e1 que o foragido provavelmente havia \u2018perdido\u2019 o dinheiro do chefe, algo que ser\u00e1 investigado. Os policiais desconfiaram do relato e identificaram a pend\u00eancia na Justi\u00e7a contra a \u2018v\u00edtima\u2019.<\/p>\n<p>J\u00e1 em Itaporanga, policiais do 13\u00ba Batalh\u00e3o apreenderam por\u00e7\u00f5es de subst\u00e2ncia semelhante \u00e0 crack, al\u00e9m de arma de fogo calibre 38, muni\u00e7\u00f5es dos calibres 32 e 38 e dinheiro. O material estava com um homem nas imedia\u00e7\u00f5es de uma casa no Conjunto Chagas Soares (foto acima).<\/p>\n<p>As duas ocorr\u00eancias foram apresentadas nas delegacias locais. As a\u00e7\u00f5es fazem parte do refor\u00e7o realizado pela PM durante a Opera\u00e7\u00e3o Independ\u00eancia, e segue at\u00e9 a noite do domingo (10).<\/p>\n","protected":false},"excerpt":{"rendered":"<p>Um foragido da Justi\u00e7a de Minas Gerais e um homem acusado de tr\u00e1fico de drogas foram presos pela Pol\u00edcia Militar,<\/p>\n","protected":false},"author":12,"featured_media":918156,"comment_status":"closed","ping_status":"closed","sticky":false,"template":"","format":"standard","meta":{"_exactmetrics_skip_tracking":false,"_exactmetrics_sitenote_active":false,"_exactmetrics_sitenote_note":"","_exactmetrics_sitenote_category":0,"footnotes":""},"categories":[4],"tags":[],"yoast_head":"<!-- This site is optimized with the Yoast SEO plugin v22.0 - https:\/\/yoast.com\/wordpress\/plugins\/seo\/ -->\n<title>OPERA\u00c7\u00c3O INDEPEND\u00caNCIA: Foragido da Justi\u00e7a de Minas Gerais e acusado de tr\u00e1fico s\u00e3o presos no Sert\u00e3o - Pol\u00edcia Militar da Para\u00edba<\/title>\n<meta name=\"robots\" content=\"index, follow, max-snippet:-1, max-image-preview:large, max-video-preview:-1\" \/>\n<link rel=\"canonical\" href=\"https:\/\/www.pm.pb.gov.br\/portal\/2023\/09\/08\/operacao-independencia-foragido-da-justica-de-minas-gerais-e-acusado-de-trafico-sao-presos-no-sertao\/\" \/>\n<meta property=\"og:locale\" content=\"pt_BR\" \/>\n<meta property=\"og:type\" content=\"article\" \/>\n<meta property=\"og:title\" content=\"OPERA\u00c7\u00c3O INDEPEND\u00caNCIA: Foragido da Justi\u00e7a de Minas Gerais e acusado de tr\u00e1fico s\u00e3o presos no Sert\u00e3o - Pol\u00edcia Militar da Para\u00edba\" \/>\n<meta property=\"og:description\" content=\"Um foragido da Justi\u00e7a de Minas Gerais e um homem acusado de tr\u00e1fico de drogas foram presos pela Pol\u00edcia Militar,\" \/>\n<meta property=\"og:url\" content=\"https:\/\/www.pm.pb.gov.br\/portal\/2023\/09\/08\/operacao-independencia-foragido-da-justica-de-minas-gerais-e-acusado-de-trafico-sao-presos-no-sertao\/\" \/>\n<meta property=\"og:site_name\" content=\"Pol\u00edcia Militar da Para\u00edba\" \/>\n<meta property=\"article:published_time\" content=\"2023-09-08T22:46:00+00:00\" \/>\n<meta property=\"article:modified_time\" content=\"2023-09-09T11:49:53+00:00\" \/>\n<meta property=\"og:image\" content=\"http:\/\/www.pm.pb.gov.br\/portal\/wp-content\/uploads\/2023\/09\/sertao1.jpeg\" \/>\n\t<meta property=\"og:image:width\" content=\"800\" \/>\n\t<meta property=\"og:image:height\" content=\"445\" \/>\n\t<meta property=\"og:image:type\" content=\"image\/jpeg\" \/>\n<meta name=\"author\" content=\"Tarcisio Oliveira\" \/>\n<meta name=\"twitter:card\" content=\"summary_large_image\" \/>\n<meta name=\"twitter:label1\" content=\"Escrito por\" \/>\n\t<meta name=\"twitter:data1\" content=\"Tarcisio Oliveira\" \/>\n\t<meta name=\"twitter:label2\" content=\"Est. tempo de leitura\" \/>\n\t<meta name=\"twitter:data2\" content=\"2 minutos\" \/>\n<script type=\"application\/ld+json\" class=\"yoast-schema-graph\">{\"@context\":\"https:\/\/schema.org\",\"@graph\":[{\"@type\":\"Article\",\"@id\":\"https:\/\/www.pm.pb.gov.br\/portal\/2023\/09\/08\/operacao-independencia-foragido-da-justica-de-minas-gerais-e-acusado-de-trafico-sao-presos-no-sertao\/#article\",\"isPartOf\":{\"@id\":\"https:\/\/www.pm.pb.gov.br\/portal\/2023\/09\/08\/operacao-independencia-foragido-da-justica-de-minas-gerais-e-acusado-de-trafico-sao-presos-no-sertao\/\"},\"author\":{\"name\":\"Tarcisio Oliveira\",\"@id\":\"https:\/\/www.pm.pb.gov.br\/portal\/#\/schema\/person\/f84f56dcc78ce4357054da888b8247fd\"},\"headline\":\"OPERA\u00c7\u00c3O INDEPEND\u00caNCIA: Foragido da Justi\u00e7a de Minas Gerais e acusado de tr\u00e1fico s\u00e3o presos no Sert\u00e3o\",\"datePublished\":\"2023-09-08T22:46:00+00:00\",\"dateModified\":\"2023-09-09T11:49:53+00:00\",\"mainEntityOfPage\":{\"@id\":\"https:\/\/www.pm.pb.gov.br\/portal\/2023\/09\/08\/operacao-independencia-foragido-da-justica-de-minas-gerais-e-acusado-de-trafico-sao-presos-no-sertao\/\"},\"wordCount\":265,\"publisher\":{\"@id\":\"https:\/\/www.pm.pb.gov.br\/portal\/#organization\"},\"articleSection\":[\"A\u00e7\u00f5es Policiais\"],\"inLanguage\":\"pt-BR\"},{\"@type\":\"WebPage\",\"@id\":\"https:\/\/www.pm.pb.gov.br\/portal\/2023\/09\/08\/operacao-independencia-foragido-da-justica-de-minas-gerais-e-acusado-de-trafico-sao-presos-no-sertao\/\",\"url\":\"https:\/\/www.pm.pb.gov.br\/portal\/2023\/09\/08\/operacao-independencia-foragido-da-justica-de-minas-gerais-e-acusado-de-trafico-sao-presos-no-sertao\/\",\"name\":\"OPERA\u00c7\u00c3O INDEPEND\u00caNCIA: Foragido da Justi\u00e7a de Minas Gerais e acusado de tr\u00e1fico s\u00e3o presos no Sert\u00e3o - Pol\u00edcia Militar da Para\u00edba\",\"isPartOf\":{\"@id\":\"https:\/\/www.pm.pb.gov.br\/portal\/#website\"},\"datePublished\":\"2023-09-08T22:46:00+00:00\",\"dateModified\":\"2023-09-09T11:49:53+00:00\",\"breadcrumb\":{\"@id\":\"https:\/\/www.pm.pb.gov.br\/portal\/2023\/09\/08\/operacao-independencia-foragido-da-justica-de-minas-gerais-e-acusado-de-trafico-sao-presos-no-sertao\/#breadcrumb\"},\"inLanguage\":\"pt-BR\",\"potentialAction\":[{\"@type\":\"ReadAction\",\"target\":[\"https:\/\/www.pm.pb.gov.br\/portal\/2023\/09\/08\/operacao-independencia-foragido-da-justica-de-minas-gerais-e-acusado-de-trafico-sao-presos-no-sertao\/\"]}]},{\"@type\":\"BreadcrumbList\",\"@id\":\"https:\/\/www.pm.pb.gov.br\/portal\/2023\/09\/08\/operacao-independencia-foragido-da-justica-de-minas-gerais-e-acusado-de-trafico-sao-presos-no-sertao\/#breadcrumb\",\"itemListElement\":[{\"@type\":\"ListItem\",\"position\":1,\"name\":\"In\u00edcio\",\"item\":\"https:\/\/www.pm.pb.gov.br\/portal\/\"},{\"@type\":\"ListItem\",\"position\":2,\"name\":\"OPERA\u00c7\u00c3O INDEPEND\u00caNCIA: Foragido da Justi\u00e7a de Minas Gerais e acusado de tr\u00e1fico s\u00e3o presos no Sert\u00e3o\"}]},{\"@type\":\"WebSite\",\"@id\":\"https:\/\/www.pm.pb.gov.br\/portal\/#website\",\"url\":\"https:\/\/www.pm.pb.gov.br\/portal\/\",\"name\":\"Pol\u00edcia Militar da Para\u00edba\",\"description\":\"\",\"publisher\":{\"@id\":\"https:\/\/www.pm.pb.gov.br\/portal\/#organization\"},\"potentialAction\":[{\"@type\":\"SearchAction\",\"target\":{\"@type\":\"EntryPoint\",\"urlTemplate\":\"https:\/\/www.pm.pb.gov.br\/portal\/?s={search_term_string}\"},\"query-input\":\"required name=search_term_string\"}],\"inLanguage\":\"pt-BR\"},{\"@type\":\"Organization\",\"@id\":\"https:\/\/www.pm.pb.gov.br\/portal\/#organization\",\"name\":\"Pol\u00edcia Militar da Para\u00edba\",\"url\":\"https:\/\/www.pm.pb.gov.br\/portal\/\",\"logo\":{\"@type\":\"ImageObject\",\"inLanguage\":\"pt-BR\",\"@id\":\"https:\/\/www.pm.pb.gov.br\/portal\/#\/schema\/logo\/image\/\",\"url\":\"https:\/\/www.pm.pb.gov.br\/portal\/wp-content\/uploads\/2025\/03\/cropped-logo-site-mag2-1.png\",\"contentUrl\":\"https:\/\/www.pm.pb.gov.br\/portal\/wp-content\/uploads\/2025\/03\/cropped-logo-site-mag2-1.png\",\"width\":320,\"height\":90,\"caption\":\"Pol\u00edcia Militar da Para\u00edba\"},\"image\":{\"@id\":\"https:\/\/www.pm.pb.gov.br\/portal\/#\/schema\/logo\/image\/\"}},{\"@type\":\"Person\",\"@id\":\"https:\/\/www.pm.pb.gov.br\/portal\/#\/schema\/person\/f84f56dcc78ce4357054da888b8247fd\",\"name\":\"Tarcisio Oliveira\",\"image\":{\"@type\":\"ImageObject\",\"inLanguage\":\"pt-BR\",\"@id\":\"https:\/\/www.pm.pb.gov.br\/portal\/#\/schema\/person\/image\/\",\"url\":\"https:\/\/secure.gravatar.com\/avatar\/72917b630b69d31cd0297507f34bac97?s=96&d=mm&r=g\",\"contentUrl\":\"https:\/\/secure.gravatar.com\/avatar\/72917b630b69d31cd0297507f34bac97?s=96&d=mm&r=g\",\"caption\":\"Tarcisio Oliveira\"},\"url\":\"https:\/\/www.pm.pb.gov.br\/portal\/author\/tarcisio\/\"}]}<\/script>\n<!-- \/ Yoast SEO plugin. -->","yoast_head_json":{"title":"OPERA\u00c7\u00c3O INDEPEND\u00caNCIA: Foragido da Justi\u00e7a de Minas Gerais e acusado de tr\u00e1fico s\u00e3o presos no Sert\u00e3o - Pol\u00edcia Militar da Para\u00edba","robots":{"index":"index","follow":"follow","max-snippet":"max-snippet:-1","max-image-preview":"max-image-preview:large","max-video-preview":"max-video-preview:-1"},"canonical":"https:\/\/www.pm.pb.gov.br\/portal\/2023\/09\/08\/operacao-independencia-foragido-da-justica-de-minas-gerais-e-acusado-de-trafico-sao-presos-no-sertao\/","og_locale":"pt_BR","og_type":"article","og_title":"OPERA\u00c7\u00c3O INDEPEND\u00caNCIA: Foragido da Justi\u00e7a de Minas Gerais e acusado de tr\u00e1fico s\u00e3o presos no Sert\u00e3o - Pol\u00edcia Militar da Para\u00edba","og_description":"Um foragido da Justi\u00e7a de Minas Gerais e um homem acusado de tr\u00e1fico de drogas foram presos pela Pol\u00edcia Militar,","og_url":"https:\/\/www.pm.pb.gov.br\/portal\/2023\/09\/08\/operacao-independencia-foragido-da-justica-de-minas-gerais-e-acusado-de-trafico-sao-presos-no-sertao\/","og_site_name":"Pol\u00edcia Militar da Para\u00edba","article_published_time":"2023-09-08T22:46:00+00:00","article_modified_time":"2023-09-09T11:49:53+00:00","og_image":[{"width":800,"height":445,"url":"http:\/\/www.pm.pb.gov.br\/portal\/wp-content\/uploads\/2023\/09\/sertao1.jpeg","type":"image\/jpeg"}],"author":"Tarcisio Oliveira","twitter_card":"summary_large_image","twitter_misc":{"Escrito por":"Tarcisio Oliveira","Est. tempo de leitura":"2 minutos"},"schema":{"@context":"https:\/\/schema.org","@graph":[{"@type":"Article","@id":"https:\/\/www.pm.pb.gov.br\/portal\/2023\/09\/08\/operacao-independencia-foragido-da-justica-de-minas-gerais-e-acusado-de-trafico-sao-presos-no-sertao\/#article","isPartOf":{"@id":"https:\/\/www.pm.pb.gov.br\/portal\/2023\/09\/08\/operacao-independencia-foragido-da-justica-de-minas-gerais-e-acusado-de-trafico-sao-presos-no-sertao\/"},"author":{"name":"Tarcisio Oliveira","@id":"https:\/\/www.pm.pb.gov.br\/portal\/#\/schema\/person\/f84f56dcc78ce4357054da888b8247fd"},"headline":"OPERA\u00c7\u00c3O INDEPEND\u00caNCIA: Foragido da Justi\u00e7a de Minas Gerais e acusado de tr\u00e1fico s\u00e3o presos no Sert\u00e3o","datePublished":"2023-09-08T22:46:00+00:00","dateModified":"2023-09-09T11:49:53+00:00","mainEntityOfPage":{"@id":"https:\/\/www.pm.pb.gov.br\/portal\/2023\/09\/08\/operacao-independencia-foragido-da-justica-de-minas-gerais-e-acusado-de-trafico-sao-presos-no-sertao\/"},"wordCount":265,"publisher":{"@id":"https:\/\/www.pm.pb.gov.br\/portal\/#organization"},"articleSection":["A\u00e7\u00f5es Policiais"],"inLanguage":"pt-BR"},{"@type":"WebPage","@id":"https:\/\/www.pm.pb.gov.br\/portal\/2023\/09\/08\/operacao-independencia-foragido-da-justica-de-minas-gerais-e-acusado-de-trafico-sao-presos-no-sertao\/","url":"https:\/\/www.pm.pb.gov.br\/portal\/2023\/09\/08\/operacao-independencia-foragido-da-justica-de-minas-gerais-e-acusado-de-trafico-sao-presos-no-sertao\/","name":"OPERA\u00c7\u00c3O INDEPEND\u00caNCIA: Foragido da Justi\u00e7a de Minas Gerais e acusado de tr\u00e1fico s\u00e3o presos no Sert\u00e3o - Pol\u00edcia Militar da Para\u00edba","isPartOf":{"@id":"https:\/\/www.pm.pb.gov.br\/portal\/#website"},"datePublished":"2023-09-08T22:46:00+00:00","dateModified":"2023-09-09T11:49:53+00:00","breadcrumb":{"@id":"https:\/\/www.pm.pb.gov.br\/portal\/2023\/09\/08\/operacao-independencia-foragido-da-justica-de-minas-gerais-e-acusado-de-trafico-sao-presos-no-sertao\/#breadcrumb"},"inLanguage":"pt-BR","potentialAction":[{"@type":"ReadAction","target":["https:\/\/www.pm.pb.gov.br\/portal\/2023\/09\/08\/operacao-independencia-foragido-da-justica-de-minas-gerais-e-acusado-de-trafico-sao-presos-no-sertao\/"]}]},{"@type":"BreadcrumbList","@id":"https:\/\/www.pm.pb.gov.br\/portal\/2023\/09\/08\/operacao-independencia-foragido-da-justica-de-minas-gerais-e-acusado-de-trafico-sao-presos-no-sertao\/#breadcrumb","itemListElement":[{"@type":"ListItem","position":1,"name":"In\u00edcio","item":"https:\/\/www.pm.pb.gov.br\/portal\/"},{"@type":"ListItem","position":2,"name":"OPERA\u00c7\u00c3O INDEPEND\u00caNCIA: Foragido da Justi\u00e7a de Minas Gerais e acusado de tr\u00e1fico s\u00e3o presos no Sert\u00e3o"}]},{"@type":"WebSite","@id":"https:\/\/www.pm.pb.gov.br\/portal\/#website","url":"https:\/\/www.pm.pb.gov.br\/portal\/","name":"Pol\u00edcia Militar da Para\u00edba","description":"","publisher":{"@id":"https:\/\/www.pm.pb.gov.br\/portal\/#organization"},"potentialAction":[{"@type":"SearchAction","target":{"@type":"EntryPoint","urlTemplate":"https:\/\/www.pm.pb.gov.br\/portal\/?s={search_term_string}"},"query-input":"required name=search_term_string"}],"inLanguage":"pt-BR"},{"@type":"Organization","@id":"https:\/\/www.pm.pb.gov.br\/portal\/#organization","name":"Pol\u00edcia Militar da Para\u00edba","url":"https:\/\/www.pm.pb.gov.br\/portal\/","logo":{"@type":"ImageObject","inLanguage":"pt-BR","@id":"https:\/\/www.pm.pb.gov.br\/portal\/#\/schema\/logo\/image\/","url":"https:\/\/www.pm.pb.gov.br\/portal\/wp-content\/uploads\/2025\/03\/cropped-logo-site-mag2-1.png","contentUrl":"https:\/\/www.pm.pb.gov.br\/portal\/wp-content\/uploads\/2025\/03\/cropped-logo-site-mag2-1.png","width":320,"height":90,"caption":"Pol\u00edcia Militar da Para\u00edba"},"image":{"@id":"https:\/\/www.pm.pb.gov.br\/portal\/#\/schema\/logo\/image\/"}},{"@type":"Person","@id":"https:\/\/www.pm.pb.gov.br\/portal\/#\/schema\/person\/f84f56dcc78ce4357054da888b8247fd","name":"Tarcisio Oliveira","image":{"@type":"ImageObject","inLanguage":"pt-BR","@id":"https:\/\/www.pm.pb.gov.br\/portal\/#\/schema\/person\/image\/","url":"https:\/\/secure.gravatar.com\/avatar\/72917b630b69d31cd0297507f34bac97?s=96&d=mm&r=g","contentUrl":"https:\/\/secure.gravatar.com\/avatar\/72917b630b69d31cd0297507f34bac97?s=96&d=mm&r=g","caption":"Tarcisio Oliveira"},"url":"https:\/\/www.pm.pb.gov.br\/portal\/author\/tarcisio\/"}]}},"_links":{"self":[{"href":"https:\/\/www.pm.pb.gov.br\/portal\/wp-json\/wp\/v2\/posts\/918155"}],"collection":[{"href":"https:\/\/www.pm.pb.gov.br\/portal\/wp-json\/wp\/v2\/posts"}],"about":[{"href":"https:\/\/www.pm.pb.gov.br\/portal\/wp-json\/wp\/v2\/types\/post"}],"author":[{"embeddable":true,"href":"https:\/\/www.pm.pb.gov.br\/portal\/wp-json\/wp\/v2\/users\/12"}],"replies":[{"embeddable":true,"href":"https:\/\/www.pm.pb.gov.br\/portal\/wp-json\/wp\/v2\/comments?post=918155"}],"version-history":[{"count":1,"href":"https:\/\/www.pm.pb.gov.br\/portal\/wp-json\/wp\/v2\/posts\/918155\/revisions"}],"predecessor-version":[{"id":918157,"href":"https:\/\/www.pm.pb.gov.br\/portal\/wp-json\/wp\/v2\/posts\/918155\/revisions\/918157"}],"wp:featuredmedia":[{"embeddable":true,"href":"https:\/\/www.pm.pb.gov.br\/portal\/wp-json\/wp\/v2\/media\/918156"}],"wp:attachment":[{"href":"https:\/\/www.pm.pb.gov.br\/portal\/wp-json\/wp\/v2\/media?parent=918155"}],"wp:term":[{"taxonomy":"category","embeddable":true,"href":"https:\/\/www.pm.pb.gov.br\/portal\/wp-json\/wp\/v2\/categories?post=918155"},{"taxonomy":"post_tag","embeddable":true,"href":"https:\/\/www.pm.pb.gov.br\/portal\/wp-json\/wp\/v2\/tags?post=918155"}],"curies":[{"name":"wp","href":"https:\/\/api.w.org\/{rel}","templated":true}]}}