{"id":918143,"date":"2023-09-07T18:15:00","date_gmt":"2023-09-07T21:15:00","guid":{"rendered":"https:\/\/www.pm.pb.gov.br\/portal\/?p=918143"},"modified":"2023-09-09T10:09:42","modified_gmt":"2023-09-09T13:09:42","slug":"operacao-independencia-policia-militar-apreende-tre-armas-de-fogo-e-prende-suspeitos-no-litoral-sul","status":"publish","type":"post","link":"https:\/\/www.pm.pb.gov.br\/portal\/2023\/09\/07\/operacao-independencia-policia-militar-apreende-tre-armas-de-fogo-e-prende-suspeitos-no-litoral-sul\/","title":{"rendered":"OPERA\u00c7\u00c3O INDEPEND\u00caNCIA: Pol\u00edcia Militar apreende tr\u00eas armas de fogo e prende suspeitos no litoral sul"},"content":{"rendered":"\n\n\n<p>Policiais Militares da 1a. Companhia Independente apreenderam, nesta quinta-feira (7) tr\u00eas armas de fogo no Litoral Sul paraibano.<\/p>\n<p>Durante as a\u00e7\u00f5es da Opera\u00e7\u00e3o Independ\u00eancia, equipes da PM apreenderam um rev\u00f3lver calibre 38 no Distrito de Jacum\u00e3, em Conde (foto abaixo), e na Cidade de Pedras de Fogo os militares apreenderam mais dois rev\u00f3lveres calibre 38 (foto principal acima).<\/p>\n<p><img loading=\"lazy\" decoding=\"async\" class=\"size-medium wp-image-918144 aligncenter\" src=\"http:\/\/www.pm.pb.gov.br\/portal\/wp-content\/uploads\/2023\/09\/IMG-20230907-WA0048-334x445.jpg\" alt=\"\" width=\"334\" height=\"445\" srcset=\"https:\/\/www.pm.pb.gov.br\/portal\/wp-content\/uploads\/2023\/09\/IMG-20230907-WA0048-334x445.jpg 334w, https:\/\/www.pm.pb.gov.br\/portal\/wp-content\/uploads\/2023\/09\/IMG-20230907-WA0048-428x570.jpg 428w, https:\/\/www.pm.pb.gov.br\/portal\/wp-content\/uploads\/2023\/09\/IMG-20230907-WA0048.jpg 768w\" sizes=\"(max-width: 334px) 100vw, 334px\" \/><\/p>\n<p>De acordo com a 1a CIPM, nas duas situa\u00e7\u00f5es, os suspeitos que portavam as armas de fogo tamb\u00e9m foram presos e encaminhados para delegacia de Pol\u00edcia Civil para que fossem adotadas as medidas cab\u00edveis ao fato.<\/p>\n<p>Segundo o major Alberto, comandante da unidade, estas a\u00e7\u00f5es de intensifica\u00e7\u00e3o do policiamento acontecer\u00e3o durante todo o feriad\u00e3o, com o objetivo de garantir a tranquilidade e seguran\u00e7a da popula\u00e7\u00e3o, como determinado pelo comandante-geral da PM, coronel S\u00e9rgio Fonseca.<\/p>\n<p><em>Atualizado em 09\/09 \u00e0s 10h28.<\/em><\/p>\n","protected":false},"excerpt":{"rendered":"<p>Policiais Militares da 1a. Companhia Independente apreenderam, nesta quinta-feira (7) tr\u00eas armas de fogo no Litoral Sul paraibano. Durante as<\/p>\n","protected":false},"author":12,"featured_media":918145,"comment_status":"closed","ping_status":"closed","sticky":false,"template":"","format":"standard","meta":{"_exactmetrics_skip_tracking":false,"_exactmetrics_sitenote_active":false,"_exactmetrics_sitenote_note":"","_exactmetrics_sitenote_category":0,"footnotes":""},"categories":[4],"tags":[],"yoast_head":"<!-- This site is optimized with the Yoast SEO plugin v22.0 - https:\/\/yoast.com\/wordpress\/plugins\/seo\/ -->\n<title>OPERA\u00c7\u00c3O INDEPEND\u00caNCIA: Pol\u00edcia Militar apreende tr\u00eas armas de fogo e prende suspeitos no litoral sul - Pol\u00edcia Militar da Para\u00edba<\/title>\n<meta name=\"robots\" content=\"index, follow, max-snippet:-1, max-image-preview:large, max-video-preview:-1\" \/>\n<link rel=\"canonical\" href=\"https:\/\/www.pm.pb.gov.br\/portal\/2023\/09\/07\/operacao-independencia-policia-militar-apreende-tre-armas-de-fogo-e-prende-suspeitos-no-litoral-sul\/\" \/>\n<meta property=\"og:locale\" content=\"pt_BR\" \/>\n<meta property=\"og:type\" content=\"article\" \/>\n<meta property=\"og:title\" content=\"OPERA\u00c7\u00c3O INDEPEND\u00caNCIA: Pol\u00edcia Militar apreende tr\u00eas armas de fogo e prende suspeitos no litoral sul - Pol\u00edcia Militar da Para\u00edba\" \/>\n<meta property=\"og:description\" content=\"Policiais Militares da 1a. Companhia Independente apreenderam, nesta quinta-feira (7) tr\u00eas armas de fogo no Litoral Sul paraibano. Durante as\" \/>\n<meta property=\"og:url\" content=\"https:\/\/www.pm.pb.gov.br\/portal\/2023\/09\/07\/operacao-independencia-policia-militar-apreende-tre-armas-de-fogo-e-prende-suspeitos-no-litoral-sul\/\" \/>\n<meta property=\"og:site_name\" content=\"Pol\u00edcia Militar da Para\u00edba\" \/>\n<meta property=\"article:published_time\" content=\"2023-09-07T21:15:00+00:00\" \/>\n<meta property=\"article:modified_time\" content=\"2023-09-09T13:09:42+00:00\" \/>\n<meta property=\"og:image\" content=\"http:\/\/www.pm.pb.gov.br\/portal\/wp-content\/uploads\/2023\/09\/IMG-20230907-WA0047.jpg\" \/>\n\t<meta property=\"og:image:width\" content=\"1280\" \/>\n\t<meta property=\"og:image:height\" content=\"960\" \/>\n\t<meta property=\"og:image:type\" content=\"image\/jpeg\" \/>\n<meta name=\"author\" content=\"Tarcisio Oliveira\" \/>\n<meta name=\"twitter:card\" content=\"summary_large_image\" \/>\n<meta name=\"twitter:label1\" content=\"Escrito por\" \/>\n\t<meta name=\"twitter:data1\" content=\"Tarcisio Oliveira\" \/>\n\t<meta name=\"twitter:label2\" content=\"Est. tempo de leitura\" \/>\n\t<meta name=\"twitter:data2\" content=\"1 minuto\" \/>\n<script type=\"application\/ld+json\" class=\"yoast-schema-graph\">{\"@context\":\"https:\/\/schema.org\",\"@graph\":[{\"@type\":\"Article\",\"@id\":\"https:\/\/www.pm.pb.gov.br\/portal\/2023\/09\/07\/operacao-independencia-policia-militar-apreende-tre-armas-de-fogo-e-prende-suspeitos-no-litoral-sul\/#article\",\"isPartOf\":{\"@id\":\"https:\/\/www.pm.pb.gov.br\/portal\/2023\/09\/07\/operacao-independencia-policia-militar-apreende-tre-armas-de-fogo-e-prende-suspeitos-no-litoral-sul\/\"},\"author\":{\"name\":\"Tarcisio Oliveira\",\"@id\":\"https:\/\/www.pm.pb.gov.br\/portal\/#\/schema\/person\/f84f56dcc78ce4357054da888b8247fd\"},\"headline\":\"OPERA\u00c7\u00c3O INDEPEND\u00caNCIA: Pol\u00edcia Militar apreende tr\u00eas armas de fogo e prende suspeitos no litoral sul\",\"datePublished\":\"2023-09-07T21:15:00+00:00\",\"dateModified\":\"2023-09-09T13:09:42+00:00\",\"mainEntityOfPage\":{\"@id\":\"https:\/\/www.pm.pb.gov.br\/portal\/2023\/09\/07\/operacao-independencia-policia-militar-apreende-tre-armas-de-fogo-e-prende-suspeitos-no-litoral-sul\/\"},\"wordCount\":169,\"publisher\":{\"@id\":\"https:\/\/www.pm.pb.gov.br\/portal\/#organization\"},\"articleSection\":[\"A\u00e7\u00f5es Policiais\"],\"inLanguage\":\"pt-BR\"},{\"@type\":\"WebPage\",\"@id\":\"https:\/\/www.pm.pb.gov.br\/portal\/2023\/09\/07\/operacao-independencia-policia-militar-apreende-tre-armas-de-fogo-e-prende-suspeitos-no-litoral-sul\/\",\"url\":\"https:\/\/www.pm.pb.gov.br\/portal\/2023\/09\/07\/operacao-independencia-policia-militar-apreende-tre-armas-de-fogo-e-prende-suspeitos-no-litoral-sul\/\",\"name\":\"OPERA\u00c7\u00c3O INDEPEND\u00caNCIA: Pol\u00edcia Militar apreende tr\u00eas armas de fogo e prende suspeitos no litoral sul - Pol\u00edcia Militar da Para\u00edba\",\"isPartOf\":{\"@id\":\"https:\/\/www.pm.pb.gov.br\/portal\/#website\"},\"datePublished\":\"2023-09-07T21:15:00+00:00\",\"dateModified\":\"2023-09-09T13:09:42+00:00\",\"breadcrumb\":{\"@id\":\"https:\/\/www.pm.pb.gov.br\/portal\/2023\/09\/07\/operacao-independencia-policia-militar-apreende-tre-armas-de-fogo-e-prende-suspeitos-no-litoral-sul\/#breadcrumb\"},\"inLanguage\":\"pt-BR\",\"potentialAction\":[{\"@type\":\"ReadAction\",\"target\":[\"https:\/\/www.pm.pb.gov.br\/portal\/2023\/09\/07\/operacao-independencia-policia-militar-apreende-tre-armas-de-fogo-e-prende-suspeitos-no-litoral-sul\/\"]}]},{\"@type\":\"BreadcrumbList\",\"@id\":\"https:\/\/www.pm.pb.gov.br\/portal\/2023\/09\/07\/operacao-independencia-policia-militar-apreende-tre-armas-de-fogo-e-prende-suspeitos-no-litoral-sul\/#breadcrumb\",\"itemListElement\":[{\"@type\":\"ListItem\",\"position\":1,\"name\":\"In\u00edcio\",\"item\":\"https:\/\/www.pm.pb.gov.br\/portal\/\"},{\"@type\":\"ListItem\",\"position\":2,\"name\":\"OPERA\u00c7\u00c3O INDEPEND\u00caNCIA: Pol\u00edcia Militar apreende tr\u00eas armas de fogo e prende suspeitos no litoral sul\"}]},{\"@type\":\"WebSite\",\"@id\":\"https:\/\/www.pm.pb.gov.br\/portal\/#website\",\"url\":\"https:\/\/www.pm.pb.gov.br\/portal\/\",\"name\":\"Pol\u00edcia Militar da Para\u00edba\",\"description\":\"\",\"publisher\":{\"@id\":\"https:\/\/www.pm.pb.gov.br\/portal\/#organization\"},\"potentialAction\":[{\"@type\":\"SearchAction\",\"target\":{\"@type\":\"EntryPoint\",\"urlTemplate\":\"https:\/\/www.pm.pb.gov.br\/portal\/?s={search_term_string}\"},\"query-input\":\"required name=search_term_string\"}],\"inLanguage\":\"pt-BR\"},{\"@type\":\"Organization\",\"@id\":\"https:\/\/www.pm.pb.gov.br\/portal\/#organization\",\"name\":\"Pol\u00edcia Militar da Para\u00edba\",\"url\":\"https:\/\/www.pm.pb.gov.br\/portal\/\",\"logo\":{\"@type\":\"ImageObject\",\"inLanguage\":\"pt-BR\",\"@id\":\"https:\/\/www.pm.pb.gov.br\/portal\/#\/schema\/logo\/image\/\",\"url\":\"https:\/\/www.pm.pb.gov.br\/portal\/wp-content\/uploads\/2025\/03\/cropped-logo-site-mag2-1.png\",\"contentUrl\":\"https:\/\/www.pm.pb.gov.br\/portal\/wp-content\/uploads\/2025\/03\/cropped-logo-site-mag2-1.png\",\"width\":320,\"height\":90,\"caption\":\"Pol\u00edcia Militar da Para\u00edba\"},\"image\":{\"@id\":\"https:\/\/www.pm.pb.gov.br\/portal\/#\/schema\/logo\/image\/\"}},{\"@type\":\"Person\",\"@id\":\"https:\/\/www.pm.pb.gov.br\/portal\/#\/schema\/person\/f84f56dcc78ce4357054da888b8247fd\",\"name\":\"Tarcisio Oliveira\",\"image\":{\"@type\":\"ImageObject\",\"inLanguage\":\"pt-BR\",\"@id\":\"https:\/\/www.pm.pb.gov.br\/portal\/#\/schema\/person\/image\/\",\"url\":\"https:\/\/secure.gravatar.com\/avatar\/72917b630b69d31cd0297507f34bac97?s=96&d=mm&r=g\",\"contentUrl\":\"https:\/\/secure.gravatar.com\/avatar\/72917b630b69d31cd0297507f34bac97?s=96&d=mm&r=g\",\"caption\":\"Tarcisio Oliveira\"},\"url\":\"https:\/\/www.pm.pb.gov.br\/portal\/author\/tarcisio\/\"}]}<\/script>\n<!-- \/ Yoast SEO plugin. -->","yoast_head_json":{"title":"OPERA\u00c7\u00c3O INDEPEND\u00caNCIA: Pol\u00edcia Militar apreende tr\u00eas armas de fogo e prende suspeitos no litoral sul - Pol\u00edcia Militar da Para\u00edba","robots":{"index":"index","follow":"follow","max-snippet":"max-snippet:-1","max-image-preview":"max-image-preview:large","max-video-preview":"max-video-preview:-1"},"canonical":"https:\/\/www.pm.pb.gov.br\/portal\/2023\/09\/07\/operacao-independencia-policia-militar-apreende-tre-armas-de-fogo-e-prende-suspeitos-no-litoral-sul\/","og_locale":"pt_BR","og_type":"article","og_title":"OPERA\u00c7\u00c3O INDEPEND\u00caNCIA: Pol\u00edcia Militar apreende tr\u00eas armas de fogo e prende suspeitos no litoral sul - Pol\u00edcia Militar da Para\u00edba","og_description":"Policiais Militares da 1a. Companhia Independente apreenderam, nesta quinta-feira (7) tr\u00eas armas de fogo no Litoral Sul paraibano. Durante as","og_url":"https:\/\/www.pm.pb.gov.br\/portal\/2023\/09\/07\/operacao-independencia-policia-militar-apreende-tre-armas-de-fogo-e-prende-suspeitos-no-litoral-sul\/","og_site_name":"Pol\u00edcia Militar da Para\u00edba","article_published_time":"2023-09-07T21:15:00+00:00","article_modified_time":"2023-09-09T13:09:42+00:00","og_image":[{"width":1280,"height":960,"url":"http:\/\/www.pm.pb.gov.br\/portal\/wp-content\/uploads\/2023\/09\/IMG-20230907-WA0047.jpg","type":"image\/jpeg"}],"author":"Tarcisio Oliveira","twitter_card":"summary_large_image","twitter_misc":{"Escrito por":"Tarcisio Oliveira","Est. tempo de leitura":"1 minuto"},"schema":{"@context":"https:\/\/schema.org","@graph":[{"@type":"Article","@id":"https:\/\/www.pm.pb.gov.br\/portal\/2023\/09\/07\/operacao-independencia-policia-militar-apreende-tre-armas-de-fogo-e-prende-suspeitos-no-litoral-sul\/#article","isPartOf":{"@id":"https:\/\/www.pm.pb.gov.br\/portal\/2023\/09\/07\/operacao-independencia-policia-militar-apreende-tre-armas-de-fogo-e-prende-suspeitos-no-litoral-sul\/"},"author":{"name":"Tarcisio Oliveira","@id":"https:\/\/www.pm.pb.gov.br\/portal\/#\/schema\/person\/f84f56dcc78ce4357054da888b8247fd"},"headline":"OPERA\u00c7\u00c3O INDEPEND\u00caNCIA: Pol\u00edcia Militar apreende tr\u00eas armas de fogo e prende suspeitos no litoral sul","datePublished":"2023-09-07T21:15:00+00:00","dateModified":"2023-09-09T13:09:42+00:00","mainEntityOfPage":{"@id":"https:\/\/www.pm.pb.gov.br\/portal\/2023\/09\/07\/operacao-independencia-policia-militar-apreende-tre-armas-de-fogo-e-prende-suspeitos-no-litoral-sul\/"},"wordCount":169,"publisher":{"@id":"https:\/\/www.pm.pb.gov.br\/portal\/#organization"},"articleSection":["A\u00e7\u00f5es Policiais"],"inLanguage":"pt-BR"},{"@type":"WebPage","@id":"https:\/\/www.pm.pb.gov.br\/portal\/2023\/09\/07\/operacao-independencia-policia-militar-apreende-tre-armas-de-fogo-e-prende-suspeitos-no-litoral-sul\/","url":"https:\/\/www.pm.pb.gov.br\/portal\/2023\/09\/07\/operacao-independencia-policia-militar-apreende-tre-armas-de-fogo-e-prende-suspeitos-no-litoral-sul\/","name":"OPERA\u00c7\u00c3O INDEPEND\u00caNCIA: Pol\u00edcia Militar apreende tr\u00eas armas de fogo e prende suspeitos no litoral sul - Pol\u00edcia Militar da Para\u00edba","isPartOf":{"@id":"https:\/\/www.pm.pb.gov.br\/portal\/#website"},"datePublished":"2023-09-07T21:15:00+00:00","dateModified":"2023-09-09T13:09:42+00:00","breadcrumb":{"@id":"https:\/\/www.pm.pb.gov.br\/portal\/2023\/09\/07\/operacao-independencia-policia-militar-apreende-tre-armas-de-fogo-e-prende-suspeitos-no-litoral-sul\/#breadcrumb"},"inLanguage":"pt-BR","potentialAction":[{"@type":"ReadAction","target":["https:\/\/www.pm.pb.gov.br\/portal\/2023\/09\/07\/operacao-independencia-policia-militar-apreende-tre-armas-de-fogo-e-prende-suspeitos-no-litoral-sul\/"]}]},{"@type":"BreadcrumbList","@id":"https:\/\/www.pm.pb.gov.br\/portal\/2023\/09\/07\/operacao-independencia-policia-militar-apreende-tre-armas-de-fogo-e-prende-suspeitos-no-litoral-sul\/#breadcrumb","itemListElement":[{"@type":"ListItem","position":1,"name":"In\u00edcio","item":"https:\/\/www.pm.pb.gov.br\/portal\/"},{"@type":"ListItem","position":2,"name":"OPERA\u00c7\u00c3O INDEPEND\u00caNCIA: Pol\u00edcia Militar apreende tr\u00eas armas de fogo e prende suspeitos no litoral sul"}]},{"@type":"WebSite","@id":"https:\/\/www.pm.pb.gov.br\/portal\/#website","url":"https:\/\/www.pm.pb.gov.br\/portal\/","name":"Pol\u00edcia Militar da Para\u00edba","description":"","publisher":{"@id":"https:\/\/www.pm.pb.gov.br\/portal\/#organization"},"potentialAction":[{"@type":"SearchAction","target":{"@type":"EntryPoint","urlTemplate":"https:\/\/www.pm.pb.gov.br\/portal\/?s={search_term_string}"},"query-input":"required name=search_term_string"}],"inLanguage":"pt-BR"},{"@type":"Organization","@id":"https:\/\/www.pm.pb.gov.br\/portal\/#organization","name":"Pol\u00edcia Militar da Para\u00edba","url":"https:\/\/www.pm.pb.gov.br\/portal\/","logo":{"@type":"ImageObject","inLanguage":"pt-BR","@id":"https:\/\/www.pm.pb.gov.br\/portal\/#\/schema\/logo\/image\/","url":"https:\/\/www.pm.pb.gov.br\/portal\/wp-content\/uploads\/2025\/03\/cropped-logo-site-mag2-1.png","contentUrl":"https:\/\/www.pm.pb.gov.br\/portal\/wp-content\/uploads\/2025\/03\/cropped-logo-site-mag2-1.png","width":320,"height":90,"caption":"Pol\u00edcia Militar da Para\u00edba"},"image":{"@id":"https:\/\/www.pm.pb.gov.br\/portal\/#\/schema\/logo\/image\/"}},{"@type":"Person","@id":"https:\/\/www.pm.pb.gov.br\/portal\/#\/schema\/person\/f84f56dcc78ce4357054da888b8247fd","name":"Tarcisio Oliveira","image":{"@type":"ImageObject","inLanguage":"pt-BR","@id":"https:\/\/www.pm.pb.gov.br\/portal\/#\/schema\/person\/image\/","url":"https:\/\/secure.gravatar.com\/avatar\/72917b630b69d31cd0297507f34bac97?s=96&d=mm&r=g","contentUrl":"https:\/\/secure.gravatar.com\/avatar\/72917b630b69d31cd0297507f34bac97?s=96&d=mm&r=g","caption":"Tarcisio Oliveira"},"url":"https:\/\/www.pm.pb.gov.br\/portal\/author\/tarcisio\/"}]}},"_links":{"self":[{"href":"https:\/\/www.pm.pb.gov.br\/portal\/wp-json\/wp\/v2\/posts\/918143"}],"collection":[{"href":"https:\/\/www.pm.pb.gov.br\/portal\/wp-json\/wp\/v2\/posts"}],"about":[{"href":"https:\/\/www.pm.pb.gov.br\/portal\/wp-json\/wp\/v2\/types\/post"}],"author":[{"embeddable":true,"href":"https:\/\/www.pm.pb.gov.br\/portal\/wp-json\/wp\/v2\/users\/12"}],"replies":[{"embeddable":true,"href":"https:\/\/www.pm.pb.gov.br\/portal\/wp-json\/wp\/v2\/comments?post=918143"}],"version-history":[{"count":3,"href":"https:\/\/www.pm.pb.gov.br\/portal\/wp-json\/wp\/v2\/posts\/918143\/revisions"}],"predecessor-version":[{"id":918163,"href":"https:\/\/www.pm.pb.gov.br\/portal\/wp-json\/wp\/v2\/posts\/918143\/revisions\/918163"}],"wp:featuredmedia":[{"embeddable":true,"href":"https:\/\/www.pm.pb.gov.br\/portal\/wp-json\/wp\/v2\/media\/918145"}],"wp:attachment":[{"href":"https:\/\/www.pm.pb.gov.br\/portal\/wp-json\/wp\/v2\/media?parent=918143"}],"wp:term":[{"taxonomy":"category","embeddable":true,"href":"https:\/\/www.pm.pb.gov.br\/portal\/wp-json\/wp\/v2\/categories?post=918143"},{"taxonomy":"post_tag","embeddable":true,"href":"https:\/\/www.pm.pb.gov.br\/portal\/wp-json\/wp\/v2\/tags?post=918143"}],"curies":[{"name":"wp","href":"https:\/\/api.w.org\/{rel}","templated":true}]}}