{"id":918136,"date":"2023-09-07T16:00:00","date_gmt":"2023-09-07T19:00:00","guid":{"rendered":"https:\/\/www.pm.pb.gov.br\/portal\/?p=918136"},"modified":"2023-09-07T19:04:33","modified_gmt":"2023-09-07T22:04:33","slug":"paraiba-realiza-desfile-civico-militar-da-independencia-do-brasil-em-joao-pessoa","status":"publish","type":"post","link":"https:\/\/www.pm.pb.gov.br\/portal\/2023\/09\/07\/paraiba-realiza-desfile-civico-militar-da-independencia-do-brasil-em-joao-pessoa\/","title":{"rendered":"Para\u00edba realiza desfile c\u00edvico-militar da Independ\u00eancia do Brasil em Jo\u00e3o Pessoa"},"content":{"rendered":"\n\n\n<p>O vice-governador Lucas Ribeiro participou, na manh\u00e3 desta quinta-feira (7), em Jo\u00e3o Pessoa, do tradicional desfile c\u00edvico-militar de 7 de setembro. O evento, que aconteceu na Avenida Duarte da Silveira, marcou os 201 anos da Independ\u00eancia do Brasil, e contou com a apresenta\u00e7\u00e3o de mais de 4.600 pessoas, entre For\u00e7as Armadas, \u00f3rg\u00e3os da Seguran\u00e7a P\u00fablica do Estado, entidades de classe e escolas.\u00a0<\/p>\n<p>O evento foi iniciado com o embarque do vice-governador na viatura blindada de transporte de pessoal do Ex\u00e9rcito (Urutu) para revista \u00e0s tropas (foto abaixo). Dentre os atos que marcaram a programa\u00e7\u00e3o do desfile c\u00edvico-militar de 7 de Setembro, foram realizados ainda o hasteamento das bandeiras e a extin\u00e7\u00e3o do fogo simb\u00f3lico.<\/p>\n<p><img loading=\"lazy\" decoding=\"async\" class=\"alignnone size-medium wp-image-918138\" src=\"http:\/\/www.pm.pb.gov.br\/portal\/wp-content\/uploads\/2023\/09\/IMG-20230907-WA0036-668x445.jpg\" alt=\"\" width=\"668\" height=\"445\" srcset=\"https:\/\/www.pm.pb.gov.br\/portal\/wp-content\/uploads\/2023\/09\/IMG-20230907-WA0036-668x445.jpg 668w, https:\/\/www.pm.pb.gov.br\/portal\/wp-content\/uploads\/2023\/09\/IMG-20230907-WA0036-856x570.jpg 856w, https:\/\/www.pm.pb.gov.br\/portal\/wp-content\/uploads\/2023\/09\/IMG-20230907-WA0036-768x512.jpg 768w, https:\/\/www.pm.pb.gov.br\/portal\/wp-content\/uploads\/2023\/09\/IMG-20230907-WA0036-1536x1023.jpg 1536w, https:\/\/www.pm.pb.gov.br\/portal\/wp-content\/uploads\/2023\/09\/IMG-20230907-WA0036-272x182.jpg 272w, https:\/\/www.pm.pb.gov.br\/portal\/wp-content\/uploads\/2023\/09\/IMG-20230907-WA0036.jpg 1600w\" sizes=\"(max-width: 668px) 100vw, 668px\" \/><\/p>\n<p>O vice-governador expressou sua satisfa\u00e7\u00e3o em participar deste momento hist\u00f3rico para o Brasil e a Para\u00edba, destacando a import\u00e2ncia da uni\u00e3o nacional e da valoriza\u00e7\u00e3o dos s\u00edmbolos da p\u00e1tria. &#8220;\u00c9 uma honra participar deste desfile, que marca um momento t\u00e3o significativo na hist\u00f3ria do nosso pa\u00eds, que \u00e9 a independ\u00eancia do Brasil. \u00c9 uma oportunidade para expressar nosso amor \u00e0 na\u00e7\u00e3o e valorizar os s\u00edmbolos nacionais, que pertencem a todos, independentemente de ideologia ou partido pol\u00edtico. Esse \u00e9 o principal destaque deste dia: resgatar e valorizar nossa identidade como brasileiros&#8221;, ressaltou Lucas Ribeiro.<\/p>\n<p><img loading=\"lazy\" decoding=\"async\" class=\"alignnone size-medium wp-image-918139\" src=\"http:\/\/www.pm.pb.gov.br\/portal\/wp-content\/uploads\/2023\/09\/IMG-20230907-WA0037-668x445.jpg\" alt=\"\" width=\"668\" height=\"445\" srcset=\"https:\/\/www.pm.pb.gov.br\/portal\/wp-content\/uploads\/2023\/09\/IMG-20230907-WA0037-668x445.jpg 668w, https:\/\/www.pm.pb.gov.br\/portal\/wp-content\/uploads\/2023\/09\/IMG-20230907-WA0037-856x570.jpg 856w, https:\/\/www.pm.pb.gov.br\/portal\/wp-content\/uploads\/2023\/09\/IMG-20230907-WA0037-768x512.jpg 768w, https:\/\/www.pm.pb.gov.br\/portal\/wp-content\/uploads\/2023\/09\/IMG-20230907-WA0037-1536x1023.jpg 1536w, https:\/\/www.pm.pb.gov.br\/portal\/wp-content\/uploads\/2023\/09\/IMG-20230907-WA0037-272x182.jpg 272w, https:\/\/www.pm.pb.gov.br\/portal\/wp-content\/uploads\/2023\/09\/IMG-20230907-WA0037.jpg 1600w\" sizes=\"(max-width: 668px) 100vw, 668px\" \/><\/p>\n<p>O comandante-geral da Pol\u00edcia Militar da Para\u00edba, coronel S\u00e9rgio Fonseca, destacou o compromisso constante das for\u00e7as de seguran\u00e7a em garantir a tranquilidade da popula\u00e7\u00e3o. &#8220;Hoje, celebramos n\u00e3o apenas a independ\u00eancia do Brasil, mas tamb\u00e9m o comprometimento cont\u00ednuo das nossas for\u00e7as de seguran\u00e7a em manter a ordem e a paz em nosso estado e em todo o pa\u00eds.&#8221;<\/p>\n<figure id=\"attachment_918137\" aria-describedby=\"caption-attachment-918137\" style=\"width: 668px\" class=\"wp-caption alignnone\"><img loading=\"lazy\" decoding=\"async\" class=\"size-medium wp-image-918137\" src=\"http:\/\/www.pm.pb.gov.br\/portal\/wp-content\/uploads\/2023\/09\/IMG-20230907-WA0033-668x445.jpg\" alt=\"\" width=\"668\" height=\"445\" srcset=\"https:\/\/www.pm.pb.gov.br\/portal\/wp-content\/uploads\/2023\/09\/IMG-20230907-WA0033-668x445.jpg 668w, https:\/\/www.pm.pb.gov.br\/portal\/wp-content\/uploads\/2023\/09\/IMG-20230907-WA0033-855x570.jpg 855w, https:\/\/www.pm.pb.gov.br\/portal\/wp-content\/uploads\/2023\/09\/IMG-20230907-WA0033-768x512.jpg 768w, https:\/\/www.pm.pb.gov.br\/portal\/wp-content\/uploads\/2023\/09\/IMG-20230907-WA0033-1536x1024.jpg 1536w, https:\/\/www.pm.pb.gov.br\/portal\/wp-content\/uploads\/2023\/09\/IMG-20230907-WA0033-2048x1365.jpg 2048w, https:\/\/www.pm.pb.gov.br\/portal\/wp-content\/uploads\/2023\/09\/IMG-20230907-WA0033-272x182.jpg 272w\" sizes=\"(max-width: 668px) 100vw, 668px\" \/><figcaption id=\"caption-attachment-918137\" class=\"wp-caption-text\">Coronel S\u00e9rgio recebendo a tropa, antes do desfile.<\/figcaption><\/figure>\n<p>O comandante do 1\u00ba Grupamento de Engenharia (1\u00ba Gpt E), general de brigada Guilherme Langaro Fernandes, ressaltou a contribui\u00e7\u00e3o das For\u00e7as Armadas para a integridade do territ\u00f3rio nacional. &#8220;As For\u00e7as Armadas est\u00e3o comprometidas em proteger e preservar a soberania do nosso pa\u00eds, e este desfile \u00e9 um testemunho do nosso compromisso com a seguran\u00e7a da na\u00e7\u00e3o&#8221;, afirmou.<\/p>\n<p>A estudante La\u00eds Almeida compartilhou sua vis\u00e3o sobre o orgulho que tem do Brasil e a import\u00e2ncia de incentivar esse sentimento entre a juventude. &#8220;Eu sinto muito orgulho de ser brasileira e acredito que esse sentimento deve ser cultivado em todos n\u00f3s, principalmente nos jovens. \u00c9 dessa forma que construiremos um Brasil melhor, mais justo e mais unido&#8221;, disse.<\/p>\n<p><img loading=\"lazy\" decoding=\"async\" class=\"alignnone size-medium wp-image-918140\" src=\"http:\/\/www.pm.pb.gov.br\/portal\/wp-content\/uploads\/2023\/09\/IMG-20230907-WA0035-668x445.jpg\" alt=\"\" width=\"668\" height=\"445\" srcset=\"https:\/\/www.pm.pb.gov.br\/portal\/wp-content\/uploads\/2023\/09\/IMG-20230907-WA0035-668x445.jpg 668w, https:\/\/www.pm.pb.gov.br\/portal\/wp-content\/uploads\/2023\/09\/IMG-20230907-WA0035-856x570.jpg 856w, https:\/\/www.pm.pb.gov.br\/portal\/wp-content\/uploads\/2023\/09\/IMG-20230907-WA0035-768x512.jpg 768w, https:\/\/www.pm.pb.gov.br\/portal\/wp-content\/uploads\/2023\/09\/IMG-20230907-WA0035-1536x1023.jpg 1536w, https:\/\/www.pm.pb.gov.br\/portal\/wp-content\/uploads\/2023\/09\/IMG-20230907-WA0035-272x182.jpg 272w, https:\/\/www.pm.pb.gov.br\/portal\/wp-content\/uploads\/2023\/09\/IMG-20230907-WA0035.jpg 1600w\" sizes=\"(max-width: 668px) 100vw, 668px\" \/><\/p>\n<p>Passaram pela Avenida Duarte da Silveira, integrantes das For\u00e7as Armadas, Pol\u00edcia Militar, Bombeiro Militar, Servi\u00e7o de Atendimento M\u00f3vel de Urg\u00eancia (Samu), Secretaria da Administra\u00e7\u00e3o Penitenci\u00e1ria (Seap), Pol\u00edcia Federal, Pol\u00edcia Rodovi\u00e1ria Federal, Pol\u00edcia Civil, Departamento Estadual de Tr\u00e2nsito (Detran), Guarda Civil Metropolitana e Superintend\u00eancia de Mobilidade Urbana (Semob), entidades de classe, Funda\u00e7\u00e3o Desenvolvimento da Crian\u00e7a e do Adolescente (Fundac), Funda\u00e7\u00e3o Centro Integrado de Apoio \u00e0 Pessoa com Defici\u00eancia (Funad), e escolas estaduais e municipais.<\/p>\n<p><em>Fonte: Secom-PB; Fotos: PMPB (EM\/5).<\/em><\/p>\n\n\n","protected":false},"excerpt":{"rendered":"<p>O vice-governador Lucas Ribeiro participou, na manh\u00e3 desta quinta-feira (7), em Jo\u00e3o Pessoa, do tradicional desfile c\u00edvico-militar de 7 de<\/p>\n","protected":false},"author":12,"featured_media":918141,"comment_status":"closed","ping_status":"closed","sticky":false,"template":"","format":"standard","meta":{"_exactmetrics_skip_tracking":false,"_exactmetrics_sitenote_active":false,"_exactmetrics_sitenote_note":"","_exactmetrics_sitenote_category":0,"footnotes":""},"categories":[4],"tags":[],"yoast_head":"<!-- This site is optimized with the Yoast SEO plugin v22.0 - https:\/\/yoast.com\/wordpress\/plugins\/seo\/ -->\n<title>Para\u00edba realiza desfile c\u00edvico-militar da Independ\u00eancia do Brasil em Jo\u00e3o Pessoa - Pol\u00edcia Militar da Para\u00edba<\/title>\n<meta name=\"robots\" content=\"index, follow, max-snippet:-1, max-image-preview:large, max-video-preview:-1\" \/>\n<link rel=\"canonical\" href=\"https:\/\/www.pm.pb.gov.br\/portal\/2023\/09\/07\/paraiba-realiza-desfile-civico-militar-da-independencia-do-brasil-em-joao-pessoa\/\" \/>\n<meta property=\"og:locale\" content=\"pt_BR\" \/>\n<meta property=\"og:type\" content=\"article\" \/>\n<meta property=\"og:title\" content=\"Para\u00edba realiza desfile c\u00edvico-militar da Independ\u00eancia do Brasil em Jo\u00e3o Pessoa - Pol\u00edcia Militar da Para\u00edba\" \/>\n<meta property=\"og:description\" content=\"O vice-governador Lucas Ribeiro participou, na manh\u00e3 desta quinta-feira (7), em Jo\u00e3o Pessoa, do tradicional desfile c\u00edvico-militar de 7 de\" \/>\n<meta property=\"og:url\" content=\"https:\/\/www.pm.pb.gov.br\/portal\/2023\/09\/07\/paraiba-realiza-desfile-civico-militar-da-independencia-do-brasil-em-joao-pessoa\/\" \/>\n<meta property=\"og:site_name\" content=\"Pol\u00edcia Militar da Para\u00edba\" \/>\n<meta property=\"article:published_time\" content=\"2023-09-07T19:00:00+00:00\" \/>\n<meta property=\"article:modified_time\" content=\"2023-09-07T22:04:33+00:00\" \/>\n<meta property=\"og:image\" content=\"http:\/\/www.pm.pb.gov.br\/portal\/wp-content\/uploads\/2023\/09\/DSC02534-scaled.jpg\" \/>\n\t<meta property=\"og:image:width\" content=\"2560\" \/>\n\t<meta property=\"og:image:height\" content=\"1756\" \/>\n\t<meta property=\"og:image:type\" content=\"image\/jpeg\" \/>\n<meta name=\"author\" content=\"Tarcisio Oliveira\" \/>\n<meta name=\"twitter:card\" content=\"summary_large_image\" \/>\n<meta name=\"twitter:label1\" content=\"Escrito por\" \/>\n\t<meta name=\"twitter:data1\" content=\"Tarcisio Oliveira\" \/>\n\t<meta name=\"twitter:label2\" content=\"Est. tempo de leitura\" \/>\n\t<meta name=\"twitter:data2\" content=\"4 minutos\" \/>\n<script type=\"application\/ld+json\" class=\"yoast-schema-graph\">{\"@context\":\"https:\/\/schema.org\",\"@graph\":[{\"@type\":\"Article\",\"@id\":\"https:\/\/www.pm.pb.gov.br\/portal\/2023\/09\/07\/paraiba-realiza-desfile-civico-militar-da-independencia-do-brasil-em-joao-pessoa\/#article\",\"isPartOf\":{\"@id\":\"https:\/\/www.pm.pb.gov.br\/portal\/2023\/09\/07\/paraiba-realiza-desfile-civico-militar-da-independencia-do-brasil-em-joao-pessoa\/\"},\"author\":{\"name\":\"Tarcisio Oliveira\",\"@id\":\"https:\/\/www.pm.pb.gov.br\/portal\/#\/schema\/person\/f84f56dcc78ce4357054da888b8247fd\"},\"headline\":\"Para\u00edba realiza desfile c\u00edvico-militar da Independ\u00eancia do Brasil em Jo\u00e3o Pessoa\",\"datePublished\":\"2023-09-07T19:00:00+00:00\",\"dateModified\":\"2023-09-07T22:04:33+00:00\",\"mainEntityOfPage\":{\"@id\":\"https:\/\/www.pm.pb.gov.br\/portal\/2023\/09\/07\/paraiba-realiza-desfile-civico-militar-da-independencia-do-brasil-em-joao-pessoa\/\"},\"wordCount\":544,\"publisher\":{\"@id\":\"https:\/\/www.pm.pb.gov.br\/portal\/#organization\"},\"articleSection\":[\"A\u00e7\u00f5es Policiais\"],\"inLanguage\":\"pt-BR\"},{\"@type\":\"WebPage\",\"@id\":\"https:\/\/www.pm.pb.gov.br\/portal\/2023\/09\/07\/paraiba-realiza-desfile-civico-militar-da-independencia-do-brasil-em-joao-pessoa\/\",\"url\":\"https:\/\/www.pm.pb.gov.br\/portal\/2023\/09\/07\/paraiba-realiza-desfile-civico-militar-da-independencia-do-brasil-em-joao-pessoa\/\",\"name\":\"Para\u00edba realiza desfile c\u00edvico-militar da Independ\u00eancia do Brasil em Jo\u00e3o Pessoa - Pol\u00edcia Militar da Para\u00edba\",\"isPartOf\":{\"@id\":\"https:\/\/www.pm.pb.gov.br\/portal\/#website\"},\"datePublished\":\"2023-09-07T19:00:00+00:00\",\"dateModified\":\"2023-09-07T22:04:33+00:00\",\"breadcrumb\":{\"@id\":\"https:\/\/www.pm.pb.gov.br\/portal\/2023\/09\/07\/paraiba-realiza-desfile-civico-militar-da-independencia-do-brasil-em-joao-pessoa\/#breadcrumb\"},\"inLanguage\":\"pt-BR\",\"potentialAction\":[{\"@type\":\"ReadAction\",\"target\":[\"https:\/\/www.pm.pb.gov.br\/portal\/2023\/09\/07\/paraiba-realiza-desfile-civico-militar-da-independencia-do-brasil-em-joao-pessoa\/\"]}]},{\"@type\":\"BreadcrumbList\",\"@id\":\"https:\/\/www.pm.pb.gov.br\/portal\/2023\/09\/07\/paraiba-realiza-desfile-civico-militar-da-independencia-do-brasil-em-joao-pessoa\/#breadcrumb\",\"itemListElement\":[{\"@type\":\"ListItem\",\"position\":1,\"name\":\"In\u00edcio\",\"item\":\"https:\/\/www.pm.pb.gov.br\/portal\/\"},{\"@type\":\"ListItem\",\"position\":2,\"name\":\"Para\u00edba realiza desfile c\u00edvico-militar da Independ\u00eancia do Brasil em Jo\u00e3o Pessoa\"}]},{\"@type\":\"WebSite\",\"@id\":\"https:\/\/www.pm.pb.gov.br\/portal\/#website\",\"url\":\"https:\/\/www.pm.pb.gov.br\/portal\/\",\"name\":\"Pol\u00edcia Militar da Para\u00edba\",\"description\":\"\",\"publisher\":{\"@id\":\"https:\/\/www.pm.pb.gov.br\/portal\/#organization\"},\"potentialAction\":[{\"@type\":\"SearchAction\",\"target\":{\"@type\":\"EntryPoint\",\"urlTemplate\":\"https:\/\/www.pm.pb.gov.br\/portal\/?s={search_term_string}\"},\"query-input\":\"required name=search_term_string\"}],\"inLanguage\":\"pt-BR\"},{\"@type\":\"Organization\",\"@id\":\"https:\/\/www.pm.pb.gov.br\/portal\/#organization\",\"name\":\"Pol\u00edcia Militar da Para\u00edba\",\"url\":\"https:\/\/www.pm.pb.gov.br\/portal\/\",\"logo\":{\"@type\":\"ImageObject\",\"inLanguage\":\"pt-BR\",\"@id\":\"https:\/\/www.pm.pb.gov.br\/portal\/#\/schema\/logo\/image\/\",\"url\":\"https:\/\/www.pm.pb.gov.br\/portal\/wp-content\/uploads\/2025\/03\/cropped-logo-site-mag2-1.png\",\"contentUrl\":\"https:\/\/www.pm.pb.gov.br\/portal\/wp-content\/uploads\/2025\/03\/cropped-logo-site-mag2-1.png\",\"width\":320,\"height\":90,\"caption\":\"Pol\u00edcia Militar da Para\u00edba\"},\"image\":{\"@id\":\"https:\/\/www.pm.pb.gov.br\/portal\/#\/schema\/logo\/image\/\"}},{\"@type\":\"Person\",\"@id\":\"https:\/\/www.pm.pb.gov.br\/portal\/#\/schema\/person\/f84f56dcc78ce4357054da888b8247fd\",\"name\":\"Tarcisio Oliveira\",\"image\":{\"@type\":\"ImageObject\",\"inLanguage\":\"pt-BR\",\"@id\":\"https:\/\/www.pm.pb.gov.br\/portal\/#\/schema\/person\/image\/\",\"url\":\"https:\/\/secure.gravatar.com\/avatar\/72917b630b69d31cd0297507f34bac97?s=96&d=mm&r=g\",\"contentUrl\":\"https:\/\/secure.gravatar.com\/avatar\/72917b630b69d31cd0297507f34bac97?s=96&d=mm&r=g\",\"caption\":\"Tarcisio Oliveira\"},\"url\":\"https:\/\/www.pm.pb.gov.br\/portal\/author\/tarcisio\/\"}]}<\/script>\n<!-- \/ Yoast SEO plugin. -->","yoast_head_json":{"title":"Para\u00edba realiza desfile c\u00edvico-militar da Independ\u00eancia do Brasil em Jo\u00e3o Pessoa - Pol\u00edcia Militar da Para\u00edba","robots":{"index":"index","follow":"follow","max-snippet":"max-snippet:-1","max-image-preview":"max-image-preview:large","max-video-preview":"max-video-preview:-1"},"canonical":"https:\/\/www.pm.pb.gov.br\/portal\/2023\/09\/07\/paraiba-realiza-desfile-civico-militar-da-independencia-do-brasil-em-joao-pessoa\/","og_locale":"pt_BR","og_type":"article","og_title":"Para\u00edba realiza desfile c\u00edvico-militar da Independ\u00eancia do Brasil em Jo\u00e3o Pessoa - Pol\u00edcia Militar da Para\u00edba","og_description":"O vice-governador Lucas Ribeiro participou, na manh\u00e3 desta quinta-feira (7), em Jo\u00e3o Pessoa, do tradicional desfile c\u00edvico-militar de 7 de","og_url":"https:\/\/www.pm.pb.gov.br\/portal\/2023\/09\/07\/paraiba-realiza-desfile-civico-militar-da-independencia-do-brasil-em-joao-pessoa\/","og_site_name":"Pol\u00edcia Militar da Para\u00edba","article_published_time":"2023-09-07T19:00:00+00:00","article_modified_time":"2023-09-07T22:04:33+00:00","og_image":[{"width":2560,"height":1756,"url":"http:\/\/www.pm.pb.gov.br\/portal\/wp-content\/uploads\/2023\/09\/DSC02534-scaled.jpg","type":"image\/jpeg"}],"author":"Tarcisio Oliveira","twitter_card":"summary_large_image","twitter_misc":{"Escrito por":"Tarcisio Oliveira","Est. tempo de leitura":"4 minutos"},"schema":{"@context":"https:\/\/schema.org","@graph":[{"@type":"Article","@id":"https:\/\/www.pm.pb.gov.br\/portal\/2023\/09\/07\/paraiba-realiza-desfile-civico-militar-da-independencia-do-brasil-em-joao-pessoa\/#article","isPartOf":{"@id":"https:\/\/www.pm.pb.gov.br\/portal\/2023\/09\/07\/paraiba-realiza-desfile-civico-militar-da-independencia-do-brasil-em-joao-pessoa\/"},"author":{"name":"Tarcisio Oliveira","@id":"https:\/\/www.pm.pb.gov.br\/portal\/#\/schema\/person\/f84f56dcc78ce4357054da888b8247fd"},"headline":"Para\u00edba realiza desfile c\u00edvico-militar da Independ\u00eancia do Brasil em Jo\u00e3o Pessoa","datePublished":"2023-09-07T19:00:00+00:00","dateModified":"2023-09-07T22:04:33+00:00","mainEntityOfPage":{"@id":"https:\/\/www.pm.pb.gov.br\/portal\/2023\/09\/07\/paraiba-realiza-desfile-civico-militar-da-independencia-do-brasil-em-joao-pessoa\/"},"wordCount":544,"publisher":{"@id":"https:\/\/www.pm.pb.gov.br\/portal\/#organization"},"articleSection":["A\u00e7\u00f5es Policiais"],"inLanguage":"pt-BR"},{"@type":"WebPage","@id":"https:\/\/www.pm.pb.gov.br\/portal\/2023\/09\/07\/paraiba-realiza-desfile-civico-militar-da-independencia-do-brasil-em-joao-pessoa\/","url":"https:\/\/www.pm.pb.gov.br\/portal\/2023\/09\/07\/paraiba-realiza-desfile-civico-militar-da-independencia-do-brasil-em-joao-pessoa\/","name":"Para\u00edba realiza desfile c\u00edvico-militar da Independ\u00eancia do Brasil em Jo\u00e3o Pessoa - Pol\u00edcia Militar da Para\u00edba","isPartOf":{"@id":"https:\/\/www.pm.pb.gov.br\/portal\/#website"},"datePublished":"2023-09-07T19:00:00+00:00","dateModified":"2023-09-07T22:04:33+00:00","breadcrumb":{"@id":"https:\/\/www.pm.pb.gov.br\/portal\/2023\/09\/07\/paraiba-realiza-desfile-civico-militar-da-independencia-do-brasil-em-joao-pessoa\/#breadcrumb"},"inLanguage":"pt-BR","potentialAction":[{"@type":"ReadAction","target":["https:\/\/www.pm.pb.gov.br\/portal\/2023\/09\/07\/paraiba-realiza-desfile-civico-militar-da-independencia-do-brasil-em-joao-pessoa\/"]}]},{"@type":"BreadcrumbList","@id":"https:\/\/www.pm.pb.gov.br\/portal\/2023\/09\/07\/paraiba-realiza-desfile-civico-militar-da-independencia-do-brasil-em-joao-pessoa\/#breadcrumb","itemListElement":[{"@type":"ListItem","position":1,"name":"In\u00edcio","item":"https:\/\/www.pm.pb.gov.br\/portal\/"},{"@type":"ListItem","position":2,"name":"Para\u00edba realiza desfile c\u00edvico-militar da Independ\u00eancia do Brasil em Jo\u00e3o Pessoa"}]},{"@type":"WebSite","@id":"https:\/\/www.pm.pb.gov.br\/portal\/#website","url":"https:\/\/www.pm.pb.gov.br\/portal\/","name":"Pol\u00edcia Militar da Para\u00edba","description":"","publisher":{"@id":"https:\/\/www.pm.pb.gov.br\/portal\/#organization"},"potentialAction":[{"@type":"SearchAction","target":{"@type":"EntryPoint","urlTemplate":"https:\/\/www.pm.pb.gov.br\/portal\/?s={search_term_string}"},"query-input":"required name=search_term_string"}],"inLanguage":"pt-BR"},{"@type":"Organization","@id":"https:\/\/www.pm.pb.gov.br\/portal\/#organization","name":"Pol\u00edcia Militar da Para\u00edba","url":"https:\/\/www.pm.pb.gov.br\/portal\/","logo":{"@type":"ImageObject","inLanguage":"pt-BR","@id":"https:\/\/www.pm.pb.gov.br\/portal\/#\/schema\/logo\/image\/","url":"https:\/\/www.pm.pb.gov.br\/portal\/wp-content\/uploads\/2025\/03\/cropped-logo-site-mag2-1.png","contentUrl":"https:\/\/www.pm.pb.gov.br\/portal\/wp-content\/uploads\/2025\/03\/cropped-logo-site-mag2-1.png","width":320,"height":90,"caption":"Pol\u00edcia Militar da Para\u00edba"},"image":{"@id":"https:\/\/www.pm.pb.gov.br\/portal\/#\/schema\/logo\/image\/"}},{"@type":"Person","@id":"https:\/\/www.pm.pb.gov.br\/portal\/#\/schema\/person\/f84f56dcc78ce4357054da888b8247fd","name":"Tarcisio Oliveira","image":{"@type":"ImageObject","inLanguage":"pt-BR","@id":"https:\/\/www.pm.pb.gov.br\/portal\/#\/schema\/person\/image\/","url":"https:\/\/secure.gravatar.com\/avatar\/72917b630b69d31cd0297507f34bac97?s=96&d=mm&r=g","contentUrl":"https:\/\/secure.gravatar.com\/avatar\/72917b630b69d31cd0297507f34bac97?s=96&d=mm&r=g","caption":"Tarcisio Oliveira"},"url":"https:\/\/www.pm.pb.gov.br\/portal\/author\/tarcisio\/"}]}},"_links":{"self":[{"href":"https:\/\/www.pm.pb.gov.br\/portal\/wp-json\/wp\/v2\/posts\/918136"}],"collection":[{"href":"https:\/\/www.pm.pb.gov.br\/portal\/wp-json\/wp\/v2\/posts"}],"about":[{"href":"https:\/\/www.pm.pb.gov.br\/portal\/wp-json\/wp\/v2\/types\/post"}],"author":[{"embeddable":true,"href":"https:\/\/www.pm.pb.gov.br\/portal\/wp-json\/wp\/v2\/users\/12"}],"replies":[{"embeddable":true,"href":"https:\/\/www.pm.pb.gov.br\/portal\/wp-json\/wp\/v2\/comments?post=918136"}],"version-history":[{"count":1,"href":"https:\/\/www.pm.pb.gov.br\/portal\/wp-json\/wp\/v2\/posts\/918136\/revisions"}],"predecessor-version":[{"id":918142,"href":"https:\/\/www.pm.pb.gov.br\/portal\/wp-json\/wp\/v2\/posts\/918136\/revisions\/918142"}],"wp:featuredmedia":[{"embeddable":true,"href":"https:\/\/www.pm.pb.gov.br\/portal\/wp-json\/wp\/v2\/media\/918141"}],"wp:attachment":[{"href":"https:\/\/www.pm.pb.gov.br\/portal\/wp-json\/wp\/v2\/media?parent=918136"}],"wp:term":[{"taxonomy":"category","embeddable":true,"href":"https:\/\/www.pm.pb.gov.br\/portal\/wp-json\/wp\/v2\/categories?post=918136"},{"taxonomy":"post_tag","embeddable":true,"href":"https:\/\/www.pm.pb.gov.br\/portal\/wp-json\/wp\/v2\/tags?post=918136"}],"curies":[{"name":"wp","href":"https:\/\/api.w.org\/{rel}","templated":true}]}}