{"id":918132,"date":"2023-09-07T16:40:30","date_gmt":"2023-09-07T19:40:30","guid":{"rendered":"https:\/\/www.pm.pb.gov.br\/portal\/?p=918132"},"modified":"2023-09-07T16:40:32","modified_gmt":"2023-09-07T19:40:32","slug":"inclusao-jovem-atendido-pelo-centro-de-equoterapia-da-pm-desfila-com-a-tropa","status":"publish","type":"post","link":"https:\/\/www.pm.pb.gov.br\/portal\/2023\/09\/07\/inclusao-jovem-atendido-pelo-centro-de-equoterapia-da-pm-desfila-com-a-tropa\/","title":{"rendered":"INCLUS\u00c3O: Jovem atendido pelo Centro de Equoterapia da PM desfila com a tropa"},"content":{"rendered":"\n\n<p>Com mais de 700 policiais militares e 100 viaturas de diversos modelos, o desfile da Pol\u00edcia Militar em Jo\u00e3o Pessoa, neste 7 de setembro, foi todo especial. Isso porque a passagem da corpora\u00e7\u00e3o contou com um integrante todo especial.<\/p>\n<p>O jovem Daniel Calebe Galv\u00e3o Santos, que conduziu o Pavilh\u00e3o Nacional na composi\u00e7\u00e3o da linha de Bandeiras, representou o Centro de Equoterapia da Pol\u00edcia Militar (CepPM). Daniel, que \u00e9 uma pessoa com transtorno do espectro autista, \u00e9 assistido pelo Centro que usa cavalo como recurso terap\u00eautico dentro de uma abordagem interdisciplinar nas \u00e1reas de sa\u00fade, educa\u00e7\u00e3o e equita\u00e7\u00e3o. Criado em novembro de 2008, o CeqPM busca propiciar condi\u00e7\u00f5es favor\u00e1veis aos praticantes, para alcan\u00e7ar melhor qualidade de vida, independ\u00eancia e autonomia, al\u00e9m da inclus\u00e3o social.<\/p>\n<p><img loading=\"lazy\" decoding=\"async\" class=\"alignnone size-medium wp-image-918133\" src=\"http:\/\/www.pm.pb.gov.br\/portal\/wp-content\/uploads\/2023\/09\/IMG-20230907-WA0025-593x445.jpg\" alt=\"\" width=\"593\" height=\"445\" srcset=\"https:\/\/www.pm.pb.gov.br\/portal\/wp-content\/uploads\/2023\/09\/IMG-20230907-WA0025-593x445.jpg 593w, https:\/\/www.pm.pb.gov.br\/portal\/wp-content\/uploads\/2023\/09\/IMG-20230907-WA0025-760x570.jpg 760w, https:\/\/www.pm.pb.gov.br\/portal\/wp-content\/uploads\/2023\/09\/IMG-20230907-WA0025-768x576.jpg 768w, https:\/\/www.pm.pb.gov.br\/portal\/wp-content\/uploads\/2023\/09\/IMG-20230907-WA0025-1536x1153.jpg 1536w, https:\/\/www.pm.pb.gov.br\/portal\/wp-content\/uploads\/2023\/09\/IMG-20230907-WA0025.jpg 1599w\" sizes=\"(max-width: 593px) 100vw, 593px\" \/><\/p>\n<p>Durante o desfile com a tropa, Daniel estava sendo acompanhado pela psic\u00f3loga Fernanda da Silva Miranda, pela fonodiologa L\u00edlia da Silva L e pelo guia 3\u00b0 sargento Hugo Alexandre Chaves, todos componente do CeqPM.<\/p>\n<p>A Semana da P\u00e1tria tem sido de inclus\u00e3o, na Para\u00edba. Na abertura, no \u00faltimo dia 1\u00b0, participaram tamb\u00e9m do momento c\u00edvico crian\u00e7as, adolescentes e adultos atendidos pela Funda\u00e7\u00e3o Centro Integrado de Apoio \u00e0 Pessoa com Defici\u00eancia (Funad), e pessoas com m\u00faltiplas defici\u00eancias e autismo.<\/p>\n<p>O Pavilh\u00e3o Nacional conduzido por Daniel estava sendo acompanhado tamb\u00e9m pelo major Jailson, com a Bandeira da Para\u00edba, e pelo tenente Vieira, com a Bandeira da PMPB. Os oficiais s\u00e3o integrantes do Regimento de Pol\u00edcia Montada &#8220;Coronel Calixto&#8221;.<\/p>\n<p><strong>Mais &#8211;<\/strong> Em todo a Para\u00edba, a PMPB desfilou em diversas cidades sendo destaque com suas tropas, log\u00edstica, viaturas e Bandas, fazendo a alegria e surpreendendo as multid\u00f5es.<\/p>","protected":false},"excerpt":{"rendered":"<p>Com mais de 700 policiais militares e 100 viaturas de diversos modelos, o desfile da Pol\u00edcia Militar em Jo\u00e3o Pessoa,<\/p>\n","protected":false},"author":12,"featured_media":918134,"comment_status":"closed","ping_status":"closed","sticky":false,"template":"","format":"standard","meta":{"_exactmetrics_skip_tracking":false,"_exactmetrics_sitenote_active":false,"_exactmetrics_sitenote_note":"","_exactmetrics_sitenote_category":0,"footnotes":""},"categories":[5],"tags":[],"yoast_head":"<!-- This site is optimized with the Yoast SEO plugin v22.0 - https:\/\/yoast.com\/wordpress\/plugins\/seo\/ -->\n<title>INCLUS\u00c3O: Jovem atendido pelo Centro de Equoterapia da PM desfila com a tropa - Pol\u00edcia Militar da Para\u00edba<\/title>\n<meta name=\"robots\" content=\"index, follow, max-snippet:-1, max-image-preview:large, max-video-preview:-1\" \/>\n<link rel=\"canonical\" href=\"https:\/\/www.pm.pb.gov.br\/portal\/2023\/09\/07\/inclusao-jovem-atendido-pelo-centro-de-equoterapia-da-pm-desfila-com-a-tropa\/\" \/>\n<meta property=\"og:locale\" content=\"pt_BR\" \/>\n<meta property=\"og:type\" content=\"article\" \/>\n<meta property=\"og:title\" content=\"INCLUS\u00c3O: Jovem atendido pelo Centro de Equoterapia da PM desfila com a tropa - Pol\u00edcia Militar da Para\u00edba\" \/>\n<meta property=\"og:description\" content=\"Com mais de 700 policiais militares e 100 viaturas de diversos modelos, o desfile da Pol\u00edcia Militar em Jo\u00e3o Pessoa,\" \/>\n<meta property=\"og:url\" content=\"https:\/\/www.pm.pb.gov.br\/portal\/2023\/09\/07\/inclusao-jovem-atendido-pelo-centro-de-equoterapia-da-pm-desfila-com-a-tropa\/\" \/>\n<meta property=\"og:site_name\" content=\"Pol\u00edcia Militar da Para\u00edba\" \/>\n<meta property=\"article:published_time\" content=\"2023-09-07T19:40:30+00:00\" \/>\n<meta property=\"article:modified_time\" content=\"2023-09-07T19:40:32+00:00\" \/>\n<meta property=\"og:image\" content=\"http:\/\/www.pm.pb.gov.br\/portal\/wp-content\/uploads\/2023\/09\/IMG-20230907-WA0031-scaled.jpg\" \/>\n\t<meta property=\"og:image:width\" content=\"2560\" \/>\n\t<meta property=\"og:image:height\" content=\"1738\" \/>\n\t<meta property=\"og:image:type\" content=\"image\/jpeg\" \/>\n<meta name=\"author\" content=\"Tarcisio Oliveira\" \/>\n<meta name=\"twitter:card\" content=\"summary_large_image\" \/>\n<meta name=\"twitter:label1\" content=\"Escrito por\" \/>\n\t<meta name=\"twitter:data1\" content=\"Tarcisio Oliveira\" \/>\n\t<meta name=\"twitter:label2\" content=\"Est. tempo de leitura\" \/>\n\t<meta name=\"twitter:data2\" content=\"2 minutos\" \/>\n<script type=\"application\/ld+json\" class=\"yoast-schema-graph\">{\"@context\":\"https:\/\/schema.org\",\"@graph\":[{\"@type\":\"Article\",\"@id\":\"https:\/\/www.pm.pb.gov.br\/portal\/2023\/09\/07\/inclusao-jovem-atendido-pelo-centro-de-equoterapia-da-pm-desfila-com-a-tropa\/#article\",\"isPartOf\":{\"@id\":\"https:\/\/www.pm.pb.gov.br\/portal\/2023\/09\/07\/inclusao-jovem-atendido-pelo-centro-de-equoterapia-da-pm-desfila-com-a-tropa\/\"},\"author\":{\"name\":\"Tarcisio Oliveira\",\"@id\":\"https:\/\/www.pm.pb.gov.br\/portal\/#\/schema\/person\/f84f56dcc78ce4357054da888b8247fd\"},\"headline\":\"INCLUS\u00c3O: Jovem atendido pelo Centro de Equoterapia da PM desfila com a tropa\",\"datePublished\":\"2023-09-07T19:40:30+00:00\",\"dateModified\":\"2023-09-07T19:40:32+00:00\",\"mainEntityOfPage\":{\"@id\":\"https:\/\/www.pm.pb.gov.br\/portal\/2023\/09\/07\/inclusao-jovem-atendido-pelo-centro-de-equoterapia-da-pm-desfila-com-a-tropa\/\"},\"wordCount\":309,\"publisher\":{\"@id\":\"https:\/\/www.pm.pb.gov.br\/portal\/#organization\"},\"articleSection\":[\"Homenagens\"],\"inLanguage\":\"pt-BR\"},{\"@type\":\"WebPage\",\"@id\":\"https:\/\/www.pm.pb.gov.br\/portal\/2023\/09\/07\/inclusao-jovem-atendido-pelo-centro-de-equoterapia-da-pm-desfila-com-a-tropa\/\",\"url\":\"https:\/\/www.pm.pb.gov.br\/portal\/2023\/09\/07\/inclusao-jovem-atendido-pelo-centro-de-equoterapia-da-pm-desfila-com-a-tropa\/\",\"name\":\"INCLUS\u00c3O: Jovem atendido pelo Centro de Equoterapia da PM desfila com a tropa - Pol\u00edcia Militar da Para\u00edba\",\"isPartOf\":{\"@id\":\"https:\/\/www.pm.pb.gov.br\/portal\/#website\"},\"datePublished\":\"2023-09-07T19:40:30+00:00\",\"dateModified\":\"2023-09-07T19:40:32+00:00\",\"breadcrumb\":{\"@id\":\"https:\/\/www.pm.pb.gov.br\/portal\/2023\/09\/07\/inclusao-jovem-atendido-pelo-centro-de-equoterapia-da-pm-desfila-com-a-tropa\/#breadcrumb\"},\"inLanguage\":\"pt-BR\",\"potentialAction\":[{\"@type\":\"ReadAction\",\"target\":[\"https:\/\/www.pm.pb.gov.br\/portal\/2023\/09\/07\/inclusao-jovem-atendido-pelo-centro-de-equoterapia-da-pm-desfila-com-a-tropa\/\"]}]},{\"@type\":\"BreadcrumbList\",\"@id\":\"https:\/\/www.pm.pb.gov.br\/portal\/2023\/09\/07\/inclusao-jovem-atendido-pelo-centro-de-equoterapia-da-pm-desfila-com-a-tropa\/#breadcrumb\",\"itemListElement\":[{\"@type\":\"ListItem\",\"position\":1,\"name\":\"In\u00edcio\",\"item\":\"https:\/\/www.pm.pb.gov.br\/portal\/\"},{\"@type\":\"ListItem\",\"position\":2,\"name\":\"INCLUS\u00c3O: Jovem atendido pelo Centro de Equoterapia da PM desfila com a tropa\"}]},{\"@type\":\"WebSite\",\"@id\":\"https:\/\/www.pm.pb.gov.br\/portal\/#website\",\"url\":\"https:\/\/www.pm.pb.gov.br\/portal\/\",\"name\":\"Pol\u00edcia Militar da Para\u00edba\",\"description\":\"\",\"publisher\":{\"@id\":\"https:\/\/www.pm.pb.gov.br\/portal\/#organization\"},\"potentialAction\":[{\"@type\":\"SearchAction\",\"target\":{\"@type\":\"EntryPoint\",\"urlTemplate\":\"https:\/\/www.pm.pb.gov.br\/portal\/?s={search_term_string}\"},\"query-input\":\"required name=search_term_string\"}],\"inLanguage\":\"pt-BR\"},{\"@type\":\"Organization\",\"@id\":\"https:\/\/www.pm.pb.gov.br\/portal\/#organization\",\"name\":\"Pol\u00edcia Militar da Para\u00edba\",\"url\":\"https:\/\/www.pm.pb.gov.br\/portal\/\",\"logo\":{\"@type\":\"ImageObject\",\"inLanguage\":\"pt-BR\",\"@id\":\"https:\/\/www.pm.pb.gov.br\/portal\/#\/schema\/logo\/image\/\",\"url\":\"https:\/\/www.pm.pb.gov.br\/portal\/wp-content\/uploads\/2025\/03\/cropped-logo-site-mag2-1.png\",\"contentUrl\":\"https:\/\/www.pm.pb.gov.br\/portal\/wp-content\/uploads\/2025\/03\/cropped-logo-site-mag2-1.png\",\"width\":320,\"height\":90,\"caption\":\"Pol\u00edcia Militar da Para\u00edba\"},\"image\":{\"@id\":\"https:\/\/www.pm.pb.gov.br\/portal\/#\/schema\/logo\/image\/\"}},{\"@type\":\"Person\",\"@id\":\"https:\/\/www.pm.pb.gov.br\/portal\/#\/schema\/person\/f84f56dcc78ce4357054da888b8247fd\",\"name\":\"Tarcisio Oliveira\",\"image\":{\"@type\":\"ImageObject\",\"inLanguage\":\"pt-BR\",\"@id\":\"https:\/\/www.pm.pb.gov.br\/portal\/#\/schema\/person\/image\/\",\"url\":\"https:\/\/secure.gravatar.com\/avatar\/72917b630b69d31cd0297507f34bac97?s=96&d=mm&r=g\",\"contentUrl\":\"https:\/\/secure.gravatar.com\/avatar\/72917b630b69d31cd0297507f34bac97?s=96&d=mm&r=g\",\"caption\":\"Tarcisio Oliveira\"},\"url\":\"https:\/\/www.pm.pb.gov.br\/portal\/author\/tarcisio\/\"}]}<\/script>\n<!-- \/ Yoast SEO plugin. -->","yoast_head_json":{"title":"INCLUS\u00c3O: Jovem atendido pelo Centro de Equoterapia da PM desfila com a tropa - Pol\u00edcia Militar da Para\u00edba","robots":{"index":"index","follow":"follow","max-snippet":"max-snippet:-1","max-image-preview":"max-image-preview:large","max-video-preview":"max-video-preview:-1"},"canonical":"https:\/\/www.pm.pb.gov.br\/portal\/2023\/09\/07\/inclusao-jovem-atendido-pelo-centro-de-equoterapia-da-pm-desfila-com-a-tropa\/","og_locale":"pt_BR","og_type":"article","og_title":"INCLUS\u00c3O: Jovem atendido pelo Centro de Equoterapia da PM desfila com a tropa - Pol\u00edcia Militar da Para\u00edba","og_description":"Com mais de 700 policiais militares e 100 viaturas de diversos modelos, o desfile da Pol\u00edcia Militar em Jo\u00e3o Pessoa,","og_url":"https:\/\/www.pm.pb.gov.br\/portal\/2023\/09\/07\/inclusao-jovem-atendido-pelo-centro-de-equoterapia-da-pm-desfila-com-a-tropa\/","og_site_name":"Pol\u00edcia Militar da Para\u00edba","article_published_time":"2023-09-07T19:40:30+00:00","article_modified_time":"2023-09-07T19:40:32+00:00","og_image":[{"width":2560,"height":1738,"url":"http:\/\/www.pm.pb.gov.br\/portal\/wp-content\/uploads\/2023\/09\/IMG-20230907-WA0031-scaled.jpg","type":"image\/jpeg"}],"author":"Tarcisio Oliveira","twitter_card":"summary_large_image","twitter_misc":{"Escrito por":"Tarcisio Oliveira","Est. tempo de leitura":"2 minutos"},"schema":{"@context":"https:\/\/schema.org","@graph":[{"@type":"Article","@id":"https:\/\/www.pm.pb.gov.br\/portal\/2023\/09\/07\/inclusao-jovem-atendido-pelo-centro-de-equoterapia-da-pm-desfila-com-a-tropa\/#article","isPartOf":{"@id":"https:\/\/www.pm.pb.gov.br\/portal\/2023\/09\/07\/inclusao-jovem-atendido-pelo-centro-de-equoterapia-da-pm-desfila-com-a-tropa\/"},"author":{"name":"Tarcisio Oliveira","@id":"https:\/\/www.pm.pb.gov.br\/portal\/#\/schema\/person\/f84f56dcc78ce4357054da888b8247fd"},"headline":"INCLUS\u00c3O: Jovem atendido pelo Centro de Equoterapia da PM desfila com a tropa","datePublished":"2023-09-07T19:40:30+00:00","dateModified":"2023-09-07T19:40:32+00:00","mainEntityOfPage":{"@id":"https:\/\/www.pm.pb.gov.br\/portal\/2023\/09\/07\/inclusao-jovem-atendido-pelo-centro-de-equoterapia-da-pm-desfila-com-a-tropa\/"},"wordCount":309,"publisher":{"@id":"https:\/\/www.pm.pb.gov.br\/portal\/#organization"},"articleSection":["Homenagens"],"inLanguage":"pt-BR"},{"@type":"WebPage","@id":"https:\/\/www.pm.pb.gov.br\/portal\/2023\/09\/07\/inclusao-jovem-atendido-pelo-centro-de-equoterapia-da-pm-desfila-com-a-tropa\/","url":"https:\/\/www.pm.pb.gov.br\/portal\/2023\/09\/07\/inclusao-jovem-atendido-pelo-centro-de-equoterapia-da-pm-desfila-com-a-tropa\/","name":"INCLUS\u00c3O: Jovem atendido pelo Centro de Equoterapia da PM desfila com a tropa - Pol\u00edcia Militar da Para\u00edba","isPartOf":{"@id":"https:\/\/www.pm.pb.gov.br\/portal\/#website"},"datePublished":"2023-09-07T19:40:30+00:00","dateModified":"2023-09-07T19:40:32+00:00","breadcrumb":{"@id":"https:\/\/www.pm.pb.gov.br\/portal\/2023\/09\/07\/inclusao-jovem-atendido-pelo-centro-de-equoterapia-da-pm-desfila-com-a-tropa\/#breadcrumb"},"inLanguage":"pt-BR","potentialAction":[{"@type":"ReadAction","target":["https:\/\/www.pm.pb.gov.br\/portal\/2023\/09\/07\/inclusao-jovem-atendido-pelo-centro-de-equoterapia-da-pm-desfila-com-a-tropa\/"]}]},{"@type":"BreadcrumbList","@id":"https:\/\/www.pm.pb.gov.br\/portal\/2023\/09\/07\/inclusao-jovem-atendido-pelo-centro-de-equoterapia-da-pm-desfila-com-a-tropa\/#breadcrumb","itemListElement":[{"@type":"ListItem","position":1,"name":"In\u00edcio","item":"https:\/\/www.pm.pb.gov.br\/portal\/"},{"@type":"ListItem","position":2,"name":"INCLUS\u00c3O: Jovem atendido pelo Centro de Equoterapia da PM desfila com a tropa"}]},{"@type":"WebSite","@id":"https:\/\/www.pm.pb.gov.br\/portal\/#website","url":"https:\/\/www.pm.pb.gov.br\/portal\/","name":"Pol\u00edcia Militar da Para\u00edba","description":"","publisher":{"@id":"https:\/\/www.pm.pb.gov.br\/portal\/#organization"},"potentialAction":[{"@type":"SearchAction","target":{"@type":"EntryPoint","urlTemplate":"https:\/\/www.pm.pb.gov.br\/portal\/?s={search_term_string}"},"query-input":"required name=search_term_string"}],"inLanguage":"pt-BR"},{"@type":"Organization","@id":"https:\/\/www.pm.pb.gov.br\/portal\/#organization","name":"Pol\u00edcia Militar da Para\u00edba","url":"https:\/\/www.pm.pb.gov.br\/portal\/","logo":{"@type":"ImageObject","inLanguage":"pt-BR","@id":"https:\/\/www.pm.pb.gov.br\/portal\/#\/schema\/logo\/image\/","url":"https:\/\/www.pm.pb.gov.br\/portal\/wp-content\/uploads\/2025\/03\/cropped-logo-site-mag2-1.png","contentUrl":"https:\/\/www.pm.pb.gov.br\/portal\/wp-content\/uploads\/2025\/03\/cropped-logo-site-mag2-1.png","width":320,"height":90,"caption":"Pol\u00edcia Militar da Para\u00edba"},"image":{"@id":"https:\/\/www.pm.pb.gov.br\/portal\/#\/schema\/logo\/image\/"}},{"@type":"Person","@id":"https:\/\/www.pm.pb.gov.br\/portal\/#\/schema\/person\/f84f56dcc78ce4357054da888b8247fd","name":"Tarcisio Oliveira","image":{"@type":"ImageObject","inLanguage":"pt-BR","@id":"https:\/\/www.pm.pb.gov.br\/portal\/#\/schema\/person\/image\/","url":"https:\/\/secure.gravatar.com\/avatar\/72917b630b69d31cd0297507f34bac97?s=96&d=mm&r=g","contentUrl":"https:\/\/secure.gravatar.com\/avatar\/72917b630b69d31cd0297507f34bac97?s=96&d=mm&r=g","caption":"Tarcisio Oliveira"},"url":"https:\/\/www.pm.pb.gov.br\/portal\/author\/tarcisio\/"}]}},"_links":{"self":[{"href":"https:\/\/www.pm.pb.gov.br\/portal\/wp-json\/wp\/v2\/posts\/918132"}],"collection":[{"href":"https:\/\/www.pm.pb.gov.br\/portal\/wp-json\/wp\/v2\/posts"}],"about":[{"href":"https:\/\/www.pm.pb.gov.br\/portal\/wp-json\/wp\/v2\/types\/post"}],"author":[{"embeddable":true,"href":"https:\/\/www.pm.pb.gov.br\/portal\/wp-json\/wp\/v2\/users\/12"}],"replies":[{"embeddable":true,"href":"https:\/\/www.pm.pb.gov.br\/portal\/wp-json\/wp\/v2\/comments?post=918132"}],"version-history":[{"count":1,"href":"https:\/\/www.pm.pb.gov.br\/portal\/wp-json\/wp\/v2\/posts\/918132\/revisions"}],"predecessor-version":[{"id":918135,"href":"https:\/\/www.pm.pb.gov.br\/portal\/wp-json\/wp\/v2\/posts\/918132\/revisions\/918135"}],"wp:featuredmedia":[{"embeddable":true,"href":"https:\/\/www.pm.pb.gov.br\/portal\/wp-json\/wp\/v2\/media\/918134"}],"wp:attachment":[{"href":"https:\/\/www.pm.pb.gov.br\/portal\/wp-json\/wp\/v2\/media?parent=918132"}],"wp:term":[{"taxonomy":"category","embeddable":true,"href":"https:\/\/www.pm.pb.gov.br\/portal\/wp-json\/wp\/v2\/categories?post=918132"},{"taxonomy":"post_tag","embeddable":true,"href":"https:\/\/www.pm.pb.gov.br\/portal\/wp-json\/wp\/v2\/tags?post=918132"}],"curies":[{"name":"wp","href":"https:\/\/api.w.org\/{rel}","templated":true}]}}