{"id":918126,"date":"2023-09-06T16:08:18","date_gmt":"2023-09-06T19:08:18","guid":{"rendered":"https:\/\/www.pm.pb.gov.br\/portal\/?p=918126"},"modified":"2023-09-06T16:08:19","modified_gmt":"2023-09-06T19:08:19","slug":"policia-militar-desarticula-esconderijo-do-trafico-apreende-pistola-municoes-e-radiocomunicadores-de-criminosos","status":"publish","type":"post","link":"https:\/\/www.pm.pb.gov.br\/portal\/2023\/09\/06\/policia-militar-desarticula-esconderijo-do-trafico-apreende-pistola-municoes-e-radiocomunicadores-de-criminosos\/","title":{"rendered":"Pol\u00edcia Militar desarticula esconderijo do tr\u00e1fico, apreende pistola, muni\u00e7\u00f5es e radiocomunicadores de criminosos"},"content":{"rendered":"\n<p>Mais uma a\u00e7\u00e3o da Pol\u00edcia Militar desarticulou um ponto usado por criminosos que vinham agindo na zona norte de Jo\u00e3o Pessoa. A a\u00e7\u00e3o aconteceu no fim da manh\u00e3 desta quarta-feira (6) resultando em arma apreendida, muni\u00e7\u00f5es, radiocomunicadores, capa para colete e diversos materiais de tr\u00e1fico retirados de circula\u00e7\u00e3o.<\/p>\n<p>O local foi desarticulado pelos policiais da For\u00e7a T\u00e1tica do 1\u00ba Batalh\u00e3o, que encontraram um esconderijo de criminosos em uma casa abandonada, na rua da Rep\u00fablica, no centro de Jo\u00e3o Pessoa. No lugar, a PM encontrou uma pistola, dois carregadores, 19 muni\u00e7\u00f5es, quatro radiocomunicadores, duas balan\u00e7as de precis\u00e3o e pl\u00e1stico para embalagem de entorpecentes, al\u00e9m de capa de colete bal\u00edstico.<\/p>\n<p>A suspeita \u00e9 que os criminosos tenham fugido antes da chegada da PM na regi\u00e3o, mas as buscas pelos acusados seguem sendo realizadas. Todo o material apreendido foi encaminhado para a Central de Flagrantes para investiga\u00e7\u00e3o. Novas a\u00e7\u00f5es devem acontecer neste feriad\u00e3o.<\/p>\n","protected":false},"excerpt":{"rendered":"<p>Mais uma a\u00e7\u00e3o da Pol\u00edcia Militar desarticulou um ponto usado por criminosos que vinham agindo na zona norte de Jo\u00e3o<\/p>\n","protected":false},"author":12,"featured_media":918128,"comment_status":"closed","ping_status":"closed","sticky":false,"template":"","format":"standard","meta":{"_exactmetrics_skip_tracking":false,"_exactmetrics_sitenote_active":false,"_exactmetrics_sitenote_note":"","_exactmetrics_sitenote_category":0,"footnotes":""},"categories":[4],"tags":[],"yoast_head":"<!-- This site is optimized with the Yoast SEO plugin v22.0 - https:\/\/yoast.com\/wordpress\/plugins\/seo\/ -->\n<title>Pol\u00edcia Militar desarticula esconderijo do tr\u00e1fico, apreende pistola, muni\u00e7\u00f5es e radiocomunicadores de criminosos - Pol\u00edcia Militar da Para\u00edba<\/title>\n<meta name=\"robots\" content=\"index, follow, max-snippet:-1, max-image-preview:large, max-video-preview:-1\" \/>\n<link rel=\"canonical\" href=\"https:\/\/www.pm.pb.gov.br\/portal\/2023\/09\/06\/policia-militar-desarticula-esconderijo-do-trafico-apreende-pistola-municoes-e-radiocomunicadores-de-criminosos\/\" \/>\n<meta property=\"og:locale\" content=\"pt_BR\" \/>\n<meta property=\"og:type\" content=\"article\" \/>\n<meta property=\"og:title\" content=\"Pol\u00edcia Militar desarticula esconderijo do tr\u00e1fico, apreende pistola, muni\u00e7\u00f5es e radiocomunicadores de criminosos - Pol\u00edcia Militar da Para\u00edba\" \/>\n<meta property=\"og:description\" content=\"Mais uma a\u00e7\u00e3o da Pol\u00edcia Militar desarticulou um ponto usado por criminosos que vinham agindo na zona norte de Jo\u00e3o\" \/>\n<meta property=\"og:url\" content=\"https:\/\/www.pm.pb.gov.br\/portal\/2023\/09\/06\/policia-militar-desarticula-esconderijo-do-trafico-apreende-pistola-municoes-e-radiocomunicadores-de-criminosos\/\" \/>\n<meta property=\"og:site_name\" content=\"Pol\u00edcia Militar da Para\u00edba\" \/>\n<meta property=\"article:published_time\" content=\"2023-09-06T19:08:18+00:00\" \/>\n<meta property=\"article:modified_time\" content=\"2023-09-06T19:08:19+00:00\" \/>\n<meta property=\"og:image\" content=\"http:\/\/www.pm.pb.gov.br\/portal\/wp-content\/uploads\/2023\/09\/1bpm.jpeg\" \/>\n\t<meta property=\"og:image:width\" content=\"1599\" \/>\n\t<meta property=\"og:image:height\" content=\"971\" \/>\n\t<meta property=\"og:image:type\" content=\"image\/jpeg\" \/>\n<meta name=\"author\" content=\"Tarcisio Oliveira\" \/>\n<meta name=\"twitter:card\" content=\"summary_large_image\" \/>\n<meta name=\"twitter:label1\" content=\"Escrito por\" \/>\n\t<meta name=\"twitter:data1\" content=\"Tarcisio Oliveira\" \/>\n\t<meta name=\"twitter:label2\" content=\"Est. tempo de leitura\" \/>\n\t<meta name=\"twitter:data2\" content=\"1 minuto\" \/>\n<script type=\"application\/ld+json\" class=\"yoast-schema-graph\">{\"@context\":\"https:\/\/schema.org\",\"@graph\":[{\"@type\":\"Article\",\"@id\":\"https:\/\/www.pm.pb.gov.br\/portal\/2023\/09\/06\/policia-militar-desarticula-esconderijo-do-trafico-apreende-pistola-municoes-e-radiocomunicadores-de-criminosos\/#article\",\"isPartOf\":{\"@id\":\"https:\/\/www.pm.pb.gov.br\/portal\/2023\/09\/06\/policia-militar-desarticula-esconderijo-do-trafico-apreende-pistola-municoes-e-radiocomunicadores-de-criminosos\/\"},\"author\":{\"name\":\"Tarcisio Oliveira\",\"@id\":\"https:\/\/www.pm.pb.gov.br\/portal\/#\/schema\/person\/f84f56dcc78ce4357054da888b8247fd\"},\"headline\":\"Pol\u00edcia Militar desarticula esconderijo do tr\u00e1fico, apreende pistola, muni\u00e7\u00f5es e radiocomunicadores de criminosos\",\"datePublished\":\"2023-09-06T19:08:18+00:00\",\"dateModified\":\"2023-09-06T19:08:19+00:00\",\"mainEntityOfPage\":{\"@id\":\"https:\/\/www.pm.pb.gov.br\/portal\/2023\/09\/06\/policia-militar-desarticula-esconderijo-do-trafico-apreende-pistola-municoes-e-radiocomunicadores-de-criminosos\/\"},\"wordCount\":184,\"publisher\":{\"@id\":\"https:\/\/www.pm.pb.gov.br\/portal\/#organization\"},\"articleSection\":[\"A\u00e7\u00f5es Policiais\"],\"inLanguage\":\"pt-BR\"},{\"@type\":\"WebPage\",\"@id\":\"https:\/\/www.pm.pb.gov.br\/portal\/2023\/09\/06\/policia-militar-desarticula-esconderijo-do-trafico-apreende-pistola-municoes-e-radiocomunicadores-de-criminosos\/\",\"url\":\"https:\/\/www.pm.pb.gov.br\/portal\/2023\/09\/06\/policia-militar-desarticula-esconderijo-do-trafico-apreende-pistola-municoes-e-radiocomunicadores-de-criminosos\/\",\"name\":\"Pol\u00edcia Militar desarticula esconderijo do tr\u00e1fico, apreende pistola, muni\u00e7\u00f5es e radiocomunicadores de criminosos - Pol\u00edcia Militar da Para\u00edba\",\"isPartOf\":{\"@id\":\"https:\/\/www.pm.pb.gov.br\/portal\/#website\"},\"datePublished\":\"2023-09-06T19:08:18+00:00\",\"dateModified\":\"2023-09-06T19:08:19+00:00\",\"breadcrumb\":{\"@id\":\"https:\/\/www.pm.pb.gov.br\/portal\/2023\/09\/06\/policia-militar-desarticula-esconderijo-do-trafico-apreende-pistola-municoes-e-radiocomunicadores-de-criminosos\/#breadcrumb\"},\"inLanguage\":\"pt-BR\",\"potentialAction\":[{\"@type\":\"ReadAction\",\"target\":[\"https:\/\/www.pm.pb.gov.br\/portal\/2023\/09\/06\/policia-militar-desarticula-esconderijo-do-trafico-apreende-pistola-municoes-e-radiocomunicadores-de-criminosos\/\"]}]},{\"@type\":\"BreadcrumbList\",\"@id\":\"https:\/\/www.pm.pb.gov.br\/portal\/2023\/09\/06\/policia-militar-desarticula-esconderijo-do-trafico-apreende-pistola-municoes-e-radiocomunicadores-de-criminosos\/#breadcrumb\",\"itemListElement\":[{\"@type\":\"ListItem\",\"position\":1,\"name\":\"In\u00edcio\",\"item\":\"https:\/\/www.pm.pb.gov.br\/portal\/\"},{\"@type\":\"ListItem\",\"position\":2,\"name\":\"Pol\u00edcia Militar desarticula esconderijo do tr\u00e1fico, apreende pistola, muni\u00e7\u00f5es e radiocomunicadores de criminosos\"}]},{\"@type\":\"WebSite\",\"@id\":\"https:\/\/www.pm.pb.gov.br\/portal\/#website\",\"url\":\"https:\/\/www.pm.pb.gov.br\/portal\/\",\"name\":\"Pol\u00edcia Militar da Para\u00edba\",\"description\":\"\",\"publisher\":{\"@id\":\"https:\/\/www.pm.pb.gov.br\/portal\/#organization\"},\"potentialAction\":[{\"@type\":\"SearchAction\",\"target\":{\"@type\":\"EntryPoint\",\"urlTemplate\":\"https:\/\/www.pm.pb.gov.br\/portal\/?s={search_term_string}\"},\"query-input\":\"required name=search_term_string\"}],\"inLanguage\":\"pt-BR\"},{\"@type\":\"Organization\",\"@id\":\"https:\/\/www.pm.pb.gov.br\/portal\/#organization\",\"name\":\"Pol\u00edcia Militar da Para\u00edba\",\"url\":\"https:\/\/www.pm.pb.gov.br\/portal\/\",\"logo\":{\"@type\":\"ImageObject\",\"inLanguage\":\"pt-BR\",\"@id\":\"https:\/\/www.pm.pb.gov.br\/portal\/#\/schema\/logo\/image\/\",\"url\":\"https:\/\/www.pm.pb.gov.br\/portal\/wp-content\/uploads\/2025\/03\/cropped-logo-site-mag2-1.png\",\"contentUrl\":\"https:\/\/www.pm.pb.gov.br\/portal\/wp-content\/uploads\/2025\/03\/cropped-logo-site-mag2-1.png\",\"width\":320,\"height\":90,\"caption\":\"Pol\u00edcia Militar da Para\u00edba\"},\"image\":{\"@id\":\"https:\/\/www.pm.pb.gov.br\/portal\/#\/schema\/logo\/image\/\"}},{\"@type\":\"Person\",\"@id\":\"https:\/\/www.pm.pb.gov.br\/portal\/#\/schema\/person\/f84f56dcc78ce4357054da888b8247fd\",\"name\":\"Tarcisio Oliveira\",\"image\":{\"@type\":\"ImageObject\",\"inLanguage\":\"pt-BR\",\"@id\":\"https:\/\/www.pm.pb.gov.br\/portal\/#\/schema\/person\/image\/\",\"url\":\"https:\/\/secure.gravatar.com\/avatar\/72917b630b69d31cd0297507f34bac97?s=96&d=mm&r=g\",\"contentUrl\":\"https:\/\/secure.gravatar.com\/avatar\/72917b630b69d31cd0297507f34bac97?s=96&d=mm&r=g\",\"caption\":\"Tarcisio Oliveira\"},\"url\":\"https:\/\/www.pm.pb.gov.br\/portal\/author\/tarcisio\/\"}]}<\/script>\n<!-- \/ Yoast SEO plugin. -->","yoast_head_json":{"title":"Pol\u00edcia Militar desarticula esconderijo do tr\u00e1fico, apreende pistola, muni\u00e7\u00f5es e radiocomunicadores de criminosos - Pol\u00edcia Militar da Para\u00edba","robots":{"index":"index","follow":"follow","max-snippet":"max-snippet:-1","max-image-preview":"max-image-preview:large","max-video-preview":"max-video-preview:-1"},"canonical":"https:\/\/www.pm.pb.gov.br\/portal\/2023\/09\/06\/policia-militar-desarticula-esconderijo-do-trafico-apreende-pistola-municoes-e-radiocomunicadores-de-criminosos\/","og_locale":"pt_BR","og_type":"article","og_title":"Pol\u00edcia Militar desarticula esconderijo do tr\u00e1fico, apreende pistola, muni\u00e7\u00f5es e radiocomunicadores de criminosos - Pol\u00edcia Militar da Para\u00edba","og_description":"Mais uma a\u00e7\u00e3o da Pol\u00edcia Militar desarticulou um ponto usado por criminosos que vinham agindo na zona norte de Jo\u00e3o","og_url":"https:\/\/www.pm.pb.gov.br\/portal\/2023\/09\/06\/policia-militar-desarticula-esconderijo-do-trafico-apreende-pistola-municoes-e-radiocomunicadores-de-criminosos\/","og_site_name":"Pol\u00edcia Militar da Para\u00edba","article_published_time":"2023-09-06T19:08:18+00:00","article_modified_time":"2023-09-06T19:08:19+00:00","og_image":[{"width":1599,"height":971,"url":"http:\/\/www.pm.pb.gov.br\/portal\/wp-content\/uploads\/2023\/09\/1bpm.jpeg","type":"image\/jpeg"}],"author":"Tarcisio Oliveira","twitter_card":"summary_large_image","twitter_misc":{"Escrito por":"Tarcisio Oliveira","Est. tempo de leitura":"1 minuto"},"schema":{"@context":"https:\/\/schema.org","@graph":[{"@type":"Article","@id":"https:\/\/www.pm.pb.gov.br\/portal\/2023\/09\/06\/policia-militar-desarticula-esconderijo-do-trafico-apreende-pistola-municoes-e-radiocomunicadores-de-criminosos\/#article","isPartOf":{"@id":"https:\/\/www.pm.pb.gov.br\/portal\/2023\/09\/06\/policia-militar-desarticula-esconderijo-do-trafico-apreende-pistola-municoes-e-radiocomunicadores-de-criminosos\/"},"author":{"name":"Tarcisio Oliveira","@id":"https:\/\/www.pm.pb.gov.br\/portal\/#\/schema\/person\/f84f56dcc78ce4357054da888b8247fd"},"headline":"Pol\u00edcia Militar desarticula esconderijo do tr\u00e1fico, apreende pistola, muni\u00e7\u00f5es e radiocomunicadores de criminosos","datePublished":"2023-09-06T19:08:18+00:00","dateModified":"2023-09-06T19:08:19+00:00","mainEntityOfPage":{"@id":"https:\/\/www.pm.pb.gov.br\/portal\/2023\/09\/06\/policia-militar-desarticula-esconderijo-do-trafico-apreende-pistola-municoes-e-radiocomunicadores-de-criminosos\/"},"wordCount":184,"publisher":{"@id":"https:\/\/www.pm.pb.gov.br\/portal\/#organization"},"articleSection":["A\u00e7\u00f5es Policiais"],"inLanguage":"pt-BR"},{"@type":"WebPage","@id":"https:\/\/www.pm.pb.gov.br\/portal\/2023\/09\/06\/policia-militar-desarticula-esconderijo-do-trafico-apreende-pistola-municoes-e-radiocomunicadores-de-criminosos\/","url":"https:\/\/www.pm.pb.gov.br\/portal\/2023\/09\/06\/policia-militar-desarticula-esconderijo-do-trafico-apreende-pistola-municoes-e-radiocomunicadores-de-criminosos\/","name":"Pol\u00edcia Militar desarticula esconderijo do tr\u00e1fico, apreende pistola, muni\u00e7\u00f5es e radiocomunicadores de criminosos - Pol\u00edcia Militar da Para\u00edba","isPartOf":{"@id":"https:\/\/www.pm.pb.gov.br\/portal\/#website"},"datePublished":"2023-09-06T19:08:18+00:00","dateModified":"2023-09-06T19:08:19+00:00","breadcrumb":{"@id":"https:\/\/www.pm.pb.gov.br\/portal\/2023\/09\/06\/policia-militar-desarticula-esconderijo-do-trafico-apreende-pistola-municoes-e-radiocomunicadores-de-criminosos\/#breadcrumb"},"inLanguage":"pt-BR","potentialAction":[{"@type":"ReadAction","target":["https:\/\/www.pm.pb.gov.br\/portal\/2023\/09\/06\/policia-militar-desarticula-esconderijo-do-trafico-apreende-pistola-municoes-e-radiocomunicadores-de-criminosos\/"]}]},{"@type":"BreadcrumbList","@id":"https:\/\/www.pm.pb.gov.br\/portal\/2023\/09\/06\/policia-militar-desarticula-esconderijo-do-trafico-apreende-pistola-municoes-e-radiocomunicadores-de-criminosos\/#breadcrumb","itemListElement":[{"@type":"ListItem","position":1,"name":"In\u00edcio","item":"https:\/\/www.pm.pb.gov.br\/portal\/"},{"@type":"ListItem","position":2,"name":"Pol\u00edcia Militar desarticula esconderijo do tr\u00e1fico, apreende pistola, muni\u00e7\u00f5es e radiocomunicadores de criminosos"}]},{"@type":"WebSite","@id":"https:\/\/www.pm.pb.gov.br\/portal\/#website","url":"https:\/\/www.pm.pb.gov.br\/portal\/","name":"Pol\u00edcia Militar da Para\u00edba","description":"","publisher":{"@id":"https:\/\/www.pm.pb.gov.br\/portal\/#organization"},"potentialAction":[{"@type":"SearchAction","target":{"@type":"EntryPoint","urlTemplate":"https:\/\/www.pm.pb.gov.br\/portal\/?s={search_term_string}"},"query-input":"required name=search_term_string"}],"inLanguage":"pt-BR"},{"@type":"Organization","@id":"https:\/\/www.pm.pb.gov.br\/portal\/#organization","name":"Pol\u00edcia Militar da Para\u00edba","url":"https:\/\/www.pm.pb.gov.br\/portal\/","logo":{"@type":"ImageObject","inLanguage":"pt-BR","@id":"https:\/\/www.pm.pb.gov.br\/portal\/#\/schema\/logo\/image\/","url":"https:\/\/www.pm.pb.gov.br\/portal\/wp-content\/uploads\/2025\/03\/cropped-logo-site-mag2-1.png","contentUrl":"https:\/\/www.pm.pb.gov.br\/portal\/wp-content\/uploads\/2025\/03\/cropped-logo-site-mag2-1.png","width":320,"height":90,"caption":"Pol\u00edcia Militar da Para\u00edba"},"image":{"@id":"https:\/\/www.pm.pb.gov.br\/portal\/#\/schema\/logo\/image\/"}},{"@type":"Person","@id":"https:\/\/www.pm.pb.gov.br\/portal\/#\/schema\/person\/f84f56dcc78ce4357054da888b8247fd","name":"Tarcisio Oliveira","image":{"@type":"ImageObject","inLanguage":"pt-BR","@id":"https:\/\/www.pm.pb.gov.br\/portal\/#\/schema\/person\/image\/","url":"https:\/\/secure.gravatar.com\/avatar\/72917b630b69d31cd0297507f34bac97?s=96&d=mm&r=g","contentUrl":"https:\/\/secure.gravatar.com\/avatar\/72917b630b69d31cd0297507f34bac97?s=96&d=mm&r=g","caption":"Tarcisio Oliveira"},"url":"https:\/\/www.pm.pb.gov.br\/portal\/author\/tarcisio\/"}]}},"_links":{"self":[{"href":"https:\/\/www.pm.pb.gov.br\/portal\/wp-json\/wp\/v2\/posts\/918126"}],"collection":[{"href":"https:\/\/www.pm.pb.gov.br\/portal\/wp-json\/wp\/v2\/posts"}],"about":[{"href":"https:\/\/www.pm.pb.gov.br\/portal\/wp-json\/wp\/v2\/types\/post"}],"author":[{"embeddable":true,"href":"https:\/\/www.pm.pb.gov.br\/portal\/wp-json\/wp\/v2\/users\/12"}],"replies":[{"embeddable":true,"href":"https:\/\/www.pm.pb.gov.br\/portal\/wp-json\/wp\/v2\/comments?post=918126"}],"version-history":[{"count":1,"href":"https:\/\/www.pm.pb.gov.br\/portal\/wp-json\/wp\/v2\/posts\/918126\/revisions"}],"predecessor-version":[{"id":918127,"href":"https:\/\/www.pm.pb.gov.br\/portal\/wp-json\/wp\/v2\/posts\/918126\/revisions\/918127"}],"wp:featuredmedia":[{"embeddable":true,"href":"https:\/\/www.pm.pb.gov.br\/portal\/wp-json\/wp\/v2\/media\/918128"}],"wp:attachment":[{"href":"https:\/\/www.pm.pb.gov.br\/portal\/wp-json\/wp\/v2\/media?parent=918126"}],"wp:term":[{"taxonomy":"category","embeddable":true,"href":"https:\/\/www.pm.pb.gov.br\/portal\/wp-json\/wp\/v2\/categories?post=918126"},{"taxonomy":"post_tag","embeddable":true,"href":"https:\/\/www.pm.pb.gov.br\/portal\/wp-json\/wp\/v2\/tags?post=918126"}],"curies":[{"name":"wp","href":"https:\/\/api.w.org\/{rel}","templated":true}]}}