{"id":918118,"date":"2023-09-06T14:23:45","date_gmt":"2023-09-06T17:23:45","guid":{"rendered":"https:\/\/www.pm.pb.gov.br\/portal\/?p=918118"},"modified":"2023-09-06T14:33:12","modified_gmt":"2023-09-06T17:33:12","slug":"policia-militar-frustra-assalto-contra-fabrica-e-apreende-arma-de-fogo-de-criminosos-no-sertao","status":"publish","type":"post","link":"https:\/\/www.pm.pb.gov.br\/portal\/2023\/09\/06\/policia-militar-frustra-assalto-contra-fabrica-e-apreende-arma-de-fogo-de-criminosos-no-sertao\/","title":{"rendered":"Pol\u00edcia Militar frustra assalto contra f\u00e1brica e apreende arma de fogo de criminosos no Sert\u00e3o"},"content":{"rendered":"\n<p>A Pol\u00edcia Militar frustrou um roubo contra um estabelecimento industrial e seus trabalhadores, na manh\u00e3 desta quarta-feira (06) no munic\u00edpio de Cajazeiras, no sert\u00e3o do Estado. Um dos acusados do crime era ex-presidi\u00e1rio.<\/p>\n<p>A a\u00e7\u00e3o da PM foi realizada pelos policiais do 6\u00ba Batalh\u00e3o, que foram informados que quatro criminosos haviam assaltado uma f\u00e1brica de sab\u00e3o no momento do pagamento dos funcion\u00e1rios. \u201cA partir da\u00ed fizemos um cerco e conseguimos localizar dois acusados que tentavam fugir em uma motocicleta. Eles desobedeceram nossa ordem de parada e atiraram contra os policiais\u201d, explicou o tenente-coronel R\u00f4mulo, comandante do 6\u00ba BPM.<\/p>\n<p>De acordo com o oficial, houve confronto e os acusados foram atingidos. Com eles, a PM apreendeu uma arma de fogo do tipo rev\u00f3lver, e recuperou parte do dinheiro subtra\u00eddo durante o delito (fotos acima e abaixo). \u201cTemos a informa\u00e7\u00e3o que um desses criminosos que reagiu contra a PM era ex-presidi\u00e1rio, e havia cumprido pena por outros crimes de roubo\u201d, disse o tenente-coronel.<\/p>\n<p><img loading=\"lazy\" decoding=\"async\" class=\"size-medium wp-image-918122 aligncenter\" src=\"http:\/\/www.pm.pb.gov.br\/portal\/wp-content\/uploads\/2023\/09\/WhatsApp-Image-2023-09-06-at-14.24.27-250x445.jpeg\" alt=\"\" width=\"250\" height=\"445\" srcset=\"https:\/\/www.pm.pb.gov.br\/portal\/wp-content\/uploads\/2023\/09\/WhatsApp-Image-2023-09-06-at-14.24.27-250x445.jpeg 250w, https:\/\/www.pm.pb.gov.br\/portal\/wp-content\/uploads\/2023\/09\/WhatsApp-Image-2023-09-06-at-14.24.27-321x570.jpeg 321w, https:\/\/www.pm.pb.gov.br\/portal\/wp-content\/uploads\/2023\/09\/WhatsApp-Image-2023-09-06-at-14.24.27-768x1365.jpeg 768w, https:\/\/www.pm.pb.gov.br\/portal\/wp-content\/uploads\/2023\/09\/WhatsApp-Image-2023-09-06-at-14.24.27-864x1536.jpeg 864w, https:\/\/www.pm.pb.gov.br\/portal\/wp-content\/uploads\/2023\/09\/WhatsApp-Image-2023-09-06-at-14.24.27.jpeg 900w\" sizes=\"(max-width: 250px) 100vw, 250px\" \/><\/p>\n<p>Os acusados foram encaminhados para o Hospital Regional de Cajazeiras, mas n\u00e3o resistiram aos ferimentos. As For\u00e7as Policiais seguem na busca pelos demais suspeitos.<\/p>\n<p><em>Atualizado \u00e0s 14h52.<\/em><\/p>\n","protected":false},"excerpt":{"rendered":"<p>A Pol\u00edcia Militar frustrou um roubo contra um estabelecimento industrial e seus trabalhadores, na manh\u00e3 desta quarta-feira (06) no munic\u00edpio<\/p>\n","protected":false},"author":12,"featured_media":918121,"comment_status":"closed","ping_status":"closed","sticky":false,"template":"","format":"standard","meta":{"_exactmetrics_skip_tracking":false,"_exactmetrics_sitenote_active":false,"_exactmetrics_sitenote_note":"","_exactmetrics_sitenote_category":0,"footnotes":""},"categories":[4],"tags":[],"yoast_head":"<!-- This site is optimized with the Yoast SEO plugin v22.0 - https:\/\/yoast.com\/wordpress\/plugins\/seo\/ -->\n<title>Pol\u00edcia Militar frustra assalto contra f\u00e1brica e apreende arma de fogo de criminosos no Sert\u00e3o - Pol\u00edcia Militar da Para\u00edba<\/title>\n<meta name=\"robots\" content=\"index, follow, max-snippet:-1, max-image-preview:large, max-video-preview:-1\" \/>\n<link rel=\"canonical\" href=\"https:\/\/www.pm.pb.gov.br\/portal\/2023\/09\/06\/policia-militar-frustra-assalto-contra-fabrica-e-apreende-arma-de-fogo-de-criminosos-no-sertao\/\" \/>\n<meta property=\"og:locale\" content=\"pt_BR\" \/>\n<meta property=\"og:type\" content=\"article\" \/>\n<meta property=\"og:title\" content=\"Pol\u00edcia Militar frustra assalto contra f\u00e1brica e apreende arma de fogo de criminosos no Sert\u00e3o - Pol\u00edcia Militar da Para\u00edba\" \/>\n<meta property=\"og:description\" content=\"A Pol\u00edcia Militar frustrou um roubo contra um estabelecimento industrial e seus trabalhadores, na manh\u00e3 desta quarta-feira (06) no munic\u00edpio\" \/>\n<meta property=\"og:url\" content=\"https:\/\/www.pm.pb.gov.br\/portal\/2023\/09\/06\/policia-militar-frustra-assalto-contra-fabrica-e-apreende-arma-de-fogo-de-criminosos-no-sertao\/\" \/>\n<meta property=\"og:site_name\" content=\"Pol\u00edcia Militar da Para\u00edba\" \/>\n<meta property=\"article:published_time\" content=\"2023-09-06T17:23:45+00:00\" \/>\n<meta property=\"article:modified_time\" content=\"2023-09-06T17:33:12+00:00\" \/>\n<meta property=\"og:image\" content=\"http:\/\/www.pm.pb.gov.br\/portal\/wp-content\/uploads\/2023\/09\/WhatsApp-Image-2023-09-06-at-14.29.56.jpeg\" \/>\n\t<meta property=\"og:image:width\" content=\"1564\" \/>\n\t<meta property=\"og:image:height\" content=\"1069\" \/>\n\t<meta property=\"og:image:type\" content=\"image\/jpeg\" \/>\n<meta name=\"author\" content=\"Tarcisio Oliveira\" \/>\n<meta name=\"twitter:card\" content=\"summary_large_image\" \/>\n<meta name=\"twitter:label1\" content=\"Escrito por\" \/>\n\t<meta name=\"twitter:data1\" content=\"Tarcisio Oliveira\" \/>\n\t<meta name=\"twitter:label2\" content=\"Est. tempo de leitura\" \/>\n\t<meta name=\"twitter:data2\" content=\"2 minutos\" \/>\n<script type=\"application\/ld+json\" class=\"yoast-schema-graph\">{\"@context\":\"https:\/\/schema.org\",\"@graph\":[{\"@type\":\"Article\",\"@id\":\"https:\/\/www.pm.pb.gov.br\/portal\/2023\/09\/06\/policia-militar-frustra-assalto-contra-fabrica-e-apreende-arma-de-fogo-de-criminosos-no-sertao\/#article\",\"isPartOf\":{\"@id\":\"https:\/\/www.pm.pb.gov.br\/portal\/2023\/09\/06\/policia-militar-frustra-assalto-contra-fabrica-e-apreende-arma-de-fogo-de-criminosos-no-sertao\/\"},\"author\":{\"name\":\"Tarcisio Oliveira\",\"@id\":\"https:\/\/www.pm.pb.gov.br\/portal\/#\/schema\/person\/f84f56dcc78ce4357054da888b8247fd\"},\"headline\":\"Pol\u00edcia Militar frustra assalto contra f\u00e1brica e apreende arma de fogo de criminosos no Sert\u00e3o\",\"datePublished\":\"2023-09-06T17:23:45+00:00\",\"dateModified\":\"2023-09-06T17:33:12+00:00\",\"mainEntityOfPage\":{\"@id\":\"https:\/\/www.pm.pb.gov.br\/portal\/2023\/09\/06\/policia-militar-frustra-assalto-contra-fabrica-e-apreende-arma-de-fogo-de-criminosos-no-sertao\/\"},\"wordCount\":219,\"publisher\":{\"@id\":\"https:\/\/www.pm.pb.gov.br\/portal\/#organization\"},\"articleSection\":[\"A\u00e7\u00f5es Policiais\"],\"inLanguage\":\"pt-BR\"},{\"@type\":\"WebPage\",\"@id\":\"https:\/\/www.pm.pb.gov.br\/portal\/2023\/09\/06\/policia-militar-frustra-assalto-contra-fabrica-e-apreende-arma-de-fogo-de-criminosos-no-sertao\/\",\"url\":\"https:\/\/www.pm.pb.gov.br\/portal\/2023\/09\/06\/policia-militar-frustra-assalto-contra-fabrica-e-apreende-arma-de-fogo-de-criminosos-no-sertao\/\",\"name\":\"Pol\u00edcia Militar frustra assalto contra f\u00e1brica e apreende arma de fogo de criminosos no Sert\u00e3o - Pol\u00edcia Militar da Para\u00edba\",\"isPartOf\":{\"@id\":\"https:\/\/www.pm.pb.gov.br\/portal\/#website\"},\"datePublished\":\"2023-09-06T17:23:45+00:00\",\"dateModified\":\"2023-09-06T17:33:12+00:00\",\"breadcrumb\":{\"@id\":\"https:\/\/www.pm.pb.gov.br\/portal\/2023\/09\/06\/policia-militar-frustra-assalto-contra-fabrica-e-apreende-arma-de-fogo-de-criminosos-no-sertao\/#breadcrumb\"},\"inLanguage\":\"pt-BR\",\"potentialAction\":[{\"@type\":\"ReadAction\",\"target\":[\"https:\/\/www.pm.pb.gov.br\/portal\/2023\/09\/06\/policia-militar-frustra-assalto-contra-fabrica-e-apreende-arma-de-fogo-de-criminosos-no-sertao\/\"]}]},{\"@type\":\"BreadcrumbList\",\"@id\":\"https:\/\/www.pm.pb.gov.br\/portal\/2023\/09\/06\/policia-militar-frustra-assalto-contra-fabrica-e-apreende-arma-de-fogo-de-criminosos-no-sertao\/#breadcrumb\",\"itemListElement\":[{\"@type\":\"ListItem\",\"position\":1,\"name\":\"In\u00edcio\",\"item\":\"https:\/\/www.pm.pb.gov.br\/portal\/\"},{\"@type\":\"ListItem\",\"position\":2,\"name\":\"Pol\u00edcia Militar frustra assalto contra f\u00e1brica e apreende arma de fogo de criminosos no Sert\u00e3o\"}]},{\"@type\":\"WebSite\",\"@id\":\"https:\/\/www.pm.pb.gov.br\/portal\/#website\",\"url\":\"https:\/\/www.pm.pb.gov.br\/portal\/\",\"name\":\"Pol\u00edcia Militar da Para\u00edba\",\"description\":\"\",\"publisher\":{\"@id\":\"https:\/\/www.pm.pb.gov.br\/portal\/#organization\"},\"potentialAction\":[{\"@type\":\"SearchAction\",\"target\":{\"@type\":\"EntryPoint\",\"urlTemplate\":\"https:\/\/www.pm.pb.gov.br\/portal\/?s={search_term_string}\"},\"query-input\":\"required name=search_term_string\"}],\"inLanguage\":\"pt-BR\"},{\"@type\":\"Organization\",\"@id\":\"https:\/\/www.pm.pb.gov.br\/portal\/#organization\",\"name\":\"Pol\u00edcia Militar da Para\u00edba\",\"url\":\"https:\/\/www.pm.pb.gov.br\/portal\/\",\"logo\":{\"@type\":\"ImageObject\",\"inLanguage\":\"pt-BR\",\"@id\":\"https:\/\/www.pm.pb.gov.br\/portal\/#\/schema\/logo\/image\/\",\"url\":\"https:\/\/www.pm.pb.gov.br\/portal\/wp-content\/uploads\/2025\/03\/cropped-logo-site-mag2-1.png\",\"contentUrl\":\"https:\/\/www.pm.pb.gov.br\/portal\/wp-content\/uploads\/2025\/03\/cropped-logo-site-mag2-1.png\",\"width\":320,\"height\":90,\"caption\":\"Pol\u00edcia Militar da Para\u00edba\"},\"image\":{\"@id\":\"https:\/\/www.pm.pb.gov.br\/portal\/#\/schema\/logo\/image\/\"}},{\"@type\":\"Person\",\"@id\":\"https:\/\/www.pm.pb.gov.br\/portal\/#\/schema\/person\/f84f56dcc78ce4357054da888b8247fd\",\"name\":\"Tarcisio Oliveira\",\"image\":{\"@type\":\"ImageObject\",\"inLanguage\":\"pt-BR\",\"@id\":\"https:\/\/www.pm.pb.gov.br\/portal\/#\/schema\/person\/image\/\",\"url\":\"https:\/\/secure.gravatar.com\/avatar\/72917b630b69d31cd0297507f34bac97?s=96&d=mm&r=g\",\"contentUrl\":\"https:\/\/secure.gravatar.com\/avatar\/72917b630b69d31cd0297507f34bac97?s=96&d=mm&r=g\",\"caption\":\"Tarcisio Oliveira\"},\"url\":\"https:\/\/www.pm.pb.gov.br\/portal\/author\/tarcisio\/\"}]}<\/script>\n<!-- \/ Yoast SEO plugin. -->","yoast_head_json":{"title":"Pol\u00edcia Militar frustra assalto contra f\u00e1brica e apreende arma de fogo de criminosos no Sert\u00e3o - Pol\u00edcia Militar da Para\u00edba","robots":{"index":"index","follow":"follow","max-snippet":"max-snippet:-1","max-image-preview":"max-image-preview:large","max-video-preview":"max-video-preview:-1"},"canonical":"https:\/\/www.pm.pb.gov.br\/portal\/2023\/09\/06\/policia-militar-frustra-assalto-contra-fabrica-e-apreende-arma-de-fogo-de-criminosos-no-sertao\/","og_locale":"pt_BR","og_type":"article","og_title":"Pol\u00edcia Militar frustra assalto contra f\u00e1brica e apreende arma de fogo de criminosos no Sert\u00e3o - Pol\u00edcia Militar da Para\u00edba","og_description":"A Pol\u00edcia Militar frustrou um roubo contra um estabelecimento industrial e seus trabalhadores, na manh\u00e3 desta quarta-feira (06) no munic\u00edpio","og_url":"https:\/\/www.pm.pb.gov.br\/portal\/2023\/09\/06\/policia-militar-frustra-assalto-contra-fabrica-e-apreende-arma-de-fogo-de-criminosos-no-sertao\/","og_site_name":"Pol\u00edcia Militar da Para\u00edba","article_published_time":"2023-09-06T17:23:45+00:00","article_modified_time":"2023-09-06T17:33:12+00:00","og_image":[{"width":1564,"height":1069,"url":"http:\/\/www.pm.pb.gov.br\/portal\/wp-content\/uploads\/2023\/09\/WhatsApp-Image-2023-09-06-at-14.29.56.jpeg","type":"image\/jpeg"}],"author":"Tarcisio Oliveira","twitter_card":"summary_large_image","twitter_misc":{"Escrito por":"Tarcisio Oliveira","Est. tempo de leitura":"2 minutos"},"schema":{"@context":"https:\/\/schema.org","@graph":[{"@type":"Article","@id":"https:\/\/www.pm.pb.gov.br\/portal\/2023\/09\/06\/policia-militar-frustra-assalto-contra-fabrica-e-apreende-arma-de-fogo-de-criminosos-no-sertao\/#article","isPartOf":{"@id":"https:\/\/www.pm.pb.gov.br\/portal\/2023\/09\/06\/policia-militar-frustra-assalto-contra-fabrica-e-apreende-arma-de-fogo-de-criminosos-no-sertao\/"},"author":{"name":"Tarcisio Oliveira","@id":"https:\/\/www.pm.pb.gov.br\/portal\/#\/schema\/person\/f84f56dcc78ce4357054da888b8247fd"},"headline":"Pol\u00edcia Militar frustra assalto contra f\u00e1brica e apreende arma de fogo de criminosos no Sert\u00e3o","datePublished":"2023-09-06T17:23:45+00:00","dateModified":"2023-09-06T17:33:12+00:00","mainEntityOfPage":{"@id":"https:\/\/www.pm.pb.gov.br\/portal\/2023\/09\/06\/policia-militar-frustra-assalto-contra-fabrica-e-apreende-arma-de-fogo-de-criminosos-no-sertao\/"},"wordCount":219,"publisher":{"@id":"https:\/\/www.pm.pb.gov.br\/portal\/#organization"},"articleSection":["A\u00e7\u00f5es Policiais"],"inLanguage":"pt-BR"},{"@type":"WebPage","@id":"https:\/\/www.pm.pb.gov.br\/portal\/2023\/09\/06\/policia-militar-frustra-assalto-contra-fabrica-e-apreende-arma-de-fogo-de-criminosos-no-sertao\/","url":"https:\/\/www.pm.pb.gov.br\/portal\/2023\/09\/06\/policia-militar-frustra-assalto-contra-fabrica-e-apreende-arma-de-fogo-de-criminosos-no-sertao\/","name":"Pol\u00edcia Militar frustra assalto contra f\u00e1brica e apreende arma de fogo de criminosos no Sert\u00e3o - Pol\u00edcia Militar da Para\u00edba","isPartOf":{"@id":"https:\/\/www.pm.pb.gov.br\/portal\/#website"},"datePublished":"2023-09-06T17:23:45+00:00","dateModified":"2023-09-06T17:33:12+00:00","breadcrumb":{"@id":"https:\/\/www.pm.pb.gov.br\/portal\/2023\/09\/06\/policia-militar-frustra-assalto-contra-fabrica-e-apreende-arma-de-fogo-de-criminosos-no-sertao\/#breadcrumb"},"inLanguage":"pt-BR","potentialAction":[{"@type":"ReadAction","target":["https:\/\/www.pm.pb.gov.br\/portal\/2023\/09\/06\/policia-militar-frustra-assalto-contra-fabrica-e-apreende-arma-de-fogo-de-criminosos-no-sertao\/"]}]},{"@type":"BreadcrumbList","@id":"https:\/\/www.pm.pb.gov.br\/portal\/2023\/09\/06\/policia-militar-frustra-assalto-contra-fabrica-e-apreende-arma-de-fogo-de-criminosos-no-sertao\/#breadcrumb","itemListElement":[{"@type":"ListItem","position":1,"name":"In\u00edcio","item":"https:\/\/www.pm.pb.gov.br\/portal\/"},{"@type":"ListItem","position":2,"name":"Pol\u00edcia Militar frustra assalto contra f\u00e1brica e apreende arma de fogo de criminosos no Sert\u00e3o"}]},{"@type":"WebSite","@id":"https:\/\/www.pm.pb.gov.br\/portal\/#website","url":"https:\/\/www.pm.pb.gov.br\/portal\/","name":"Pol\u00edcia Militar da Para\u00edba","description":"","publisher":{"@id":"https:\/\/www.pm.pb.gov.br\/portal\/#organization"},"potentialAction":[{"@type":"SearchAction","target":{"@type":"EntryPoint","urlTemplate":"https:\/\/www.pm.pb.gov.br\/portal\/?s={search_term_string}"},"query-input":"required name=search_term_string"}],"inLanguage":"pt-BR"},{"@type":"Organization","@id":"https:\/\/www.pm.pb.gov.br\/portal\/#organization","name":"Pol\u00edcia Militar da Para\u00edba","url":"https:\/\/www.pm.pb.gov.br\/portal\/","logo":{"@type":"ImageObject","inLanguage":"pt-BR","@id":"https:\/\/www.pm.pb.gov.br\/portal\/#\/schema\/logo\/image\/","url":"https:\/\/www.pm.pb.gov.br\/portal\/wp-content\/uploads\/2025\/03\/cropped-logo-site-mag2-1.png","contentUrl":"https:\/\/www.pm.pb.gov.br\/portal\/wp-content\/uploads\/2025\/03\/cropped-logo-site-mag2-1.png","width":320,"height":90,"caption":"Pol\u00edcia Militar da Para\u00edba"},"image":{"@id":"https:\/\/www.pm.pb.gov.br\/portal\/#\/schema\/logo\/image\/"}},{"@type":"Person","@id":"https:\/\/www.pm.pb.gov.br\/portal\/#\/schema\/person\/f84f56dcc78ce4357054da888b8247fd","name":"Tarcisio Oliveira","image":{"@type":"ImageObject","inLanguage":"pt-BR","@id":"https:\/\/www.pm.pb.gov.br\/portal\/#\/schema\/person\/image\/","url":"https:\/\/secure.gravatar.com\/avatar\/72917b630b69d31cd0297507f34bac97?s=96&d=mm&r=g","contentUrl":"https:\/\/secure.gravatar.com\/avatar\/72917b630b69d31cd0297507f34bac97?s=96&d=mm&r=g","caption":"Tarcisio Oliveira"},"url":"https:\/\/www.pm.pb.gov.br\/portal\/author\/tarcisio\/"}]}},"_links":{"self":[{"href":"https:\/\/www.pm.pb.gov.br\/portal\/wp-json\/wp\/v2\/posts\/918118"}],"collection":[{"href":"https:\/\/www.pm.pb.gov.br\/portal\/wp-json\/wp\/v2\/posts"}],"about":[{"href":"https:\/\/www.pm.pb.gov.br\/portal\/wp-json\/wp\/v2\/types\/post"}],"author":[{"embeddable":true,"href":"https:\/\/www.pm.pb.gov.br\/portal\/wp-json\/wp\/v2\/users\/12"}],"replies":[{"embeddable":true,"href":"https:\/\/www.pm.pb.gov.br\/portal\/wp-json\/wp\/v2\/comments?post=918118"}],"version-history":[{"count":3,"href":"https:\/\/www.pm.pb.gov.br\/portal\/wp-json\/wp\/v2\/posts\/918118\/revisions"}],"predecessor-version":[{"id":918125,"href":"https:\/\/www.pm.pb.gov.br\/portal\/wp-json\/wp\/v2\/posts\/918118\/revisions\/918125"}],"wp:featuredmedia":[{"embeddable":true,"href":"https:\/\/www.pm.pb.gov.br\/portal\/wp-json\/wp\/v2\/media\/918121"}],"wp:attachment":[{"href":"https:\/\/www.pm.pb.gov.br\/portal\/wp-json\/wp\/v2\/media?parent=918118"}],"wp:term":[{"taxonomy":"category","embeddable":true,"href":"https:\/\/www.pm.pb.gov.br\/portal\/wp-json\/wp\/v2\/categories?post=918118"},{"taxonomy":"post_tag","embeddable":true,"href":"https:\/\/www.pm.pb.gov.br\/portal\/wp-json\/wp\/v2\/tags?post=918118"}],"curies":[{"name":"wp","href":"https:\/\/api.w.org\/{rel}","templated":true}]}}